{"id":20525,"date":"2023-12-04T17:21:26","date_gmt":"2023-12-04T20:21:26","guid":{"rendered":"https:\/\/portalmf.com.br\/?p=20525"},"modified":"2023-12-04T17:21:30","modified_gmt":"2023-12-04T20:21:30","slug":"bruno-reis-vistoria-obras-e-afirma-que-trecho-final-do-brt-deve-ser-entregue-no-aniversario-de-salvador","status":"publish","type":"post","link":"https:\/\/portalmf.com.br\/index.php\/2023\/12\/04\/bruno-reis-vistoria-obras-e-afirma-que-trecho-final-do-brt-deve-ser-entregue-no-aniversario-de-salvador\/","title":{"rendered":"Bruno Reis vistoria obras e afirma que trecho final do BRT deve ser entregue no anivers\u00e1rio de Salvador"},"content":{"rendered":"\n<p>A Prefeitura vai entregar o trecho final do BRT de Salvador em 29 de mar\u00e7o, dia em que a capital baiana completa 475 anos. O an\u00fancio foi feito pelo prefeito Bruno Reis na manh\u00e3 deste s\u00e1bado (2) durante a execu\u00e7\u00e3o de uma s\u00e9rie de vistorias em interven\u00e7\u00f5es voltadas para a mobilidade da capital baiana.<\/p>\n\n\n\n<p>O prefeito explicou que est\u00e3o sendo necess\u00e1rios alguns ajustes para que, em breve, os soteropolitanos possam usar o modal da regi\u00e3o do Iguatemi at\u00e9 a Lapa. <em>\u201cConferimos o \u00faltimo trecho da chegada do BRT, na parte superior da Esta\u00e7\u00e3o da Lapa, que vai ter a integra\u00e7\u00e3o do BRT com o sistema convencional de \u00f4nibus. Precis\u00e1vamos tomar algumas decis\u00f5es em rela\u00e7\u00e3o \u00e0 obra e sua execu\u00e7\u00e3o, compatibilizando a obra principalmente com a realiza\u00e7\u00e3o do Carnaval\u201d, <\/em>detalhou.<\/p>\n\n\n\n<p>A vistoria na Esta\u00e7\u00e3o da Lapa foi um dos alvos da equipe t\u00e9cnica da Prefeitura na opera\u00e7\u00e3o realizada neste s\u00e1bado. Bruno Reis tamb\u00e9m acompanhou o andamento da obra para a constru\u00e7\u00e3o do mergulh\u00e3o na regi\u00e3o do Shopping Bela Vista. Esta interven\u00e7\u00e3o vai permitir que os motoristas que v\u00eam do sentido do Cabula e quiserem acessar a avenida Bonoc\u00f4 (M\u00e1rio Leal Ferreira) ou a regi\u00e3o do Shopping da Bahia n\u00e3o precisem mais ir at\u00e9 a R\u00f3tula do Abacaxi para fazer o retorno.<\/p>\n\n\n\n<p>Os trajetos poder\u00e3o ser feitos direto para estas regi\u00f5es, poupando tempo e desafogando o tr\u00e2nsito da regi\u00e3o. A expectativa da Superintend\u00eancia de Obras P\u00fablicas do Salvador (Sucop), respons\u00e1vel pela execu\u00e7\u00e3o das obras, \u00e9 que a interven\u00e7\u00e3o dure cerca de 18 meses.<\/p>\n\n\n\n<figure class=\"wp-block-image size-large\"><img fetchpriority=\"high\" decoding=\"async\" width=\"1024\" height=\"682\" src=\"https:\/\/portalmf.com.br\/wp-content\/uploads\/2023\/12\/Bruno-Reis-vistoria-obras-e-afirma-que-trecho-final-do-BRT-deve-ser-entregue-no-aniversario-de-Salvador-1-1024x682.jpeg\" alt=\"\" class=\"wp-image-20527\" srcset=\"https:\/\/portalmf.com.br\/wp-content\/uploads\/2023\/12\/Bruno-Reis-vistoria-obras-e-afirma-que-trecho-final-do-BRT-deve-ser-entregue-no-aniversario-de-Salvador-1-1024x682.jpeg 1024w, https:\/\/portalmf.com.br\/wp-content\/uploads\/2023\/12\/Bruno-Reis-vistoria-obras-e-afirma-que-trecho-final-do-BRT-deve-ser-entregue-no-aniversario-de-Salvador-1-300x200.jpeg 300w, https:\/\/portalmf.com.br\/wp-content\/uploads\/2023\/12\/Bruno-Reis-vistoria-obras-e-afirma-que-trecho-final-do-BRT-deve-ser-entregue-no-aniversario-de-Salvador-1-768x512.jpeg 768w, https:\/\/portalmf.com.br\/wp-content\/uploads\/2023\/12\/Bruno-Reis-vistoria-obras-e-afirma-que-trecho-final-do-BRT-deve-ser-entregue-no-aniversario-de-Salvador-1-1536x1023.jpeg 1536w, https:\/\/portalmf.com.br\/wp-content\/uploads\/2023\/12\/Bruno-Reis-vistoria-obras-e-afirma-que-trecho-final-do-BRT-deve-ser-entregue-no-aniversario-de-Salvador-1-1170x780.jpeg 1170w, https:\/\/portalmf.com.br\/wp-content\/uploads\/2023\/12\/Bruno-Reis-vistoria-obras-e-afirma-que-trecho-final-do-BRT-deve-ser-entregue-no-aniversario-de-Salvador-1-585x390.jpeg 585w, https:\/\/portalmf.com.br\/wp-content\/uploads\/2023\/12\/Bruno-Reis-vistoria-obras-e-afirma-que-trecho-final-do-BRT-deve-ser-entregue-no-aniversario-de-Salvador-1-263x175.jpeg 263w, https:\/\/portalmf.com.br\/wp-content\/uploads\/2023\/12\/Bruno-Reis-vistoria-obras-e-afirma-que-trecho-final-do-BRT-deve-ser-entregue-no-aniversario-de-Salvador-1.jpeg 1600w\" sizes=\"(max-width: 1024px) 100vw, 1024px\" \/><figcaption class=\"wp-element-caption\"><strong>Foto: Lucas Moura\/ Secom PMS<\/strong><\/figcaption><\/figure>\n\n\n\n<p>Quem vem da Fazenda Grande do Retiro ou avenida Barros Reis e precisa acessar a avenida Bonoc\u00f4 tamb\u00e9m ter\u00e1 ganhos na mobilidade. Ser\u00e1 feita uma al\u00e7a no viaduto da R\u00f3tula do Abacaxi, e quem vier dessas regi\u00f5es vai passar pela parte superior do elevado, acessando a Bonoc\u00f4 no sentido Centro da cidade. Com isso, os deslocamentos ser\u00e3o efetuados de forma mais tranquila, evitando passar por um ponto de reten\u00e7\u00e3o de ve\u00edculos que se forma na parte inferior do viaduto atualmente.<\/p>\n\n\n\n<p>O prefeito tamb\u00e9m esteve na regi\u00e3o em que est\u00e1 sendo constru\u00eddo um viaduto que vai permitir que os condutores que v\u00eam da avenida Luis Viana Filho (Paralela) e precisem acessar a regi\u00e3o oposta ao Shopping da Bahia cheguem com maior agilidade a \u00e1rea, melhorando o tr\u00e1fego e desafogando o fluxo de ve\u00edculos.<\/p>\n\n\n\n<p>Para Bruno Reis, ao entregar todas as interven\u00e7\u00f5es, a cidade ter\u00e1 melhorias significativas n\u00e3o apenas na fluidez do tr\u00e2nsito e na mobilidade, mas tamb\u00e9m no bem estar dos cidad\u00e3os. \u201cCom certeza as pessoas v\u00e3o ganhar muito mais qualidade de vida e tempo, que \u00e9 o objetivo de todas estas obras de mobilidade que a Prefeitura vem fazendo em nossa cidade\u201d, pontuou.<\/p>\n\n\n\n<p>Trafegabilidade &#8211; Para o titular da Secretaria de Mobilidade (Semob), Fabrizzio Muller, o pacote de interven\u00e7\u00f5es vai melhorar a vida de quem transita pela regi\u00e3o da R\u00f3tula do Abacaxi<em>. \u201cS\u00e3o interven\u00e7\u00f5es que foram estudadas em conjunto para trazer solu\u00e7\u00f5es inteligentes que permitam um acesso mais f\u00e1cil a outras regi\u00f5es da cidade, evitando o acesso \u00e0 R\u00f3tula do Abacaxi, que tem encontrado problemas de congestionamento. As solu\u00e7\u00f5es s\u00e3o para desonerar o fluxo na regi\u00e3o, trazendo um ganho grande para a popula\u00e7\u00e3o\u201d, <\/em>contou.<\/p>\n\n\n\n<p>As obras, destacou Muller, v\u00e3o possibilitar mais op\u00e7\u00f5es de deslocamentos r\u00e1pidos entre pontos essenciais da capital. <em>\u201cFoi feito um complexo de viadutos h\u00e1 tempos atr\u00e1s, mas n\u00e3o dava todas as op\u00e7\u00f5es para os usu\u00e1rios, se mostrando ineficiente. Com essas obras, vamos trazer solu\u00e7\u00f5es que os viadutos atuais n\u00e3o trouxeram, permitindo que as pessoas cheguem mais r\u00e1pido aos seus destinos\u201d<\/em>, finalizou.<\/p>\n","protected":false},"excerpt":{"rendered":"<p>A Prefeitura vai entregar o trecho final do BRT de Salvador em 29 de mar\u00e7o, dia em que a capital baiana completa 475 anos. O an\u00fancio foi feito pelo prefeito Bruno Reis na manh\u00e3 deste s\u00e1bado (2) durante a execu\u00e7\u00e3o de uma s\u00e9rie de vistorias em interven\u00e7\u00f5es voltadas para a mobilidade da capital baiana. O [&hellip;]<\/p>\n","protected":false},"author":3,"featured_media":20526,"comment_status":"open","ping_status":"open","sticky":false,"template":"","format":"standard","meta":{"_monsterinsights_skip_tracking":false,"_monsterinsights_sitenote_active":false,"_monsterinsights_sitenote_note":"","_monsterinsights_sitenote_category":0,"footnotes":""},"categories":[34],"tags":[],"yoast_head":"<!-- This site is optimized with the Yoast SEO plugin v22.9 - https:\/\/yoast.com\/wordpress\/plugins\/seo\/ -->\n<title>Bruno Reis vistoria obras e afirma que trecho final do BRT deve ser entregue no anivers\u00e1rio de Salvador - Portal MF<\/title>\n<meta name=\"robots\" content=\"index, follow, max-snippet:-1, max-image-preview:large, max-video-preview:-1\" \/>\n<link rel=\"canonical\" href=\"https:\/\/portalmf.com.br\/index.php\/2023\/12\/04\/bruno-reis-vistoria-obras-e-afirma-que-trecho-final-do-brt-deve-ser-entregue-no-aniversario-de-salvador\/\" \/>\n<meta property=\"og:locale\" content=\"pt_BR\" \/>\n<meta property=\"og:type\" content=\"article\" \/>\n<meta property=\"og:title\" content=\"Bruno Reis vistoria obras e afirma que trecho final do BRT deve ser entregue no anivers\u00e1rio de Salvador - Portal MF\" \/>\n<meta property=\"og:description\" content=\"A Prefeitura vai entregar o trecho final do BRT de Salvador em 29 de mar\u00e7o, dia em que a capital baiana completa 475 anos. O an\u00fancio foi feito pelo prefeito Bruno Reis na manh\u00e3 deste s\u00e1bado (2) durante a execu\u00e7\u00e3o de uma s\u00e9rie de vistorias em interven\u00e7\u00f5es voltadas para a mobilidade da capital baiana. O [&hellip;]\" \/>\n<meta property=\"og:url\" content=\"https:\/\/portalmf.com.br\/index.php\/2023\/12\/04\/bruno-reis-vistoria-obras-e-afirma-que-trecho-final-do-brt-deve-ser-entregue-no-aniversario-de-salvador\/\" \/>\n<meta property=\"og:site_name\" content=\"Portal MF\" \/>\n<meta property=\"article:author\" content=\"https:\/\/www.facebook.com\/portalmfoficial\" \/>\n<meta property=\"article:published_time\" content=\"2023-12-04T20:21:26+00:00\" \/>\n<meta property=\"article:modified_time\" content=\"2023-12-04T20:21:30+00:00\" \/>\n<meta property=\"og:image\" content=\"https:\/\/portalmf.com.br\/wp-content\/uploads\/2023\/12\/Bruno-Reis-vistoria-obras-e-afirma-que-trecho-final-do-BRT-deve-ser-entregue-no-aniversario-de-Salvador-2.jpeg\" \/>\n\t<meta property=\"og:image:width\" content=\"1280\" \/>\n\t<meta property=\"og:image:height\" content=\"854\" \/>\n\t<meta property=\"og:image:type\" content=\"image\/jpeg\" \/>\n<meta name=\"author\" content=\"Reda\u00e7\u00e3o Portal MF\" \/>\n<meta name=\"twitter:card\" content=\"summary_large_image\" \/>\n<meta name=\"twitter:creator\" content=\"@https:\/\/x.com\/portalmfoficial\" \/>\n<meta name=\"twitter:label1\" content=\"Escrito por\" \/>\n\t<meta name=\"twitter:data1\" content=\"Reda\u00e7\u00e3o Portal MF\" \/>\n\t<meta name=\"twitter:label2\" content=\"Est. tempo de leitura\" \/>\n\t<meta name=\"twitter:data2\" content=\"4 minutos\" \/>\n<script type=\"application\/ld+json\" class=\"yoast-schema-graph\">{\"@context\":\"https:\/\/schema.org\",\"@graph\":[{\"@type\":\"WebPage\",\"@id\":\"https:\/\/portalmf.com.br\/index.php\/2023\/12\/04\/bruno-reis-vistoria-obras-e-afirma-que-trecho-final-do-brt-deve-ser-entregue-no-aniversario-de-salvador\/\",\"url\":\"https:\/\/portalmf.com.br\/index.php\/2023\/12\/04\/bruno-reis-vistoria-obras-e-afirma-que-trecho-final-do-brt-deve-ser-entregue-no-aniversario-de-salvador\/\",\"name\":\"Bruno Reis vistoria obras e afirma que trecho final do BRT deve ser entregue no anivers\u00e1rio de Salvador - Portal MF\",\"isPartOf\":{\"@id\":\"https:\/\/portalmf.com.br\/#website\"},\"primaryImageOfPage\":{\"@id\":\"https:\/\/portalmf.com.br\/index.php\/2023\/12\/04\/bruno-reis-vistoria-obras-e-afirma-que-trecho-final-do-brt-deve-ser-entregue-no-aniversario-de-salvador\/#primaryimage\"},\"image\":{\"@id\":\"https:\/\/portalmf.com.br\/index.php\/2023\/12\/04\/bruno-reis-vistoria-obras-e-afirma-que-trecho-final-do-brt-deve-ser-entregue-no-aniversario-de-salvador\/#primaryimage\"},\"thumbnailUrl\":\"https:\/\/portalmf.com.br\/wp-content\/uploads\/2023\/12\/Bruno-Reis-vistoria-obras-e-afirma-que-trecho-final-do-BRT-deve-ser-entregue-no-aniversario-de-Salvador-2.jpeg\",\"datePublished\":\"2023-12-04T20:21:26+00:00\",\"dateModified\":\"2023-12-04T20:21:30+00:00\",\"author\":{\"@id\":\"https:\/\/portalmf.com.br\/#\/schema\/person\/9ec101baf56233e53520c26de5d6f6f0\"},\"breadcrumb\":{\"@id\":\"https:\/\/portalmf.com.br\/index.php\/2023\/12\/04\/bruno-reis-vistoria-obras-e-afirma-que-trecho-final-do-brt-deve-ser-entregue-no-aniversario-de-salvador\/#breadcrumb\"},\"inLanguage\":\"pt-BR\",\"potentialAction\":[{\"@type\":\"ReadAction\",\"target\":[\"https:\/\/portalmf.com.br\/index.php\/2023\/12\/04\/bruno-reis-vistoria-obras-e-afirma-que-trecho-final-do-brt-deve-ser-entregue-no-aniversario-de-salvador\/\"]}]},{\"@type\":\"ImageObject\",\"inLanguage\":\"pt-BR\",\"@id\":\"https:\/\/portalmf.com.br\/index.php\/2023\/12\/04\/bruno-reis-vistoria-obras-e-afirma-que-trecho-final-do-brt-deve-ser-entregue-no-aniversario-de-salvador\/#primaryimage\",\"url\":\"https:\/\/portalmf.com.br\/wp-content\/uploads\/2023\/12\/Bruno-Reis-vistoria-obras-e-afirma-que-trecho-final-do-BRT-deve-ser-entregue-no-aniversario-de-Salvador-2.jpeg\",\"contentUrl\":\"https:\/\/portalmf.com.br\/wp-content\/uploads\/2023\/12\/Bruno-Reis-vistoria-obras-e-afirma-que-trecho-final-do-BRT-deve-ser-entregue-no-aniversario-de-Salvador-2.jpeg\",\"width\":1280,\"height\":854,\"caption\":\"Foto: Lucas Moura\/ Secom PMS\"},{\"@type\":\"BreadcrumbList\",\"@id\":\"https:\/\/portalmf.com.br\/index.php\/2023\/12\/04\/bruno-reis-vistoria-obras-e-afirma-que-trecho-final-do-brt-deve-ser-entregue-no-aniversario-de-salvador\/#breadcrumb\",\"itemListElement\":[{\"@type\":\"ListItem\",\"position\":1,\"name\":\"In\u00edcio\",\"item\":\"https:\/\/portalmf.com.br\/\"},{\"@type\":\"ListItem\",\"position\":2,\"name\":\"Bruno Reis vistoria obras e afirma que trecho final do BRT deve ser entregue no anivers\u00e1rio de Salvador\"}]},{\"@type\":\"WebSite\",\"@id\":\"https:\/\/portalmf.com.br\/#website\",\"url\":\"https:\/\/portalmf.com.br\/\",\"name\":\"Portal MF\",\"description\":\"Voc\u00ea conectado com a informa\u00e7\u00e3o\",\"potentialAction\":[{\"@type\":\"SearchAction\",\"target\":{\"@type\":\"EntryPoint\",\"urlTemplate\":\"https:\/\/portalmf.com.br\/?s={search_term_string}\"},\"query-input\":\"required name=search_term_string\"}],\"inLanguage\":\"pt-BR\"},{\"@type\":\"Person\",\"@id\":\"https:\/\/portalmf.com.br\/#\/schema\/person\/9ec101baf56233e53520c26de5d6f6f0\",\"name\":\"Reda\u00e7\u00e3o Portal MF\",\"image\":{\"@type\":\"ImageObject\",\"inLanguage\":\"pt-BR\",\"@id\":\"https:\/\/portalmf.com.br\/#\/schema\/person\/image\/\",\"url\":\"https:\/\/secure.gravatar.com\/avatar\/41b9aaeb2100835f7c64362330f74c7f?s=96&d=mm&r=g\",\"contentUrl\":\"https:\/\/secure.gravatar.com\/avatar\/41b9aaeb2100835f7c64362330f74c7f?s=96&d=mm&r=g\",\"caption\":\"Reda\u00e7\u00e3o Portal MF\"},\"description\":\"Sejam bem-vindos o portal de informa\u00e7\u00f5es de entretenimento de Feira de Santana, desde 2006 realiza coberturas dos principais eventos com entrevistas exclusivas com as principais personalidades mundiais. Fique conectado tamb\u00e9m nas redes sociais.\",\"sameAs\":[\"http:\/\/www.portalmf.com.br\/\",\"https:\/\/www.facebook.com\/portalmfoficial\",\"https:\/\/www.instagram.com\/portalmf\/\",\"https:\/\/x.com\/https:\/\/x.com\/portalmfoficial\",\"https:\/\/www.youtube.com\/@portalmfoficial\"],\"url\":\"https:\/\/portalmf.com.br\/index.php\/author\/junior\/\"}]}<\/script>\n<!-- \/ Yoast SEO plugin. -->","yoast_head_json":{"title":"Bruno Reis vistoria obras e afirma que trecho final do BRT deve ser entregue no anivers\u00e1rio de Salvador - Portal MF","robots":{"index":"index","follow":"follow","max-snippet":"max-snippet:-1","max-image-preview":"max-image-preview:large","max-video-preview":"max-video-preview:-1"},"canonical":"https:\/\/portalmf.com.br\/index.php\/2023\/12\/04\/bruno-reis-vistoria-obras-e-afirma-que-trecho-final-do-brt-deve-ser-entregue-no-aniversario-de-salvador\/","og_locale":"pt_BR","og_type":"article","og_title":"Bruno Reis vistoria obras e afirma que trecho final do BRT deve ser entregue no anivers\u00e1rio de Salvador - Portal MF","og_description":"A Prefeitura vai entregar o trecho final do BRT de Salvador em 29 de mar\u00e7o, dia em que a capital baiana completa 475 anos. O an\u00fancio foi feito pelo prefeito Bruno Reis na manh\u00e3 deste s\u00e1bado (2) durante a execu\u00e7\u00e3o de uma s\u00e9rie de vistorias em interven\u00e7\u00f5es voltadas para a mobilidade da capital baiana. O [&hellip;]","og_url":"https:\/\/portalmf.com.br\/index.php\/2023\/12\/04\/bruno-reis-vistoria-obras-e-afirma-que-trecho-final-do-brt-deve-ser-entregue-no-aniversario-de-salvador\/","og_site_name":"Portal MF","article_author":"https:\/\/www.facebook.com\/portalmfoficial","article_published_time":"2023-12-04T20:21:26+00:00","article_modified_time":"2023-12-04T20:21:30+00:00","og_image":[{"width":1280,"height":854,"url":"https:\/\/portalmf.com.br\/wp-content\/uploads\/2023\/12\/Bruno-Reis-vistoria-obras-e-afirma-que-trecho-final-do-BRT-deve-ser-entregue-no-aniversario-de-Salvador-2.jpeg","type":"image\/jpeg"}],"author":"Reda\u00e7\u00e3o Portal MF","twitter_card":"summary_large_image","twitter_creator":"@https:\/\/x.com\/portalmfoficial","twitter_misc":{"Escrito por":"Reda\u00e7\u00e3o Portal MF","Est. tempo de leitura":"4 minutos"},"schema":{"@context":"https:\/\/schema.org","@graph":[{"@type":"WebPage","@id":"https:\/\/portalmf.com.br\/index.php\/2023\/12\/04\/bruno-reis-vistoria-obras-e-afirma-que-trecho-final-do-brt-deve-ser-entregue-no-aniversario-de-salvador\/","url":"https:\/\/portalmf.com.br\/index.php\/2023\/12\/04\/bruno-reis-vistoria-obras-e-afirma-que-trecho-final-do-brt-deve-ser-entregue-no-aniversario-de-salvador\/","name":"Bruno Reis vistoria obras e afirma que trecho final do BRT deve ser entregue no anivers\u00e1rio de Salvador - Portal MF","isPartOf":{"@id":"https:\/\/portalmf.com.br\/#website"},"primaryImageOfPage":{"@id":"https:\/\/portalmf.com.br\/index.php\/2023\/12\/04\/bruno-reis-vistoria-obras-e-afirma-que-trecho-final-do-brt-deve-ser-entregue-no-aniversario-de-salvador\/#primaryimage"},"image":{"@id":"https:\/\/portalmf.com.br\/index.php\/2023\/12\/04\/bruno-reis-vistoria-obras-e-afirma-que-trecho-final-do-brt-deve-ser-entregue-no-aniversario-de-salvador\/#primaryimage"},"thumbnailUrl":"https:\/\/portalmf.com.br\/wp-content\/uploads\/2023\/12\/Bruno-Reis-vistoria-obras-e-afirma-que-trecho-final-do-BRT-deve-ser-entregue-no-aniversario-de-Salvador-2.jpeg","datePublished":"2023-12-04T20:21:26+00:00","dateModified":"2023-12-04T20:21:30+00:00","author":{"@id":"https:\/\/portalmf.com.br\/#\/schema\/person\/9ec101baf56233e53520c26de5d6f6f0"},"breadcrumb":{"@id":"https:\/\/portalmf.com.br\/index.php\/2023\/12\/04\/bruno-reis-vistoria-obras-e-afirma-que-trecho-final-do-brt-deve-ser-entregue-no-aniversario-de-salvador\/#breadcrumb"},"inLanguage":"pt-BR","potentialAction":[{"@type":"ReadAction","target":["https:\/\/portalmf.com.br\/index.php\/2023\/12\/04\/bruno-reis-vistoria-obras-e-afirma-que-trecho-final-do-brt-deve-ser-entregue-no-aniversario-de-salvador\/"]}]},{"@type":"ImageObject","inLanguage":"pt-BR","@id":"https:\/\/portalmf.com.br\/index.php\/2023\/12\/04\/bruno-reis-vistoria-obras-e-afirma-que-trecho-final-do-brt-deve-ser-entregue-no-aniversario-de-salvador\/#primaryimage","url":"https:\/\/portalmf.com.br\/wp-content\/uploads\/2023\/12\/Bruno-Reis-vistoria-obras-e-afirma-que-trecho-final-do-BRT-deve-ser-entregue-no-aniversario-de-Salvador-2.jpeg","contentUrl":"https:\/\/portalmf.com.br\/wp-content\/uploads\/2023\/12\/Bruno-Reis-vistoria-obras-e-afirma-que-trecho-final-do-BRT-deve-ser-entregue-no-aniversario-de-Salvador-2.jpeg","width":1280,"height":854,"caption":"Foto: Lucas Moura\/ Secom PMS"},{"@type":"BreadcrumbList","@id":"https:\/\/portalmf.com.br\/index.php\/2023\/12\/04\/bruno-reis-vistoria-obras-e-afirma-que-trecho-final-do-brt-deve-ser-entregue-no-aniversario-de-salvador\/#breadcrumb","itemListElement":[{"@type":"ListItem","position":1,"name":"In\u00edcio","item":"https:\/\/portalmf.com.br\/"},{"@type":"ListItem","position":2,"name":"Bruno Reis vistoria obras e afirma que trecho final do BRT deve ser entregue no anivers\u00e1rio de Salvador"}]},{"@type":"WebSite","@id":"https:\/\/portalmf.com.br\/#website","url":"https:\/\/portalmf.com.br\/","name":"Portal MF","description":"Voc\u00ea conectado com a informa\u00e7\u00e3o","potentialAction":[{"@type":"SearchAction","target":{"@type":"EntryPoint","urlTemplate":"https:\/\/portalmf.com.br\/?s={search_term_string}"},"query-input":"required name=search_term_string"}],"inLanguage":"pt-BR"},{"@type":"Person","@id":"https:\/\/portalmf.com.br\/#\/schema\/person\/9ec101baf56233e53520c26de5d6f6f0","name":"Reda\u00e7\u00e3o Portal MF","image":{"@type":"ImageObject","inLanguage":"pt-BR","@id":"https:\/\/portalmf.com.br\/#\/schema\/person\/image\/","url":"https:\/\/secure.gravatar.com\/avatar\/41b9aaeb2100835f7c64362330f74c7f?s=96&d=mm&r=g","contentUrl":"https:\/\/secure.gravatar.com\/avatar\/41b9aaeb2100835f7c64362330f74c7f?s=96&d=mm&r=g","caption":"Reda\u00e7\u00e3o Portal MF"},"description":"Sejam bem-vindos o portal de informa\u00e7\u00f5es de entretenimento de Feira de Santana, desde 2006 realiza coberturas dos principais eventos com entrevistas exclusivas com as principais personalidades mundiais. Fique conectado tamb\u00e9m nas redes sociais.","sameAs":["http:\/\/www.portalmf.com.br\/","https:\/\/www.facebook.com\/portalmfoficial","https:\/\/www.instagram.com\/portalmf\/","https:\/\/x.com\/https:\/\/x.com\/portalmfoficial","https:\/\/www.youtube.com\/@portalmfoficial"],"url":"https:\/\/portalmf.com.br\/index.php\/author\/junior\/"}]}},"_links":{"self":[{"href":"https:\/\/portalmf.com.br\/index.php\/wp-json\/wp\/v2\/posts\/20525"}],"collection":[{"href":"https:\/\/portalmf.com.br\/index.php\/wp-json\/wp\/v2\/posts"}],"about":[{"href":"https:\/\/portalmf.com.br\/index.php\/wp-json\/wp\/v2\/types\/post"}],"author":[{"embeddable":true,"href":"https:\/\/portalmf.com.br\/index.php\/wp-json\/wp\/v2\/users\/3"}],"replies":[{"embeddable":true,"href":"https:\/\/portalmf.com.br\/index.php\/wp-json\/wp\/v2\/comments?post=20525"}],"version-history":[{"count":1,"href":"https:\/\/portalmf.com.br\/index.php\/wp-json\/wp\/v2\/posts\/20525\/revisions"}],"predecessor-version":[{"id":20528,"href":"https:\/\/portalmf.com.br\/index.php\/wp-json\/wp\/v2\/posts\/20525\/revisions\/20528"}],"wp:featuredmedia":[{"embeddable":true,"href":"https:\/\/portalmf.com.br\/index.php\/wp-json\/wp\/v2\/media\/20526"}],"wp:attachment":[{"href":"https:\/\/portalmf.com.br\/index.php\/wp-json\/wp\/v2\/media?parent=20525"}],"wp:term":[{"taxonomy":"category","embeddable":true,"href":"https:\/\/portalmf.com.br\/index.php\/wp-json\/wp\/v2\/categories?post=20525"},{"taxonomy":"post_tag","embeddable":true,"href":"https:\/\/portalmf.com.br\/index.php\/wp-json\/wp\/v2\/tags?post=20525"}],"curies":[{"name":"wp","href":"https:\/\/api.w.org\/{rel}","templated":true}]}}