{"id":20520,"date":"2023-12-03T20:28:32","date_gmt":"2023-12-03T23:28:32","guid":{"rendered":"https:\/\/portalmf.com.br\/?p=20520"},"modified":"2023-12-03T20:28:36","modified_gmt":"2023-12-03T23:28:36","slug":"na-cop28-governador-jeronimo-defende-criacao-de-fundo-para-financiar-preservacao-da-caatinga","status":"publish","type":"post","link":"https:\/\/portalmf.com.br\/index.php\/2023\/12\/03\/na-cop28-governador-jeronimo-defende-criacao-de-fundo-para-financiar-preservacao-da-caatinga\/","title":{"rendered":"Na COP28, governador Jer\u00f4nimo defende cria\u00e7\u00e3o de Fundo para financiar preserva\u00e7\u00e3o da Caatinga"},"content":{"rendered":"\n<p>Em seu \u00faltimo dia na COP28, nos Emirados \u00c1rabes, o governador Jer\u00f4nimo Rodrigues participou, neste domingo (3), de um painel que reuniu governadores do Nordeste na defesa do bioma da Caatinga. Ao lado da governadora de Pernambuco, Raquel Lyra, e do governador do Cear\u00e1, Elmano de Freitas, Jer\u00f4nimo ressaltou que a import\u00e2ncia ambiental e social da Caatinga precisa ser reconhecida e preservada.<\/p>\n\n\n\n<p>\u201cA Caatinga precisa ocupar o seu espa\u00e7o na constru\u00e7\u00e3o das pol\u00edticas p\u00fablicas de preserva\u00e7\u00e3o no Brasil. Colocamos \u00e0 mesa do governo federal uma proposta para a cria\u00e7\u00e3o do Fundo da Caatinga, um instrumento que vai, entre outras coisas, permitir o financiamento de a\u00e7\u00f5es para prevenir desmatamento, promover revegeta\u00e7\u00e3o, educa\u00e7\u00e3o ambiental e sustentabilidade, por exemplo\u201d, explicou o governador da Bahia.<\/p>\n\n\n\n<p>A ideia dos governadores do Nordeste \u00e9 criar um fundo similar ao Fundo da Amaz\u00f4nia. A proposta foi entregue ao Banco Nacional de Desenvolvimento Econ\u00f4mico e Social (BNDES) e est\u00e1 em estudo. A governadora de Pernambuco destacou a import\u00e2ncia da Caatinga para o cumprimento das metas brasileiras de preserva\u00e7\u00e3o. \u201c<em>Sem d\u00favidas, o Brasil \u00e9 parte da solu\u00e7\u00e3o do problema clim\u00e1tico no mundo, e queremos que o Brasil veja a Caatinga como parte da solu\u00e7\u00e3o no Brasil\u201d, af<\/em>irmou Raquel.<\/p>\n\n\n\n<figure class=\"wp-block-image size-large\"><img fetchpriority=\"high\" decoding=\"async\" width=\"1024\" height=\"710\" src=\"https:\/\/portalmf.com.br\/wp-content\/uploads\/2023\/12\/IMG-20231203-WA0159-1024x710.jpg\" alt=\"\" class=\"wp-image-20522\" srcset=\"https:\/\/portalmf.com.br\/wp-content\/uploads\/2023\/12\/IMG-20231203-WA0159-1024x710.jpg 1024w, https:\/\/portalmf.com.br\/wp-content\/uploads\/2023\/12\/IMG-20231203-WA0159-300x208.jpg 300w, https:\/\/portalmf.com.br\/wp-content\/uploads\/2023\/12\/IMG-20231203-WA0159-768x532.jpg 768w, https:\/\/portalmf.com.br\/wp-content\/uploads\/2023\/12\/IMG-20231203-WA0159-1170x811.jpg 1170w, https:\/\/portalmf.com.br\/wp-content\/uploads\/2023\/12\/IMG-20231203-WA0159-585x405.jpg 585w, https:\/\/portalmf.com.br\/wp-content\/uploads\/2023\/12\/IMG-20231203-WA0159.jpg 1309w\" sizes=\"(max-width: 1024px) 100vw, 1024px\" \/><figcaption class=\"wp-element-caption\"><strong><em>Fotos: Daniel Senna<\/em><\/strong><\/figcaption><\/figure>\n\n\n\n<p>A Caatinga \u00e9 o \u00fanico bioma que \u00e9 totalmente brasileiro, est\u00e1 presente em todos os estados do Nordeste e no norte de Minas Gerais. Nele moram 27 milh\u00f5es de pessoas e sua \u00e1rea ocupa cerca de 10% do territ\u00f3rio do pa\u00eds. Na Bahia, a Caatinga ocupa 85% do territ\u00f3rio. O estado promove a\u00e7\u00f5es de preserva\u00e7\u00e3o do bioma e, em agosto de 2016, instituiu a Pol\u00edtica Estadual de Conviv\u00eancia com o Semi\u00e1rido, instrumento intersetorial que d\u00e1 sustenta\u00e7\u00e3o jur\u00eddica a programas governamentais e a\u00e7\u00f5es da sociedade civil.<\/p>\n\n\n\n<p>\u201c<em>Reconhecemos a import\u00e2ncia de todos os biomas, n\u00e3o queremos competir ou inviabilzar outras a\u00e7\u00f5es, mas o Fundo da Caatinga precisa ser pensado como mais uma a\u00e7\u00e3o do Brasil em seu compromisso com a quest\u00e3o ambiental, inclusive por conta da sua import\u00e2ncia no processo de transi\u00e7\u00e3o energ\u00e9tica\u201d,<\/em> resaltou Jer\u00f4nimo.<\/p>\n\n\n\n<p>Atualmente, 90% da energia e\u00f3lica e a grande maioria dos parques de energia solar instalados do pa\u00eds est\u00e3o na Caatinga. Como contrapartida a essa contribui\u00e7\u00e3o, os governadores pedem que o governo federal aprove a cria\u00e7\u00e3o do fundo que vai garantir as condi\u00e7\u00f5es naturais do bioma, que passa por graves amea\u00e7as, com pontos de desertifica\u00e7\u00e3o que preocupam especialistas.<\/p>\n\n\n\n<p><em>\u201cSe engana quem pensa que a caatinga \u00e9 um lugar seco e sem vida. Apesar da aridez, a vegeta\u00e7\u00e3o tem como caracter\u00edstica ra\u00edzes profundas que seguram o carbono, contribuindo para a redu\u00e7\u00e3o do aquecimento global. Precisamos de mecanismos que permitam preserv\u00e1-la\u201d, <\/em>explicou o governador Jer\u00f4nimo Rodrigues.<\/p>\n\n\n\n<p><\/p>\n","protected":false},"excerpt":{"rendered":"<p>Em seu \u00faltimo dia na COP28, nos Emirados \u00c1rabes, o governador Jer\u00f4nimo Rodrigues participou, neste domingo (3), de um painel que reuniu governadores do Nordeste na defesa do bioma da Caatinga. Ao lado da governadora de Pernambuco, Raquel Lyra, e do governador do Cear\u00e1, Elmano de Freitas, Jer\u00f4nimo ressaltou que a import\u00e2ncia ambiental e social [&hellip;]<\/p>\n","protected":false},"author":3,"featured_media":20522,"comment_status":"open","ping_status":"open","sticky":false,"template":"","format":"standard","meta":{"_monsterinsights_skip_tracking":false,"_monsterinsights_sitenote_active":false,"_monsterinsights_sitenote_note":"","_monsterinsights_sitenote_category":0,"footnotes":""},"categories":[34],"tags":[],"yoast_head":"<!-- This site is optimized with the Yoast SEO plugin v22.9 - https:\/\/yoast.com\/wordpress\/plugins\/seo\/ -->\n<title>Na COP28, governador Jer\u00f4nimo defende cria\u00e7\u00e3o de Fundo para financiar preserva\u00e7\u00e3o da Caatinga - Portal MF<\/title>\n<meta name=\"robots\" content=\"index, follow, max-snippet:-1, max-image-preview:large, max-video-preview:-1\" \/>\n<link rel=\"canonical\" href=\"https:\/\/portalmf.com.br\/index.php\/2023\/12\/03\/na-cop28-governador-jeronimo-defende-criacao-de-fundo-para-financiar-preservacao-da-caatinga\/\" \/>\n<meta property=\"og:locale\" content=\"pt_BR\" \/>\n<meta property=\"og:type\" content=\"article\" \/>\n<meta property=\"og:title\" content=\"Na COP28, governador Jer\u00f4nimo defende cria\u00e7\u00e3o de Fundo para financiar preserva\u00e7\u00e3o da Caatinga - Portal MF\" \/>\n<meta property=\"og:description\" content=\"Em seu \u00faltimo dia na COP28, nos Emirados \u00c1rabes, o governador Jer\u00f4nimo Rodrigues participou, neste domingo (3), de um painel que reuniu governadores do Nordeste na defesa do bioma da Caatinga. Ao lado da governadora de Pernambuco, Raquel Lyra, e do governador do Cear\u00e1, Elmano de Freitas, Jer\u00f4nimo ressaltou que a import\u00e2ncia ambiental e social [&hellip;]\" \/>\n<meta property=\"og:url\" content=\"https:\/\/portalmf.com.br\/index.php\/2023\/12\/03\/na-cop28-governador-jeronimo-defende-criacao-de-fundo-para-financiar-preservacao-da-caatinga\/\" \/>\n<meta property=\"og:site_name\" content=\"Portal MF\" \/>\n<meta property=\"article:author\" content=\"https:\/\/www.facebook.com\/portalmfoficial\" \/>\n<meta property=\"article:published_time\" content=\"2023-12-03T23:28:32+00:00\" \/>\n<meta property=\"article:modified_time\" content=\"2023-12-03T23:28:36+00:00\" \/>\n<meta property=\"og:image\" content=\"https:\/\/portalmf.com.br\/wp-content\/uploads\/2023\/12\/IMG-20231203-WA0159.jpg\" \/>\n\t<meta property=\"og:image:width\" content=\"1309\" \/>\n\t<meta property=\"og:image:height\" content=\"907\" \/>\n\t<meta property=\"og:image:type\" content=\"image\/jpeg\" \/>\n<meta name=\"author\" content=\"Reda\u00e7\u00e3o Portal MF\" \/>\n<meta name=\"twitter:card\" content=\"summary_large_image\" \/>\n<meta name=\"twitter:creator\" content=\"@https:\/\/x.com\/portalmfoficial\" \/>\n<meta name=\"twitter:label1\" content=\"Escrito por\" \/>\n\t<meta name=\"twitter:data1\" content=\"Reda\u00e7\u00e3o Portal MF\" \/>\n\t<meta name=\"twitter:label2\" content=\"Est. tempo de leitura\" \/>\n\t<meta name=\"twitter:data2\" content=\"3 minutos\" \/>\n<script type=\"application\/ld+json\" class=\"yoast-schema-graph\">{\"@context\":\"https:\/\/schema.org\",\"@graph\":[{\"@type\":\"WebPage\",\"@id\":\"https:\/\/portalmf.com.br\/index.php\/2023\/12\/03\/na-cop28-governador-jeronimo-defende-criacao-de-fundo-para-financiar-preservacao-da-caatinga\/\",\"url\":\"https:\/\/portalmf.com.br\/index.php\/2023\/12\/03\/na-cop28-governador-jeronimo-defende-criacao-de-fundo-para-financiar-preservacao-da-caatinga\/\",\"name\":\"Na COP28, governador Jer\u00f4nimo defende cria\u00e7\u00e3o de Fundo para financiar preserva\u00e7\u00e3o da Caatinga - Portal MF\",\"isPartOf\":{\"@id\":\"https:\/\/portalmf.com.br\/#website\"},\"primaryImageOfPage\":{\"@id\":\"https:\/\/portalmf.com.br\/index.php\/2023\/12\/03\/na-cop28-governador-jeronimo-defende-criacao-de-fundo-para-financiar-preservacao-da-caatinga\/#primaryimage\"},\"image\":{\"@id\":\"https:\/\/portalmf.com.br\/index.php\/2023\/12\/03\/na-cop28-governador-jeronimo-defende-criacao-de-fundo-para-financiar-preservacao-da-caatinga\/#primaryimage\"},\"thumbnailUrl\":\"https:\/\/portalmf.com.br\/wp-content\/uploads\/2023\/12\/IMG-20231203-WA0159.jpg\",\"datePublished\":\"2023-12-03T23:28:32+00:00\",\"dateModified\":\"2023-12-03T23:28:36+00:00\",\"author\":{\"@id\":\"https:\/\/portalmf.com.br\/#\/schema\/person\/9ec101baf56233e53520c26de5d6f6f0\"},\"breadcrumb\":{\"@id\":\"https:\/\/portalmf.com.br\/index.php\/2023\/12\/03\/na-cop28-governador-jeronimo-defende-criacao-de-fundo-para-financiar-preservacao-da-caatinga\/#breadcrumb\"},\"inLanguage\":\"pt-BR\",\"potentialAction\":[{\"@type\":\"ReadAction\",\"target\":[\"https:\/\/portalmf.com.br\/index.php\/2023\/12\/03\/na-cop28-governador-jeronimo-defende-criacao-de-fundo-para-financiar-preservacao-da-caatinga\/\"]}]},{\"@type\":\"ImageObject\",\"inLanguage\":\"pt-BR\",\"@id\":\"https:\/\/portalmf.com.br\/index.php\/2023\/12\/03\/na-cop28-governador-jeronimo-defende-criacao-de-fundo-para-financiar-preservacao-da-caatinga\/#primaryimage\",\"url\":\"https:\/\/portalmf.com.br\/wp-content\/uploads\/2023\/12\/IMG-20231203-WA0159.jpg\",\"contentUrl\":\"https:\/\/portalmf.com.br\/wp-content\/uploads\/2023\/12\/IMG-20231203-WA0159.jpg\",\"width\":1309,\"height\":907},{\"@type\":\"BreadcrumbList\",\"@id\":\"https:\/\/portalmf.com.br\/index.php\/2023\/12\/03\/na-cop28-governador-jeronimo-defende-criacao-de-fundo-para-financiar-preservacao-da-caatinga\/#breadcrumb\",\"itemListElement\":[{\"@type\":\"ListItem\",\"position\":1,\"name\":\"In\u00edcio\",\"item\":\"https:\/\/portalmf.com.br\/\"},{\"@type\":\"ListItem\",\"position\":2,\"name\":\"Na COP28, governador Jer\u00f4nimo defende cria\u00e7\u00e3o de Fundo para financiar preserva\u00e7\u00e3o da Caatinga\"}]},{\"@type\":\"WebSite\",\"@id\":\"https:\/\/portalmf.com.br\/#website\",\"url\":\"https:\/\/portalmf.com.br\/\",\"name\":\"Portal MF\",\"description\":\"Voc\u00ea conectado com a informa\u00e7\u00e3o\",\"potentialAction\":[{\"@type\":\"SearchAction\",\"target\":{\"@type\":\"EntryPoint\",\"urlTemplate\":\"https:\/\/portalmf.com.br\/?s={search_term_string}\"},\"query-input\":\"required name=search_term_string\"}],\"inLanguage\":\"pt-BR\"},{\"@type\":\"Person\",\"@id\":\"https:\/\/portalmf.com.br\/#\/schema\/person\/9ec101baf56233e53520c26de5d6f6f0\",\"name\":\"Reda\u00e7\u00e3o Portal MF\",\"image\":{\"@type\":\"ImageObject\",\"inLanguage\":\"pt-BR\",\"@id\":\"https:\/\/portalmf.com.br\/#\/schema\/person\/image\/\",\"url\":\"https:\/\/secure.gravatar.com\/avatar\/41b9aaeb2100835f7c64362330f74c7f?s=96&d=mm&r=g\",\"contentUrl\":\"https:\/\/secure.gravatar.com\/avatar\/41b9aaeb2100835f7c64362330f74c7f?s=96&d=mm&r=g\",\"caption\":\"Reda\u00e7\u00e3o Portal MF\"},\"description\":\"Sejam bem-vindos o portal de informa\u00e7\u00f5es de entretenimento de Feira de Santana, desde 2006 realiza coberturas dos principais eventos com entrevistas exclusivas com as principais personalidades mundiais. Fique conectado tamb\u00e9m nas redes sociais.\",\"sameAs\":[\"http:\/\/www.portalmf.com.br\/\",\"https:\/\/www.facebook.com\/portalmfoficial\",\"https:\/\/www.instagram.com\/portalmf\/\",\"https:\/\/x.com\/https:\/\/x.com\/portalmfoficial\",\"https:\/\/www.youtube.com\/@portalmfoficial\"],\"url\":\"https:\/\/portalmf.com.br\/index.php\/author\/junior\/\"}]}<\/script>\n<!-- \/ Yoast SEO plugin. -->","yoast_head_json":{"title":"Na COP28, governador Jer\u00f4nimo defende cria\u00e7\u00e3o de Fundo para financiar preserva\u00e7\u00e3o da Caatinga - Portal MF","robots":{"index":"index","follow":"follow","max-snippet":"max-snippet:-1","max-image-preview":"max-image-preview:large","max-video-preview":"max-video-preview:-1"},"canonical":"https:\/\/portalmf.com.br\/index.php\/2023\/12\/03\/na-cop28-governador-jeronimo-defende-criacao-de-fundo-para-financiar-preservacao-da-caatinga\/","og_locale":"pt_BR","og_type":"article","og_title":"Na COP28, governador Jer\u00f4nimo defende cria\u00e7\u00e3o de Fundo para financiar preserva\u00e7\u00e3o da Caatinga - Portal MF","og_description":"Em seu \u00faltimo dia na COP28, nos Emirados \u00c1rabes, o governador Jer\u00f4nimo Rodrigues participou, neste domingo (3), de um painel que reuniu governadores do Nordeste na defesa do bioma da Caatinga. Ao lado da governadora de Pernambuco, Raquel Lyra, e do governador do Cear\u00e1, Elmano de Freitas, Jer\u00f4nimo ressaltou que a import\u00e2ncia ambiental e social [&hellip;]","og_url":"https:\/\/portalmf.com.br\/index.php\/2023\/12\/03\/na-cop28-governador-jeronimo-defende-criacao-de-fundo-para-financiar-preservacao-da-caatinga\/","og_site_name":"Portal MF","article_author":"https:\/\/www.facebook.com\/portalmfoficial","article_published_time":"2023-12-03T23:28:32+00:00","article_modified_time":"2023-12-03T23:28:36+00:00","og_image":[{"width":1309,"height":907,"url":"https:\/\/portalmf.com.br\/wp-content\/uploads\/2023\/12\/IMG-20231203-WA0159.jpg","type":"image\/jpeg"}],"author":"Reda\u00e7\u00e3o Portal MF","twitter_card":"summary_large_image","twitter_creator":"@https:\/\/x.com\/portalmfoficial","twitter_misc":{"Escrito por":"Reda\u00e7\u00e3o Portal MF","Est. tempo de leitura":"3 minutos"},"schema":{"@context":"https:\/\/schema.org","@graph":[{"@type":"WebPage","@id":"https:\/\/portalmf.com.br\/index.php\/2023\/12\/03\/na-cop28-governador-jeronimo-defende-criacao-de-fundo-para-financiar-preservacao-da-caatinga\/","url":"https:\/\/portalmf.com.br\/index.php\/2023\/12\/03\/na-cop28-governador-jeronimo-defende-criacao-de-fundo-para-financiar-preservacao-da-caatinga\/","name":"Na COP28, governador Jer\u00f4nimo defende cria\u00e7\u00e3o de Fundo para financiar preserva\u00e7\u00e3o da Caatinga - Portal MF","isPartOf":{"@id":"https:\/\/portalmf.com.br\/#website"},"primaryImageOfPage":{"@id":"https:\/\/portalmf.com.br\/index.php\/2023\/12\/03\/na-cop28-governador-jeronimo-defende-criacao-de-fundo-para-financiar-preservacao-da-caatinga\/#primaryimage"},"image":{"@id":"https:\/\/portalmf.com.br\/index.php\/2023\/12\/03\/na-cop28-governador-jeronimo-defende-criacao-de-fundo-para-financiar-preservacao-da-caatinga\/#primaryimage"},"thumbnailUrl":"https:\/\/portalmf.com.br\/wp-content\/uploads\/2023\/12\/IMG-20231203-WA0159.jpg","datePublished":"2023-12-03T23:28:32+00:00","dateModified":"2023-12-03T23:28:36+00:00","author":{"@id":"https:\/\/portalmf.com.br\/#\/schema\/person\/9ec101baf56233e53520c26de5d6f6f0"},"breadcrumb":{"@id":"https:\/\/portalmf.com.br\/index.php\/2023\/12\/03\/na-cop28-governador-jeronimo-defende-criacao-de-fundo-para-financiar-preservacao-da-caatinga\/#breadcrumb"},"inLanguage":"pt-BR","potentialAction":[{"@type":"ReadAction","target":["https:\/\/portalmf.com.br\/index.php\/2023\/12\/03\/na-cop28-governador-jeronimo-defende-criacao-de-fundo-para-financiar-preservacao-da-caatinga\/"]}]},{"@type":"ImageObject","inLanguage":"pt-BR","@id":"https:\/\/portalmf.com.br\/index.php\/2023\/12\/03\/na-cop28-governador-jeronimo-defende-criacao-de-fundo-para-financiar-preservacao-da-caatinga\/#primaryimage","url":"https:\/\/portalmf.com.br\/wp-content\/uploads\/2023\/12\/IMG-20231203-WA0159.jpg","contentUrl":"https:\/\/portalmf.com.br\/wp-content\/uploads\/2023\/12\/IMG-20231203-WA0159.jpg","width":1309,"height":907},{"@type":"BreadcrumbList","@id":"https:\/\/portalmf.com.br\/index.php\/2023\/12\/03\/na-cop28-governador-jeronimo-defende-criacao-de-fundo-para-financiar-preservacao-da-caatinga\/#breadcrumb","itemListElement":[{"@type":"ListItem","position":1,"name":"In\u00edcio","item":"https:\/\/portalmf.com.br\/"},{"@type":"ListItem","position":2,"name":"Na COP28, governador Jer\u00f4nimo defende cria\u00e7\u00e3o de Fundo para financiar preserva\u00e7\u00e3o da Caatinga"}]},{"@type":"WebSite","@id":"https:\/\/portalmf.com.br\/#website","url":"https:\/\/portalmf.com.br\/","name":"Portal MF","description":"Voc\u00ea conectado com a informa\u00e7\u00e3o","potentialAction":[{"@type":"SearchAction","target":{"@type":"EntryPoint","urlTemplate":"https:\/\/portalmf.com.br\/?s={search_term_string}"},"query-input":"required name=search_term_string"}],"inLanguage":"pt-BR"},{"@type":"Person","@id":"https:\/\/portalmf.com.br\/#\/schema\/person\/9ec101baf56233e53520c26de5d6f6f0","name":"Reda\u00e7\u00e3o Portal MF","image":{"@type":"ImageObject","inLanguage":"pt-BR","@id":"https:\/\/portalmf.com.br\/#\/schema\/person\/image\/","url":"https:\/\/secure.gravatar.com\/avatar\/41b9aaeb2100835f7c64362330f74c7f?s=96&d=mm&r=g","contentUrl":"https:\/\/secure.gravatar.com\/avatar\/41b9aaeb2100835f7c64362330f74c7f?s=96&d=mm&r=g","caption":"Reda\u00e7\u00e3o Portal MF"},"description":"Sejam bem-vindos o portal de informa\u00e7\u00f5es de entretenimento de Feira de Santana, desde 2006 realiza coberturas dos principais eventos com entrevistas exclusivas com as principais personalidades mundiais. Fique conectado tamb\u00e9m nas redes sociais.","sameAs":["http:\/\/www.portalmf.com.br\/","https:\/\/www.facebook.com\/portalmfoficial","https:\/\/www.instagram.com\/portalmf\/","https:\/\/x.com\/https:\/\/x.com\/portalmfoficial","https:\/\/www.youtube.com\/@portalmfoficial"],"url":"https:\/\/portalmf.com.br\/index.php\/author\/junior\/"}]}},"_links":{"self":[{"href":"https:\/\/portalmf.com.br\/index.php\/wp-json\/wp\/v2\/posts\/20520"}],"collection":[{"href":"https:\/\/portalmf.com.br\/index.php\/wp-json\/wp\/v2\/posts"}],"about":[{"href":"https:\/\/portalmf.com.br\/index.php\/wp-json\/wp\/v2\/types\/post"}],"author":[{"embeddable":true,"href":"https:\/\/portalmf.com.br\/index.php\/wp-json\/wp\/v2\/users\/3"}],"replies":[{"embeddable":true,"href":"https:\/\/portalmf.com.br\/index.php\/wp-json\/wp\/v2\/comments?post=20520"}],"version-history":[{"count":1,"href":"https:\/\/portalmf.com.br\/index.php\/wp-json\/wp\/v2\/posts\/20520\/revisions"}],"predecessor-version":[{"id":20523,"href":"https:\/\/portalmf.com.br\/index.php\/wp-json\/wp\/v2\/posts\/20520\/revisions\/20523"}],"wp:featuredmedia":[{"embeddable":true,"href":"https:\/\/portalmf.com.br\/index.php\/wp-json\/wp\/v2\/media\/20522"}],"wp:attachment":[{"href":"https:\/\/portalmf.com.br\/index.php\/wp-json\/wp\/v2\/media?parent=20520"}],"wp:term":[{"taxonomy":"category","embeddable":true,"href":"https:\/\/portalmf.com.br\/index.php\/wp-json\/wp\/v2\/categories?post=20520"},{"taxonomy":"post_tag","embeddable":true,"href":"https:\/\/portalmf.com.br\/index.php\/wp-json\/wp\/v2\/tags?post=20520"}],"curies":[{"name":"wp","href":"https:\/\/api.w.org\/{rel}","templated":true}]}}