{"id":2051,"date":"2022-07-27T00:44:00","date_gmt":"2022-07-27T03:44:00","guid":{"rendered":"http:\/\/portalmf.com.br\/?p=2051"},"modified":"2022-07-27T13:49:22","modified_gmt":"2022-07-27T16:49:22","slug":"a-gente-precisa-devolver-a-esperanca-de-um-futuro-melhor-para-os-jovens-da-bahia-afirma-acm-neto","status":"publish","type":"post","link":"https:\/\/portalmf.com.br\/index.php\/2022\/07\/27\/a-gente-precisa-devolver-a-esperanca-de-um-futuro-melhor-para-os-jovens-da-bahia-afirma-acm-neto\/","title":{"rendered":"&#8220;A gente precisa devolver a esperan\u00e7a de um futuro melhor para os jovens da Bahia\u201d, afirma ACM Neto"},"content":{"rendered":"\n<p>O pr\u00e9-candidato a governador ACM Neto (Uni\u00e3o Brasil) criticou, nesta ter\u00e7a-feira (26), em visita ao bairro da Liberdade, os altos \u00edndices de viol\u00eancia e a baixa qualidade de ensino no estado. Para Neto, s\u00e3o os jovens que mais sentem a falta de atua\u00e7\u00e3o do atual governo nessas duas \u00e1reas essenciais para a vida dos baianos. Hoje, a Bahia \u00e9 campe\u00e3 nacional em mortes violentas e o \u00faltimo estado em qualidade do ensino.<\/p>\n\n\n\n<p>&#8220;N\u00f3s estamos vivendo o drama da viol\u00eancia, que se espalha pelo interior e pelos 170 bairros da nossa capital. A viol\u00eancia que tem como principal v\u00edtima o jovem negro, pobre, que mora na periferia. O jovem que tem o seu futuro sequestrado porque, quando h\u00e1 o caminho da viol\u00eancia, se afasta da educa\u00e7\u00e3o. E \u00e9 por esse motivo que a Bahia \u00e9 campe\u00e3 nacional de viol\u00eancia e est\u00e1 em \u00faltimo lugar na educa\u00e7\u00e3o&#8221;, avaliou.<\/p>\n\n\n\n<p>&#8220;As duas coisas est\u00e3o relacionadas. E no centro delas est\u00e1 a juventude da Bahia. No centro, e pagando o pre\u00e7o alto da incompet\u00eancia daqueles que nos governam, est\u00e3o os nossos jovens. E eu quero mudar essa realidade&#8221;, ressaltou durante manifesta\u00e7\u00e3o ao p\u00fablico.<\/p>\n\n\n\n<p>Neto enfatizou que, caso seja eleito em outubro deste ano, vai trabalhar para criar estrat\u00e9gias e proporcionar uma educa\u00e7\u00e3o mais eficiente. O ex-prefeito de Salvador defendeu ainda que este \u00e9 um dos pontos mais importantes do seu plano de governo.<\/p>\n\n\n\n<p>&#8220;Quando a gente olha e fala do futuro, a gente n\u00e3o pode deixar de olhar para os nossos jovens. De devolver a esperan\u00e7a para a juventude, de dizer aos nossos jovens que o lugar deles n\u00e3o ser\u00e1 nas ruas para se tornarem v\u00edtimas da viol\u00eancia, do tr\u00e1fico de drogas e do crime organizado. Mas que o futuro da nossa juventude ser\u00e1 nas escolas, estudando, se preparando, se qualificando e podendo sonhar com uma vida muito melhor&#8221;, afirmou o pr\u00e9-candidato.<\/p>\n\n\n\n<p>&#8220;\u00c9 com isso que eu sonho. \u00c9 essa Bahia que eu quero para as futuras gera\u00e7\u00f5es. \u00c9 por essa Bahia que eu vou lutar, que eu vou entregar a minha vida como entreguei durante os oito anos que fui prefeito da cidade de Salvador&#8221;, salientou.<\/p>\n\n\n\n<p>Na noite desta ter\u00e7a-feira, ACM Neto foi recebido por uma multid\u00e3o durante o terceiro encontro do Mobiliza Salvador, realizado no bairro da Liberdade, em Salvador. No encontro, o pr\u00e9-candidato esteve acompanhado do deputado federal Cac\u00e1 Le\u00e3o (PP), pr\u00e9-candidato ao Senado, pelo prefeito de Salvador, Bruno Reis (Uni\u00e3o Brasil) e por diversas lideran\u00e7as pol\u00edticas do estado.<\/p>\n\n\n\n<p>Ap\u00f3s iniciar sua caminhada pelo interior do estado, onde j\u00e1 percorreu mais de 185 munic\u00edpios, Neto passa a ter encontros semanais com a popula\u00e7\u00e3o de Salvador com o projeto Mobiliza.<\/p>\n","protected":false},"excerpt":{"rendered":"<p>O pr\u00e9-candidato a governador ACM Neto (Uni\u00e3o Brasil) criticou, nesta ter\u00e7a-feira (26), em visita ao bairro da Liberdade, os altos \u00edndices de viol\u00eancia e a baixa qualidade de ensino no estado. Para Neto, s\u00e3o os jovens que mais sentem a falta de atua\u00e7\u00e3o do atual governo nessas duas \u00e1reas essenciais para a vida dos baianos. [&hellip;]<\/p>\n","protected":false},"author":2,"featured_media":2052,"comment_status":"open","ping_status":"open","sticky":false,"template":"","format":"standard","meta":{"_monsterinsights_skip_tracking":false,"_monsterinsights_sitenote_active":false,"_monsterinsights_sitenote_note":"","_monsterinsights_sitenote_category":0,"footnotes":""},"categories":[34],"tags":[],"yoast_head":"<!-- This site is optimized with the Yoast SEO plugin v22.9 - https:\/\/yoast.com\/wordpress\/plugins\/seo\/ -->\n<title>&quot;A gente precisa devolver a esperan\u00e7a de um futuro melhor para os jovens da Bahia\u201d, afirma ACM Neto - Portal MF<\/title>\n<meta name=\"robots\" content=\"index, follow, max-snippet:-1, max-image-preview:large, max-video-preview:-1\" \/>\n<link rel=\"canonical\" href=\"https:\/\/portalmf.com.br\/index.php\/2022\/07\/27\/a-gente-precisa-devolver-a-esperanca-de-um-futuro-melhor-para-os-jovens-da-bahia-afirma-acm-neto\/\" \/>\n<meta property=\"og:locale\" content=\"pt_BR\" \/>\n<meta property=\"og:type\" content=\"article\" \/>\n<meta property=\"og:title\" content=\"&quot;A gente precisa devolver a esperan\u00e7a de um futuro melhor para os jovens da Bahia\u201d, afirma ACM Neto - Portal MF\" \/>\n<meta property=\"og:description\" content=\"O pr\u00e9-candidato a governador ACM Neto (Uni\u00e3o Brasil) criticou, nesta ter\u00e7a-feira (26), em visita ao bairro da Liberdade, os altos \u00edndices de viol\u00eancia e a baixa qualidade de ensino no estado. Para Neto, s\u00e3o os jovens que mais sentem a falta de atua\u00e7\u00e3o do atual governo nessas duas \u00e1reas essenciais para a vida dos baianos. [&hellip;]\" \/>\n<meta property=\"og:url\" content=\"https:\/\/portalmf.com.br\/index.php\/2022\/07\/27\/a-gente-precisa-devolver-a-esperanca-de-um-futuro-melhor-para-os-jovens-da-bahia-afirma-acm-neto\/\" \/>\n<meta property=\"og:site_name\" content=\"Portal MF\" \/>\n<meta property=\"article:author\" content=\"reginaldojrfsa\" \/>\n<meta property=\"article:published_time\" content=\"2022-07-27T03:44:00+00:00\" \/>\n<meta property=\"article:modified_time\" content=\"2022-07-27T16:49:22+00:00\" \/>\n<meta property=\"og:image\" content=\"https:\/\/portalmf.com.br\/wp-content\/uploads\/2022\/07\/WhatsApp-Image-2022-07-27-at-11.34.11.jpeg\" \/>\n\t<meta property=\"og:image:width\" content=\"1280\" \/>\n\t<meta property=\"og:image:height\" content=\"853\" \/>\n\t<meta property=\"og:image:type\" content=\"image\/jpeg\" \/>\n<meta name=\"author\" content=\"Reginaldo J\u00fanior\" \/>\n<meta name=\"twitter:card\" content=\"summary_large_image\" \/>\n<meta name=\"twitter:creator\" content=\"@reginaldojrmf\" \/>\n<meta name=\"twitter:label1\" content=\"Escrito por\" \/>\n\t<meta name=\"twitter:data1\" content=\"Reginaldo J\u00fanior\" \/>\n\t<meta name=\"twitter:label2\" content=\"Est. tempo de leitura\" \/>\n\t<meta name=\"twitter:data2\" content=\"2 minutos\" \/>\n<script type=\"application\/ld+json\" class=\"yoast-schema-graph\">{\"@context\":\"https:\/\/schema.org\",\"@graph\":[{\"@type\":\"WebPage\",\"@id\":\"https:\/\/portalmf.com.br\/index.php\/2022\/07\/27\/a-gente-precisa-devolver-a-esperanca-de-um-futuro-melhor-para-os-jovens-da-bahia-afirma-acm-neto\/\",\"url\":\"https:\/\/portalmf.com.br\/index.php\/2022\/07\/27\/a-gente-precisa-devolver-a-esperanca-de-um-futuro-melhor-para-os-jovens-da-bahia-afirma-acm-neto\/\",\"name\":\"\\\"A gente precisa devolver a esperan\u00e7a de um futuro melhor para os jovens da Bahia\u201d, afirma ACM Neto - Portal MF\",\"isPartOf\":{\"@id\":\"https:\/\/portalmf.com.br\/#website\"},\"primaryImageOfPage\":{\"@id\":\"https:\/\/portalmf.com.br\/index.php\/2022\/07\/27\/a-gente-precisa-devolver-a-esperanca-de-um-futuro-melhor-para-os-jovens-da-bahia-afirma-acm-neto\/#primaryimage\"},\"image\":{\"@id\":\"https:\/\/portalmf.com.br\/index.php\/2022\/07\/27\/a-gente-precisa-devolver-a-esperanca-de-um-futuro-melhor-para-os-jovens-da-bahia-afirma-acm-neto\/#primaryimage\"},\"thumbnailUrl\":\"https:\/\/portalmf.com.br\/wp-content\/uploads\/2022\/07\/WhatsApp-Image-2022-07-27-at-11.34.11.jpeg\",\"datePublished\":\"2022-07-27T03:44:00+00:00\",\"dateModified\":\"2022-07-27T16:49:22+00:00\",\"author\":{\"@id\":\"https:\/\/portalmf.com.br\/#\/schema\/person\/11c82086fe8abc05a19147e964587285\"},\"breadcrumb\":{\"@id\":\"https:\/\/portalmf.com.br\/index.php\/2022\/07\/27\/a-gente-precisa-devolver-a-esperanca-de-um-futuro-melhor-para-os-jovens-da-bahia-afirma-acm-neto\/#breadcrumb\"},\"inLanguage\":\"pt-BR\",\"potentialAction\":[{\"@type\":\"ReadAction\",\"target\":[\"https:\/\/portalmf.com.br\/index.php\/2022\/07\/27\/a-gente-precisa-devolver-a-esperanca-de-um-futuro-melhor-para-os-jovens-da-bahia-afirma-acm-neto\/\"]}]},{\"@type\":\"ImageObject\",\"inLanguage\":\"pt-BR\",\"@id\":\"https:\/\/portalmf.com.br\/index.php\/2022\/07\/27\/a-gente-precisa-devolver-a-esperanca-de-um-futuro-melhor-para-os-jovens-da-bahia-afirma-acm-neto\/#primaryimage\",\"url\":\"https:\/\/portalmf.com.br\/wp-content\/uploads\/2022\/07\/WhatsApp-Image-2022-07-27-at-11.34.11.jpeg\",\"contentUrl\":\"https:\/\/portalmf.com.br\/wp-content\/uploads\/2022\/07\/WhatsApp-Image-2022-07-27-at-11.34.11.jpeg\",\"width\":1280,\"height\":853,\"caption\":\"Foto: Divulga\u00e7\u00e3o\"},{\"@type\":\"BreadcrumbList\",\"@id\":\"https:\/\/portalmf.com.br\/index.php\/2022\/07\/27\/a-gente-precisa-devolver-a-esperanca-de-um-futuro-melhor-para-os-jovens-da-bahia-afirma-acm-neto\/#breadcrumb\",\"itemListElement\":[{\"@type\":\"ListItem\",\"position\":1,\"name\":\"In\u00edcio\",\"item\":\"https:\/\/portalmf.com.br\/\"},{\"@type\":\"ListItem\",\"position\":2,\"name\":\"&#8220;A gente precisa devolver a esperan\u00e7a de um futuro melhor para os jovens da Bahia\u201d, afirma ACM Neto\"}]},{\"@type\":\"WebSite\",\"@id\":\"https:\/\/portalmf.com.br\/#website\",\"url\":\"https:\/\/portalmf.com.br\/\",\"name\":\"Portal MF\",\"description\":\"Voc\u00ea conectado com a informa\u00e7\u00e3o\",\"potentialAction\":[{\"@type\":\"SearchAction\",\"target\":{\"@type\":\"EntryPoint\",\"urlTemplate\":\"https:\/\/portalmf.com.br\/?s={search_term_string}\"},\"query-input\":\"required name=search_term_string\"}],\"inLanguage\":\"pt-BR\"},{\"@type\":\"Person\",\"@id\":\"https:\/\/portalmf.com.br\/#\/schema\/person\/11c82086fe8abc05a19147e964587285\",\"name\":\"Reginaldo J\u00fanior\",\"image\":{\"@type\":\"ImageObject\",\"inLanguage\":\"pt-BR\",\"@id\":\"https:\/\/portalmf.com.br\/#\/schema\/person\/image\/\",\"url\":\"https:\/\/secure.gravatar.com\/avatar\/32a3c797cd0ac47cc53b8644c62776f9?s=96&d=mm&r=g\",\"contentUrl\":\"https:\/\/secure.gravatar.com\/avatar\/32a3c797cd0ac47cc53b8644c62776f9?s=96&d=mm&r=g\",\"caption\":\"Reginaldo J\u00fanior\"},\"description\":\"Jornalista e idealizador Portal MF\",\"sameAs\":[\"https:\/\/portalmf.com.br\/index.php\/author\/reginaldojr\/\",\"reginaldojrfsa\",\"reginaldojuniormf\",\"https:\/\/x.com\/reginaldojrmf\"],\"url\":\"https:\/\/portalmf.com.br\/index.php\/author\/reginaldojr\/\"}]}<\/script>\n<!-- \/ Yoast SEO plugin. -->","yoast_head_json":{"title":"\"A gente precisa devolver a esperan\u00e7a de um futuro melhor para os jovens da Bahia\u201d, afirma ACM Neto - Portal MF","robots":{"index":"index","follow":"follow","max-snippet":"max-snippet:-1","max-image-preview":"max-image-preview:large","max-video-preview":"max-video-preview:-1"},"canonical":"https:\/\/portalmf.com.br\/index.php\/2022\/07\/27\/a-gente-precisa-devolver-a-esperanca-de-um-futuro-melhor-para-os-jovens-da-bahia-afirma-acm-neto\/","og_locale":"pt_BR","og_type":"article","og_title":"\"A gente precisa devolver a esperan\u00e7a de um futuro melhor para os jovens da Bahia\u201d, afirma ACM Neto - Portal MF","og_description":"O pr\u00e9-candidato a governador ACM Neto (Uni\u00e3o Brasil) criticou, nesta ter\u00e7a-feira (26), em visita ao bairro da Liberdade, os altos \u00edndices de viol\u00eancia e a baixa qualidade de ensino no estado. Para Neto, s\u00e3o os jovens que mais sentem a falta de atua\u00e7\u00e3o do atual governo nessas duas \u00e1reas essenciais para a vida dos baianos. [&hellip;]","og_url":"https:\/\/portalmf.com.br\/index.php\/2022\/07\/27\/a-gente-precisa-devolver-a-esperanca-de-um-futuro-melhor-para-os-jovens-da-bahia-afirma-acm-neto\/","og_site_name":"Portal MF","article_author":"reginaldojrfsa","article_published_time":"2022-07-27T03:44:00+00:00","article_modified_time":"2022-07-27T16:49:22+00:00","og_image":[{"width":1280,"height":853,"url":"https:\/\/portalmf.com.br\/wp-content\/uploads\/2022\/07\/WhatsApp-Image-2022-07-27-at-11.34.11.jpeg","type":"image\/jpeg"}],"author":"Reginaldo J\u00fanior","twitter_card":"summary_large_image","twitter_creator":"@reginaldojrmf","twitter_misc":{"Escrito por":"Reginaldo J\u00fanior","Est. tempo de leitura":"2 minutos"},"schema":{"@context":"https:\/\/schema.org","@graph":[{"@type":"WebPage","@id":"https:\/\/portalmf.com.br\/index.php\/2022\/07\/27\/a-gente-precisa-devolver-a-esperanca-de-um-futuro-melhor-para-os-jovens-da-bahia-afirma-acm-neto\/","url":"https:\/\/portalmf.com.br\/index.php\/2022\/07\/27\/a-gente-precisa-devolver-a-esperanca-de-um-futuro-melhor-para-os-jovens-da-bahia-afirma-acm-neto\/","name":"\"A gente precisa devolver a esperan\u00e7a de um futuro melhor para os jovens da Bahia\u201d, afirma ACM Neto - Portal MF","isPartOf":{"@id":"https:\/\/portalmf.com.br\/#website"},"primaryImageOfPage":{"@id":"https:\/\/portalmf.com.br\/index.php\/2022\/07\/27\/a-gente-precisa-devolver-a-esperanca-de-um-futuro-melhor-para-os-jovens-da-bahia-afirma-acm-neto\/#primaryimage"},"image":{"@id":"https:\/\/portalmf.com.br\/index.php\/2022\/07\/27\/a-gente-precisa-devolver-a-esperanca-de-um-futuro-melhor-para-os-jovens-da-bahia-afirma-acm-neto\/#primaryimage"},"thumbnailUrl":"https:\/\/portalmf.com.br\/wp-content\/uploads\/2022\/07\/WhatsApp-Image-2022-07-27-at-11.34.11.jpeg","datePublished":"2022-07-27T03:44:00+00:00","dateModified":"2022-07-27T16:49:22+00:00","author":{"@id":"https:\/\/portalmf.com.br\/#\/schema\/person\/11c82086fe8abc05a19147e964587285"},"breadcrumb":{"@id":"https:\/\/portalmf.com.br\/index.php\/2022\/07\/27\/a-gente-precisa-devolver-a-esperanca-de-um-futuro-melhor-para-os-jovens-da-bahia-afirma-acm-neto\/#breadcrumb"},"inLanguage":"pt-BR","potentialAction":[{"@type":"ReadAction","target":["https:\/\/portalmf.com.br\/index.php\/2022\/07\/27\/a-gente-precisa-devolver-a-esperanca-de-um-futuro-melhor-para-os-jovens-da-bahia-afirma-acm-neto\/"]}]},{"@type":"ImageObject","inLanguage":"pt-BR","@id":"https:\/\/portalmf.com.br\/index.php\/2022\/07\/27\/a-gente-precisa-devolver-a-esperanca-de-um-futuro-melhor-para-os-jovens-da-bahia-afirma-acm-neto\/#primaryimage","url":"https:\/\/portalmf.com.br\/wp-content\/uploads\/2022\/07\/WhatsApp-Image-2022-07-27-at-11.34.11.jpeg","contentUrl":"https:\/\/portalmf.com.br\/wp-content\/uploads\/2022\/07\/WhatsApp-Image-2022-07-27-at-11.34.11.jpeg","width":1280,"height":853,"caption":"Foto: Divulga\u00e7\u00e3o"},{"@type":"BreadcrumbList","@id":"https:\/\/portalmf.com.br\/index.php\/2022\/07\/27\/a-gente-precisa-devolver-a-esperanca-de-um-futuro-melhor-para-os-jovens-da-bahia-afirma-acm-neto\/#breadcrumb","itemListElement":[{"@type":"ListItem","position":1,"name":"In\u00edcio","item":"https:\/\/portalmf.com.br\/"},{"@type":"ListItem","position":2,"name":"&#8220;A gente precisa devolver a esperan\u00e7a de um futuro melhor para os jovens da Bahia\u201d, afirma ACM Neto"}]},{"@type":"WebSite","@id":"https:\/\/portalmf.com.br\/#website","url":"https:\/\/portalmf.com.br\/","name":"Portal MF","description":"Voc\u00ea conectado com a informa\u00e7\u00e3o","potentialAction":[{"@type":"SearchAction","target":{"@type":"EntryPoint","urlTemplate":"https:\/\/portalmf.com.br\/?s={search_term_string}"},"query-input":"required name=search_term_string"}],"inLanguage":"pt-BR"},{"@type":"Person","@id":"https:\/\/portalmf.com.br\/#\/schema\/person\/11c82086fe8abc05a19147e964587285","name":"Reginaldo J\u00fanior","image":{"@type":"ImageObject","inLanguage":"pt-BR","@id":"https:\/\/portalmf.com.br\/#\/schema\/person\/image\/","url":"https:\/\/secure.gravatar.com\/avatar\/32a3c797cd0ac47cc53b8644c62776f9?s=96&d=mm&r=g","contentUrl":"https:\/\/secure.gravatar.com\/avatar\/32a3c797cd0ac47cc53b8644c62776f9?s=96&d=mm&r=g","caption":"Reginaldo J\u00fanior"},"description":"Jornalista e idealizador Portal MF","sameAs":["https:\/\/portalmf.com.br\/index.php\/author\/reginaldojr\/","reginaldojrfsa","reginaldojuniormf","https:\/\/x.com\/reginaldojrmf"],"url":"https:\/\/portalmf.com.br\/index.php\/author\/reginaldojr\/"}]}},"_links":{"self":[{"href":"https:\/\/portalmf.com.br\/index.php\/wp-json\/wp\/v2\/posts\/2051"}],"collection":[{"href":"https:\/\/portalmf.com.br\/index.php\/wp-json\/wp\/v2\/posts"}],"about":[{"href":"https:\/\/portalmf.com.br\/index.php\/wp-json\/wp\/v2\/types\/post"}],"author":[{"embeddable":true,"href":"https:\/\/portalmf.com.br\/index.php\/wp-json\/wp\/v2\/users\/2"}],"replies":[{"embeddable":true,"href":"https:\/\/portalmf.com.br\/index.php\/wp-json\/wp\/v2\/comments?post=2051"}],"version-history":[{"count":1,"href":"https:\/\/portalmf.com.br\/index.php\/wp-json\/wp\/v2\/posts\/2051\/revisions"}],"predecessor-version":[{"id":2053,"href":"https:\/\/portalmf.com.br\/index.php\/wp-json\/wp\/v2\/posts\/2051\/revisions\/2053"}],"wp:featuredmedia":[{"embeddable":true,"href":"https:\/\/portalmf.com.br\/index.php\/wp-json\/wp\/v2\/media\/2052"}],"wp:attachment":[{"href":"https:\/\/portalmf.com.br\/index.php\/wp-json\/wp\/v2\/media?parent=2051"}],"wp:term":[{"taxonomy":"category","embeddable":true,"href":"https:\/\/portalmf.com.br\/index.php\/wp-json\/wp\/v2\/categories?post=2051"},{"taxonomy":"post_tag","embeddable":true,"href":"https:\/\/portalmf.com.br\/index.php\/wp-json\/wp\/v2\/tags?post=2051"}],"curies":[{"name":"wp","href":"https:\/\/api.w.org\/{rel}","templated":true}]}}