{"id":20505,"date":"2023-12-03T19:30:49","date_gmt":"2023-12-03T22:30:49","guid":{"rendered":"https:\/\/portalmf.com.br\/?p=20505"},"modified":"2023-12-03T19:30:51","modified_gmt":"2023-12-03T22:30:51","slug":"turismo-inclusivo-pousada-em-itacare-dispoe-de-acessibilidade-para-pcds","status":"publish","type":"post","link":"https:\/\/portalmf.com.br\/index.php\/2023\/12\/03\/turismo-inclusivo-pousada-em-itacare-dispoe-de-acessibilidade-para-pcds\/","title":{"rendered":"Turismo inclusivo: pousada em Itacar\u00e9 disp\u00f5e de acessibilidade para PCDs"},"content":{"rendered":"\n<p>No dia 5 de dezembro \u00e9 comemorado o Dia Nacional da Acessibilidade, e mesmo com tantos avan\u00e7os, pessoas com defici\u00eancia ainda encontram dificuldades de inclus\u00e3o no cotidiano. Sens\u00edveis a esse assunto, os propriet\u00e1rios do Hotel Charme A Casa de Gabriella, localizada em Itacar\u00e9, montaram uma estrutura que oferece liberdade, bem-estar e seguran\u00e7a aos PCD&#8217;s, adaptando \u00e1reas do estabelecimento como su\u00edte, piscina, restaurante e \u00e1rea de conv\u00edvio para melhor receber os h\u00f3spedes com defici\u00eancia motora ou mobilidade reduzida.<\/p>\n\n\n\n<p>O Hotel Charme, por exemplo, \u00e9 um dos poucos de Itacar\u00e9 que possui piscina acess\u00edvel. A instala\u00e7\u00e3o conta com rampa, piso antiderrapante e n\u00edvel ideal da \u00e1gua para que cadeirantes e\/ou pessoas com mobilidade reduzida desfrutem do local com independ\u00eancia e seguran\u00e7a.<\/p>\n\n\n\n<figure class=\"wp-block-image size-large\"><img fetchpriority=\"high\" decoding=\"async\" width=\"1024\" height=\"684\" src=\"https:\/\/portalmf.com.br\/wp-content\/uploads\/2023\/12\/IMG-20231203-WA0133-1024x684.jpg\" alt=\"\" class=\"wp-image-20506\" srcset=\"https:\/\/portalmf.com.br\/wp-content\/uploads\/2023\/12\/IMG-20231203-WA0133-1024x684.jpg 1024w, https:\/\/portalmf.com.br\/wp-content\/uploads\/2023\/12\/IMG-20231203-WA0133-300x200.jpg 300w, https:\/\/portalmf.com.br\/wp-content\/uploads\/2023\/12\/IMG-20231203-WA0133-768x513.jpg 768w, https:\/\/portalmf.com.br\/wp-content\/uploads\/2023\/12\/IMG-20231203-WA0133-1536x1025.jpg 1536w, https:\/\/portalmf.com.br\/wp-content\/uploads\/2023\/12\/IMG-20231203-WA0133-1170x781.jpg 1170w, https:\/\/portalmf.com.br\/wp-content\/uploads\/2023\/12\/IMG-20231203-WA0133-585x390.jpg 585w, https:\/\/portalmf.com.br\/wp-content\/uploads\/2023\/12\/IMG-20231203-WA0133-263x175.jpg 263w, https:\/\/portalmf.com.br\/wp-content\/uploads\/2023\/12\/IMG-20231203-WA0133.jpg 1600w\" sizes=\"(max-width: 1024px) 100vw, 1024px\" \/><figcaption class=\"wp-element-caption\"><strong>Fotos: Lup\u00e9rcio Oliveira<\/strong><\/figcaption><\/figure>\n\n\n\n<p>De acordo com a lei n\u00b0 13.146\/2015, todo estabelecimento hoteleiro precisa ter, ao menos, 10% de suas acomoda\u00e7\u00f5es adaptadas para pessoas com defici\u00eancia. Atenta a essa quest\u00e3o, A Casa de Gabriella \u00e9 uma das pioneiras no sul do estado a investir e discutir sobre acessibilidade, modificando \u00e1reas que antes continham obst\u00e1culos para espa\u00e7os mais amplos e de livre acesso para as PCD\u2019s.<\/p>\n\n\n\n<p><em>\u201cAtualmente dispomos de su\u00edtes amplas, que facilitam a mobilidade dos h\u00f3spedes, livre circula\u00e7\u00e3o na \u00e1rea comum, rampas, corrim\u00f5es, mob\u00edlias acess\u00edveis, entre outros instrumentos que podem ser simples, mas que tornam o dia a dia dessas pessoas com essa condi\u00e7\u00e3o menos exaustivo. Itacar\u00e9 e o Brasil como um todo precisa avan\u00e7ar muito nessa quest\u00e3o, mas acredito que o primeiro passo j\u00e1 foi dado\u201d, <\/em>disseram Max e Gabriella Ziegler, propriet\u00e1rios do empreendimento.<\/p>\n\n\n\n<p>A pousada A Casa de Gabriella (Rua Hibisco, s\/n \u2013 Conchas do Mar) est\u00e1 entre as mais bem avaliadas de Itacar\u00e9 e conta com uma estrutura sofisticada que inclui quatro categorias de su\u00edtes, piscina ampla com acessibilidade, energia solar e design arrojado. As reservas podem ser feitas atrav\u00e9s do site www.acasadegabriella.com.br, ou atrav\u00e9s do WhatsApp (73) 9 9828-7659.<\/p>\n\n\n\n<p>Saiba mais: @acasadegabriellla e <a href=\"http:\/\/www.acasadegariella.com.br\">http:\/\/www.acasadegariella.com.br<\/a><\/p>\n","protected":false},"excerpt":{"rendered":"<p>No dia 5 de dezembro \u00e9 comemorado o Dia Nacional da Acessibilidade, e mesmo com tantos avan\u00e7os, pessoas com defici\u00eancia ainda encontram dificuldades de inclus\u00e3o no cotidiano. Sens\u00edveis a esse assunto, os propriet\u00e1rios do Hotel Charme A Casa de Gabriella, localizada em Itacar\u00e9, montaram uma estrutura que oferece liberdade, bem-estar e seguran\u00e7a aos PCD&#8217;s, adaptando [&hellip;]<\/p>\n","protected":false},"author":3,"featured_media":20507,"comment_status":"open","ping_status":"open","sticky":false,"template":"","format":"standard","meta":{"_monsterinsights_skip_tracking":false,"_monsterinsights_sitenote_active":false,"_monsterinsights_sitenote_note":"","_monsterinsights_sitenote_category":0,"footnotes":""},"categories":[295],"tags":[],"yoast_head":"<!-- This site is optimized with the Yoast SEO plugin v22.9 - https:\/\/yoast.com\/wordpress\/plugins\/seo\/ -->\n<title>Turismo inclusivo: pousada em Itacar\u00e9 disp\u00f5e de acessibilidade para PCDs - Portal MF<\/title>\n<meta name=\"robots\" content=\"index, follow, max-snippet:-1, max-image-preview:large, max-video-preview:-1\" \/>\n<link rel=\"canonical\" href=\"https:\/\/portalmf.com.br\/index.php\/2023\/12\/03\/turismo-inclusivo-pousada-em-itacare-dispoe-de-acessibilidade-para-pcds\/\" \/>\n<meta property=\"og:locale\" content=\"pt_BR\" \/>\n<meta property=\"og:type\" content=\"article\" \/>\n<meta property=\"og:title\" content=\"Turismo inclusivo: pousada em Itacar\u00e9 disp\u00f5e de acessibilidade para PCDs - Portal MF\" \/>\n<meta property=\"og:description\" content=\"No dia 5 de dezembro \u00e9 comemorado o Dia Nacional da Acessibilidade, e mesmo com tantos avan\u00e7os, pessoas com defici\u00eancia ainda encontram dificuldades de inclus\u00e3o no cotidiano. Sens\u00edveis a esse assunto, os propriet\u00e1rios do Hotel Charme A Casa de Gabriella, localizada em Itacar\u00e9, montaram uma estrutura que oferece liberdade, bem-estar e seguran\u00e7a aos PCD&#8217;s, adaptando [&hellip;]\" \/>\n<meta property=\"og:url\" content=\"https:\/\/portalmf.com.br\/index.php\/2023\/12\/03\/turismo-inclusivo-pousada-em-itacare-dispoe-de-acessibilidade-para-pcds\/\" \/>\n<meta property=\"og:site_name\" content=\"Portal MF\" \/>\n<meta property=\"article:author\" content=\"https:\/\/www.facebook.com\/portalmfoficial\" \/>\n<meta property=\"article:published_time\" content=\"2023-12-03T22:30:49+00:00\" \/>\n<meta property=\"article:modified_time\" content=\"2023-12-03T22:30:51+00:00\" \/>\n<meta property=\"og:image\" content=\"https:\/\/portalmf.com.br\/wp-content\/uploads\/2023\/12\/IMG-20231203-WA0132.jpg\" \/>\n\t<meta property=\"og:image:width\" content=\"1600\" \/>\n\t<meta property=\"og:image:height\" content=\"1066\" \/>\n\t<meta property=\"og:image:type\" content=\"image\/jpeg\" \/>\n<meta name=\"author\" content=\"Reda\u00e7\u00e3o Portal MF\" \/>\n<meta name=\"twitter:card\" content=\"summary_large_image\" \/>\n<meta name=\"twitter:creator\" content=\"@https:\/\/x.com\/portalmfoficial\" \/>\n<meta name=\"twitter:label1\" content=\"Escrito por\" \/>\n\t<meta name=\"twitter:data1\" content=\"Reda\u00e7\u00e3o Portal MF\" \/>\n\t<meta name=\"twitter:label2\" content=\"Est. tempo de leitura\" \/>\n\t<meta name=\"twitter:data2\" content=\"2 minutos\" \/>\n<script type=\"application\/ld+json\" class=\"yoast-schema-graph\">{\"@context\":\"https:\/\/schema.org\",\"@graph\":[{\"@type\":\"WebPage\",\"@id\":\"https:\/\/portalmf.com.br\/index.php\/2023\/12\/03\/turismo-inclusivo-pousada-em-itacare-dispoe-de-acessibilidade-para-pcds\/\",\"url\":\"https:\/\/portalmf.com.br\/index.php\/2023\/12\/03\/turismo-inclusivo-pousada-em-itacare-dispoe-de-acessibilidade-para-pcds\/\",\"name\":\"Turismo inclusivo: pousada em Itacar\u00e9 disp\u00f5e de acessibilidade para PCDs - Portal MF\",\"isPartOf\":{\"@id\":\"https:\/\/portalmf.com.br\/#website\"},\"primaryImageOfPage\":{\"@id\":\"https:\/\/portalmf.com.br\/index.php\/2023\/12\/03\/turismo-inclusivo-pousada-em-itacare-dispoe-de-acessibilidade-para-pcds\/#primaryimage\"},\"image\":{\"@id\":\"https:\/\/portalmf.com.br\/index.php\/2023\/12\/03\/turismo-inclusivo-pousada-em-itacare-dispoe-de-acessibilidade-para-pcds\/#primaryimage\"},\"thumbnailUrl\":\"https:\/\/portalmf.com.br\/wp-content\/uploads\/2023\/12\/IMG-20231203-WA0132.jpg\",\"datePublished\":\"2023-12-03T22:30:49+00:00\",\"dateModified\":\"2023-12-03T22:30:51+00:00\",\"author\":{\"@id\":\"https:\/\/portalmf.com.br\/#\/schema\/person\/9ec101baf56233e53520c26de5d6f6f0\"},\"breadcrumb\":{\"@id\":\"https:\/\/portalmf.com.br\/index.php\/2023\/12\/03\/turismo-inclusivo-pousada-em-itacare-dispoe-de-acessibilidade-para-pcds\/#breadcrumb\"},\"inLanguage\":\"pt-BR\",\"potentialAction\":[{\"@type\":\"ReadAction\",\"target\":[\"https:\/\/portalmf.com.br\/index.php\/2023\/12\/03\/turismo-inclusivo-pousada-em-itacare-dispoe-de-acessibilidade-para-pcds\/\"]}]},{\"@type\":\"ImageObject\",\"inLanguage\":\"pt-BR\",\"@id\":\"https:\/\/portalmf.com.br\/index.php\/2023\/12\/03\/turismo-inclusivo-pousada-em-itacare-dispoe-de-acessibilidade-para-pcds\/#primaryimage\",\"url\":\"https:\/\/portalmf.com.br\/wp-content\/uploads\/2023\/12\/IMG-20231203-WA0132.jpg\",\"contentUrl\":\"https:\/\/portalmf.com.br\/wp-content\/uploads\/2023\/12\/IMG-20231203-WA0132.jpg\",\"width\":1600,\"height\":1066},{\"@type\":\"BreadcrumbList\",\"@id\":\"https:\/\/portalmf.com.br\/index.php\/2023\/12\/03\/turismo-inclusivo-pousada-em-itacare-dispoe-de-acessibilidade-para-pcds\/#breadcrumb\",\"itemListElement\":[{\"@type\":\"ListItem\",\"position\":1,\"name\":\"In\u00edcio\",\"item\":\"https:\/\/portalmf.com.br\/\"},{\"@type\":\"ListItem\",\"position\":2,\"name\":\"Turismo inclusivo: pousada em Itacar\u00e9 disp\u00f5e de acessibilidade para PCDs\"}]},{\"@type\":\"WebSite\",\"@id\":\"https:\/\/portalmf.com.br\/#website\",\"url\":\"https:\/\/portalmf.com.br\/\",\"name\":\"Portal MF\",\"description\":\"Voc\u00ea conectado com a informa\u00e7\u00e3o\",\"potentialAction\":[{\"@type\":\"SearchAction\",\"target\":{\"@type\":\"EntryPoint\",\"urlTemplate\":\"https:\/\/portalmf.com.br\/?s={search_term_string}\"},\"query-input\":\"required name=search_term_string\"}],\"inLanguage\":\"pt-BR\"},{\"@type\":\"Person\",\"@id\":\"https:\/\/portalmf.com.br\/#\/schema\/person\/9ec101baf56233e53520c26de5d6f6f0\",\"name\":\"Reda\u00e7\u00e3o Portal MF\",\"image\":{\"@type\":\"ImageObject\",\"inLanguage\":\"pt-BR\",\"@id\":\"https:\/\/portalmf.com.br\/#\/schema\/person\/image\/\",\"url\":\"https:\/\/secure.gravatar.com\/avatar\/41b9aaeb2100835f7c64362330f74c7f?s=96&d=mm&r=g\",\"contentUrl\":\"https:\/\/secure.gravatar.com\/avatar\/41b9aaeb2100835f7c64362330f74c7f?s=96&d=mm&r=g\",\"caption\":\"Reda\u00e7\u00e3o Portal MF\"},\"description\":\"Sejam bem-vindos o portal de informa\u00e7\u00f5es de entretenimento de Feira de Santana, desde 2006 realiza coberturas dos principais eventos com entrevistas exclusivas com as principais personalidades mundiais. Fique conectado tamb\u00e9m nas redes sociais.\",\"sameAs\":[\"http:\/\/www.portalmf.com.br\/\",\"https:\/\/www.facebook.com\/portalmfoficial\",\"https:\/\/www.instagram.com\/portalmf\/\",\"https:\/\/x.com\/https:\/\/x.com\/portalmfoficial\",\"https:\/\/www.youtube.com\/@portalmfoficial\"],\"url\":\"https:\/\/portalmf.com.br\/index.php\/author\/junior\/\"}]}<\/script>\n<!-- \/ Yoast SEO plugin. -->","yoast_head_json":{"title":"Turismo inclusivo: pousada em Itacar\u00e9 disp\u00f5e de acessibilidade para PCDs - Portal MF","robots":{"index":"index","follow":"follow","max-snippet":"max-snippet:-1","max-image-preview":"max-image-preview:large","max-video-preview":"max-video-preview:-1"},"canonical":"https:\/\/portalmf.com.br\/index.php\/2023\/12\/03\/turismo-inclusivo-pousada-em-itacare-dispoe-de-acessibilidade-para-pcds\/","og_locale":"pt_BR","og_type":"article","og_title":"Turismo inclusivo: pousada em Itacar\u00e9 disp\u00f5e de acessibilidade para PCDs - Portal MF","og_description":"No dia 5 de dezembro \u00e9 comemorado o Dia Nacional da Acessibilidade, e mesmo com tantos avan\u00e7os, pessoas com defici\u00eancia ainda encontram dificuldades de inclus\u00e3o no cotidiano. Sens\u00edveis a esse assunto, os propriet\u00e1rios do Hotel Charme A Casa de Gabriella, localizada em Itacar\u00e9, montaram uma estrutura que oferece liberdade, bem-estar e seguran\u00e7a aos PCD&#8217;s, adaptando [&hellip;]","og_url":"https:\/\/portalmf.com.br\/index.php\/2023\/12\/03\/turismo-inclusivo-pousada-em-itacare-dispoe-de-acessibilidade-para-pcds\/","og_site_name":"Portal MF","article_author":"https:\/\/www.facebook.com\/portalmfoficial","article_published_time":"2023-12-03T22:30:49+00:00","article_modified_time":"2023-12-03T22:30:51+00:00","og_image":[{"width":1600,"height":1066,"url":"https:\/\/portalmf.com.br\/wp-content\/uploads\/2023\/12\/IMG-20231203-WA0132.jpg","type":"image\/jpeg"}],"author":"Reda\u00e7\u00e3o Portal MF","twitter_card":"summary_large_image","twitter_creator":"@https:\/\/x.com\/portalmfoficial","twitter_misc":{"Escrito por":"Reda\u00e7\u00e3o Portal MF","Est. tempo de leitura":"2 minutos"},"schema":{"@context":"https:\/\/schema.org","@graph":[{"@type":"WebPage","@id":"https:\/\/portalmf.com.br\/index.php\/2023\/12\/03\/turismo-inclusivo-pousada-em-itacare-dispoe-de-acessibilidade-para-pcds\/","url":"https:\/\/portalmf.com.br\/index.php\/2023\/12\/03\/turismo-inclusivo-pousada-em-itacare-dispoe-de-acessibilidade-para-pcds\/","name":"Turismo inclusivo: pousada em Itacar\u00e9 disp\u00f5e de acessibilidade para PCDs - Portal MF","isPartOf":{"@id":"https:\/\/portalmf.com.br\/#website"},"primaryImageOfPage":{"@id":"https:\/\/portalmf.com.br\/index.php\/2023\/12\/03\/turismo-inclusivo-pousada-em-itacare-dispoe-de-acessibilidade-para-pcds\/#primaryimage"},"image":{"@id":"https:\/\/portalmf.com.br\/index.php\/2023\/12\/03\/turismo-inclusivo-pousada-em-itacare-dispoe-de-acessibilidade-para-pcds\/#primaryimage"},"thumbnailUrl":"https:\/\/portalmf.com.br\/wp-content\/uploads\/2023\/12\/IMG-20231203-WA0132.jpg","datePublished":"2023-12-03T22:30:49+00:00","dateModified":"2023-12-03T22:30:51+00:00","author":{"@id":"https:\/\/portalmf.com.br\/#\/schema\/person\/9ec101baf56233e53520c26de5d6f6f0"},"breadcrumb":{"@id":"https:\/\/portalmf.com.br\/index.php\/2023\/12\/03\/turismo-inclusivo-pousada-em-itacare-dispoe-de-acessibilidade-para-pcds\/#breadcrumb"},"inLanguage":"pt-BR","potentialAction":[{"@type":"ReadAction","target":["https:\/\/portalmf.com.br\/index.php\/2023\/12\/03\/turismo-inclusivo-pousada-em-itacare-dispoe-de-acessibilidade-para-pcds\/"]}]},{"@type":"ImageObject","inLanguage":"pt-BR","@id":"https:\/\/portalmf.com.br\/index.php\/2023\/12\/03\/turismo-inclusivo-pousada-em-itacare-dispoe-de-acessibilidade-para-pcds\/#primaryimage","url":"https:\/\/portalmf.com.br\/wp-content\/uploads\/2023\/12\/IMG-20231203-WA0132.jpg","contentUrl":"https:\/\/portalmf.com.br\/wp-content\/uploads\/2023\/12\/IMG-20231203-WA0132.jpg","width":1600,"height":1066},{"@type":"BreadcrumbList","@id":"https:\/\/portalmf.com.br\/index.php\/2023\/12\/03\/turismo-inclusivo-pousada-em-itacare-dispoe-de-acessibilidade-para-pcds\/#breadcrumb","itemListElement":[{"@type":"ListItem","position":1,"name":"In\u00edcio","item":"https:\/\/portalmf.com.br\/"},{"@type":"ListItem","position":2,"name":"Turismo inclusivo: pousada em Itacar\u00e9 disp\u00f5e de acessibilidade para PCDs"}]},{"@type":"WebSite","@id":"https:\/\/portalmf.com.br\/#website","url":"https:\/\/portalmf.com.br\/","name":"Portal MF","description":"Voc\u00ea conectado com a informa\u00e7\u00e3o","potentialAction":[{"@type":"SearchAction","target":{"@type":"EntryPoint","urlTemplate":"https:\/\/portalmf.com.br\/?s={search_term_string}"},"query-input":"required name=search_term_string"}],"inLanguage":"pt-BR"},{"@type":"Person","@id":"https:\/\/portalmf.com.br\/#\/schema\/person\/9ec101baf56233e53520c26de5d6f6f0","name":"Reda\u00e7\u00e3o Portal MF","image":{"@type":"ImageObject","inLanguage":"pt-BR","@id":"https:\/\/portalmf.com.br\/#\/schema\/person\/image\/","url":"https:\/\/secure.gravatar.com\/avatar\/41b9aaeb2100835f7c64362330f74c7f?s=96&d=mm&r=g","contentUrl":"https:\/\/secure.gravatar.com\/avatar\/41b9aaeb2100835f7c64362330f74c7f?s=96&d=mm&r=g","caption":"Reda\u00e7\u00e3o Portal MF"},"description":"Sejam bem-vindos o portal de informa\u00e7\u00f5es de entretenimento de Feira de Santana, desde 2006 realiza coberturas dos principais eventos com entrevistas exclusivas com as principais personalidades mundiais. Fique conectado tamb\u00e9m nas redes sociais.","sameAs":["http:\/\/www.portalmf.com.br\/","https:\/\/www.facebook.com\/portalmfoficial","https:\/\/www.instagram.com\/portalmf\/","https:\/\/x.com\/https:\/\/x.com\/portalmfoficial","https:\/\/www.youtube.com\/@portalmfoficial"],"url":"https:\/\/portalmf.com.br\/index.php\/author\/junior\/"}]}},"_links":{"self":[{"href":"https:\/\/portalmf.com.br\/index.php\/wp-json\/wp\/v2\/posts\/20505"}],"collection":[{"href":"https:\/\/portalmf.com.br\/index.php\/wp-json\/wp\/v2\/posts"}],"about":[{"href":"https:\/\/portalmf.com.br\/index.php\/wp-json\/wp\/v2\/types\/post"}],"author":[{"embeddable":true,"href":"https:\/\/portalmf.com.br\/index.php\/wp-json\/wp\/v2\/users\/3"}],"replies":[{"embeddable":true,"href":"https:\/\/portalmf.com.br\/index.php\/wp-json\/wp\/v2\/comments?post=20505"}],"version-history":[{"count":1,"href":"https:\/\/portalmf.com.br\/index.php\/wp-json\/wp\/v2\/posts\/20505\/revisions"}],"predecessor-version":[{"id":20508,"href":"https:\/\/portalmf.com.br\/index.php\/wp-json\/wp\/v2\/posts\/20505\/revisions\/20508"}],"wp:featuredmedia":[{"embeddable":true,"href":"https:\/\/portalmf.com.br\/index.php\/wp-json\/wp\/v2\/media\/20507"}],"wp:attachment":[{"href":"https:\/\/portalmf.com.br\/index.php\/wp-json\/wp\/v2\/media?parent=20505"}],"wp:term":[{"taxonomy":"category","embeddable":true,"href":"https:\/\/portalmf.com.br\/index.php\/wp-json\/wp\/v2\/categories?post=20505"},{"taxonomy":"post_tag","embeddable":true,"href":"https:\/\/portalmf.com.br\/index.php\/wp-json\/wp\/v2\/tags?post=20505"}],"curies":[{"name":"wp","href":"https:\/\/api.w.org\/{rel}","templated":true}]}}