{"id":20490,"date":"2023-12-02T10:19:44","date_gmt":"2023-12-02T13:19:44","guid":{"rendered":"https:\/\/portalmf.com.br\/?p=20490"},"modified":"2023-12-02T10:19:48","modified_gmt":"2023-12-02T13:19:48","slug":"ze-neto-esta-entre-os-dois-deputados-federais-baianos-que-mais-destinaram-emendas-para-secretaria-de-saude","status":"publish","type":"post","link":"https:\/\/portalmf.com.br\/index.php\/2023\/12\/02\/ze-neto-esta-entre-os-dois-deputados-federais-baianos-que-mais-destinaram-emendas-para-secretaria-de-saude\/","title":{"rendered":"Z\u00e9 Neto est\u00e1 entre os dois deputados federais baianos que mais destinaram emendas para Secretaria de Sa\u00fade"},"content":{"rendered":"\n<p>O deputado federal Z\u00e9 Neto (PT) est\u00e1 entre os dois parlamentares baianos que mais destinaram verbas, atrav\u00e9s de emendas, para a Secretaria de Sa\u00fade do Estado (Sesab), no per\u00edodo de 2019 a 2023. Somente para o Hospital Dom Pedro de Alc\u00e2ntara, que \u00e9 refer\u00eancia no atendimento regional, especialmente em cardiologia, transplante renal e tratamento de c\u00e2ncer, Z\u00e9 Neto designou aportes de R$ 8 milh\u00f5es para custeio, aquisi\u00e7\u00e3o de equipamentos e moderniza\u00e7\u00e3o da unidade, dentre outros, nos \u00faltimos tr\u00eas anos.<\/p>\n\n\n\n<p>Os dados foram destacados pela secret\u00e1ria estadual da Sa\u00fade, Roberta Santana, durante reuni\u00e3o com a Bancada baiana na quarta-feira (29), na C\u00e2mara Federal, em Bras\u00edlia.<\/p>\n\n\n\n<p>\u201cAgradecer a voc\u00ea, Z\u00e9[Neto], que este ano, foi um dos dois deputados federais que colocou o maior valor de emendas individuais para a Secretaria de Sa\u00fade. Eu agrade\u00e7o porque nos ajudou bastante e parte da contratualiza\u00e7\u00e3o de servi\u00e7os para credenciamento, principalmente no Dom Pedro, foi feito com esses recursos. Esse \u00e9 um compromisso do nosso governador Jer\u00f4nimo[Rodrigues], de que emenda colocada \u00e9 para ser executada, independente de situa\u00e7\u00e3o ou oposi\u00e7\u00e3o\u201c, afirmou.<\/p>\n\n\n\n<p>Entre as emendas parlamentares federais destinadas por Z\u00e9 Neto na \u00e1rea da sa\u00fade, em Feira, destacam-se:<\/p>\n\n\n\n<p><em>Hospital Dom Pedro (HDPA)<\/em><br>\u2013 R$ 8 milh\u00f5es para investimentos no N\u00facleo de Cardiologia e de Transplantes de Rins; exames de Ecocardiologia 3D; dois Arcos C; Autoclave; raio-X; novo Centro Cir\u00fargico; 10 salas de atendimento laboratorial; recursos para compra de moderno aparelho de Hemodin\u00e2mica, ve\u00edculo para transporte no setor de transplantes e custeios em geral.<\/p>\n\n\n\n<p><em>Hospital Cl\u00e9riston Andrade (HGCA)<\/em><br>\u2013 Mais de R$ 4 milh\u00f5es para Centros Cir\u00fargico e de Hemorragia Digestiva, equipamentos, carro administrativo e custeio em geral.<\/p>\n\n\n\n<p><em>Hospital Estadual da Crian\u00e7a (HEC)<\/em><br>\u2013 Mais de R$ 1,1 milh\u00e3o para aquisi\u00e7\u00e3o de equipamentos, carro administrativo e custeios em geral.<\/p>\n\n\n\n<p><em>UPA do Cl\u00e9riston<\/em><br>\u2013 R$ 552 mil para aquisi\u00e7\u00e3o de raio-X portatil, raio-X digital e ambul\u00e2ncia.<\/p>\n\n\n\n<p><em>Covid<\/em><br>\u2013 Cerca de R$ 6 milh\u00f5es para enfrentamento da Covid-19 e do P\u00f3s-Covid.<\/p>\n\n\n\n<p><em>Outros<\/em><br>\u2013 R$ 1,2 milh\u00e3o para aquisi\u00e7\u00e3o de ambul\u00e2ncias para cada distrito;<br>\u2013 R$ 250 mil para aquisi\u00e7\u00e3o de carro adaptado e materiais para o Lar do Irm\u00e3o Velho;<br>\u2013 R$ 210 mil para reforma da Unidade B\u00e1sica de Sa\u00fade (UBS) do bairro Caseb;<br>\u2013 R$ 150 mil para aquisi\u00e7\u00e3o de carro adaptado para a Associa\u00e7\u00e3o Feirense de Assist\u00eancia Social (AFAS);<br>\u2013 R$ 135 mil para a Associa\u00e7\u00e3o de Pais e Amigos Excepcionais (APAE);<br>\u2013 R$ 35 mil para Kit Odontol\u00f3gico para a UBS do bairro Campo Limpo;<br>\u2013 Kit UBS para o distrito de Ipua\u00e7u.<\/p>\n\n\n\n<p>Na reuni\u00e3o, Z\u00e9 Neto fez quest\u00e3o de refor\u00e7ar a parceria do seu Mandato com o governador Jer\u00f4nimo e a secret\u00e1ria Roberta, os quais, segundo ele, tem dado toda aten\u00e7\u00e3o \u00e0 sa\u00fade no munic\u00edpio e regi\u00e3o. <\/p>\n\n\n\n<p>\u201c<em>Hoje, gra\u00e7as a esse alinhamento junto ao nosso governador Jer\u00f4nimo, a nossa secret\u00e1ria Roberta e sua competente equipe da Sesab, as emendas do nosso Mandato est\u00e3o \u2018rodando\u2019 bem. Nosso dever \u00e9 visibilizar isso para que possamos fortalecer, ampliar e colaborar ainda mais na melhoria da sa\u00fade do povo baiano\u201d, <\/em>ressaltou.<\/p>\n\n\n\n<p>Participaram da reuni\u00e3o, al\u00e9m de Z\u00e9 Neto e a secret\u00e1ria Roberta Santana, a coordenadora da Bancada baiana na C\u00e2mara, L\u00eddice da Mata (PSB), o secret\u00e1rio de Rela\u00e7\u00f5es Institucionais do Estado, Luiz Caetano, deputados e deputadas federais.<\/p>\n","protected":false},"excerpt":{"rendered":"<p>O deputado federal Z\u00e9 Neto (PT) est\u00e1 entre os dois parlamentares baianos que mais destinaram verbas, atrav\u00e9s de emendas, para a Secretaria de Sa\u00fade do Estado (Sesab), no per\u00edodo de 2019 a 2023. Somente para o Hospital Dom Pedro de Alc\u00e2ntara, que \u00e9 refer\u00eancia no atendimento regional, especialmente em cardiologia, transplante renal e tratamento de [&hellip;]<\/p>\n","protected":false},"author":3,"featured_media":20491,"comment_status":"open","ping_status":"open","sticky":false,"template":"","format":"standard","meta":{"_monsterinsights_skip_tracking":false,"_monsterinsights_sitenote_active":false,"_monsterinsights_sitenote_note":"","_monsterinsights_sitenote_category":0,"footnotes":""},"categories":[34],"tags":[],"yoast_head":"<!-- This site is optimized with the Yoast SEO plugin v22.9 - https:\/\/yoast.com\/wordpress\/plugins\/seo\/ -->\n<title>Z\u00e9 Neto est\u00e1 entre os dois deputados federais baianos que mais destinaram emendas para Secretaria de Sa\u00fade - Portal MF<\/title>\n<meta name=\"robots\" content=\"index, follow, max-snippet:-1, max-image-preview:large, max-video-preview:-1\" \/>\n<link rel=\"canonical\" href=\"https:\/\/portalmf.com.br\/index.php\/2023\/12\/02\/ze-neto-esta-entre-os-dois-deputados-federais-baianos-que-mais-destinaram-emendas-para-secretaria-de-saude\/\" \/>\n<meta property=\"og:locale\" content=\"pt_BR\" \/>\n<meta property=\"og:type\" content=\"article\" \/>\n<meta property=\"og:title\" content=\"Z\u00e9 Neto est\u00e1 entre os dois deputados federais baianos que mais destinaram emendas para Secretaria de Sa\u00fade - Portal MF\" \/>\n<meta property=\"og:description\" content=\"O deputado federal Z\u00e9 Neto (PT) est\u00e1 entre os dois parlamentares baianos que mais destinaram verbas, atrav\u00e9s de emendas, para a Secretaria de Sa\u00fade do Estado (Sesab), no per\u00edodo de 2019 a 2023. Somente para o Hospital Dom Pedro de Alc\u00e2ntara, que \u00e9 refer\u00eancia no atendimento regional, especialmente em cardiologia, transplante renal e tratamento de [&hellip;]\" \/>\n<meta property=\"og:url\" content=\"https:\/\/portalmf.com.br\/index.php\/2023\/12\/02\/ze-neto-esta-entre-os-dois-deputados-federais-baianos-que-mais-destinaram-emendas-para-secretaria-de-saude\/\" \/>\n<meta property=\"og:site_name\" content=\"Portal MF\" \/>\n<meta property=\"article:author\" content=\"https:\/\/www.facebook.com\/portalmfoficial\" \/>\n<meta property=\"article:published_time\" content=\"2023-12-02T13:19:44+00:00\" \/>\n<meta property=\"article:modified_time\" content=\"2023-12-02T13:19:48+00:00\" \/>\n<meta property=\"og:image\" content=\"https:\/\/portalmf.com.br\/wp-content\/uploads\/2023\/12\/IMG-20231202-WA0051.jpg\" \/>\n\t<meta property=\"og:image:width\" content=\"768\" \/>\n\t<meta property=\"og:image:height\" content=\"473\" \/>\n\t<meta property=\"og:image:type\" content=\"image\/jpeg\" \/>\n<meta name=\"author\" content=\"Reda\u00e7\u00e3o Portal MF\" \/>\n<meta name=\"twitter:card\" content=\"summary_large_image\" \/>\n<meta name=\"twitter:creator\" content=\"@https:\/\/x.com\/portalmfoficial\" \/>\n<meta name=\"twitter:label1\" content=\"Escrito por\" \/>\n\t<meta name=\"twitter:data1\" content=\"Reda\u00e7\u00e3o Portal MF\" \/>\n\t<meta name=\"twitter:label2\" content=\"Est. tempo de leitura\" \/>\n\t<meta name=\"twitter:data2\" content=\"3 minutos\" \/>\n<script type=\"application\/ld+json\" class=\"yoast-schema-graph\">{\"@context\":\"https:\/\/schema.org\",\"@graph\":[{\"@type\":\"WebPage\",\"@id\":\"https:\/\/portalmf.com.br\/index.php\/2023\/12\/02\/ze-neto-esta-entre-os-dois-deputados-federais-baianos-que-mais-destinaram-emendas-para-secretaria-de-saude\/\",\"url\":\"https:\/\/portalmf.com.br\/index.php\/2023\/12\/02\/ze-neto-esta-entre-os-dois-deputados-federais-baianos-que-mais-destinaram-emendas-para-secretaria-de-saude\/\",\"name\":\"Z\u00e9 Neto est\u00e1 entre os dois deputados federais baianos que mais destinaram emendas para Secretaria de Sa\u00fade - Portal MF\",\"isPartOf\":{\"@id\":\"https:\/\/portalmf.com.br\/#website\"},\"primaryImageOfPage\":{\"@id\":\"https:\/\/portalmf.com.br\/index.php\/2023\/12\/02\/ze-neto-esta-entre-os-dois-deputados-federais-baianos-que-mais-destinaram-emendas-para-secretaria-de-saude\/#primaryimage\"},\"image\":{\"@id\":\"https:\/\/portalmf.com.br\/index.php\/2023\/12\/02\/ze-neto-esta-entre-os-dois-deputados-federais-baianos-que-mais-destinaram-emendas-para-secretaria-de-saude\/#primaryimage\"},\"thumbnailUrl\":\"https:\/\/portalmf.com.br\/wp-content\/uploads\/2023\/12\/IMG-20231202-WA0051.jpg\",\"datePublished\":\"2023-12-02T13:19:44+00:00\",\"dateModified\":\"2023-12-02T13:19:48+00:00\",\"author\":{\"@id\":\"https:\/\/portalmf.com.br\/#\/schema\/person\/9ec101baf56233e53520c26de5d6f6f0\"},\"breadcrumb\":{\"@id\":\"https:\/\/portalmf.com.br\/index.php\/2023\/12\/02\/ze-neto-esta-entre-os-dois-deputados-federais-baianos-que-mais-destinaram-emendas-para-secretaria-de-saude\/#breadcrumb\"},\"inLanguage\":\"pt-BR\",\"potentialAction\":[{\"@type\":\"ReadAction\",\"target\":[\"https:\/\/portalmf.com.br\/index.php\/2023\/12\/02\/ze-neto-esta-entre-os-dois-deputados-federais-baianos-que-mais-destinaram-emendas-para-secretaria-de-saude\/\"]}]},{\"@type\":\"ImageObject\",\"inLanguage\":\"pt-BR\",\"@id\":\"https:\/\/portalmf.com.br\/index.php\/2023\/12\/02\/ze-neto-esta-entre-os-dois-deputados-federais-baianos-que-mais-destinaram-emendas-para-secretaria-de-saude\/#primaryimage\",\"url\":\"https:\/\/portalmf.com.br\/wp-content\/uploads\/2023\/12\/IMG-20231202-WA0051.jpg\",\"contentUrl\":\"https:\/\/portalmf.com.br\/wp-content\/uploads\/2023\/12\/IMG-20231202-WA0051.jpg\",\"width\":768,\"height\":473},{\"@type\":\"BreadcrumbList\",\"@id\":\"https:\/\/portalmf.com.br\/index.php\/2023\/12\/02\/ze-neto-esta-entre-os-dois-deputados-federais-baianos-que-mais-destinaram-emendas-para-secretaria-de-saude\/#breadcrumb\",\"itemListElement\":[{\"@type\":\"ListItem\",\"position\":1,\"name\":\"In\u00edcio\",\"item\":\"https:\/\/portalmf.com.br\/\"},{\"@type\":\"ListItem\",\"position\":2,\"name\":\"Z\u00e9 Neto est\u00e1 entre os dois deputados federais baianos que mais destinaram emendas para Secretaria de Sa\u00fade\"}]},{\"@type\":\"WebSite\",\"@id\":\"https:\/\/portalmf.com.br\/#website\",\"url\":\"https:\/\/portalmf.com.br\/\",\"name\":\"Portal MF\",\"description\":\"Voc\u00ea conectado com a informa\u00e7\u00e3o\",\"potentialAction\":[{\"@type\":\"SearchAction\",\"target\":{\"@type\":\"EntryPoint\",\"urlTemplate\":\"https:\/\/portalmf.com.br\/?s={search_term_string}\"},\"query-input\":\"required name=search_term_string\"}],\"inLanguage\":\"pt-BR\"},{\"@type\":\"Person\",\"@id\":\"https:\/\/portalmf.com.br\/#\/schema\/person\/9ec101baf56233e53520c26de5d6f6f0\",\"name\":\"Reda\u00e7\u00e3o Portal MF\",\"image\":{\"@type\":\"ImageObject\",\"inLanguage\":\"pt-BR\",\"@id\":\"https:\/\/portalmf.com.br\/#\/schema\/person\/image\/\",\"url\":\"https:\/\/secure.gravatar.com\/avatar\/41b9aaeb2100835f7c64362330f74c7f?s=96&d=mm&r=g\",\"contentUrl\":\"https:\/\/secure.gravatar.com\/avatar\/41b9aaeb2100835f7c64362330f74c7f?s=96&d=mm&r=g\",\"caption\":\"Reda\u00e7\u00e3o Portal MF\"},\"description\":\"Sejam bem-vindos o portal de informa\u00e7\u00f5es de entretenimento de Feira de Santana, desde 2006 realiza coberturas dos principais eventos com entrevistas exclusivas com as principais personalidades mundiais. Fique conectado tamb\u00e9m nas redes sociais.\",\"sameAs\":[\"http:\/\/www.portalmf.com.br\/\",\"https:\/\/www.facebook.com\/portalmfoficial\",\"https:\/\/www.instagram.com\/portalmf\/\",\"https:\/\/x.com\/https:\/\/x.com\/portalmfoficial\",\"https:\/\/www.youtube.com\/@portalmfoficial\"],\"url\":\"https:\/\/portalmf.com.br\/index.php\/author\/junior\/\"}]}<\/script>\n<!-- \/ Yoast SEO plugin. -->","yoast_head_json":{"title":"Z\u00e9 Neto est\u00e1 entre os dois deputados federais baianos que mais destinaram emendas para Secretaria de Sa\u00fade - Portal MF","robots":{"index":"index","follow":"follow","max-snippet":"max-snippet:-1","max-image-preview":"max-image-preview:large","max-video-preview":"max-video-preview:-1"},"canonical":"https:\/\/portalmf.com.br\/index.php\/2023\/12\/02\/ze-neto-esta-entre-os-dois-deputados-federais-baianos-que-mais-destinaram-emendas-para-secretaria-de-saude\/","og_locale":"pt_BR","og_type":"article","og_title":"Z\u00e9 Neto est\u00e1 entre os dois deputados federais baianos que mais destinaram emendas para Secretaria de Sa\u00fade - Portal MF","og_description":"O deputado federal Z\u00e9 Neto (PT) est\u00e1 entre os dois parlamentares baianos que mais destinaram verbas, atrav\u00e9s de emendas, para a Secretaria de Sa\u00fade do Estado (Sesab), no per\u00edodo de 2019 a 2023. Somente para o Hospital Dom Pedro de Alc\u00e2ntara, que \u00e9 refer\u00eancia no atendimento regional, especialmente em cardiologia, transplante renal e tratamento de [&hellip;]","og_url":"https:\/\/portalmf.com.br\/index.php\/2023\/12\/02\/ze-neto-esta-entre-os-dois-deputados-federais-baianos-que-mais-destinaram-emendas-para-secretaria-de-saude\/","og_site_name":"Portal MF","article_author":"https:\/\/www.facebook.com\/portalmfoficial","article_published_time":"2023-12-02T13:19:44+00:00","article_modified_time":"2023-12-02T13:19:48+00:00","og_image":[{"width":768,"height":473,"url":"https:\/\/portalmf.com.br\/wp-content\/uploads\/2023\/12\/IMG-20231202-WA0051.jpg","type":"image\/jpeg"}],"author":"Reda\u00e7\u00e3o Portal MF","twitter_card":"summary_large_image","twitter_creator":"@https:\/\/x.com\/portalmfoficial","twitter_misc":{"Escrito por":"Reda\u00e7\u00e3o Portal MF","Est. tempo de leitura":"3 minutos"},"schema":{"@context":"https:\/\/schema.org","@graph":[{"@type":"WebPage","@id":"https:\/\/portalmf.com.br\/index.php\/2023\/12\/02\/ze-neto-esta-entre-os-dois-deputados-federais-baianos-que-mais-destinaram-emendas-para-secretaria-de-saude\/","url":"https:\/\/portalmf.com.br\/index.php\/2023\/12\/02\/ze-neto-esta-entre-os-dois-deputados-federais-baianos-que-mais-destinaram-emendas-para-secretaria-de-saude\/","name":"Z\u00e9 Neto est\u00e1 entre os dois deputados federais baianos que mais destinaram emendas para Secretaria de Sa\u00fade - Portal MF","isPartOf":{"@id":"https:\/\/portalmf.com.br\/#website"},"primaryImageOfPage":{"@id":"https:\/\/portalmf.com.br\/index.php\/2023\/12\/02\/ze-neto-esta-entre-os-dois-deputados-federais-baianos-que-mais-destinaram-emendas-para-secretaria-de-saude\/#primaryimage"},"image":{"@id":"https:\/\/portalmf.com.br\/index.php\/2023\/12\/02\/ze-neto-esta-entre-os-dois-deputados-federais-baianos-que-mais-destinaram-emendas-para-secretaria-de-saude\/#primaryimage"},"thumbnailUrl":"https:\/\/portalmf.com.br\/wp-content\/uploads\/2023\/12\/IMG-20231202-WA0051.jpg","datePublished":"2023-12-02T13:19:44+00:00","dateModified":"2023-12-02T13:19:48+00:00","author":{"@id":"https:\/\/portalmf.com.br\/#\/schema\/person\/9ec101baf56233e53520c26de5d6f6f0"},"breadcrumb":{"@id":"https:\/\/portalmf.com.br\/index.php\/2023\/12\/02\/ze-neto-esta-entre-os-dois-deputados-federais-baianos-que-mais-destinaram-emendas-para-secretaria-de-saude\/#breadcrumb"},"inLanguage":"pt-BR","potentialAction":[{"@type":"ReadAction","target":["https:\/\/portalmf.com.br\/index.php\/2023\/12\/02\/ze-neto-esta-entre-os-dois-deputados-federais-baianos-que-mais-destinaram-emendas-para-secretaria-de-saude\/"]}]},{"@type":"ImageObject","inLanguage":"pt-BR","@id":"https:\/\/portalmf.com.br\/index.php\/2023\/12\/02\/ze-neto-esta-entre-os-dois-deputados-federais-baianos-que-mais-destinaram-emendas-para-secretaria-de-saude\/#primaryimage","url":"https:\/\/portalmf.com.br\/wp-content\/uploads\/2023\/12\/IMG-20231202-WA0051.jpg","contentUrl":"https:\/\/portalmf.com.br\/wp-content\/uploads\/2023\/12\/IMG-20231202-WA0051.jpg","width":768,"height":473},{"@type":"BreadcrumbList","@id":"https:\/\/portalmf.com.br\/index.php\/2023\/12\/02\/ze-neto-esta-entre-os-dois-deputados-federais-baianos-que-mais-destinaram-emendas-para-secretaria-de-saude\/#breadcrumb","itemListElement":[{"@type":"ListItem","position":1,"name":"In\u00edcio","item":"https:\/\/portalmf.com.br\/"},{"@type":"ListItem","position":2,"name":"Z\u00e9 Neto est\u00e1 entre os dois deputados federais baianos que mais destinaram emendas para Secretaria de Sa\u00fade"}]},{"@type":"WebSite","@id":"https:\/\/portalmf.com.br\/#website","url":"https:\/\/portalmf.com.br\/","name":"Portal MF","description":"Voc\u00ea conectado com a informa\u00e7\u00e3o","potentialAction":[{"@type":"SearchAction","target":{"@type":"EntryPoint","urlTemplate":"https:\/\/portalmf.com.br\/?s={search_term_string}"},"query-input":"required name=search_term_string"}],"inLanguage":"pt-BR"},{"@type":"Person","@id":"https:\/\/portalmf.com.br\/#\/schema\/person\/9ec101baf56233e53520c26de5d6f6f0","name":"Reda\u00e7\u00e3o Portal MF","image":{"@type":"ImageObject","inLanguage":"pt-BR","@id":"https:\/\/portalmf.com.br\/#\/schema\/person\/image\/","url":"https:\/\/secure.gravatar.com\/avatar\/41b9aaeb2100835f7c64362330f74c7f?s=96&d=mm&r=g","contentUrl":"https:\/\/secure.gravatar.com\/avatar\/41b9aaeb2100835f7c64362330f74c7f?s=96&d=mm&r=g","caption":"Reda\u00e7\u00e3o Portal MF"},"description":"Sejam bem-vindos o portal de informa\u00e7\u00f5es de entretenimento de Feira de Santana, desde 2006 realiza coberturas dos principais eventos com entrevistas exclusivas com as principais personalidades mundiais. Fique conectado tamb\u00e9m nas redes sociais.","sameAs":["http:\/\/www.portalmf.com.br\/","https:\/\/www.facebook.com\/portalmfoficial","https:\/\/www.instagram.com\/portalmf\/","https:\/\/x.com\/https:\/\/x.com\/portalmfoficial","https:\/\/www.youtube.com\/@portalmfoficial"],"url":"https:\/\/portalmf.com.br\/index.php\/author\/junior\/"}]}},"_links":{"self":[{"href":"https:\/\/portalmf.com.br\/index.php\/wp-json\/wp\/v2\/posts\/20490"}],"collection":[{"href":"https:\/\/portalmf.com.br\/index.php\/wp-json\/wp\/v2\/posts"}],"about":[{"href":"https:\/\/portalmf.com.br\/index.php\/wp-json\/wp\/v2\/types\/post"}],"author":[{"embeddable":true,"href":"https:\/\/portalmf.com.br\/index.php\/wp-json\/wp\/v2\/users\/3"}],"replies":[{"embeddable":true,"href":"https:\/\/portalmf.com.br\/index.php\/wp-json\/wp\/v2\/comments?post=20490"}],"version-history":[{"count":1,"href":"https:\/\/portalmf.com.br\/index.php\/wp-json\/wp\/v2\/posts\/20490\/revisions"}],"predecessor-version":[{"id":20492,"href":"https:\/\/portalmf.com.br\/index.php\/wp-json\/wp\/v2\/posts\/20490\/revisions\/20492"}],"wp:featuredmedia":[{"embeddable":true,"href":"https:\/\/portalmf.com.br\/index.php\/wp-json\/wp\/v2\/media\/20491"}],"wp:attachment":[{"href":"https:\/\/portalmf.com.br\/index.php\/wp-json\/wp\/v2\/media?parent=20490"}],"wp:term":[{"taxonomy":"category","embeddable":true,"href":"https:\/\/portalmf.com.br\/index.php\/wp-json\/wp\/v2\/categories?post=20490"},{"taxonomy":"post_tag","embeddable":true,"href":"https:\/\/portalmf.com.br\/index.php\/wp-json\/wp\/v2\/tags?post=20490"}],"curies":[{"name":"wp","href":"https:\/\/api.w.org\/{rel}","templated":true}]}}