{"id":20481,"date":"2023-12-02T10:06:57","date_gmt":"2023-12-02T13:06:57","guid":{"rendered":"https:\/\/portalmf.com.br\/?p=20481"},"modified":"2023-12-02T10:07:01","modified_gmt":"2023-12-02T13:07:01","slug":"liderancas-politicas-se-reunem-para-impulsionar-o-desenvolvimento-rural-de-antonio-cardoso","status":"publish","type":"post","link":"https:\/\/portalmf.com.br\/index.php\/2023\/12\/02\/liderancas-politicas-se-reunem-para-impulsionar-o-desenvolvimento-rural-de-antonio-cardoso\/","title":{"rendered":"Lideran\u00e7as pol\u00edticas se re\u00fanem para impulsionar o desenvolvimento rural de Ant\u00f4nio Cardoso"},"content":{"rendered":"\n<p>Na ultima sexta-feira, 1 de dezembro, o vereador Luiz da Feira marcou presen\u00e7a em uma importante reuni\u00e3o de articula\u00e7\u00e3o pol\u00edtica realizada na resid\u00eancia de Zequinha Neri, em Ant\u00f4nio Cardoso. O encontro contou tamb\u00e9m com a participa\u00e7\u00e3o do ex-diretor de obras do munic\u00edpio, Wamberto Lopes, ressaltando a import\u00e2ncia da presen\u00e7a dessas figuras pol\u00edticas para a regi\u00e3o.<\/p>\n\n\n\n<p>Um dos destaques da reuni\u00e3o foi a participa\u00e7\u00e3o da coordenadora da Bahiater, Edilza Reis. Sua presen\u00e7a demonstrou a import\u00e2ncia do encontro para o trabalho rural da regi\u00e3o, sinalizando a aten\u00e7\u00e3o dada \u00e0s demandas dos agricultores locais. Ao longo da semana, em parceria com o sindicato rural, foi realizado um mutir\u00e3o para a emiss\u00e3o do Cadastro do Agricultor Familiar (CAFI). Essa iniciativa possibilitou a inscri\u00e7\u00e3o no seguro safra de mais de 300 associados, agilizando os processos burocr\u00e1ticos e garantindo seguran\u00e7a a esses produtores rurais.<\/p>\n\n\n\n<figure class=\"wp-block-image size-large\"><img fetchpriority=\"high\" decoding=\"async\" width=\"1024\" height=\"1024\" src=\"https:\/\/portalmf.com.br\/wp-content\/uploads\/2023\/12\/IMG-20231202-WA0024-1024x1024.jpg\" alt=\"\" class=\"wp-image-20483\" srcset=\"https:\/\/portalmf.com.br\/wp-content\/uploads\/2023\/12\/IMG-20231202-WA0024-1024x1024.jpg 1024w, https:\/\/portalmf.com.br\/wp-content\/uploads\/2023\/12\/IMG-20231202-WA0024-300x300.jpg 300w, https:\/\/portalmf.com.br\/wp-content\/uploads\/2023\/12\/IMG-20231202-WA0024-150x150.jpg 150w, https:\/\/portalmf.com.br\/wp-content\/uploads\/2023\/12\/IMG-20231202-WA0024-768x768.jpg 768w, https:\/\/portalmf.com.br\/wp-content\/uploads\/2023\/12\/IMG-20231202-WA0024-1170x1170.jpg 1170w, https:\/\/portalmf.com.br\/wp-content\/uploads\/2023\/12\/IMG-20231202-WA0024-585x585.jpg 585w, https:\/\/portalmf.com.br\/wp-content\/uploads\/2023\/12\/IMG-20231202-WA0024.jpg 1440w\" sizes=\"(max-width: 1024px) 100vw, 1024px\" \/><\/figure>\n\n\n\n<p>Al\u00e9m do vereador Luiz da Feira e do ex-diretor de obras Wamberto Lopes, estiveram presentes diversas outras figuras pol\u00edticas e representantes da regi\u00e3o. Dentre eles, destaca-se o deputado estadual Robison Almeida (PT), a vice-prefeita Nadja Paulino (PSDB), a secret\u00e1ria de agricultura, pecu\u00e1ria e pesca do munic\u00edpio, Guiomar Figueredo, e o m\u00e9dico veterin\u00e1rio Fan Ribeiro. Tamb\u00e9m estiveram presentes na reuni\u00e3o a ex-vereadora V\u00e2nia Neri, que atualmente \u00e9 presidente do MDB em Ant\u00f4nio Cardoso, o vereador Del de Tocos, o ex-vereador Inho, os profissionais liberais Z\u00e9 Carlos e Washington Luiz e o ex-vereador Zequinha Neri.<\/p>\n\n\n\n<figure class=\"wp-block-image size-large\"><img decoding=\"async\" width=\"1024\" height=\"1024\" src=\"https:\/\/portalmf.com.br\/wp-content\/uploads\/2023\/12\/IMG-20231202-WA0022-1024x1024.jpg\" alt=\"\" class=\"wp-image-20485\" srcset=\"https:\/\/portalmf.com.br\/wp-content\/uploads\/2023\/12\/IMG-20231202-WA0022-1024x1024.jpg 1024w, https:\/\/portalmf.com.br\/wp-content\/uploads\/2023\/12\/IMG-20231202-WA0022-300x300.jpg 300w, https:\/\/portalmf.com.br\/wp-content\/uploads\/2023\/12\/IMG-20231202-WA0022-150x150.jpg 150w, https:\/\/portalmf.com.br\/wp-content\/uploads\/2023\/12\/IMG-20231202-WA0022-768x768.jpg 768w, https:\/\/portalmf.com.br\/wp-content\/uploads\/2023\/12\/IMG-20231202-WA0022-1170x1170.jpg 1170w, https:\/\/portalmf.com.br\/wp-content\/uploads\/2023\/12\/IMG-20231202-WA0022-585x585.jpg 585w, https:\/\/portalmf.com.br\/wp-content\/uploads\/2023\/12\/IMG-20231202-WA0022.jpg 1440w\" sizes=\"(max-width: 1024px) 100vw, 1024px\" \/><\/figure>\n\n\n\n<p><br>A uni\u00e3o dessas figuras pol\u00edticas e representantes da regi\u00e3o demonstra o compromisso com o fortalecimento de Ant\u00f4nio Cardoso.<\/p>\n\n\n\n<figure class=\"wp-block-image size-large\"><img decoding=\"async\" width=\"1024\" height=\"1024\" src=\"https:\/\/portalmf.com.br\/wp-content\/uploads\/2023\/12\/IMG-20231202-WA0023-1024x1024.jpg\" alt=\"\" class=\"wp-image-20484\" srcset=\"https:\/\/portalmf.com.br\/wp-content\/uploads\/2023\/12\/IMG-20231202-WA0023-1024x1024.jpg 1024w, https:\/\/portalmf.com.br\/wp-content\/uploads\/2023\/12\/IMG-20231202-WA0023-300x300.jpg 300w, https:\/\/portalmf.com.br\/wp-content\/uploads\/2023\/12\/IMG-20231202-WA0023-150x150.jpg 150w, https:\/\/portalmf.com.br\/wp-content\/uploads\/2023\/12\/IMG-20231202-WA0023-768x768.jpg 768w, https:\/\/portalmf.com.br\/wp-content\/uploads\/2023\/12\/IMG-20231202-WA0023-1170x1170.jpg 1170w, https:\/\/portalmf.com.br\/wp-content\/uploads\/2023\/12\/IMG-20231202-WA0023-585x585.jpg 585w, https:\/\/portalmf.com.br\/wp-content\/uploads\/2023\/12\/IMG-20231202-WA0023.jpg 1440w\" sizes=\"(max-width: 1024px) 100vw, 1024px\" \/><\/figure>\n\n\n\n<p>A presen\u00e7a do vereador Luiz da Feira, conhecido por sua atua\u00e7\u00e3o pol\u00edtica, e do ex-diretor &nbsp; Wamberto Lopes, destacado por sua gest\u00e3o \u00e0 frente da diretoria &nbsp; de obras, refor\u00e7a a import\u00e2ncia dessa parceria pol\u00edtica para o munic\u00edpio. Essa reuni\u00e3o e a parceria entre a Bahiater e o sindicato rural e poder p\u00fablico s\u00e3o exemplos de iniciativas que visam impulsionar o desenvolvimento do setor rural e garantir qualidade de vida.<\/p>\n","protected":false},"excerpt":{"rendered":"<p>Na ultima sexta-feira, 1 de dezembro, o vereador Luiz da Feira marcou presen\u00e7a em uma importante reuni\u00e3o de articula\u00e7\u00e3o pol\u00edtica realizada na resid\u00eancia de Zequinha Neri, em Ant\u00f4nio Cardoso. O encontro contou tamb\u00e9m com a participa\u00e7\u00e3o do ex-diretor de obras do munic\u00edpio, Wamberto Lopes, ressaltando a import\u00e2ncia da presen\u00e7a dessas figuras pol\u00edticas para a regi\u00e3o. [&hellip;]<\/p>\n","protected":false},"author":3,"featured_media":20482,"comment_status":"open","ping_status":"open","sticky":false,"template":"","format":"standard","meta":{"_monsterinsights_skip_tracking":false,"_monsterinsights_sitenote_active":false,"_monsterinsights_sitenote_note":"","_monsterinsights_sitenote_category":0,"footnotes":""},"categories":[34],"tags":[],"yoast_head":"<!-- This site is optimized with the Yoast SEO plugin v22.9 - https:\/\/yoast.com\/wordpress\/plugins\/seo\/ -->\n<title>Lideran\u00e7as pol\u00edticas se re\u00fanem para impulsionar o desenvolvimento rural de Ant\u00f4nio Cardoso - Portal MF<\/title>\n<meta name=\"robots\" content=\"index, follow, max-snippet:-1, max-image-preview:large, max-video-preview:-1\" \/>\n<link rel=\"canonical\" href=\"https:\/\/portalmf.com.br\/index.php\/2023\/12\/02\/liderancas-politicas-se-reunem-para-impulsionar-o-desenvolvimento-rural-de-antonio-cardoso\/\" \/>\n<meta property=\"og:locale\" content=\"pt_BR\" \/>\n<meta property=\"og:type\" content=\"article\" \/>\n<meta property=\"og:title\" content=\"Lideran\u00e7as pol\u00edticas se re\u00fanem para impulsionar o desenvolvimento rural de Ant\u00f4nio Cardoso - Portal MF\" \/>\n<meta property=\"og:description\" content=\"Na ultima sexta-feira, 1 de dezembro, o vereador Luiz da Feira marcou presen\u00e7a em uma importante reuni\u00e3o de articula\u00e7\u00e3o pol\u00edtica realizada na resid\u00eancia de Zequinha Neri, em Ant\u00f4nio Cardoso. O encontro contou tamb\u00e9m com a participa\u00e7\u00e3o do ex-diretor de obras do munic\u00edpio, Wamberto Lopes, ressaltando a import\u00e2ncia da presen\u00e7a dessas figuras pol\u00edticas para a regi\u00e3o. [&hellip;]\" \/>\n<meta property=\"og:url\" content=\"https:\/\/portalmf.com.br\/index.php\/2023\/12\/02\/liderancas-politicas-se-reunem-para-impulsionar-o-desenvolvimento-rural-de-antonio-cardoso\/\" \/>\n<meta property=\"og:site_name\" content=\"Portal MF\" \/>\n<meta property=\"article:author\" content=\"https:\/\/www.facebook.com\/portalmfoficial\" \/>\n<meta property=\"article:published_time\" content=\"2023-12-02T13:06:57+00:00\" \/>\n<meta property=\"article:modified_time\" content=\"2023-12-02T13:07:01+00:00\" \/>\n<meta property=\"og:image\" content=\"https:\/\/portalmf.com.br\/wp-content\/uploads\/2023\/12\/IMG-20231202-WA0025.jpg\" \/>\n\t<meta property=\"og:image:width\" content=\"1440\" \/>\n\t<meta property=\"og:image:height\" content=\"1440\" \/>\n\t<meta property=\"og:image:type\" content=\"image\/jpeg\" \/>\n<meta name=\"author\" content=\"Reda\u00e7\u00e3o Portal MF\" \/>\n<meta name=\"twitter:card\" content=\"summary_large_image\" \/>\n<meta name=\"twitter:creator\" content=\"@https:\/\/x.com\/portalmfoficial\" \/>\n<meta name=\"twitter:label1\" content=\"Escrito por\" \/>\n\t<meta name=\"twitter:data1\" content=\"Reda\u00e7\u00e3o Portal MF\" \/>\n\t<meta name=\"twitter:label2\" content=\"Est. tempo de leitura\" \/>\n\t<meta name=\"twitter:data2\" content=\"3 minutos\" \/>\n<script type=\"application\/ld+json\" class=\"yoast-schema-graph\">{\"@context\":\"https:\/\/schema.org\",\"@graph\":[{\"@type\":\"WebPage\",\"@id\":\"https:\/\/portalmf.com.br\/index.php\/2023\/12\/02\/liderancas-politicas-se-reunem-para-impulsionar-o-desenvolvimento-rural-de-antonio-cardoso\/\",\"url\":\"https:\/\/portalmf.com.br\/index.php\/2023\/12\/02\/liderancas-politicas-se-reunem-para-impulsionar-o-desenvolvimento-rural-de-antonio-cardoso\/\",\"name\":\"Lideran\u00e7as pol\u00edticas se re\u00fanem para impulsionar o desenvolvimento rural de Ant\u00f4nio Cardoso - Portal MF\",\"isPartOf\":{\"@id\":\"https:\/\/portalmf.com.br\/#website\"},\"primaryImageOfPage\":{\"@id\":\"https:\/\/portalmf.com.br\/index.php\/2023\/12\/02\/liderancas-politicas-se-reunem-para-impulsionar-o-desenvolvimento-rural-de-antonio-cardoso\/#primaryimage\"},\"image\":{\"@id\":\"https:\/\/portalmf.com.br\/index.php\/2023\/12\/02\/liderancas-politicas-se-reunem-para-impulsionar-o-desenvolvimento-rural-de-antonio-cardoso\/#primaryimage\"},\"thumbnailUrl\":\"https:\/\/portalmf.com.br\/wp-content\/uploads\/2023\/12\/IMG-20231202-WA0025.jpg\",\"datePublished\":\"2023-12-02T13:06:57+00:00\",\"dateModified\":\"2023-12-02T13:07:01+00:00\",\"author\":{\"@id\":\"https:\/\/portalmf.com.br\/#\/schema\/person\/9ec101baf56233e53520c26de5d6f6f0\"},\"breadcrumb\":{\"@id\":\"https:\/\/portalmf.com.br\/index.php\/2023\/12\/02\/liderancas-politicas-se-reunem-para-impulsionar-o-desenvolvimento-rural-de-antonio-cardoso\/#breadcrumb\"},\"inLanguage\":\"pt-BR\",\"potentialAction\":[{\"@type\":\"ReadAction\",\"target\":[\"https:\/\/portalmf.com.br\/index.php\/2023\/12\/02\/liderancas-politicas-se-reunem-para-impulsionar-o-desenvolvimento-rural-de-antonio-cardoso\/\"]}]},{\"@type\":\"ImageObject\",\"inLanguage\":\"pt-BR\",\"@id\":\"https:\/\/portalmf.com.br\/index.php\/2023\/12\/02\/liderancas-politicas-se-reunem-para-impulsionar-o-desenvolvimento-rural-de-antonio-cardoso\/#primaryimage\",\"url\":\"https:\/\/portalmf.com.br\/wp-content\/uploads\/2023\/12\/IMG-20231202-WA0025.jpg\",\"contentUrl\":\"https:\/\/portalmf.com.br\/wp-content\/uploads\/2023\/12\/IMG-20231202-WA0025.jpg\",\"width\":1440,\"height\":1440},{\"@type\":\"BreadcrumbList\",\"@id\":\"https:\/\/portalmf.com.br\/index.php\/2023\/12\/02\/liderancas-politicas-se-reunem-para-impulsionar-o-desenvolvimento-rural-de-antonio-cardoso\/#breadcrumb\",\"itemListElement\":[{\"@type\":\"ListItem\",\"position\":1,\"name\":\"In\u00edcio\",\"item\":\"https:\/\/portalmf.com.br\/\"},{\"@type\":\"ListItem\",\"position\":2,\"name\":\"Lideran\u00e7as pol\u00edticas se re\u00fanem para impulsionar o desenvolvimento rural de Ant\u00f4nio Cardoso\"}]},{\"@type\":\"WebSite\",\"@id\":\"https:\/\/portalmf.com.br\/#website\",\"url\":\"https:\/\/portalmf.com.br\/\",\"name\":\"Portal MF\",\"description\":\"Voc\u00ea conectado com a informa\u00e7\u00e3o\",\"potentialAction\":[{\"@type\":\"SearchAction\",\"target\":{\"@type\":\"EntryPoint\",\"urlTemplate\":\"https:\/\/portalmf.com.br\/?s={search_term_string}\"},\"query-input\":\"required name=search_term_string\"}],\"inLanguage\":\"pt-BR\"},{\"@type\":\"Person\",\"@id\":\"https:\/\/portalmf.com.br\/#\/schema\/person\/9ec101baf56233e53520c26de5d6f6f0\",\"name\":\"Reda\u00e7\u00e3o Portal MF\",\"image\":{\"@type\":\"ImageObject\",\"inLanguage\":\"pt-BR\",\"@id\":\"https:\/\/portalmf.com.br\/#\/schema\/person\/image\/\",\"url\":\"https:\/\/secure.gravatar.com\/avatar\/41b9aaeb2100835f7c64362330f74c7f?s=96&d=mm&r=g\",\"contentUrl\":\"https:\/\/secure.gravatar.com\/avatar\/41b9aaeb2100835f7c64362330f74c7f?s=96&d=mm&r=g\",\"caption\":\"Reda\u00e7\u00e3o Portal MF\"},\"description\":\"Sejam bem-vindos o portal de informa\u00e7\u00f5es de entretenimento de Feira de Santana, desde 2006 realiza coberturas dos principais eventos com entrevistas exclusivas com as principais personalidades mundiais. Fique conectado tamb\u00e9m nas redes sociais.\",\"sameAs\":[\"http:\/\/www.portalmf.com.br\/\",\"https:\/\/www.facebook.com\/portalmfoficial\",\"https:\/\/www.instagram.com\/portalmf\/\",\"https:\/\/x.com\/https:\/\/x.com\/portalmfoficial\",\"https:\/\/www.youtube.com\/@portalmfoficial\"],\"url\":\"https:\/\/portalmf.com.br\/index.php\/author\/junior\/\"}]}<\/script>\n<!-- \/ Yoast SEO plugin. -->","yoast_head_json":{"title":"Lideran\u00e7as pol\u00edticas se re\u00fanem para impulsionar o desenvolvimento rural de Ant\u00f4nio Cardoso - Portal MF","robots":{"index":"index","follow":"follow","max-snippet":"max-snippet:-1","max-image-preview":"max-image-preview:large","max-video-preview":"max-video-preview:-1"},"canonical":"https:\/\/portalmf.com.br\/index.php\/2023\/12\/02\/liderancas-politicas-se-reunem-para-impulsionar-o-desenvolvimento-rural-de-antonio-cardoso\/","og_locale":"pt_BR","og_type":"article","og_title":"Lideran\u00e7as pol\u00edticas se re\u00fanem para impulsionar o desenvolvimento rural de Ant\u00f4nio Cardoso - Portal MF","og_description":"Na ultima sexta-feira, 1 de dezembro, o vereador Luiz da Feira marcou presen\u00e7a em uma importante reuni\u00e3o de articula\u00e7\u00e3o pol\u00edtica realizada na resid\u00eancia de Zequinha Neri, em Ant\u00f4nio Cardoso. O encontro contou tamb\u00e9m com a participa\u00e7\u00e3o do ex-diretor de obras do munic\u00edpio, Wamberto Lopes, ressaltando a import\u00e2ncia da presen\u00e7a dessas figuras pol\u00edticas para a regi\u00e3o. [&hellip;]","og_url":"https:\/\/portalmf.com.br\/index.php\/2023\/12\/02\/liderancas-politicas-se-reunem-para-impulsionar-o-desenvolvimento-rural-de-antonio-cardoso\/","og_site_name":"Portal MF","article_author":"https:\/\/www.facebook.com\/portalmfoficial","article_published_time":"2023-12-02T13:06:57+00:00","article_modified_time":"2023-12-02T13:07:01+00:00","og_image":[{"width":1440,"height":1440,"url":"https:\/\/portalmf.com.br\/wp-content\/uploads\/2023\/12\/IMG-20231202-WA0025.jpg","type":"image\/jpeg"}],"author":"Reda\u00e7\u00e3o Portal MF","twitter_card":"summary_large_image","twitter_creator":"@https:\/\/x.com\/portalmfoficial","twitter_misc":{"Escrito por":"Reda\u00e7\u00e3o Portal MF","Est. tempo de leitura":"3 minutos"},"schema":{"@context":"https:\/\/schema.org","@graph":[{"@type":"WebPage","@id":"https:\/\/portalmf.com.br\/index.php\/2023\/12\/02\/liderancas-politicas-se-reunem-para-impulsionar-o-desenvolvimento-rural-de-antonio-cardoso\/","url":"https:\/\/portalmf.com.br\/index.php\/2023\/12\/02\/liderancas-politicas-se-reunem-para-impulsionar-o-desenvolvimento-rural-de-antonio-cardoso\/","name":"Lideran\u00e7as pol\u00edticas se re\u00fanem para impulsionar o desenvolvimento rural de Ant\u00f4nio Cardoso - Portal MF","isPartOf":{"@id":"https:\/\/portalmf.com.br\/#website"},"primaryImageOfPage":{"@id":"https:\/\/portalmf.com.br\/index.php\/2023\/12\/02\/liderancas-politicas-se-reunem-para-impulsionar-o-desenvolvimento-rural-de-antonio-cardoso\/#primaryimage"},"image":{"@id":"https:\/\/portalmf.com.br\/index.php\/2023\/12\/02\/liderancas-politicas-se-reunem-para-impulsionar-o-desenvolvimento-rural-de-antonio-cardoso\/#primaryimage"},"thumbnailUrl":"https:\/\/portalmf.com.br\/wp-content\/uploads\/2023\/12\/IMG-20231202-WA0025.jpg","datePublished":"2023-12-02T13:06:57+00:00","dateModified":"2023-12-02T13:07:01+00:00","author":{"@id":"https:\/\/portalmf.com.br\/#\/schema\/person\/9ec101baf56233e53520c26de5d6f6f0"},"breadcrumb":{"@id":"https:\/\/portalmf.com.br\/index.php\/2023\/12\/02\/liderancas-politicas-se-reunem-para-impulsionar-o-desenvolvimento-rural-de-antonio-cardoso\/#breadcrumb"},"inLanguage":"pt-BR","potentialAction":[{"@type":"ReadAction","target":["https:\/\/portalmf.com.br\/index.php\/2023\/12\/02\/liderancas-politicas-se-reunem-para-impulsionar-o-desenvolvimento-rural-de-antonio-cardoso\/"]}]},{"@type":"ImageObject","inLanguage":"pt-BR","@id":"https:\/\/portalmf.com.br\/index.php\/2023\/12\/02\/liderancas-politicas-se-reunem-para-impulsionar-o-desenvolvimento-rural-de-antonio-cardoso\/#primaryimage","url":"https:\/\/portalmf.com.br\/wp-content\/uploads\/2023\/12\/IMG-20231202-WA0025.jpg","contentUrl":"https:\/\/portalmf.com.br\/wp-content\/uploads\/2023\/12\/IMG-20231202-WA0025.jpg","width":1440,"height":1440},{"@type":"BreadcrumbList","@id":"https:\/\/portalmf.com.br\/index.php\/2023\/12\/02\/liderancas-politicas-se-reunem-para-impulsionar-o-desenvolvimento-rural-de-antonio-cardoso\/#breadcrumb","itemListElement":[{"@type":"ListItem","position":1,"name":"In\u00edcio","item":"https:\/\/portalmf.com.br\/"},{"@type":"ListItem","position":2,"name":"Lideran\u00e7as pol\u00edticas se re\u00fanem para impulsionar o desenvolvimento rural de Ant\u00f4nio Cardoso"}]},{"@type":"WebSite","@id":"https:\/\/portalmf.com.br\/#website","url":"https:\/\/portalmf.com.br\/","name":"Portal MF","description":"Voc\u00ea conectado com a informa\u00e7\u00e3o","potentialAction":[{"@type":"SearchAction","target":{"@type":"EntryPoint","urlTemplate":"https:\/\/portalmf.com.br\/?s={search_term_string}"},"query-input":"required name=search_term_string"}],"inLanguage":"pt-BR"},{"@type":"Person","@id":"https:\/\/portalmf.com.br\/#\/schema\/person\/9ec101baf56233e53520c26de5d6f6f0","name":"Reda\u00e7\u00e3o Portal MF","image":{"@type":"ImageObject","inLanguage":"pt-BR","@id":"https:\/\/portalmf.com.br\/#\/schema\/person\/image\/","url":"https:\/\/secure.gravatar.com\/avatar\/41b9aaeb2100835f7c64362330f74c7f?s=96&d=mm&r=g","contentUrl":"https:\/\/secure.gravatar.com\/avatar\/41b9aaeb2100835f7c64362330f74c7f?s=96&d=mm&r=g","caption":"Reda\u00e7\u00e3o Portal MF"},"description":"Sejam bem-vindos o portal de informa\u00e7\u00f5es de entretenimento de Feira de Santana, desde 2006 realiza coberturas dos principais eventos com entrevistas exclusivas com as principais personalidades mundiais. Fique conectado tamb\u00e9m nas redes sociais.","sameAs":["http:\/\/www.portalmf.com.br\/","https:\/\/www.facebook.com\/portalmfoficial","https:\/\/www.instagram.com\/portalmf\/","https:\/\/x.com\/https:\/\/x.com\/portalmfoficial","https:\/\/www.youtube.com\/@portalmfoficial"],"url":"https:\/\/portalmf.com.br\/index.php\/author\/junior\/"}]}},"_links":{"self":[{"href":"https:\/\/portalmf.com.br\/index.php\/wp-json\/wp\/v2\/posts\/20481"}],"collection":[{"href":"https:\/\/portalmf.com.br\/index.php\/wp-json\/wp\/v2\/posts"}],"about":[{"href":"https:\/\/portalmf.com.br\/index.php\/wp-json\/wp\/v2\/types\/post"}],"author":[{"embeddable":true,"href":"https:\/\/portalmf.com.br\/index.php\/wp-json\/wp\/v2\/users\/3"}],"replies":[{"embeddable":true,"href":"https:\/\/portalmf.com.br\/index.php\/wp-json\/wp\/v2\/comments?post=20481"}],"version-history":[{"count":1,"href":"https:\/\/portalmf.com.br\/index.php\/wp-json\/wp\/v2\/posts\/20481\/revisions"}],"predecessor-version":[{"id":20486,"href":"https:\/\/portalmf.com.br\/index.php\/wp-json\/wp\/v2\/posts\/20481\/revisions\/20486"}],"wp:featuredmedia":[{"embeddable":true,"href":"https:\/\/portalmf.com.br\/index.php\/wp-json\/wp\/v2\/media\/20482"}],"wp:attachment":[{"href":"https:\/\/portalmf.com.br\/index.php\/wp-json\/wp\/v2\/media?parent=20481"}],"wp:term":[{"taxonomy":"category","embeddable":true,"href":"https:\/\/portalmf.com.br\/index.php\/wp-json\/wp\/v2\/categories?post=20481"},{"taxonomy":"post_tag","embeddable":true,"href":"https:\/\/portalmf.com.br\/index.php\/wp-json\/wp\/v2\/tags?post=20481"}],"curies":[{"name":"wp","href":"https:\/\/api.w.org\/{rel}","templated":true}]}}