{"id":2045,"date":"2022-07-27T07:33:00","date_gmt":"2022-07-27T10:33:00","guid":{"rendered":"http:\/\/portalmf.com.br\/?p=2045"},"modified":"2022-07-27T13:37:45","modified_gmt":"2022-07-27T16:37:45","slug":"neymar-responde-ex-psg-sobre-perder-a-magia-falador-demais","status":"publish","type":"post","link":"https:\/\/portalmf.com.br\/index.php\/2022\/07\/27\/neymar-responde-ex-psg-sobre-perder-a-magia-falador-demais\/","title":{"rendered":"Neymar responde ex-PSG sobre &#8216;perder a magia&#8217;: &#8216;Falador demais&#8217;"},"content":{"rendered":"\n<p>Neymar segue no modo &#8220;on fire&#8221;. Ap\u00f3s brigar com a imprensa por conta de um suposto p\u00eanalti fantasma , agora sobrou para Thomas Meunier, jogador belga com quem dividiu o vesti\u00e1rio por tr\u00eas anos no PSG.<\/p>\n\n\n\n<p>Em entrevista concedida ao &#8216;Kicker&#8217;, o atual jogador do Borussia Dortmund explicou sentir admira\u00e7\u00e3o pelo brasileiro quando jogava pelo Barcelona. No entanto, ele tamb\u00e9m falou sobre sua suposta decad\u00eancia futebol\u00edstica . &#8220;Se eu tivesse 10 anos, teria o p\u00f4ster dele no meu quarto. Em Paris, no entanto, ele perdeu sua magia, do meu ponto de vista&#8221;, disse ele.<\/p>\n\n\n\n<p>Neymar n\u00e3o deixou para l\u00e1 e j\u00e1 respondeu publicamente ao ex-companheiro. Por\u00e9m, aparentemente, levou a opini\u00e3o numa boa. O brasileiro fez isso por meio do Instagram, respondendo na conta &#8220;Voc\u00ea Sabia&#8221;, que foi um dos muitos locais que ecoaram as declara\u00e7\u00f5es do belga.<\/p>\n\n\n\n<p>&#8220;Falador demais esse garoto&#8221;, escreveu o atacante brasileiro, colocando um emoji de risada no final.<\/p>\n\n\n\n<p>Vale lembrar que, na mesma entrevista, Meunier tamb\u00e9m falou sobre sua sa\u00edda do clube franc\u00eas em 2020 e culpou outro brasileiro.<\/p>\n\n\n\n<figure class=\"wp-block-image size-large\"><img decoding=\"async\" src=\"https:\/\/i0.statig.com.br\/bancodeimagens\/el\/nu\/bo\/elnubokfwsbs9hwdoq9gihidk.jpg\" alt=\"\"\/><\/figure>\n\n\n\n<p>\u201cEm Paris, o diretor esportivo da \u00e9poca, Leonardo, me empurrou para fora porque n\u00e3o queria renovar meu contrato. Tudo aconteceu sem mim, at\u00e9 a final da Champions League, onde eu merecia estar. N\u00e3o foi f\u00e1cil sair de Paris. Minha esposa, meus filhos e eu, todos n\u00f3s amamos a cidade. Foi dif\u00edcil de deixar. Mas com o tempo conseguimos nos adaptar. E acho que isso se mostrou em campo\u201d, apontou.<\/p>\n\n\n\n<p>Com informa\u00e7\u00f5es do IG<\/p>\n","protected":false},"excerpt":{"rendered":"<p>Neymar segue no modo &#8220;on fire&#8221;. Ap\u00f3s brigar com a imprensa por conta de um suposto p\u00eanalti fantasma , agora sobrou para Thomas Meunier, jogador belga com quem dividiu o vesti\u00e1rio por tr\u00eas anos no PSG. Em entrevista concedida ao &#8216;Kicker&#8217;, o atual jogador do Borussia Dortmund explicou sentir admira\u00e7\u00e3o pelo brasileiro quando jogava pelo [&hellip;]<\/p>\n","protected":false},"author":2,"featured_media":2046,"comment_status":"open","ping_status":"open","sticky":false,"template":"","format":"standard","meta":{"_monsterinsights_skip_tracking":false,"_monsterinsights_sitenote_active":false,"_monsterinsights_sitenote_note":"","_monsterinsights_sitenote_category":0,"footnotes":""},"categories":[42],"tags":[],"yoast_head":"<!-- This site is optimized with the Yoast SEO plugin v22.9 - https:\/\/yoast.com\/wordpress\/plugins\/seo\/ -->\n<title>Neymar responde ex-PSG sobre &#039;perder a magia&#039;: &#039;Falador demais&#039; - Portal MF<\/title>\n<meta name=\"robots\" content=\"index, follow, max-snippet:-1, max-image-preview:large, max-video-preview:-1\" \/>\n<link rel=\"canonical\" href=\"https:\/\/portalmf.com.br\/index.php\/2022\/07\/27\/neymar-responde-ex-psg-sobre-perder-a-magia-falador-demais\/\" \/>\n<meta property=\"og:locale\" content=\"pt_BR\" \/>\n<meta property=\"og:type\" content=\"article\" \/>\n<meta property=\"og:title\" content=\"Neymar responde ex-PSG sobre &#039;perder a magia&#039;: &#039;Falador demais&#039; - Portal MF\" \/>\n<meta property=\"og:description\" content=\"Neymar segue no modo &#8220;on fire&#8221;. Ap\u00f3s brigar com a imprensa por conta de um suposto p\u00eanalti fantasma , agora sobrou para Thomas Meunier, jogador belga com quem dividiu o vesti\u00e1rio por tr\u00eas anos no PSG. Em entrevista concedida ao &#8216;Kicker&#8217;, o atual jogador do Borussia Dortmund explicou sentir admira\u00e7\u00e3o pelo brasileiro quando jogava pelo [&hellip;]\" \/>\n<meta property=\"og:url\" content=\"https:\/\/portalmf.com.br\/index.php\/2022\/07\/27\/neymar-responde-ex-psg-sobre-perder-a-magia-falador-demais\/\" \/>\n<meta property=\"og:site_name\" content=\"Portal MF\" \/>\n<meta property=\"article:author\" content=\"reginaldojrfsa\" \/>\n<meta property=\"article:published_time\" content=\"2022-07-27T10:33:00+00:00\" \/>\n<meta property=\"article:modified_time\" content=\"2022-07-27T16:37:45+00:00\" \/>\n<meta property=\"og:image\" content=\"https:\/\/portalmf.com.br\/wp-content\/uploads\/2022\/07\/neymar-hoje-1-729x410-1.jpg\" \/>\n\t<meta property=\"og:image:width\" content=\"729\" \/>\n\t<meta property=\"og:image:height\" content=\"410\" \/>\n\t<meta property=\"og:image:type\" content=\"image\/jpeg\" \/>\n<meta name=\"author\" content=\"Reginaldo J\u00fanior\" \/>\n<meta name=\"twitter:card\" content=\"summary_large_image\" \/>\n<meta name=\"twitter:creator\" content=\"@reginaldojrmf\" \/>\n<meta name=\"twitter:label1\" content=\"Escrito por\" \/>\n\t<meta name=\"twitter:data1\" content=\"Reginaldo J\u00fanior\" \/>\n\t<meta name=\"twitter:label2\" content=\"Est. tempo de leitura\" \/>\n\t<meta name=\"twitter:data2\" content=\"1 minuto\" \/>\n<script type=\"application\/ld+json\" class=\"yoast-schema-graph\">{\"@context\":\"https:\/\/schema.org\",\"@graph\":[{\"@type\":\"WebPage\",\"@id\":\"https:\/\/portalmf.com.br\/index.php\/2022\/07\/27\/neymar-responde-ex-psg-sobre-perder-a-magia-falador-demais\/\",\"url\":\"https:\/\/portalmf.com.br\/index.php\/2022\/07\/27\/neymar-responde-ex-psg-sobre-perder-a-magia-falador-demais\/\",\"name\":\"Neymar responde ex-PSG sobre 'perder a magia': 'Falador demais' - Portal MF\",\"isPartOf\":{\"@id\":\"https:\/\/portalmf.com.br\/#website\"},\"primaryImageOfPage\":{\"@id\":\"https:\/\/portalmf.com.br\/index.php\/2022\/07\/27\/neymar-responde-ex-psg-sobre-perder-a-magia-falador-demais\/#primaryimage\"},\"image\":{\"@id\":\"https:\/\/portalmf.com.br\/index.php\/2022\/07\/27\/neymar-responde-ex-psg-sobre-perder-a-magia-falador-demais\/#primaryimage\"},\"thumbnailUrl\":\"https:\/\/portalmf.com.br\/wp-content\/uploads\/2022\/07\/neymar-hoje-1-729x410-1.jpg\",\"datePublished\":\"2022-07-27T10:33:00+00:00\",\"dateModified\":\"2022-07-27T16:37:45+00:00\",\"author\":{\"@id\":\"https:\/\/portalmf.com.br\/#\/schema\/person\/11c82086fe8abc05a19147e964587285\"},\"breadcrumb\":{\"@id\":\"https:\/\/portalmf.com.br\/index.php\/2022\/07\/27\/neymar-responde-ex-psg-sobre-perder-a-magia-falador-demais\/#breadcrumb\"},\"inLanguage\":\"pt-BR\",\"potentialAction\":[{\"@type\":\"ReadAction\",\"target\":[\"https:\/\/portalmf.com.br\/index.php\/2022\/07\/27\/neymar-responde-ex-psg-sobre-perder-a-magia-falador-demais\/\"]}]},{\"@type\":\"ImageObject\",\"inLanguage\":\"pt-BR\",\"@id\":\"https:\/\/portalmf.com.br\/index.php\/2022\/07\/27\/neymar-responde-ex-psg-sobre-perder-a-magia-falador-demais\/#primaryimage\",\"url\":\"https:\/\/portalmf.com.br\/wp-content\/uploads\/2022\/07\/neymar-hoje-1-729x410-1.jpg\",\"contentUrl\":\"https:\/\/portalmf.com.br\/wp-content\/uploads\/2022\/07\/neymar-hoje-1-729x410-1.jpg\",\"width\":729,\"height\":410,\"caption\":\"Divulgacao\/PSG\"},{\"@type\":\"BreadcrumbList\",\"@id\":\"https:\/\/portalmf.com.br\/index.php\/2022\/07\/27\/neymar-responde-ex-psg-sobre-perder-a-magia-falador-demais\/#breadcrumb\",\"itemListElement\":[{\"@type\":\"ListItem\",\"position\":1,\"name\":\"In\u00edcio\",\"item\":\"https:\/\/portalmf.com.br\/\"},{\"@type\":\"ListItem\",\"position\":2,\"name\":\"Neymar responde ex-PSG sobre &#8216;perder a magia&#8217;: &#8216;Falador demais&#8217;\"}]},{\"@type\":\"WebSite\",\"@id\":\"https:\/\/portalmf.com.br\/#website\",\"url\":\"https:\/\/portalmf.com.br\/\",\"name\":\"Portal MF\",\"description\":\"Voc\u00ea conectado com a informa\u00e7\u00e3o\",\"potentialAction\":[{\"@type\":\"SearchAction\",\"target\":{\"@type\":\"EntryPoint\",\"urlTemplate\":\"https:\/\/portalmf.com.br\/?s={search_term_string}\"},\"query-input\":\"required name=search_term_string\"}],\"inLanguage\":\"pt-BR\"},{\"@type\":\"Person\",\"@id\":\"https:\/\/portalmf.com.br\/#\/schema\/person\/11c82086fe8abc05a19147e964587285\",\"name\":\"Reginaldo J\u00fanior\",\"image\":{\"@type\":\"ImageObject\",\"inLanguage\":\"pt-BR\",\"@id\":\"https:\/\/portalmf.com.br\/#\/schema\/person\/image\/\",\"url\":\"https:\/\/secure.gravatar.com\/avatar\/32a3c797cd0ac47cc53b8644c62776f9?s=96&d=mm&r=g\",\"contentUrl\":\"https:\/\/secure.gravatar.com\/avatar\/32a3c797cd0ac47cc53b8644c62776f9?s=96&d=mm&r=g\",\"caption\":\"Reginaldo J\u00fanior\"},\"description\":\"Jornalista e idealizador Portal MF\",\"sameAs\":[\"https:\/\/portalmf.com.br\/index.php\/author\/reginaldojr\/\",\"reginaldojrfsa\",\"reginaldojuniormf\",\"https:\/\/x.com\/reginaldojrmf\"],\"url\":\"https:\/\/portalmf.com.br\/index.php\/author\/reginaldojr\/\"}]}<\/script>\n<!-- \/ Yoast SEO plugin. -->","yoast_head_json":{"title":"Neymar responde ex-PSG sobre 'perder a magia': 'Falador demais' - Portal MF","robots":{"index":"index","follow":"follow","max-snippet":"max-snippet:-1","max-image-preview":"max-image-preview:large","max-video-preview":"max-video-preview:-1"},"canonical":"https:\/\/portalmf.com.br\/index.php\/2022\/07\/27\/neymar-responde-ex-psg-sobre-perder-a-magia-falador-demais\/","og_locale":"pt_BR","og_type":"article","og_title":"Neymar responde ex-PSG sobre 'perder a magia': 'Falador demais' - Portal MF","og_description":"Neymar segue no modo &#8220;on fire&#8221;. Ap\u00f3s brigar com a imprensa por conta de um suposto p\u00eanalti fantasma , agora sobrou para Thomas Meunier, jogador belga com quem dividiu o vesti\u00e1rio por tr\u00eas anos no PSG. Em entrevista concedida ao &#8216;Kicker&#8217;, o atual jogador do Borussia Dortmund explicou sentir admira\u00e7\u00e3o pelo brasileiro quando jogava pelo [&hellip;]","og_url":"https:\/\/portalmf.com.br\/index.php\/2022\/07\/27\/neymar-responde-ex-psg-sobre-perder-a-magia-falador-demais\/","og_site_name":"Portal MF","article_author":"reginaldojrfsa","article_published_time":"2022-07-27T10:33:00+00:00","article_modified_time":"2022-07-27T16:37:45+00:00","og_image":[{"width":729,"height":410,"url":"https:\/\/portalmf.com.br\/wp-content\/uploads\/2022\/07\/neymar-hoje-1-729x410-1.jpg","type":"image\/jpeg"}],"author":"Reginaldo J\u00fanior","twitter_card":"summary_large_image","twitter_creator":"@reginaldojrmf","twitter_misc":{"Escrito por":"Reginaldo J\u00fanior","Est. tempo de leitura":"1 minuto"},"schema":{"@context":"https:\/\/schema.org","@graph":[{"@type":"WebPage","@id":"https:\/\/portalmf.com.br\/index.php\/2022\/07\/27\/neymar-responde-ex-psg-sobre-perder-a-magia-falador-demais\/","url":"https:\/\/portalmf.com.br\/index.php\/2022\/07\/27\/neymar-responde-ex-psg-sobre-perder-a-magia-falador-demais\/","name":"Neymar responde ex-PSG sobre 'perder a magia': 'Falador demais' - Portal MF","isPartOf":{"@id":"https:\/\/portalmf.com.br\/#website"},"primaryImageOfPage":{"@id":"https:\/\/portalmf.com.br\/index.php\/2022\/07\/27\/neymar-responde-ex-psg-sobre-perder-a-magia-falador-demais\/#primaryimage"},"image":{"@id":"https:\/\/portalmf.com.br\/index.php\/2022\/07\/27\/neymar-responde-ex-psg-sobre-perder-a-magia-falador-demais\/#primaryimage"},"thumbnailUrl":"https:\/\/portalmf.com.br\/wp-content\/uploads\/2022\/07\/neymar-hoje-1-729x410-1.jpg","datePublished":"2022-07-27T10:33:00+00:00","dateModified":"2022-07-27T16:37:45+00:00","author":{"@id":"https:\/\/portalmf.com.br\/#\/schema\/person\/11c82086fe8abc05a19147e964587285"},"breadcrumb":{"@id":"https:\/\/portalmf.com.br\/index.php\/2022\/07\/27\/neymar-responde-ex-psg-sobre-perder-a-magia-falador-demais\/#breadcrumb"},"inLanguage":"pt-BR","potentialAction":[{"@type":"ReadAction","target":["https:\/\/portalmf.com.br\/index.php\/2022\/07\/27\/neymar-responde-ex-psg-sobre-perder-a-magia-falador-demais\/"]}]},{"@type":"ImageObject","inLanguage":"pt-BR","@id":"https:\/\/portalmf.com.br\/index.php\/2022\/07\/27\/neymar-responde-ex-psg-sobre-perder-a-magia-falador-demais\/#primaryimage","url":"https:\/\/portalmf.com.br\/wp-content\/uploads\/2022\/07\/neymar-hoje-1-729x410-1.jpg","contentUrl":"https:\/\/portalmf.com.br\/wp-content\/uploads\/2022\/07\/neymar-hoje-1-729x410-1.jpg","width":729,"height":410,"caption":"Divulgacao\/PSG"},{"@type":"BreadcrumbList","@id":"https:\/\/portalmf.com.br\/index.php\/2022\/07\/27\/neymar-responde-ex-psg-sobre-perder-a-magia-falador-demais\/#breadcrumb","itemListElement":[{"@type":"ListItem","position":1,"name":"In\u00edcio","item":"https:\/\/portalmf.com.br\/"},{"@type":"ListItem","position":2,"name":"Neymar responde ex-PSG sobre &#8216;perder a magia&#8217;: &#8216;Falador demais&#8217;"}]},{"@type":"WebSite","@id":"https:\/\/portalmf.com.br\/#website","url":"https:\/\/portalmf.com.br\/","name":"Portal MF","description":"Voc\u00ea conectado com a informa\u00e7\u00e3o","potentialAction":[{"@type":"SearchAction","target":{"@type":"EntryPoint","urlTemplate":"https:\/\/portalmf.com.br\/?s={search_term_string}"},"query-input":"required name=search_term_string"}],"inLanguage":"pt-BR"},{"@type":"Person","@id":"https:\/\/portalmf.com.br\/#\/schema\/person\/11c82086fe8abc05a19147e964587285","name":"Reginaldo J\u00fanior","image":{"@type":"ImageObject","inLanguage":"pt-BR","@id":"https:\/\/portalmf.com.br\/#\/schema\/person\/image\/","url":"https:\/\/secure.gravatar.com\/avatar\/32a3c797cd0ac47cc53b8644c62776f9?s=96&d=mm&r=g","contentUrl":"https:\/\/secure.gravatar.com\/avatar\/32a3c797cd0ac47cc53b8644c62776f9?s=96&d=mm&r=g","caption":"Reginaldo J\u00fanior"},"description":"Jornalista e idealizador Portal MF","sameAs":["https:\/\/portalmf.com.br\/index.php\/author\/reginaldojr\/","reginaldojrfsa","reginaldojuniormf","https:\/\/x.com\/reginaldojrmf"],"url":"https:\/\/portalmf.com.br\/index.php\/author\/reginaldojr\/"}]}},"_links":{"self":[{"href":"https:\/\/portalmf.com.br\/index.php\/wp-json\/wp\/v2\/posts\/2045"}],"collection":[{"href":"https:\/\/portalmf.com.br\/index.php\/wp-json\/wp\/v2\/posts"}],"about":[{"href":"https:\/\/portalmf.com.br\/index.php\/wp-json\/wp\/v2\/types\/post"}],"author":[{"embeddable":true,"href":"https:\/\/portalmf.com.br\/index.php\/wp-json\/wp\/v2\/users\/2"}],"replies":[{"embeddable":true,"href":"https:\/\/portalmf.com.br\/index.php\/wp-json\/wp\/v2\/comments?post=2045"}],"version-history":[{"count":1,"href":"https:\/\/portalmf.com.br\/index.php\/wp-json\/wp\/v2\/posts\/2045\/revisions"}],"predecessor-version":[{"id":2047,"href":"https:\/\/portalmf.com.br\/index.php\/wp-json\/wp\/v2\/posts\/2045\/revisions\/2047"}],"wp:featuredmedia":[{"embeddable":true,"href":"https:\/\/portalmf.com.br\/index.php\/wp-json\/wp\/v2\/media\/2046"}],"wp:attachment":[{"href":"https:\/\/portalmf.com.br\/index.php\/wp-json\/wp\/v2\/media?parent=2045"}],"wp:term":[{"taxonomy":"category","embeddable":true,"href":"https:\/\/portalmf.com.br\/index.php\/wp-json\/wp\/v2\/categories?post=2045"},{"taxonomy":"post_tag","embeddable":true,"href":"https:\/\/portalmf.com.br\/index.php\/wp-json\/wp\/v2\/tags?post=2045"}],"curies":[{"name":"wp","href":"https:\/\/api.w.org\/{rel}","templated":true}]}}