{"id":20445,"date":"2023-12-01T11:45:12","date_gmt":"2023-12-01T14:45:12","guid":{"rendered":"https:\/\/portalmf.com.br\/?p=20445"},"modified":"2023-12-01T11:45:17","modified_gmt":"2023-12-01T14:45:17","slug":"binho-galinha-quer-centro-administrativo-em-feira-de-santana","status":"publish","type":"post","link":"https:\/\/portalmf.com.br\/index.php\/2023\/12\/01\/binho-galinha-quer-centro-administrativo-em-feira-de-santana\/","title":{"rendered":"Binho Galinha quer Centro Administrativo em Feira de Santana"},"content":{"rendered":"\n<p>O deputado estadual Binho Galinha (PRD) deu entrada na Assembleia Legislativa da Bahia (ALBA), em uma Indica\u00e7\u00e3o ao prefeito de Feira de Santana, Colbert Martins (MDB), sugerindo a constru\u00e7\u00e3o do Centro Administrativo do Munic\u00edpio. A obra atende a dois requisitos b\u00e1sicos. Primeiro de ordem financeira, pois diversos \u00f3rg\u00e3os p\u00fablicos, secretarias, autarquias, e departamentos funcionam em im\u00f3veis alugados. Segundo, de ordem organizacional, pois estes \u00f3rg\u00e3os p\u00fablicos do munic\u00edpio funcionam n\u00e3o s\u00f3 no centro da cidade, mas tamb\u00e9m em diversos bairros. Isto sem falar que muitas vezes estes \u00f3rg\u00e3os p\u00fablicos mudam de lugar constantemente, a exemplo da Secretaria de Educa\u00e7\u00e3o, que saiu do centro da cidade (avenida Senhor dos Passos) e foi transferida para o distante bairro Santa M\u00f4nica, e a Secretaria de Meio Ambiente que foi transferida do centro da cidade (Kalil\u00e2ndia) para o bairro Jomafa.<\/p>\n\n\n\n<p><em>\u201cA constru\u00e7\u00e3o do Centro Administrativo deve, acima de tudo, priorizar o cidad\u00e3o. Deve ser um facilitador da vida cotidiana da popula\u00e7\u00e3o, ser um lugar onde o cidad\u00e3o tenha a plena convic\u00e7\u00e3o de que ele vai encontrar todos os servi\u00e7os ofertados pelo Munic\u00edpio\u201d<\/em>, argumenta Binho Galinha. A indica\u00e7\u00e3o ao prefeito de Feira de Santana pretende contribuir para melhorar a vida do cidad\u00e3o feirense, levando mais conforto, efici\u00eancia, agilidade e seguran\u00e7a. <\/p>\n\n\n\n<p><em>\u201cAcreditamos que a constru\u00e7\u00e3o desse equipamento ser\u00e1 um marco da administra\u00e7\u00e3o municipal, um exemplo de modernidade, onde o servi\u00e7o p\u00fablico deve sempre servir ao cidad\u00e3o. Sugerimos que os recursos para viabilizar a constru\u00e7\u00e3o deste importante Centro Administrativo possam ser viabilizados atrav\u00e9s de parcerias que a Prefeitura de Feira de Santana deve buscar junto aos governos Estadual e Federal, bem como, junto a institui\u00e7\u00f5es financeiras, como Caixa Econ\u00f4mica Federal, Banco do Brasil e BNDES\u201d,<\/em> sinaliza.<\/p>\n","protected":false},"excerpt":{"rendered":"<p>O deputado estadual Binho Galinha (PRD) deu entrada na Assembleia Legislativa da Bahia (ALBA), em uma Indica\u00e7\u00e3o ao prefeito de Feira de Santana, Colbert Martins (MDB), sugerindo a constru\u00e7\u00e3o do Centro Administrativo do Munic\u00edpio. A obra atende a dois requisitos b\u00e1sicos. Primeiro de ordem financeira, pois diversos \u00f3rg\u00e3os p\u00fablicos, secretarias, autarquias, e departamentos funcionam em [&hellip;]<\/p>\n","protected":false},"author":3,"featured_media":20446,"comment_status":"open","ping_status":"open","sticky":false,"template":"","format":"standard","meta":{"_monsterinsights_skip_tracking":false,"_monsterinsights_sitenote_active":false,"_monsterinsights_sitenote_note":"","_monsterinsights_sitenote_category":0,"footnotes":""},"categories":[34],"tags":[],"yoast_head":"<!-- This site is optimized with the Yoast SEO plugin v22.9 - https:\/\/yoast.com\/wordpress\/plugins\/seo\/ -->\n<title>Binho Galinha quer Centro Administrativo em Feira de Santana - Portal MF<\/title>\n<meta name=\"robots\" content=\"index, follow, max-snippet:-1, max-image-preview:large, max-video-preview:-1\" \/>\n<link rel=\"canonical\" href=\"https:\/\/portalmf.com.br\/index.php\/2023\/12\/01\/binho-galinha-quer-centro-administrativo-em-feira-de-santana\/\" \/>\n<meta property=\"og:locale\" content=\"pt_BR\" \/>\n<meta property=\"og:type\" content=\"article\" \/>\n<meta property=\"og:title\" content=\"Binho Galinha quer Centro Administrativo em Feira de Santana - Portal MF\" \/>\n<meta property=\"og:description\" content=\"O deputado estadual Binho Galinha (PRD) deu entrada na Assembleia Legislativa da Bahia (ALBA), em uma Indica\u00e7\u00e3o ao prefeito de Feira de Santana, Colbert Martins (MDB), sugerindo a constru\u00e7\u00e3o do Centro Administrativo do Munic\u00edpio. A obra atende a dois requisitos b\u00e1sicos. Primeiro de ordem financeira, pois diversos \u00f3rg\u00e3os p\u00fablicos, secretarias, autarquias, e departamentos funcionam em [&hellip;]\" \/>\n<meta property=\"og:url\" content=\"https:\/\/portalmf.com.br\/index.php\/2023\/12\/01\/binho-galinha-quer-centro-administrativo-em-feira-de-santana\/\" \/>\n<meta property=\"og:site_name\" content=\"Portal MF\" \/>\n<meta property=\"article:author\" content=\"https:\/\/www.facebook.com\/portalmfoficial\" \/>\n<meta property=\"article:published_time\" content=\"2023-12-01T14:45:12+00:00\" \/>\n<meta property=\"article:modified_time\" content=\"2023-12-01T14:45:17+00:00\" \/>\n<meta property=\"og:image\" content=\"https:\/\/portalmf.com.br\/wp-content\/uploads\/2023\/12\/Binho-Galinha-quer-Centro-Administrativo-em-Feira-de-Santana.jpeg\" \/>\n\t<meta property=\"og:image:width\" content=\"1080\" \/>\n\t<meta property=\"og:image:height\" content=\"608\" \/>\n\t<meta property=\"og:image:type\" content=\"image\/jpeg\" \/>\n<meta name=\"author\" content=\"Reda\u00e7\u00e3o Portal MF\" \/>\n<meta name=\"twitter:card\" content=\"summary_large_image\" \/>\n<meta name=\"twitter:creator\" content=\"@https:\/\/x.com\/portalmfoficial\" \/>\n<meta name=\"twitter:label1\" content=\"Escrito por\" \/>\n\t<meta name=\"twitter:data1\" content=\"Reda\u00e7\u00e3o Portal MF\" \/>\n\t<meta name=\"twitter:label2\" content=\"Est. tempo de leitura\" \/>\n\t<meta name=\"twitter:data2\" content=\"2 minutos\" \/>\n<script type=\"application\/ld+json\" class=\"yoast-schema-graph\">{\"@context\":\"https:\/\/schema.org\",\"@graph\":[{\"@type\":\"WebPage\",\"@id\":\"https:\/\/portalmf.com.br\/index.php\/2023\/12\/01\/binho-galinha-quer-centro-administrativo-em-feira-de-santana\/\",\"url\":\"https:\/\/portalmf.com.br\/index.php\/2023\/12\/01\/binho-galinha-quer-centro-administrativo-em-feira-de-santana\/\",\"name\":\"Binho Galinha quer Centro Administrativo em Feira de Santana - Portal MF\",\"isPartOf\":{\"@id\":\"https:\/\/portalmf.com.br\/#website\"},\"primaryImageOfPage\":{\"@id\":\"https:\/\/portalmf.com.br\/index.php\/2023\/12\/01\/binho-galinha-quer-centro-administrativo-em-feira-de-santana\/#primaryimage\"},\"image\":{\"@id\":\"https:\/\/portalmf.com.br\/index.php\/2023\/12\/01\/binho-galinha-quer-centro-administrativo-em-feira-de-santana\/#primaryimage\"},\"thumbnailUrl\":\"https:\/\/portalmf.com.br\/wp-content\/uploads\/2023\/12\/Binho-Galinha-quer-Centro-Administrativo-em-Feira-de-Santana.jpeg\",\"datePublished\":\"2023-12-01T14:45:12+00:00\",\"dateModified\":\"2023-12-01T14:45:17+00:00\",\"author\":{\"@id\":\"https:\/\/portalmf.com.br\/#\/schema\/person\/9ec101baf56233e53520c26de5d6f6f0\"},\"breadcrumb\":{\"@id\":\"https:\/\/portalmf.com.br\/index.php\/2023\/12\/01\/binho-galinha-quer-centro-administrativo-em-feira-de-santana\/#breadcrumb\"},\"inLanguage\":\"pt-BR\",\"potentialAction\":[{\"@type\":\"ReadAction\",\"target\":[\"https:\/\/portalmf.com.br\/index.php\/2023\/12\/01\/binho-galinha-quer-centro-administrativo-em-feira-de-santana\/\"]}]},{\"@type\":\"ImageObject\",\"inLanguage\":\"pt-BR\",\"@id\":\"https:\/\/portalmf.com.br\/index.php\/2023\/12\/01\/binho-galinha-quer-centro-administrativo-em-feira-de-santana\/#primaryimage\",\"url\":\"https:\/\/portalmf.com.br\/wp-content\/uploads\/2023\/12\/Binho-Galinha-quer-Centro-Administrativo-em-Feira-de-Santana.jpeg\",\"contentUrl\":\"https:\/\/portalmf.com.br\/wp-content\/uploads\/2023\/12\/Binho-Galinha-quer-Centro-Administrativo-em-Feira-de-Santana.jpeg\",\"width\":1080,\"height\":608},{\"@type\":\"BreadcrumbList\",\"@id\":\"https:\/\/portalmf.com.br\/index.php\/2023\/12\/01\/binho-galinha-quer-centro-administrativo-em-feira-de-santana\/#breadcrumb\",\"itemListElement\":[{\"@type\":\"ListItem\",\"position\":1,\"name\":\"In\u00edcio\",\"item\":\"https:\/\/portalmf.com.br\/\"},{\"@type\":\"ListItem\",\"position\":2,\"name\":\"Binho Galinha quer Centro Administrativo em Feira de Santana\"}]},{\"@type\":\"WebSite\",\"@id\":\"https:\/\/portalmf.com.br\/#website\",\"url\":\"https:\/\/portalmf.com.br\/\",\"name\":\"Portal MF\",\"description\":\"Voc\u00ea conectado com a informa\u00e7\u00e3o\",\"potentialAction\":[{\"@type\":\"SearchAction\",\"target\":{\"@type\":\"EntryPoint\",\"urlTemplate\":\"https:\/\/portalmf.com.br\/?s={search_term_string}\"},\"query-input\":\"required name=search_term_string\"}],\"inLanguage\":\"pt-BR\"},{\"@type\":\"Person\",\"@id\":\"https:\/\/portalmf.com.br\/#\/schema\/person\/9ec101baf56233e53520c26de5d6f6f0\",\"name\":\"Reda\u00e7\u00e3o Portal MF\",\"image\":{\"@type\":\"ImageObject\",\"inLanguage\":\"pt-BR\",\"@id\":\"https:\/\/portalmf.com.br\/#\/schema\/person\/image\/\",\"url\":\"https:\/\/secure.gravatar.com\/avatar\/41b9aaeb2100835f7c64362330f74c7f?s=96&d=mm&r=g\",\"contentUrl\":\"https:\/\/secure.gravatar.com\/avatar\/41b9aaeb2100835f7c64362330f74c7f?s=96&d=mm&r=g\",\"caption\":\"Reda\u00e7\u00e3o Portal MF\"},\"description\":\"Sejam bem-vindos o portal de informa\u00e7\u00f5es de entretenimento de Feira de Santana, desde 2006 realiza coberturas dos principais eventos com entrevistas exclusivas com as principais personalidades mundiais. Fique conectado tamb\u00e9m nas redes sociais.\",\"sameAs\":[\"http:\/\/www.portalmf.com.br\/\",\"https:\/\/www.facebook.com\/portalmfoficial\",\"https:\/\/www.instagram.com\/portalmf\/\",\"https:\/\/x.com\/https:\/\/x.com\/portalmfoficial\",\"https:\/\/www.youtube.com\/@portalmfoficial\"],\"url\":\"https:\/\/portalmf.com.br\/index.php\/author\/junior\/\"}]}<\/script>\n<!-- \/ Yoast SEO plugin. -->","yoast_head_json":{"title":"Binho Galinha quer Centro Administrativo em Feira de Santana - Portal MF","robots":{"index":"index","follow":"follow","max-snippet":"max-snippet:-1","max-image-preview":"max-image-preview:large","max-video-preview":"max-video-preview:-1"},"canonical":"https:\/\/portalmf.com.br\/index.php\/2023\/12\/01\/binho-galinha-quer-centro-administrativo-em-feira-de-santana\/","og_locale":"pt_BR","og_type":"article","og_title":"Binho Galinha quer Centro Administrativo em Feira de Santana - Portal MF","og_description":"O deputado estadual Binho Galinha (PRD) deu entrada na Assembleia Legislativa da Bahia (ALBA), em uma Indica\u00e7\u00e3o ao prefeito de Feira de Santana, Colbert Martins (MDB), sugerindo a constru\u00e7\u00e3o do Centro Administrativo do Munic\u00edpio. A obra atende a dois requisitos b\u00e1sicos. Primeiro de ordem financeira, pois diversos \u00f3rg\u00e3os p\u00fablicos, secretarias, autarquias, e departamentos funcionam em [&hellip;]","og_url":"https:\/\/portalmf.com.br\/index.php\/2023\/12\/01\/binho-galinha-quer-centro-administrativo-em-feira-de-santana\/","og_site_name":"Portal MF","article_author":"https:\/\/www.facebook.com\/portalmfoficial","article_published_time":"2023-12-01T14:45:12+00:00","article_modified_time":"2023-12-01T14:45:17+00:00","og_image":[{"width":1080,"height":608,"url":"https:\/\/portalmf.com.br\/wp-content\/uploads\/2023\/12\/Binho-Galinha-quer-Centro-Administrativo-em-Feira-de-Santana.jpeg","type":"image\/jpeg"}],"author":"Reda\u00e7\u00e3o Portal MF","twitter_card":"summary_large_image","twitter_creator":"@https:\/\/x.com\/portalmfoficial","twitter_misc":{"Escrito por":"Reda\u00e7\u00e3o Portal MF","Est. tempo de leitura":"2 minutos"},"schema":{"@context":"https:\/\/schema.org","@graph":[{"@type":"WebPage","@id":"https:\/\/portalmf.com.br\/index.php\/2023\/12\/01\/binho-galinha-quer-centro-administrativo-em-feira-de-santana\/","url":"https:\/\/portalmf.com.br\/index.php\/2023\/12\/01\/binho-galinha-quer-centro-administrativo-em-feira-de-santana\/","name":"Binho Galinha quer Centro Administrativo em Feira de Santana - Portal MF","isPartOf":{"@id":"https:\/\/portalmf.com.br\/#website"},"primaryImageOfPage":{"@id":"https:\/\/portalmf.com.br\/index.php\/2023\/12\/01\/binho-galinha-quer-centro-administrativo-em-feira-de-santana\/#primaryimage"},"image":{"@id":"https:\/\/portalmf.com.br\/index.php\/2023\/12\/01\/binho-galinha-quer-centro-administrativo-em-feira-de-santana\/#primaryimage"},"thumbnailUrl":"https:\/\/portalmf.com.br\/wp-content\/uploads\/2023\/12\/Binho-Galinha-quer-Centro-Administrativo-em-Feira-de-Santana.jpeg","datePublished":"2023-12-01T14:45:12+00:00","dateModified":"2023-12-01T14:45:17+00:00","author":{"@id":"https:\/\/portalmf.com.br\/#\/schema\/person\/9ec101baf56233e53520c26de5d6f6f0"},"breadcrumb":{"@id":"https:\/\/portalmf.com.br\/index.php\/2023\/12\/01\/binho-galinha-quer-centro-administrativo-em-feira-de-santana\/#breadcrumb"},"inLanguage":"pt-BR","potentialAction":[{"@type":"ReadAction","target":["https:\/\/portalmf.com.br\/index.php\/2023\/12\/01\/binho-galinha-quer-centro-administrativo-em-feira-de-santana\/"]}]},{"@type":"ImageObject","inLanguage":"pt-BR","@id":"https:\/\/portalmf.com.br\/index.php\/2023\/12\/01\/binho-galinha-quer-centro-administrativo-em-feira-de-santana\/#primaryimage","url":"https:\/\/portalmf.com.br\/wp-content\/uploads\/2023\/12\/Binho-Galinha-quer-Centro-Administrativo-em-Feira-de-Santana.jpeg","contentUrl":"https:\/\/portalmf.com.br\/wp-content\/uploads\/2023\/12\/Binho-Galinha-quer-Centro-Administrativo-em-Feira-de-Santana.jpeg","width":1080,"height":608},{"@type":"BreadcrumbList","@id":"https:\/\/portalmf.com.br\/index.php\/2023\/12\/01\/binho-galinha-quer-centro-administrativo-em-feira-de-santana\/#breadcrumb","itemListElement":[{"@type":"ListItem","position":1,"name":"In\u00edcio","item":"https:\/\/portalmf.com.br\/"},{"@type":"ListItem","position":2,"name":"Binho Galinha quer Centro Administrativo em Feira de Santana"}]},{"@type":"WebSite","@id":"https:\/\/portalmf.com.br\/#website","url":"https:\/\/portalmf.com.br\/","name":"Portal MF","description":"Voc\u00ea conectado com a informa\u00e7\u00e3o","potentialAction":[{"@type":"SearchAction","target":{"@type":"EntryPoint","urlTemplate":"https:\/\/portalmf.com.br\/?s={search_term_string}"},"query-input":"required name=search_term_string"}],"inLanguage":"pt-BR"},{"@type":"Person","@id":"https:\/\/portalmf.com.br\/#\/schema\/person\/9ec101baf56233e53520c26de5d6f6f0","name":"Reda\u00e7\u00e3o Portal MF","image":{"@type":"ImageObject","inLanguage":"pt-BR","@id":"https:\/\/portalmf.com.br\/#\/schema\/person\/image\/","url":"https:\/\/secure.gravatar.com\/avatar\/41b9aaeb2100835f7c64362330f74c7f?s=96&d=mm&r=g","contentUrl":"https:\/\/secure.gravatar.com\/avatar\/41b9aaeb2100835f7c64362330f74c7f?s=96&d=mm&r=g","caption":"Reda\u00e7\u00e3o Portal MF"},"description":"Sejam bem-vindos o portal de informa\u00e7\u00f5es de entretenimento de Feira de Santana, desde 2006 realiza coberturas dos principais eventos com entrevistas exclusivas com as principais personalidades mundiais. Fique conectado tamb\u00e9m nas redes sociais.","sameAs":["http:\/\/www.portalmf.com.br\/","https:\/\/www.facebook.com\/portalmfoficial","https:\/\/www.instagram.com\/portalmf\/","https:\/\/x.com\/https:\/\/x.com\/portalmfoficial","https:\/\/www.youtube.com\/@portalmfoficial"],"url":"https:\/\/portalmf.com.br\/index.php\/author\/junior\/"}]}},"_links":{"self":[{"href":"https:\/\/portalmf.com.br\/index.php\/wp-json\/wp\/v2\/posts\/20445"}],"collection":[{"href":"https:\/\/portalmf.com.br\/index.php\/wp-json\/wp\/v2\/posts"}],"about":[{"href":"https:\/\/portalmf.com.br\/index.php\/wp-json\/wp\/v2\/types\/post"}],"author":[{"embeddable":true,"href":"https:\/\/portalmf.com.br\/index.php\/wp-json\/wp\/v2\/users\/3"}],"replies":[{"embeddable":true,"href":"https:\/\/portalmf.com.br\/index.php\/wp-json\/wp\/v2\/comments?post=20445"}],"version-history":[{"count":1,"href":"https:\/\/portalmf.com.br\/index.php\/wp-json\/wp\/v2\/posts\/20445\/revisions"}],"predecessor-version":[{"id":20447,"href":"https:\/\/portalmf.com.br\/index.php\/wp-json\/wp\/v2\/posts\/20445\/revisions\/20447"}],"wp:featuredmedia":[{"embeddable":true,"href":"https:\/\/portalmf.com.br\/index.php\/wp-json\/wp\/v2\/media\/20446"}],"wp:attachment":[{"href":"https:\/\/portalmf.com.br\/index.php\/wp-json\/wp\/v2\/media?parent=20445"}],"wp:term":[{"taxonomy":"category","embeddable":true,"href":"https:\/\/portalmf.com.br\/index.php\/wp-json\/wp\/v2\/categories?post=20445"},{"taxonomy":"post_tag","embeddable":true,"href":"https:\/\/portalmf.com.br\/index.php\/wp-json\/wp\/v2\/tags?post=20445"}],"curies":[{"name":"wp","href":"https:\/\/api.w.org\/{rel}","templated":true}]}}