{"id":20437,"date":"2023-11-30T20:19:36","date_gmt":"2023-11-30T23:19:36","guid":{"rendered":"https:\/\/portalmf.com.br\/?p=20437"},"modified":"2023-11-30T20:19:40","modified_gmt":"2023-11-30T23:19:40","slug":"camara-aprova-feriado-nacional-em-20-de-novembro-dia-de-zumbi-e-da-consciencia-negra","status":"publish","type":"post","link":"https:\/\/portalmf.com.br\/index.php\/2023\/11\/30\/camara-aprova-feriado-nacional-em-20-de-novembro-dia-de-zumbi-e-da-consciencia-negra\/","title":{"rendered":"C\u00e2mara aprova feriado nacional em 20 de novembro, Dia de Zumbi e da Consci\u00eancia Negra"},"content":{"rendered":"\n<p>O Plen\u00e1rio da C\u00e2mara dos Deputados aprovou nesta quarta-feira (29), por 286 votos contra 121, proposta que torna feriado nacional o Dia da Consci\u00eancia Negra, celebrado em 20 de novembro. O Projeto de Lei 3268\/21 j\u00e1 foi aprovado pelo Senado e segue agora para a san\u00e7\u00e3o presidencial.<\/p>\n\n\n\n<p>A data ser\u00e1 chamada Dia Nacional de Zumbi e da Consci\u00eancia Negra. Atualmente, o dia 20 de novembro j\u00e1 \u00e9 considerado feriado em seis estados brasileiros e cerca de 1.200 cidades.<\/p>\n\n\n\n<figure class=\"wp-block-image size-full\"><img fetchpriority=\"high\" decoding=\"async\" width=\"768\" height=\"473\" src=\"https:\/\/portalmf.com.br\/wp-content\/uploads\/2023\/11\/img20231129205127777-768x473-1.jpg\" alt=\"\" class=\"wp-image-20438\" srcset=\"https:\/\/portalmf.com.br\/wp-content\/uploads\/2023\/11\/img20231129205127777-768x473-1.jpg 768w, https:\/\/portalmf.com.br\/wp-content\/uploads\/2023\/11\/img20231129205127777-768x473-1-300x185.jpg 300w, https:\/\/portalmf.com.br\/wp-content\/uploads\/2023\/11\/img20231129205127777-768x473-1-585x360.jpg 585w\" sizes=\"(max-width: 768px) 100vw, 768px\" \/><figcaption class=\"wp-element-caption\">Foto: Zeca Ribeiro\/C\u00e2mara dos Deputados<\/figcaption><\/figure>\n\n\n\n<p>Relatora da proposta, a deputada Reginete Bispo (PT-RS) afirmou que a bancada negra escolheu o feriado para iniciar seus esfor\u00e7os de combate ao racismo e de promo\u00e7\u00e3o da igualdade racial pela cria\u00e7\u00e3o de um feriado. <\/p>\n\n\n\n<p>&#8220;Talvez pare\u00e7a a muitos uma iniciativa menor, meramente simb\u00f3lica. Mas n\u00e3o o \u00e9. Porque s\u00edmbolos s\u00e3o importantes. S\u00e3o datas alusivas ao que o Pa\u00eds considera mais relevante em sua hist\u00f3ria&#8221;, disse. Na vota\u00e7\u00e3o, ela tamb\u00e9m fez defer\u00eancia ao senador Paulo Paim, relator da proposta no Senado, e \u00e0 deputada Benedita da Silva.<\/p>\n\n\n\n<p>Fonte: Ag\u00eancia C\u00e2mara de Not\u00edcias<\/p>\n","protected":false},"excerpt":{"rendered":"<p>O Plen\u00e1rio da C\u00e2mara dos Deputados aprovou nesta quarta-feira (29), por 286 votos contra 121, proposta que torna feriado nacional o Dia da Consci\u00eancia Negra, celebrado em 20 de novembro. O Projeto de Lei 3268\/21 j\u00e1 foi aprovado pelo Senado e segue agora para a san\u00e7\u00e3o presidencial. A data ser\u00e1 chamada Dia Nacional de Zumbi [&hellip;]<\/p>\n","protected":false},"author":3,"featured_media":20439,"comment_status":"open","ping_status":"open","sticky":false,"template":"","format":"standard","meta":{"_monsterinsights_skip_tracking":false,"_monsterinsights_sitenote_active":false,"_monsterinsights_sitenote_note":"","_monsterinsights_sitenote_category":0,"footnotes":""},"categories":[34],"tags":[],"yoast_head":"<!-- This site is optimized with the Yoast SEO plugin v22.9 - https:\/\/yoast.com\/wordpress\/plugins\/seo\/ -->\n<title>C\u00e2mara aprova feriado nacional em 20 de novembro, Dia de Zumbi e da Consci\u00eancia Negra - Portal MF<\/title>\n<meta name=\"robots\" content=\"index, follow, max-snippet:-1, max-image-preview:large, max-video-preview:-1\" \/>\n<link rel=\"canonical\" href=\"https:\/\/portalmf.com.br\/index.php\/2023\/11\/30\/camara-aprova-feriado-nacional-em-20-de-novembro-dia-de-zumbi-e-da-consciencia-negra\/\" \/>\n<meta property=\"og:locale\" content=\"pt_BR\" \/>\n<meta property=\"og:type\" content=\"article\" \/>\n<meta property=\"og:title\" content=\"C\u00e2mara aprova feriado nacional em 20 de novembro, Dia de Zumbi e da Consci\u00eancia Negra - Portal MF\" \/>\n<meta property=\"og:description\" content=\"O Plen\u00e1rio da C\u00e2mara dos Deputados aprovou nesta quarta-feira (29), por 286 votos contra 121, proposta que torna feriado nacional o Dia da Consci\u00eancia Negra, celebrado em 20 de novembro. O Projeto de Lei 3268\/21 j\u00e1 foi aprovado pelo Senado e segue agora para a san\u00e7\u00e3o presidencial. A data ser\u00e1 chamada Dia Nacional de Zumbi [&hellip;]\" \/>\n<meta property=\"og:url\" content=\"https:\/\/portalmf.com.br\/index.php\/2023\/11\/30\/camara-aprova-feriado-nacional-em-20-de-novembro-dia-de-zumbi-e-da-consciencia-negra\/\" \/>\n<meta property=\"og:site_name\" content=\"Portal MF\" \/>\n<meta property=\"article:author\" content=\"https:\/\/www.facebook.com\/portalmfoficial\" \/>\n<meta property=\"article:published_time\" content=\"2023-11-30T23:19:36+00:00\" \/>\n<meta property=\"article:modified_time\" content=\"2023-11-30T23:19:40+00:00\" \/>\n<meta property=\"og:image\" content=\"https:\/\/portalmf.com.br\/wp-content\/uploads\/2023\/11\/img20231130101745654MED.jpg\" \/>\n\t<meta property=\"og:image:width\" content=\"1000\" \/>\n\t<meta property=\"og:image:height\" content=\"616\" \/>\n\t<meta property=\"og:image:type\" content=\"image\/jpeg\" \/>\n<meta name=\"author\" content=\"Reda\u00e7\u00e3o Portal MF\" \/>\n<meta name=\"twitter:card\" content=\"summary_large_image\" \/>\n<meta name=\"twitter:creator\" content=\"@https:\/\/x.com\/portalmfoficial\" \/>\n<meta name=\"twitter:label1\" content=\"Escrito por\" \/>\n\t<meta name=\"twitter:data1\" content=\"Reda\u00e7\u00e3o Portal MF\" \/>\n\t<meta name=\"twitter:label2\" content=\"Est. tempo de leitura\" \/>\n\t<meta name=\"twitter:data2\" content=\"2 minutos\" \/>\n<script type=\"application\/ld+json\" class=\"yoast-schema-graph\">{\"@context\":\"https:\/\/schema.org\",\"@graph\":[{\"@type\":\"WebPage\",\"@id\":\"https:\/\/portalmf.com.br\/index.php\/2023\/11\/30\/camara-aprova-feriado-nacional-em-20-de-novembro-dia-de-zumbi-e-da-consciencia-negra\/\",\"url\":\"https:\/\/portalmf.com.br\/index.php\/2023\/11\/30\/camara-aprova-feriado-nacional-em-20-de-novembro-dia-de-zumbi-e-da-consciencia-negra\/\",\"name\":\"C\u00e2mara aprova feriado nacional em 20 de novembro, Dia de Zumbi e da Consci\u00eancia Negra - Portal MF\",\"isPartOf\":{\"@id\":\"https:\/\/portalmf.com.br\/#website\"},\"primaryImageOfPage\":{\"@id\":\"https:\/\/portalmf.com.br\/index.php\/2023\/11\/30\/camara-aprova-feriado-nacional-em-20-de-novembro-dia-de-zumbi-e-da-consciencia-negra\/#primaryimage\"},\"image\":{\"@id\":\"https:\/\/portalmf.com.br\/index.php\/2023\/11\/30\/camara-aprova-feriado-nacional-em-20-de-novembro-dia-de-zumbi-e-da-consciencia-negra\/#primaryimage\"},\"thumbnailUrl\":\"https:\/\/portalmf.com.br\/wp-content\/uploads\/2023\/11\/img20231130101745654MED.jpg\",\"datePublished\":\"2023-11-30T23:19:36+00:00\",\"dateModified\":\"2023-11-30T23:19:40+00:00\",\"author\":{\"@id\":\"https:\/\/portalmf.com.br\/#\/schema\/person\/9ec101baf56233e53520c26de5d6f6f0\"},\"breadcrumb\":{\"@id\":\"https:\/\/portalmf.com.br\/index.php\/2023\/11\/30\/camara-aprova-feriado-nacional-em-20-de-novembro-dia-de-zumbi-e-da-consciencia-negra\/#breadcrumb\"},\"inLanguage\":\"pt-BR\",\"potentialAction\":[{\"@type\":\"ReadAction\",\"target\":[\"https:\/\/portalmf.com.br\/index.php\/2023\/11\/30\/camara-aprova-feriado-nacional-em-20-de-novembro-dia-de-zumbi-e-da-consciencia-negra\/\"]}]},{\"@type\":\"ImageObject\",\"inLanguage\":\"pt-BR\",\"@id\":\"https:\/\/portalmf.com.br\/index.php\/2023\/11\/30\/camara-aprova-feriado-nacional-em-20-de-novembro-dia-de-zumbi-e-da-consciencia-negra\/#primaryimage\",\"url\":\"https:\/\/portalmf.com.br\/wp-content\/uploads\/2023\/11\/img20231130101745654MED.jpg\",\"contentUrl\":\"https:\/\/portalmf.com.br\/wp-content\/uploads\/2023\/11\/img20231130101745654MED.jpg\",\"width\":1000,\"height\":616},{\"@type\":\"BreadcrumbList\",\"@id\":\"https:\/\/portalmf.com.br\/index.php\/2023\/11\/30\/camara-aprova-feriado-nacional-em-20-de-novembro-dia-de-zumbi-e-da-consciencia-negra\/#breadcrumb\",\"itemListElement\":[{\"@type\":\"ListItem\",\"position\":1,\"name\":\"In\u00edcio\",\"item\":\"https:\/\/portalmf.com.br\/\"},{\"@type\":\"ListItem\",\"position\":2,\"name\":\"C\u00e2mara aprova feriado nacional em 20 de novembro, Dia de Zumbi e da Consci\u00eancia Negra\"}]},{\"@type\":\"WebSite\",\"@id\":\"https:\/\/portalmf.com.br\/#website\",\"url\":\"https:\/\/portalmf.com.br\/\",\"name\":\"Portal MF\",\"description\":\"Voc\u00ea conectado com a informa\u00e7\u00e3o\",\"potentialAction\":[{\"@type\":\"SearchAction\",\"target\":{\"@type\":\"EntryPoint\",\"urlTemplate\":\"https:\/\/portalmf.com.br\/?s={search_term_string}\"},\"query-input\":\"required name=search_term_string\"}],\"inLanguage\":\"pt-BR\"},{\"@type\":\"Person\",\"@id\":\"https:\/\/portalmf.com.br\/#\/schema\/person\/9ec101baf56233e53520c26de5d6f6f0\",\"name\":\"Reda\u00e7\u00e3o Portal MF\",\"image\":{\"@type\":\"ImageObject\",\"inLanguage\":\"pt-BR\",\"@id\":\"https:\/\/portalmf.com.br\/#\/schema\/person\/image\/\",\"url\":\"https:\/\/secure.gravatar.com\/avatar\/41b9aaeb2100835f7c64362330f74c7f?s=96&d=mm&r=g\",\"contentUrl\":\"https:\/\/secure.gravatar.com\/avatar\/41b9aaeb2100835f7c64362330f74c7f?s=96&d=mm&r=g\",\"caption\":\"Reda\u00e7\u00e3o Portal MF\"},\"description\":\"Sejam bem-vindos o portal de informa\u00e7\u00f5es de entretenimento de Feira de Santana, desde 2006 realiza coberturas dos principais eventos com entrevistas exclusivas com as principais personalidades mundiais. Fique conectado tamb\u00e9m nas redes sociais.\",\"sameAs\":[\"http:\/\/www.portalmf.com.br\/\",\"https:\/\/www.facebook.com\/portalmfoficial\",\"https:\/\/www.instagram.com\/portalmf\/\",\"https:\/\/x.com\/https:\/\/x.com\/portalmfoficial\",\"https:\/\/www.youtube.com\/@portalmfoficial\"],\"url\":\"https:\/\/portalmf.com.br\/index.php\/author\/junior\/\"}]}<\/script>\n<!-- \/ Yoast SEO plugin. -->","yoast_head_json":{"title":"C\u00e2mara aprova feriado nacional em 20 de novembro, Dia de Zumbi e da Consci\u00eancia Negra - Portal MF","robots":{"index":"index","follow":"follow","max-snippet":"max-snippet:-1","max-image-preview":"max-image-preview:large","max-video-preview":"max-video-preview:-1"},"canonical":"https:\/\/portalmf.com.br\/index.php\/2023\/11\/30\/camara-aprova-feriado-nacional-em-20-de-novembro-dia-de-zumbi-e-da-consciencia-negra\/","og_locale":"pt_BR","og_type":"article","og_title":"C\u00e2mara aprova feriado nacional em 20 de novembro, Dia de Zumbi e da Consci\u00eancia Negra - Portal MF","og_description":"O Plen\u00e1rio da C\u00e2mara dos Deputados aprovou nesta quarta-feira (29), por 286 votos contra 121, proposta que torna feriado nacional o Dia da Consci\u00eancia Negra, celebrado em 20 de novembro. O Projeto de Lei 3268\/21 j\u00e1 foi aprovado pelo Senado e segue agora para a san\u00e7\u00e3o presidencial. A data ser\u00e1 chamada Dia Nacional de Zumbi [&hellip;]","og_url":"https:\/\/portalmf.com.br\/index.php\/2023\/11\/30\/camara-aprova-feriado-nacional-em-20-de-novembro-dia-de-zumbi-e-da-consciencia-negra\/","og_site_name":"Portal MF","article_author":"https:\/\/www.facebook.com\/portalmfoficial","article_published_time":"2023-11-30T23:19:36+00:00","article_modified_time":"2023-11-30T23:19:40+00:00","og_image":[{"width":1000,"height":616,"url":"https:\/\/portalmf.com.br\/wp-content\/uploads\/2023\/11\/img20231130101745654MED.jpg","type":"image\/jpeg"}],"author":"Reda\u00e7\u00e3o Portal MF","twitter_card":"summary_large_image","twitter_creator":"@https:\/\/x.com\/portalmfoficial","twitter_misc":{"Escrito por":"Reda\u00e7\u00e3o Portal MF","Est. tempo de leitura":"2 minutos"},"schema":{"@context":"https:\/\/schema.org","@graph":[{"@type":"WebPage","@id":"https:\/\/portalmf.com.br\/index.php\/2023\/11\/30\/camara-aprova-feriado-nacional-em-20-de-novembro-dia-de-zumbi-e-da-consciencia-negra\/","url":"https:\/\/portalmf.com.br\/index.php\/2023\/11\/30\/camara-aprova-feriado-nacional-em-20-de-novembro-dia-de-zumbi-e-da-consciencia-negra\/","name":"C\u00e2mara aprova feriado nacional em 20 de novembro, Dia de Zumbi e da Consci\u00eancia Negra - Portal MF","isPartOf":{"@id":"https:\/\/portalmf.com.br\/#website"},"primaryImageOfPage":{"@id":"https:\/\/portalmf.com.br\/index.php\/2023\/11\/30\/camara-aprova-feriado-nacional-em-20-de-novembro-dia-de-zumbi-e-da-consciencia-negra\/#primaryimage"},"image":{"@id":"https:\/\/portalmf.com.br\/index.php\/2023\/11\/30\/camara-aprova-feriado-nacional-em-20-de-novembro-dia-de-zumbi-e-da-consciencia-negra\/#primaryimage"},"thumbnailUrl":"https:\/\/portalmf.com.br\/wp-content\/uploads\/2023\/11\/img20231130101745654MED.jpg","datePublished":"2023-11-30T23:19:36+00:00","dateModified":"2023-11-30T23:19:40+00:00","author":{"@id":"https:\/\/portalmf.com.br\/#\/schema\/person\/9ec101baf56233e53520c26de5d6f6f0"},"breadcrumb":{"@id":"https:\/\/portalmf.com.br\/index.php\/2023\/11\/30\/camara-aprova-feriado-nacional-em-20-de-novembro-dia-de-zumbi-e-da-consciencia-negra\/#breadcrumb"},"inLanguage":"pt-BR","potentialAction":[{"@type":"ReadAction","target":["https:\/\/portalmf.com.br\/index.php\/2023\/11\/30\/camara-aprova-feriado-nacional-em-20-de-novembro-dia-de-zumbi-e-da-consciencia-negra\/"]}]},{"@type":"ImageObject","inLanguage":"pt-BR","@id":"https:\/\/portalmf.com.br\/index.php\/2023\/11\/30\/camara-aprova-feriado-nacional-em-20-de-novembro-dia-de-zumbi-e-da-consciencia-negra\/#primaryimage","url":"https:\/\/portalmf.com.br\/wp-content\/uploads\/2023\/11\/img20231130101745654MED.jpg","contentUrl":"https:\/\/portalmf.com.br\/wp-content\/uploads\/2023\/11\/img20231130101745654MED.jpg","width":1000,"height":616},{"@type":"BreadcrumbList","@id":"https:\/\/portalmf.com.br\/index.php\/2023\/11\/30\/camara-aprova-feriado-nacional-em-20-de-novembro-dia-de-zumbi-e-da-consciencia-negra\/#breadcrumb","itemListElement":[{"@type":"ListItem","position":1,"name":"In\u00edcio","item":"https:\/\/portalmf.com.br\/"},{"@type":"ListItem","position":2,"name":"C\u00e2mara aprova feriado nacional em 20 de novembro, Dia de Zumbi e da Consci\u00eancia Negra"}]},{"@type":"WebSite","@id":"https:\/\/portalmf.com.br\/#website","url":"https:\/\/portalmf.com.br\/","name":"Portal MF","description":"Voc\u00ea conectado com a informa\u00e7\u00e3o","potentialAction":[{"@type":"SearchAction","target":{"@type":"EntryPoint","urlTemplate":"https:\/\/portalmf.com.br\/?s={search_term_string}"},"query-input":"required name=search_term_string"}],"inLanguage":"pt-BR"},{"@type":"Person","@id":"https:\/\/portalmf.com.br\/#\/schema\/person\/9ec101baf56233e53520c26de5d6f6f0","name":"Reda\u00e7\u00e3o Portal MF","image":{"@type":"ImageObject","inLanguage":"pt-BR","@id":"https:\/\/portalmf.com.br\/#\/schema\/person\/image\/","url":"https:\/\/secure.gravatar.com\/avatar\/41b9aaeb2100835f7c64362330f74c7f?s=96&d=mm&r=g","contentUrl":"https:\/\/secure.gravatar.com\/avatar\/41b9aaeb2100835f7c64362330f74c7f?s=96&d=mm&r=g","caption":"Reda\u00e7\u00e3o Portal MF"},"description":"Sejam bem-vindos o portal de informa\u00e7\u00f5es de entretenimento de Feira de Santana, desde 2006 realiza coberturas dos principais eventos com entrevistas exclusivas com as principais personalidades mundiais. Fique conectado tamb\u00e9m nas redes sociais.","sameAs":["http:\/\/www.portalmf.com.br\/","https:\/\/www.facebook.com\/portalmfoficial","https:\/\/www.instagram.com\/portalmf\/","https:\/\/x.com\/https:\/\/x.com\/portalmfoficial","https:\/\/www.youtube.com\/@portalmfoficial"],"url":"https:\/\/portalmf.com.br\/index.php\/author\/junior\/"}]}},"_links":{"self":[{"href":"https:\/\/portalmf.com.br\/index.php\/wp-json\/wp\/v2\/posts\/20437"}],"collection":[{"href":"https:\/\/portalmf.com.br\/index.php\/wp-json\/wp\/v2\/posts"}],"about":[{"href":"https:\/\/portalmf.com.br\/index.php\/wp-json\/wp\/v2\/types\/post"}],"author":[{"embeddable":true,"href":"https:\/\/portalmf.com.br\/index.php\/wp-json\/wp\/v2\/users\/3"}],"replies":[{"embeddable":true,"href":"https:\/\/portalmf.com.br\/index.php\/wp-json\/wp\/v2\/comments?post=20437"}],"version-history":[{"count":1,"href":"https:\/\/portalmf.com.br\/index.php\/wp-json\/wp\/v2\/posts\/20437\/revisions"}],"predecessor-version":[{"id":20440,"href":"https:\/\/portalmf.com.br\/index.php\/wp-json\/wp\/v2\/posts\/20437\/revisions\/20440"}],"wp:featuredmedia":[{"embeddable":true,"href":"https:\/\/portalmf.com.br\/index.php\/wp-json\/wp\/v2\/media\/20439"}],"wp:attachment":[{"href":"https:\/\/portalmf.com.br\/index.php\/wp-json\/wp\/v2\/media?parent=20437"}],"wp:term":[{"taxonomy":"category","embeddable":true,"href":"https:\/\/portalmf.com.br\/index.php\/wp-json\/wp\/v2\/categories?post=20437"},{"taxonomy":"post_tag","embeddable":true,"href":"https:\/\/portalmf.com.br\/index.php\/wp-json\/wp\/v2\/tags?post=20437"}],"curies":[{"name":"wp","href":"https:\/\/api.w.org\/{rel}","templated":true}]}}