{"id":20359,"date":"2023-11-29T14:26:00","date_gmt":"2023-11-29T17:26:00","guid":{"rendered":"https:\/\/portalmf.com.br\/?p=20359"},"modified":"2023-11-29T17:27:41","modified_gmt":"2023-11-29T20:27:41","slug":"alunos-da-escola-municipal-ernestina-carneiro-participam-de-acao-do-novembrinho-azul","status":"publish","type":"post","link":"https:\/\/portalmf.com.br\/index.php\/2023\/11\/29\/alunos-da-escola-municipal-ernestina-carneiro-participam-de-acao-do-novembrinho-azul\/","title":{"rendered":"Alunos da Escola Municipal Ernestina Carneiro participam de a\u00e7\u00e3o do Novembrinho Azul"},"content":{"rendered":"\n<p>A campanha Novembrinho Azul, que alerta sobre a import\u00e2ncia da vacina contra o HPV, desembarcou na Escola Municipal Ernestina Carneiro nesta ter\u00e7a-feira (28). Durante a a\u00e7\u00e3o, a equipe da Unidade de Sa\u00fade da Fam\u00edlia- USF Rua Nova\/ Barroquinha realizou palestras e atualiza\u00e7\u00e3o de caderneta vacinal.<\/p>\n\n\n\n<p>O gerente da USF, Tiago Souza, destaca que aprender sobre o cuidado desde cedo \u00e9 essencial para a preven\u00e7\u00e3o de doen\u00e7as que costumam atingir os homens na fase adulta.&nbsp;<\/p>\n\n\n\n<p><em>\u201cMuitos homens s\u00e3o resistentes hoje porque n\u00e3o foram criados com esse entendimento. Buscamos trazer o maior n\u00famero de informa\u00e7\u00f5es para os alunos, atrav\u00e9s de uma equipe multidisciplinar\u201d, <\/em>ressaltou.<\/p>\n\n\n\n<p>O estudante, Kauan Victor Coelho, de 13 anos, enfatizou os benef\u00edcios da vacina\u00e7\u00e3o.<em> \u201cO HPV \u00e9 uma infec\u00e7\u00e3o sexualmente transmiss\u00edvel que pode causar v\u00e1rias doen\u00e7as. Tomar a vacina \u00e9 um benef\u00edcio pr\u00f3prio e coletivo tamb\u00e9m\u201d<\/em>, enfatizou.<\/p>\n\n\n\n<p>A vice-diretora da unidade escolar, Simone Borges, pontua que \u00e9 fun\u00e7\u00e3o social do lugar fornecer informa\u00e7\u00f5es a respeito da sa\u00fade. \u201cA porta da escola sempre estar\u00e1 aberta pra a\u00e7\u00f5es como essa. A vacina \u00e9 um&nbsp; pacto pela vida. Vacinar \u00e9 um ato de amor coletivo\u201d, enfatizou.<\/p>\n\n\n\n<p>Segundo a enfermeira refer\u00eancia t\u00e9cnica em sa\u00fade do homem, Gleika Borges, a estrat\u00e9gia tamb\u00e9m tem como objetivo utilizar os estudantes como elo para atrair pais e outros familiares at\u00e9 a unidade de sa\u00fade<em>. \u201cAo longo de todo o m\u00eas, todas as unidades t\u00eam desenvolvido a\u00e7\u00f5es para alertar sobre o diagn\u00f3stico precoce e fazer investiga\u00e7\u00e3o de dores testiculares ou volume do saco escrotal\u201d<\/em>, relatou.<\/p>\n\n\n\n<p>Com informa\u00e7\u00f5es da Secom<\/p>\n","protected":false},"excerpt":{"rendered":"<p>A campanha Novembrinho Azul, que alerta sobre a import\u00e2ncia da vacina contra o HPV, desembarcou na Escola Municipal Ernestina Carneiro nesta ter\u00e7a-feira (28). Durante a a\u00e7\u00e3o, a equipe da Unidade de Sa\u00fade da Fam\u00edlia- USF Rua Nova\/ Barroquinha realizou palestras e atualiza\u00e7\u00e3o de caderneta vacinal. O gerente da USF, Tiago Souza, destaca que aprender sobre [&hellip;]<\/p>\n","protected":false},"author":3,"featured_media":20360,"comment_status":"open","ping_status":"open","sticky":false,"template":"","format":"standard","meta":{"_monsterinsights_skip_tracking":false,"_monsterinsights_sitenote_active":false,"_monsterinsights_sitenote_note":"","_monsterinsights_sitenote_category":0,"footnotes":""},"categories":[34],"tags":[],"yoast_head":"<!-- This site is optimized with the Yoast SEO plugin v22.9 - https:\/\/yoast.com\/wordpress\/plugins\/seo\/ -->\n<title>Alunos da Escola Municipal Ernestina Carneiro participam de a\u00e7\u00e3o do Novembrinho Azul - Portal MF<\/title>\n<meta name=\"robots\" content=\"index, follow, max-snippet:-1, max-image-preview:large, max-video-preview:-1\" \/>\n<link rel=\"canonical\" href=\"https:\/\/portalmf.com.br\/index.php\/2023\/11\/29\/alunos-da-escola-municipal-ernestina-carneiro-participam-de-acao-do-novembrinho-azul\/\" \/>\n<meta property=\"og:locale\" content=\"pt_BR\" \/>\n<meta property=\"og:type\" content=\"article\" \/>\n<meta property=\"og:title\" content=\"Alunos da Escola Municipal Ernestina Carneiro participam de a\u00e7\u00e3o do Novembrinho Azul - Portal MF\" \/>\n<meta property=\"og:description\" content=\"A campanha Novembrinho Azul, que alerta sobre a import\u00e2ncia da vacina contra o HPV, desembarcou na Escola Municipal Ernestina Carneiro nesta ter\u00e7a-feira (28). Durante a a\u00e7\u00e3o, a equipe da Unidade de Sa\u00fade da Fam\u00edlia- USF Rua Nova\/ Barroquinha realizou palestras e atualiza\u00e7\u00e3o de caderneta vacinal. O gerente da USF, Tiago Souza, destaca que aprender sobre [&hellip;]\" \/>\n<meta property=\"og:url\" content=\"https:\/\/portalmf.com.br\/index.php\/2023\/11\/29\/alunos-da-escola-municipal-ernestina-carneiro-participam-de-acao-do-novembrinho-azul\/\" \/>\n<meta property=\"og:site_name\" content=\"Portal MF\" \/>\n<meta property=\"article:author\" content=\"https:\/\/www.facebook.com\/portalmfoficial\" \/>\n<meta property=\"article:published_time\" content=\"2023-11-29T17:26:00+00:00\" \/>\n<meta property=\"article:modified_time\" content=\"2023-11-29T20:27:41+00:00\" \/>\n<meta property=\"og:image\" content=\"https:\/\/portalmf.com.br\/wp-content\/uploads\/2023\/11\/Alunos-da-Escola-Municipal-Ernestina-Carneiro-participam-de-acao-do-Novembrinho-Azul.jpg\" \/>\n\t<meta property=\"og:image:width\" content=\"1306\" \/>\n\t<meta property=\"og:image:height\" content=\"731\" \/>\n\t<meta property=\"og:image:type\" content=\"image\/jpeg\" \/>\n<meta name=\"author\" content=\"Reda\u00e7\u00e3o Portal MF\" \/>\n<meta name=\"twitter:card\" content=\"summary_large_image\" \/>\n<meta name=\"twitter:creator\" content=\"@https:\/\/x.com\/portalmfoficial\" \/>\n<meta name=\"twitter:label1\" content=\"Escrito por\" \/>\n\t<meta name=\"twitter:data1\" content=\"Reda\u00e7\u00e3o Portal MF\" \/>\n\t<meta name=\"twitter:label2\" content=\"Est. tempo de leitura\" \/>\n\t<meta name=\"twitter:data2\" content=\"2 minutos\" \/>\n<script type=\"application\/ld+json\" class=\"yoast-schema-graph\">{\"@context\":\"https:\/\/schema.org\",\"@graph\":[{\"@type\":\"WebPage\",\"@id\":\"https:\/\/portalmf.com.br\/index.php\/2023\/11\/29\/alunos-da-escola-municipal-ernestina-carneiro-participam-de-acao-do-novembrinho-azul\/\",\"url\":\"https:\/\/portalmf.com.br\/index.php\/2023\/11\/29\/alunos-da-escola-municipal-ernestina-carneiro-participam-de-acao-do-novembrinho-azul\/\",\"name\":\"Alunos da Escola Municipal Ernestina Carneiro participam de a\u00e7\u00e3o do Novembrinho Azul - Portal MF\",\"isPartOf\":{\"@id\":\"https:\/\/portalmf.com.br\/#website\"},\"primaryImageOfPage\":{\"@id\":\"https:\/\/portalmf.com.br\/index.php\/2023\/11\/29\/alunos-da-escola-municipal-ernestina-carneiro-participam-de-acao-do-novembrinho-azul\/#primaryimage\"},\"image\":{\"@id\":\"https:\/\/portalmf.com.br\/index.php\/2023\/11\/29\/alunos-da-escola-municipal-ernestina-carneiro-participam-de-acao-do-novembrinho-azul\/#primaryimage\"},\"thumbnailUrl\":\"https:\/\/portalmf.com.br\/wp-content\/uploads\/2023\/11\/Alunos-da-Escola-Municipal-Ernestina-Carneiro-participam-de-acao-do-Novembrinho-Azul.jpg\",\"datePublished\":\"2023-11-29T17:26:00+00:00\",\"dateModified\":\"2023-11-29T20:27:41+00:00\",\"author\":{\"@id\":\"https:\/\/portalmf.com.br\/#\/schema\/person\/9ec101baf56233e53520c26de5d6f6f0\"},\"breadcrumb\":{\"@id\":\"https:\/\/portalmf.com.br\/index.php\/2023\/11\/29\/alunos-da-escola-municipal-ernestina-carneiro-participam-de-acao-do-novembrinho-azul\/#breadcrumb\"},\"inLanguage\":\"pt-BR\",\"potentialAction\":[{\"@type\":\"ReadAction\",\"target\":[\"https:\/\/portalmf.com.br\/index.php\/2023\/11\/29\/alunos-da-escola-municipal-ernestina-carneiro-participam-de-acao-do-novembrinho-azul\/\"]}]},{\"@type\":\"ImageObject\",\"inLanguage\":\"pt-BR\",\"@id\":\"https:\/\/portalmf.com.br\/index.php\/2023\/11\/29\/alunos-da-escola-municipal-ernestina-carneiro-participam-de-acao-do-novembrinho-azul\/#primaryimage\",\"url\":\"https:\/\/portalmf.com.br\/wp-content\/uploads\/2023\/11\/Alunos-da-Escola-Municipal-Ernestina-Carneiro-participam-de-acao-do-Novembrinho-Azul.jpg\",\"contentUrl\":\"https:\/\/portalmf.com.br\/wp-content\/uploads\/2023\/11\/Alunos-da-Escola-Municipal-Ernestina-Carneiro-participam-de-acao-do-Novembrinho-Azul.jpg\",\"width\":1306,\"height\":731,\"caption\":\"Foto: Danielly Freitas\"},{\"@type\":\"BreadcrumbList\",\"@id\":\"https:\/\/portalmf.com.br\/index.php\/2023\/11\/29\/alunos-da-escola-municipal-ernestina-carneiro-participam-de-acao-do-novembrinho-azul\/#breadcrumb\",\"itemListElement\":[{\"@type\":\"ListItem\",\"position\":1,\"name\":\"In\u00edcio\",\"item\":\"https:\/\/portalmf.com.br\/\"},{\"@type\":\"ListItem\",\"position\":2,\"name\":\"Alunos da Escola Municipal Ernestina Carneiro participam de a\u00e7\u00e3o do Novembrinho Azul\"}]},{\"@type\":\"WebSite\",\"@id\":\"https:\/\/portalmf.com.br\/#website\",\"url\":\"https:\/\/portalmf.com.br\/\",\"name\":\"Portal MF\",\"description\":\"Voc\u00ea conectado com a informa\u00e7\u00e3o\",\"potentialAction\":[{\"@type\":\"SearchAction\",\"target\":{\"@type\":\"EntryPoint\",\"urlTemplate\":\"https:\/\/portalmf.com.br\/?s={search_term_string}\"},\"query-input\":\"required name=search_term_string\"}],\"inLanguage\":\"pt-BR\"},{\"@type\":\"Person\",\"@id\":\"https:\/\/portalmf.com.br\/#\/schema\/person\/9ec101baf56233e53520c26de5d6f6f0\",\"name\":\"Reda\u00e7\u00e3o Portal MF\",\"image\":{\"@type\":\"ImageObject\",\"inLanguage\":\"pt-BR\",\"@id\":\"https:\/\/portalmf.com.br\/#\/schema\/person\/image\/\",\"url\":\"https:\/\/secure.gravatar.com\/avatar\/41b9aaeb2100835f7c64362330f74c7f?s=96&d=mm&r=g\",\"contentUrl\":\"https:\/\/secure.gravatar.com\/avatar\/41b9aaeb2100835f7c64362330f74c7f?s=96&d=mm&r=g\",\"caption\":\"Reda\u00e7\u00e3o Portal MF\"},\"description\":\"Sejam bem-vindos o portal de informa\u00e7\u00f5es de entretenimento de Feira de Santana, desde 2006 realiza coberturas dos principais eventos com entrevistas exclusivas com as principais personalidades mundiais. Fique conectado tamb\u00e9m nas redes sociais.\",\"sameAs\":[\"http:\/\/www.portalmf.com.br\/\",\"https:\/\/www.facebook.com\/portalmfoficial\",\"https:\/\/www.instagram.com\/portalmf\/\",\"https:\/\/x.com\/https:\/\/x.com\/portalmfoficial\",\"https:\/\/www.youtube.com\/@portalmfoficial\"],\"url\":\"https:\/\/portalmf.com.br\/index.php\/author\/junior\/\"}]}<\/script>\n<!-- \/ Yoast SEO plugin. -->","yoast_head_json":{"title":"Alunos da Escola Municipal Ernestina Carneiro participam de a\u00e7\u00e3o do Novembrinho Azul - Portal MF","robots":{"index":"index","follow":"follow","max-snippet":"max-snippet:-1","max-image-preview":"max-image-preview:large","max-video-preview":"max-video-preview:-1"},"canonical":"https:\/\/portalmf.com.br\/index.php\/2023\/11\/29\/alunos-da-escola-municipal-ernestina-carneiro-participam-de-acao-do-novembrinho-azul\/","og_locale":"pt_BR","og_type":"article","og_title":"Alunos da Escola Municipal Ernestina Carneiro participam de a\u00e7\u00e3o do Novembrinho Azul - Portal MF","og_description":"A campanha Novembrinho Azul, que alerta sobre a import\u00e2ncia da vacina contra o HPV, desembarcou na Escola Municipal Ernestina Carneiro nesta ter\u00e7a-feira (28). Durante a a\u00e7\u00e3o, a equipe da Unidade de Sa\u00fade da Fam\u00edlia- USF Rua Nova\/ Barroquinha realizou palestras e atualiza\u00e7\u00e3o de caderneta vacinal. O gerente da USF, Tiago Souza, destaca que aprender sobre [&hellip;]","og_url":"https:\/\/portalmf.com.br\/index.php\/2023\/11\/29\/alunos-da-escola-municipal-ernestina-carneiro-participam-de-acao-do-novembrinho-azul\/","og_site_name":"Portal MF","article_author":"https:\/\/www.facebook.com\/portalmfoficial","article_published_time":"2023-11-29T17:26:00+00:00","article_modified_time":"2023-11-29T20:27:41+00:00","og_image":[{"width":1306,"height":731,"url":"https:\/\/portalmf.com.br\/wp-content\/uploads\/2023\/11\/Alunos-da-Escola-Municipal-Ernestina-Carneiro-participam-de-acao-do-Novembrinho-Azul.jpg","type":"image\/jpeg"}],"author":"Reda\u00e7\u00e3o Portal MF","twitter_card":"summary_large_image","twitter_creator":"@https:\/\/x.com\/portalmfoficial","twitter_misc":{"Escrito por":"Reda\u00e7\u00e3o Portal MF","Est. tempo de leitura":"2 minutos"},"schema":{"@context":"https:\/\/schema.org","@graph":[{"@type":"WebPage","@id":"https:\/\/portalmf.com.br\/index.php\/2023\/11\/29\/alunos-da-escola-municipal-ernestina-carneiro-participam-de-acao-do-novembrinho-azul\/","url":"https:\/\/portalmf.com.br\/index.php\/2023\/11\/29\/alunos-da-escola-municipal-ernestina-carneiro-participam-de-acao-do-novembrinho-azul\/","name":"Alunos da Escola Municipal Ernestina Carneiro participam de a\u00e7\u00e3o do Novembrinho Azul - Portal MF","isPartOf":{"@id":"https:\/\/portalmf.com.br\/#website"},"primaryImageOfPage":{"@id":"https:\/\/portalmf.com.br\/index.php\/2023\/11\/29\/alunos-da-escola-municipal-ernestina-carneiro-participam-de-acao-do-novembrinho-azul\/#primaryimage"},"image":{"@id":"https:\/\/portalmf.com.br\/index.php\/2023\/11\/29\/alunos-da-escola-municipal-ernestina-carneiro-participam-de-acao-do-novembrinho-azul\/#primaryimage"},"thumbnailUrl":"https:\/\/portalmf.com.br\/wp-content\/uploads\/2023\/11\/Alunos-da-Escola-Municipal-Ernestina-Carneiro-participam-de-acao-do-Novembrinho-Azul.jpg","datePublished":"2023-11-29T17:26:00+00:00","dateModified":"2023-11-29T20:27:41+00:00","author":{"@id":"https:\/\/portalmf.com.br\/#\/schema\/person\/9ec101baf56233e53520c26de5d6f6f0"},"breadcrumb":{"@id":"https:\/\/portalmf.com.br\/index.php\/2023\/11\/29\/alunos-da-escola-municipal-ernestina-carneiro-participam-de-acao-do-novembrinho-azul\/#breadcrumb"},"inLanguage":"pt-BR","potentialAction":[{"@type":"ReadAction","target":["https:\/\/portalmf.com.br\/index.php\/2023\/11\/29\/alunos-da-escola-municipal-ernestina-carneiro-participam-de-acao-do-novembrinho-azul\/"]}]},{"@type":"ImageObject","inLanguage":"pt-BR","@id":"https:\/\/portalmf.com.br\/index.php\/2023\/11\/29\/alunos-da-escola-municipal-ernestina-carneiro-participam-de-acao-do-novembrinho-azul\/#primaryimage","url":"https:\/\/portalmf.com.br\/wp-content\/uploads\/2023\/11\/Alunos-da-Escola-Municipal-Ernestina-Carneiro-participam-de-acao-do-Novembrinho-Azul.jpg","contentUrl":"https:\/\/portalmf.com.br\/wp-content\/uploads\/2023\/11\/Alunos-da-Escola-Municipal-Ernestina-Carneiro-participam-de-acao-do-Novembrinho-Azul.jpg","width":1306,"height":731,"caption":"Foto: Danielly Freitas"},{"@type":"BreadcrumbList","@id":"https:\/\/portalmf.com.br\/index.php\/2023\/11\/29\/alunos-da-escola-municipal-ernestina-carneiro-participam-de-acao-do-novembrinho-azul\/#breadcrumb","itemListElement":[{"@type":"ListItem","position":1,"name":"In\u00edcio","item":"https:\/\/portalmf.com.br\/"},{"@type":"ListItem","position":2,"name":"Alunos da Escola Municipal Ernestina Carneiro participam de a\u00e7\u00e3o do Novembrinho Azul"}]},{"@type":"WebSite","@id":"https:\/\/portalmf.com.br\/#website","url":"https:\/\/portalmf.com.br\/","name":"Portal MF","description":"Voc\u00ea conectado com a informa\u00e7\u00e3o","potentialAction":[{"@type":"SearchAction","target":{"@type":"EntryPoint","urlTemplate":"https:\/\/portalmf.com.br\/?s={search_term_string}"},"query-input":"required name=search_term_string"}],"inLanguage":"pt-BR"},{"@type":"Person","@id":"https:\/\/portalmf.com.br\/#\/schema\/person\/9ec101baf56233e53520c26de5d6f6f0","name":"Reda\u00e7\u00e3o Portal MF","image":{"@type":"ImageObject","inLanguage":"pt-BR","@id":"https:\/\/portalmf.com.br\/#\/schema\/person\/image\/","url":"https:\/\/secure.gravatar.com\/avatar\/41b9aaeb2100835f7c64362330f74c7f?s=96&d=mm&r=g","contentUrl":"https:\/\/secure.gravatar.com\/avatar\/41b9aaeb2100835f7c64362330f74c7f?s=96&d=mm&r=g","caption":"Reda\u00e7\u00e3o Portal MF"},"description":"Sejam bem-vindos o portal de informa\u00e7\u00f5es de entretenimento de Feira de Santana, desde 2006 realiza coberturas dos principais eventos com entrevistas exclusivas com as principais personalidades mundiais. Fique conectado tamb\u00e9m nas redes sociais.","sameAs":["http:\/\/www.portalmf.com.br\/","https:\/\/www.facebook.com\/portalmfoficial","https:\/\/www.instagram.com\/portalmf\/","https:\/\/x.com\/https:\/\/x.com\/portalmfoficial","https:\/\/www.youtube.com\/@portalmfoficial"],"url":"https:\/\/portalmf.com.br\/index.php\/author\/junior\/"}]}},"_links":{"self":[{"href":"https:\/\/portalmf.com.br\/index.php\/wp-json\/wp\/v2\/posts\/20359"}],"collection":[{"href":"https:\/\/portalmf.com.br\/index.php\/wp-json\/wp\/v2\/posts"}],"about":[{"href":"https:\/\/portalmf.com.br\/index.php\/wp-json\/wp\/v2\/types\/post"}],"author":[{"embeddable":true,"href":"https:\/\/portalmf.com.br\/index.php\/wp-json\/wp\/v2\/users\/3"}],"replies":[{"embeddable":true,"href":"https:\/\/portalmf.com.br\/index.php\/wp-json\/wp\/v2\/comments?post=20359"}],"version-history":[{"count":1,"href":"https:\/\/portalmf.com.br\/index.php\/wp-json\/wp\/v2\/posts\/20359\/revisions"}],"predecessor-version":[{"id":20361,"href":"https:\/\/portalmf.com.br\/index.php\/wp-json\/wp\/v2\/posts\/20359\/revisions\/20361"}],"wp:featuredmedia":[{"embeddable":true,"href":"https:\/\/portalmf.com.br\/index.php\/wp-json\/wp\/v2\/media\/20360"}],"wp:attachment":[{"href":"https:\/\/portalmf.com.br\/index.php\/wp-json\/wp\/v2\/media?parent=20359"}],"wp:term":[{"taxonomy":"category","embeddable":true,"href":"https:\/\/portalmf.com.br\/index.php\/wp-json\/wp\/v2\/categories?post=20359"},{"taxonomy":"post_tag","embeddable":true,"href":"https:\/\/portalmf.com.br\/index.php\/wp-json\/wp\/v2\/tags?post=20359"}],"curies":[{"name":"wp","href":"https:\/\/api.w.org\/{rel}","templated":true}]}}