{"id":20356,"date":"2023-11-29T17:20:49","date_gmt":"2023-11-29T20:20:49","guid":{"rendered":"https:\/\/portalmf.com.br\/?p=20356"},"modified":"2023-11-29T17:20:53","modified_gmt":"2023-11-29T20:20:53","slug":"feira-devera-possuir-um-sistema-integrado-de-atendimento-a-pessoa-com-espectro-autista","status":"publish","type":"post","link":"https:\/\/portalmf.com.br\/index.php\/2023\/11\/29\/feira-devera-possuir-um-sistema-integrado-de-atendimento-a-pessoa-com-espectro-autista\/","title":{"rendered":"Feira dever\u00e1 possuir um Sistema Integrado de Atendimento \u00e0 Pessoa com Espectro Autista"},"content":{"rendered":"\n<p>Feira de Santana dever\u00e1 passar a contar com um Sistema Municipal Integrado de Atendimento \u00e0 Pessoa com Transtorno do Espectro Autista. Esse \u00e9 o objetivo do projeto n\u00ba 109\/2023, de autoria da vereadora Eremita Mota (PSDB), aprovado em 1\u00aa discuss\u00e3o na sess\u00e3o ordin\u00e1ria desta quarta-feira (29). A proposta visa&nbsp; instituir diretrizes para a plena efetiva\u00e7\u00e3o dos direitos fundamentais decorrentes da Constitui\u00e7\u00e3o Federal e das Leis Estaduais e Municipais, que tratam desses cidad\u00e3os.<\/p>\n\n\n\n<p>Conforme o projeto, que dever\u00e1 ser votado em 2\u00aa discuss\u00e3o nos pr\u00f3ximos dias,&nbsp; fica o Poder Executivo autorizado a realizar testes e avalia\u00e7\u00f5es espec\u00edficos gratuitos para o diagn\u00f3stico precoce do autismo, preferencialmente em crian\u00e7as entre 14 e 36 meses de idade, e &#8220;instituir e\/ou manter e\/ou adequar centros de atendimentos integrados de sa\u00fade, educa\u00e7\u00e3o e assist\u00eancia social especializados no tratamento de pessoas com Espectro Autista&#8221;.<\/p>\n\n\n\n<p>Tamb\u00e9m ficar\u00e1 o Governo Municipal&nbsp; autorizado a disponibilizar tratamento especializado em \u00e1reas como comunica\u00e7\u00e3o (fonoaudi\u00f3loga), aprendizado (pedagogia especializada, com assistente\/auxiliar terap\u00eautica, se necess\u00e1rio), psicoterapia comportamental (psicologia), psicofarmacologia infantil (psiquiatria neurologista e neuropediatria), psiquiatria de adulto, capacita\u00e7\u00e3o motora (fisioterapia) e diagn\u00f3stico constante (neurologia) etc.<\/p>\n\n\n\n<p>O Sistema Municipal Integrado de Atendimento \u00e0 Pessoa com Espectro Autista consiste em uma ferramenta para integrar os diversos servi\u00e7os prestados a este p\u00fablico em Feira de Santana, devendo ser constitu\u00eddo de servi\u00e7os de sa\u00fade e odontol\u00f3gico, educa\u00e7\u00e3o,&nbsp; assist\u00eancia social, informa\u00e7\u00e3o e cadastro, esporte,&nbsp; lazer e cultura.&nbsp; Ser\u00e1 formado por&nbsp; representantes das Secretarias de Sa\u00fade, Educa\u00e7\u00e3o e A\u00e7\u00e3o Social; Esporte e Lazer, e Cultura, visando integrar as a\u00e7\u00f5es governamentais voltadas para pessoas autistas.<\/p>\n\n\n\n<p>Conforme definido na 10\u00aa vers\u00e3o da Classifica\u00e7\u00e3o Internacional de Doen\u00e7as (CID-10) da Organiza\u00e7\u00e3o Mundial de Sa\u00fade (OMS), pessoa com espectro autista \u00e9 aquela portadora de transtorno global do desenvolvimento. O diagn\u00f3stico precoce \u00e9 a identifica\u00e7\u00e3o nos tr\u00eas primeiros anos de vida dos sintomas caracter\u00edsticos do TEA (Transtorno do Espectro Autista).<\/p>\n\n\n\n<p>Com informa\u00e7\u00f5es da Ascom<\/p>\n","protected":false},"excerpt":{"rendered":"<p>Feira de Santana dever\u00e1 passar a contar com um Sistema Municipal Integrado de Atendimento \u00e0 Pessoa com Transtorno do Espectro Autista. Esse \u00e9 o objetivo do projeto n\u00ba 109\/2023, de autoria da vereadora Eremita Mota (PSDB), aprovado em 1\u00aa discuss\u00e3o na sess\u00e3o ordin\u00e1ria desta quarta-feira (29). A proposta visa&nbsp; instituir diretrizes para a plena efetiva\u00e7\u00e3o [&hellip;]<\/p>\n","protected":false},"author":3,"featured_media":20357,"comment_status":"open","ping_status":"open","sticky":false,"template":"","format":"standard","meta":{"_monsterinsights_skip_tracking":false,"_monsterinsights_sitenote_active":false,"_monsterinsights_sitenote_note":"","_monsterinsights_sitenote_category":0,"footnotes":""},"categories":[34],"tags":[],"yoast_head":"<!-- This site is optimized with the Yoast SEO plugin v22.9 - https:\/\/yoast.com\/wordpress\/plugins\/seo\/ -->\n<title>Feira dever\u00e1 possuir um Sistema Integrado de Atendimento \u00e0 Pessoa com Espectro Autista - Portal MF<\/title>\n<meta name=\"robots\" content=\"index, follow, max-snippet:-1, max-image-preview:large, max-video-preview:-1\" \/>\n<link rel=\"canonical\" href=\"https:\/\/portalmf.com.br\/index.php\/2023\/11\/29\/feira-devera-possuir-um-sistema-integrado-de-atendimento-a-pessoa-com-espectro-autista\/\" \/>\n<meta property=\"og:locale\" content=\"pt_BR\" \/>\n<meta property=\"og:type\" content=\"article\" \/>\n<meta property=\"og:title\" content=\"Feira dever\u00e1 possuir um Sistema Integrado de Atendimento \u00e0 Pessoa com Espectro Autista - Portal MF\" \/>\n<meta property=\"og:description\" content=\"Feira de Santana dever\u00e1 passar a contar com um Sistema Municipal Integrado de Atendimento \u00e0 Pessoa com Transtorno do Espectro Autista. Esse \u00e9 o objetivo do projeto n\u00ba 109\/2023, de autoria da vereadora Eremita Mota (PSDB), aprovado em 1\u00aa discuss\u00e3o na sess\u00e3o ordin\u00e1ria desta quarta-feira (29). A proposta visa&nbsp; instituir diretrizes para a plena efetiva\u00e7\u00e3o [&hellip;]\" \/>\n<meta property=\"og:url\" content=\"https:\/\/portalmf.com.br\/index.php\/2023\/11\/29\/feira-devera-possuir-um-sistema-integrado-de-atendimento-a-pessoa-com-espectro-autista\/\" \/>\n<meta property=\"og:site_name\" content=\"Portal MF\" \/>\n<meta property=\"article:author\" content=\"https:\/\/www.facebook.com\/portalmfoficial\" \/>\n<meta property=\"article:published_time\" content=\"2023-11-29T20:20:49+00:00\" \/>\n<meta property=\"article:modified_time\" content=\"2023-11-29T20:20:53+00:00\" \/>\n<meta property=\"og:image\" content=\"https:\/\/portalmf.com.br\/wp-content\/uploads\/2023\/11\/Eremita-Mota-Presidente.jpg\" \/>\n\t<meta property=\"og:image:width\" content=\"1306\" \/>\n\t<meta property=\"og:image:height\" content=\"870\" \/>\n\t<meta property=\"og:image:type\" content=\"image\/jpeg\" \/>\n<meta name=\"author\" content=\"Reda\u00e7\u00e3o Portal MF\" \/>\n<meta name=\"twitter:card\" content=\"summary_large_image\" \/>\n<meta name=\"twitter:creator\" content=\"@https:\/\/x.com\/portalmfoficial\" \/>\n<meta name=\"twitter:label1\" content=\"Escrito por\" \/>\n\t<meta name=\"twitter:data1\" content=\"Reda\u00e7\u00e3o Portal MF\" \/>\n\t<meta name=\"twitter:label2\" content=\"Est. tempo de leitura\" \/>\n\t<meta name=\"twitter:data2\" content=\"2 minutos\" \/>\n<script type=\"application\/ld+json\" class=\"yoast-schema-graph\">{\"@context\":\"https:\/\/schema.org\",\"@graph\":[{\"@type\":\"WebPage\",\"@id\":\"https:\/\/portalmf.com.br\/index.php\/2023\/11\/29\/feira-devera-possuir-um-sistema-integrado-de-atendimento-a-pessoa-com-espectro-autista\/\",\"url\":\"https:\/\/portalmf.com.br\/index.php\/2023\/11\/29\/feira-devera-possuir-um-sistema-integrado-de-atendimento-a-pessoa-com-espectro-autista\/\",\"name\":\"Feira dever\u00e1 possuir um Sistema Integrado de Atendimento \u00e0 Pessoa com Espectro Autista - Portal MF\",\"isPartOf\":{\"@id\":\"https:\/\/portalmf.com.br\/#website\"},\"primaryImageOfPage\":{\"@id\":\"https:\/\/portalmf.com.br\/index.php\/2023\/11\/29\/feira-devera-possuir-um-sistema-integrado-de-atendimento-a-pessoa-com-espectro-autista\/#primaryimage\"},\"image\":{\"@id\":\"https:\/\/portalmf.com.br\/index.php\/2023\/11\/29\/feira-devera-possuir-um-sistema-integrado-de-atendimento-a-pessoa-com-espectro-autista\/#primaryimage\"},\"thumbnailUrl\":\"https:\/\/portalmf.com.br\/wp-content\/uploads\/2023\/11\/Eremita-Mota-Presidente.jpg\",\"datePublished\":\"2023-11-29T20:20:49+00:00\",\"dateModified\":\"2023-11-29T20:20:53+00:00\",\"author\":{\"@id\":\"https:\/\/portalmf.com.br\/#\/schema\/person\/9ec101baf56233e53520c26de5d6f6f0\"},\"breadcrumb\":{\"@id\":\"https:\/\/portalmf.com.br\/index.php\/2023\/11\/29\/feira-devera-possuir-um-sistema-integrado-de-atendimento-a-pessoa-com-espectro-autista\/#breadcrumb\"},\"inLanguage\":\"pt-BR\",\"potentialAction\":[{\"@type\":\"ReadAction\",\"target\":[\"https:\/\/portalmf.com.br\/index.php\/2023\/11\/29\/feira-devera-possuir-um-sistema-integrado-de-atendimento-a-pessoa-com-espectro-autista\/\"]}]},{\"@type\":\"ImageObject\",\"inLanguage\":\"pt-BR\",\"@id\":\"https:\/\/portalmf.com.br\/index.php\/2023\/11\/29\/feira-devera-possuir-um-sistema-integrado-de-atendimento-a-pessoa-com-espectro-autista\/#primaryimage\",\"url\":\"https:\/\/portalmf.com.br\/wp-content\/uploads\/2023\/11\/Eremita-Mota-Presidente.jpg\",\"contentUrl\":\"https:\/\/portalmf.com.br\/wp-content\/uploads\/2023\/11\/Eremita-Mota-Presidente.jpg\",\"width\":1306,\"height\":870},{\"@type\":\"BreadcrumbList\",\"@id\":\"https:\/\/portalmf.com.br\/index.php\/2023\/11\/29\/feira-devera-possuir-um-sistema-integrado-de-atendimento-a-pessoa-com-espectro-autista\/#breadcrumb\",\"itemListElement\":[{\"@type\":\"ListItem\",\"position\":1,\"name\":\"In\u00edcio\",\"item\":\"https:\/\/portalmf.com.br\/\"},{\"@type\":\"ListItem\",\"position\":2,\"name\":\"Feira dever\u00e1 possuir um Sistema Integrado de Atendimento \u00e0 Pessoa com Espectro Autista\"}]},{\"@type\":\"WebSite\",\"@id\":\"https:\/\/portalmf.com.br\/#website\",\"url\":\"https:\/\/portalmf.com.br\/\",\"name\":\"Portal MF\",\"description\":\"Voc\u00ea conectado com a informa\u00e7\u00e3o\",\"potentialAction\":[{\"@type\":\"SearchAction\",\"target\":{\"@type\":\"EntryPoint\",\"urlTemplate\":\"https:\/\/portalmf.com.br\/?s={search_term_string}\"},\"query-input\":\"required name=search_term_string\"}],\"inLanguage\":\"pt-BR\"},{\"@type\":\"Person\",\"@id\":\"https:\/\/portalmf.com.br\/#\/schema\/person\/9ec101baf56233e53520c26de5d6f6f0\",\"name\":\"Reda\u00e7\u00e3o Portal MF\",\"image\":{\"@type\":\"ImageObject\",\"inLanguage\":\"pt-BR\",\"@id\":\"https:\/\/portalmf.com.br\/#\/schema\/person\/image\/\",\"url\":\"https:\/\/secure.gravatar.com\/avatar\/41b9aaeb2100835f7c64362330f74c7f?s=96&d=mm&r=g\",\"contentUrl\":\"https:\/\/secure.gravatar.com\/avatar\/41b9aaeb2100835f7c64362330f74c7f?s=96&d=mm&r=g\",\"caption\":\"Reda\u00e7\u00e3o Portal MF\"},\"description\":\"Sejam bem-vindos o portal de informa\u00e7\u00f5es de entretenimento de Feira de Santana, desde 2006 realiza coberturas dos principais eventos com entrevistas exclusivas com as principais personalidades mundiais. Fique conectado tamb\u00e9m nas redes sociais.\",\"sameAs\":[\"http:\/\/www.portalmf.com.br\/\",\"https:\/\/www.facebook.com\/portalmfoficial\",\"https:\/\/www.instagram.com\/portalmf\/\",\"https:\/\/x.com\/https:\/\/x.com\/portalmfoficial\",\"https:\/\/www.youtube.com\/@portalmfoficial\"],\"url\":\"https:\/\/portalmf.com.br\/index.php\/author\/junior\/\"}]}<\/script>\n<!-- \/ Yoast SEO plugin. -->","yoast_head_json":{"title":"Feira dever\u00e1 possuir um Sistema Integrado de Atendimento \u00e0 Pessoa com Espectro Autista - Portal MF","robots":{"index":"index","follow":"follow","max-snippet":"max-snippet:-1","max-image-preview":"max-image-preview:large","max-video-preview":"max-video-preview:-1"},"canonical":"https:\/\/portalmf.com.br\/index.php\/2023\/11\/29\/feira-devera-possuir-um-sistema-integrado-de-atendimento-a-pessoa-com-espectro-autista\/","og_locale":"pt_BR","og_type":"article","og_title":"Feira dever\u00e1 possuir um Sistema Integrado de Atendimento \u00e0 Pessoa com Espectro Autista - Portal MF","og_description":"Feira de Santana dever\u00e1 passar a contar com um Sistema Municipal Integrado de Atendimento \u00e0 Pessoa com Transtorno do Espectro Autista. Esse \u00e9 o objetivo do projeto n\u00ba 109\/2023, de autoria da vereadora Eremita Mota (PSDB), aprovado em 1\u00aa discuss\u00e3o na sess\u00e3o ordin\u00e1ria desta quarta-feira (29). A proposta visa&nbsp; instituir diretrizes para a plena efetiva\u00e7\u00e3o [&hellip;]","og_url":"https:\/\/portalmf.com.br\/index.php\/2023\/11\/29\/feira-devera-possuir-um-sistema-integrado-de-atendimento-a-pessoa-com-espectro-autista\/","og_site_name":"Portal MF","article_author":"https:\/\/www.facebook.com\/portalmfoficial","article_published_time":"2023-11-29T20:20:49+00:00","article_modified_time":"2023-11-29T20:20:53+00:00","og_image":[{"width":1306,"height":870,"url":"https:\/\/portalmf.com.br\/wp-content\/uploads\/2023\/11\/Eremita-Mota-Presidente.jpg","type":"image\/jpeg"}],"author":"Reda\u00e7\u00e3o Portal MF","twitter_card":"summary_large_image","twitter_creator":"@https:\/\/x.com\/portalmfoficial","twitter_misc":{"Escrito por":"Reda\u00e7\u00e3o Portal MF","Est. tempo de leitura":"2 minutos"},"schema":{"@context":"https:\/\/schema.org","@graph":[{"@type":"WebPage","@id":"https:\/\/portalmf.com.br\/index.php\/2023\/11\/29\/feira-devera-possuir-um-sistema-integrado-de-atendimento-a-pessoa-com-espectro-autista\/","url":"https:\/\/portalmf.com.br\/index.php\/2023\/11\/29\/feira-devera-possuir-um-sistema-integrado-de-atendimento-a-pessoa-com-espectro-autista\/","name":"Feira dever\u00e1 possuir um Sistema Integrado de Atendimento \u00e0 Pessoa com Espectro Autista - Portal MF","isPartOf":{"@id":"https:\/\/portalmf.com.br\/#website"},"primaryImageOfPage":{"@id":"https:\/\/portalmf.com.br\/index.php\/2023\/11\/29\/feira-devera-possuir-um-sistema-integrado-de-atendimento-a-pessoa-com-espectro-autista\/#primaryimage"},"image":{"@id":"https:\/\/portalmf.com.br\/index.php\/2023\/11\/29\/feira-devera-possuir-um-sistema-integrado-de-atendimento-a-pessoa-com-espectro-autista\/#primaryimage"},"thumbnailUrl":"https:\/\/portalmf.com.br\/wp-content\/uploads\/2023\/11\/Eremita-Mota-Presidente.jpg","datePublished":"2023-11-29T20:20:49+00:00","dateModified":"2023-11-29T20:20:53+00:00","author":{"@id":"https:\/\/portalmf.com.br\/#\/schema\/person\/9ec101baf56233e53520c26de5d6f6f0"},"breadcrumb":{"@id":"https:\/\/portalmf.com.br\/index.php\/2023\/11\/29\/feira-devera-possuir-um-sistema-integrado-de-atendimento-a-pessoa-com-espectro-autista\/#breadcrumb"},"inLanguage":"pt-BR","potentialAction":[{"@type":"ReadAction","target":["https:\/\/portalmf.com.br\/index.php\/2023\/11\/29\/feira-devera-possuir-um-sistema-integrado-de-atendimento-a-pessoa-com-espectro-autista\/"]}]},{"@type":"ImageObject","inLanguage":"pt-BR","@id":"https:\/\/portalmf.com.br\/index.php\/2023\/11\/29\/feira-devera-possuir-um-sistema-integrado-de-atendimento-a-pessoa-com-espectro-autista\/#primaryimage","url":"https:\/\/portalmf.com.br\/wp-content\/uploads\/2023\/11\/Eremita-Mota-Presidente.jpg","contentUrl":"https:\/\/portalmf.com.br\/wp-content\/uploads\/2023\/11\/Eremita-Mota-Presidente.jpg","width":1306,"height":870},{"@type":"BreadcrumbList","@id":"https:\/\/portalmf.com.br\/index.php\/2023\/11\/29\/feira-devera-possuir-um-sistema-integrado-de-atendimento-a-pessoa-com-espectro-autista\/#breadcrumb","itemListElement":[{"@type":"ListItem","position":1,"name":"In\u00edcio","item":"https:\/\/portalmf.com.br\/"},{"@type":"ListItem","position":2,"name":"Feira dever\u00e1 possuir um Sistema Integrado de Atendimento \u00e0 Pessoa com Espectro Autista"}]},{"@type":"WebSite","@id":"https:\/\/portalmf.com.br\/#website","url":"https:\/\/portalmf.com.br\/","name":"Portal MF","description":"Voc\u00ea conectado com a informa\u00e7\u00e3o","potentialAction":[{"@type":"SearchAction","target":{"@type":"EntryPoint","urlTemplate":"https:\/\/portalmf.com.br\/?s={search_term_string}"},"query-input":"required name=search_term_string"}],"inLanguage":"pt-BR"},{"@type":"Person","@id":"https:\/\/portalmf.com.br\/#\/schema\/person\/9ec101baf56233e53520c26de5d6f6f0","name":"Reda\u00e7\u00e3o Portal MF","image":{"@type":"ImageObject","inLanguage":"pt-BR","@id":"https:\/\/portalmf.com.br\/#\/schema\/person\/image\/","url":"https:\/\/secure.gravatar.com\/avatar\/41b9aaeb2100835f7c64362330f74c7f?s=96&d=mm&r=g","contentUrl":"https:\/\/secure.gravatar.com\/avatar\/41b9aaeb2100835f7c64362330f74c7f?s=96&d=mm&r=g","caption":"Reda\u00e7\u00e3o Portal MF"},"description":"Sejam bem-vindos o portal de informa\u00e7\u00f5es de entretenimento de Feira de Santana, desde 2006 realiza coberturas dos principais eventos com entrevistas exclusivas com as principais personalidades mundiais. Fique conectado tamb\u00e9m nas redes sociais.","sameAs":["http:\/\/www.portalmf.com.br\/","https:\/\/www.facebook.com\/portalmfoficial","https:\/\/www.instagram.com\/portalmf\/","https:\/\/x.com\/https:\/\/x.com\/portalmfoficial","https:\/\/www.youtube.com\/@portalmfoficial"],"url":"https:\/\/portalmf.com.br\/index.php\/author\/junior\/"}]}},"_links":{"self":[{"href":"https:\/\/portalmf.com.br\/index.php\/wp-json\/wp\/v2\/posts\/20356"}],"collection":[{"href":"https:\/\/portalmf.com.br\/index.php\/wp-json\/wp\/v2\/posts"}],"about":[{"href":"https:\/\/portalmf.com.br\/index.php\/wp-json\/wp\/v2\/types\/post"}],"author":[{"embeddable":true,"href":"https:\/\/portalmf.com.br\/index.php\/wp-json\/wp\/v2\/users\/3"}],"replies":[{"embeddable":true,"href":"https:\/\/portalmf.com.br\/index.php\/wp-json\/wp\/v2\/comments?post=20356"}],"version-history":[{"count":1,"href":"https:\/\/portalmf.com.br\/index.php\/wp-json\/wp\/v2\/posts\/20356\/revisions"}],"predecessor-version":[{"id":20358,"href":"https:\/\/portalmf.com.br\/index.php\/wp-json\/wp\/v2\/posts\/20356\/revisions\/20358"}],"wp:featuredmedia":[{"embeddable":true,"href":"https:\/\/portalmf.com.br\/index.php\/wp-json\/wp\/v2\/media\/20357"}],"wp:attachment":[{"href":"https:\/\/portalmf.com.br\/index.php\/wp-json\/wp\/v2\/media?parent=20356"}],"wp:term":[{"taxonomy":"category","embeddable":true,"href":"https:\/\/portalmf.com.br\/index.php\/wp-json\/wp\/v2\/categories?post=20356"},{"taxonomy":"post_tag","embeddable":true,"href":"https:\/\/portalmf.com.br\/index.php\/wp-json\/wp\/v2\/tags?post=20356"}],"curies":[{"name":"wp","href":"https:\/\/api.w.org\/{rel}","templated":true}]}}