{"id":20354,"date":"2023-11-29T17:08:04","date_gmt":"2023-11-29T20:08:04","guid":{"rendered":"https:\/\/portalmf.com.br\/?p=20354"},"modified":"2023-11-29T17:08:09","modified_gmt":"2023-11-29T20:08:09","slug":"projetos-incluem-canta-bahia-e-varios-outros-eventos-no-calendario-oficial-do-municipio","status":"publish","type":"post","link":"https:\/\/portalmf.com.br\/index.php\/2023\/11\/29\/projetos-incluem-canta-bahia-e-varios-outros-eventos-no-calendario-oficial-do-municipio\/","title":{"rendered":"Projetos incluem &#8216;Canta Bahia&#8217; e v\u00e1rios outros eventos no Calend\u00e1rio Oficial do Munic\u00edpio"},"content":{"rendered":"\n<p>O &#8220;Canta Bahia&#8221;, evento com shows gratuitos que re\u00fane grandes nomes da m\u00fasica gospel, poder\u00e1 ser inclu\u00eddo no Calend\u00e1rio Oficial de Eventos de Feira de Santana. Um Projeto de Lei 140\/2023, com este objetivo, foi aprovado em primeira e segunda vota\u00e7\u00f5es nesta quarta-feira (29), na C\u00e2mara Municipal. Conforme o texto da proposta, o \u201cCanta Bahia\u201d, que aconteceu em Feira em 2023, dever\u00e1 ser realizado anualmente durante a segunda quinzena de setembro. A iniciativa \u00e9 dos vereadores Emerson Minho (DC), Luiz da Feira (Avante), Professor Ivamberg (PT), Silvio Dias (PT) e da presidente da Casa Legislativa, Eremita Mota (PSDB). Agora, o projeto segue para aguardar san\u00e7\u00e3o do prefeito Colbert Martins.<\/p>\n\n\n\n<p>Outras inclus\u00f5es no Calend\u00e1rio Oficial tamb\u00e9m foram aprovadas na C\u00e2mara Municipal e encaminhadas ao Executivo feirense. O Projeto de Lei 95\/2023, de autoria do vereador Luiz da Feira (Avante), inclui o Dia Municipal do Agente Comunit\u00e1rio de Sa\u00fade e de Endemias, a ser celebrado, anualmente, em 04 de outubro. <\/p>\n\n\n\n<p>A proposta de n\u00famero 136\/202, de autoria do vereador Jurandy Carvalho (PL), inclui a Semana do Futebol de Mesa, que dever\u00e1 ser celebrada na segunda semana de outubro. E o Projeto 132\/2023, de autoria do vereador Jhonatas Monteiro (PSOL), inclui a Semana Municipal de Conscientiza\u00e7\u00e3o sobre Direitos das Gestantes, a ser realizada anualmente na semana do dia 15 de agosto.<\/p>\n\n\n\n<p>Com informa\u00e7\u00f5es da Ascom<\/p>\n","protected":false},"excerpt":{"rendered":"<p>O &#8220;Canta Bahia&#8221;, evento com shows gratuitos que re\u00fane grandes nomes da m\u00fasica gospel, poder\u00e1 ser inclu\u00eddo no Calend\u00e1rio Oficial de Eventos de Feira de Santana. Um Projeto de Lei 140\/2023, com este objetivo, foi aprovado em primeira e segunda vota\u00e7\u00f5es nesta quarta-feira (29), na C\u00e2mara Municipal. Conforme o texto da proposta, o \u201cCanta Bahia\u201d, [&hellip;]<\/p>\n","protected":false},"author":3,"featured_media":0,"comment_status":"open","ping_status":"open","sticky":false,"template":"","format":"standard","meta":{"_monsterinsights_skip_tracking":false,"_monsterinsights_sitenote_active":false,"_monsterinsights_sitenote_note":"","_monsterinsights_sitenote_category":0,"footnotes":""},"categories":[34],"tags":[],"yoast_head":"<!-- This site is optimized with the Yoast SEO plugin v22.9 - https:\/\/yoast.com\/wordpress\/plugins\/seo\/ -->\n<title>Projetos incluem &#039;Canta Bahia&#039; e v\u00e1rios outros eventos no Calend\u00e1rio Oficial do Munic\u00edpio - Portal MF<\/title>\n<meta name=\"robots\" content=\"index, follow, max-snippet:-1, max-image-preview:large, max-video-preview:-1\" \/>\n<link rel=\"canonical\" href=\"https:\/\/portalmf.com.br\/index.php\/2023\/11\/29\/projetos-incluem-canta-bahia-e-varios-outros-eventos-no-calendario-oficial-do-municipio\/\" \/>\n<meta property=\"og:locale\" content=\"pt_BR\" \/>\n<meta property=\"og:type\" content=\"article\" \/>\n<meta property=\"og:title\" content=\"Projetos incluem &#039;Canta Bahia&#039; e v\u00e1rios outros eventos no Calend\u00e1rio Oficial do Munic\u00edpio - Portal MF\" \/>\n<meta property=\"og:description\" content=\"O &#8220;Canta Bahia&#8221;, evento com shows gratuitos que re\u00fane grandes nomes da m\u00fasica gospel, poder\u00e1 ser inclu\u00eddo no Calend\u00e1rio Oficial de Eventos de Feira de Santana. Um Projeto de Lei 140\/2023, com este objetivo, foi aprovado em primeira e segunda vota\u00e7\u00f5es nesta quarta-feira (29), na C\u00e2mara Municipal. Conforme o texto da proposta, o \u201cCanta Bahia\u201d, [&hellip;]\" \/>\n<meta property=\"og:url\" content=\"https:\/\/portalmf.com.br\/index.php\/2023\/11\/29\/projetos-incluem-canta-bahia-e-varios-outros-eventos-no-calendario-oficial-do-municipio\/\" \/>\n<meta property=\"og:site_name\" content=\"Portal MF\" \/>\n<meta property=\"article:author\" content=\"https:\/\/www.facebook.com\/portalmfoficial\" \/>\n<meta property=\"article:published_time\" content=\"2023-11-29T20:08:04+00:00\" \/>\n<meta property=\"article:modified_time\" content=\"2023-11-29T20:08:09+00:00\" \/>\n<meta name=\"author\" content=\"Reda\u00e7\u00e3o Portal MF\" \/>\n<meta name=\"twitter:card\" content=\"summary_large_image\" \/>\n<meta name=\"twitter:creator\" content=\"@https:\/\/x.com\/portalmfoficial\" \/>\n<meta name=\"twitter:label1\" content=\"Escrito por\" \/>\n\t<meta name=\"twitter:data1\" content=\"Reda\u00e7\u00e3o Portal MF\" \/>\n\t<meta name=\"twitter:label2\" content=\"Est. tempo de leitura\" \/>\n\t<meta name=\"twitter:data2\" content=\"2 minutos\" \/>\n<script type=\"application\/ld+json\" class=\"yoast-schema-graph\">{\"@context\":\"https:\/\/schema.org\",\"@graph\":[{\"@type\":\"WebPage\",\"@id\":\"https:\/\/portalmf.com.br\/index.php\/2023\/11\/29\/projetos-incluem-canta-bahia-e-varios-outros-eventos-no-calendario-oficial-do-municipio\/\",\"url\":\"https:\/\/portalmf.com.br\/index.php\/2023\/11\/29\/projetos-incluem-canta-bahia-e-varios-outros-eventos-no-calendario-oficial-do-municipio\/\",\"name\":\"Projetos incluem 'Canta Bahia' e v\u00e1rios outros eventos no Calend\u00e1rio Oficial do Munic\u00edpio - Portal MF\",\"isPartOf\":{\"@id\":\"https:\/\/portalmf.com.br\/#website\"},\"datePublished\":\"2023-11-29T20:08:04+00:00\",\"dateModified\":\"2023-11-29T20:08:09+00:00\",\"author\":{\"@id\":\"https:\/\/portalmf.com.br\/#\/schema\/person\/9ec101baf56233e53520c26de5d6f6f0\"},\"breadcrumb\":{\"@id\":\"https:\/\/portalmf.com.br\/index.php\/2023\/11\/29\/projetos-incluem-canta-bahia-e-varios-outros-eventos-no-calendario-oficial-do-municipio\/#breadcrumb\"},\"inLanguage\":\"pt-BR\",\"potentialAction\":[{\"@type\":\"ReadAction\",\"target\":[\"https:\/\/portalmf.com.br\/index.php\/2023\/11\/29\/projetos-incluem-canta-bahia-e-varios-outros-eventos-no-calendario-oficial-do-municipio\/\"]}]},{\"@type\":\"BreadcrumbList\",\"@id\":\"https:\/\/portalmf.com.br\/index.php\/2023\/11\/29\/projetos-incluem-canta-bahia-e-varios-outros-eventos-no-calendario-oficial-do-municipio\/#breadcrumb\",\"itemListElement\":[{\"@type\":\"ListItem\",\"position\":1,\"name\":\"In\u00edcio\",\"item\":\"https:\/\/portalmf.com.br\/\"},{\"@type\":\"ListItem\",\"position\":2,\"name\":\"Projetos incluem &#8216;Canta Bahia&#8217; e v\u00e1rios outros eventos no Calend\u00e1rio Oficial do Munic\u00edpio\"}]},{\"@type\":\"WebSite\",\"@id\":\"https:\/\/portalmf.com.br\/#website\",\"url\":\"https:\/\/portalmf.com.br\/\",\"name\":\"Portal MF\",\"description\":\"Voc\u00ea conectado com a informa\u00e7\u00e3o\",\"potentialAction\":[{\"@type\":\"SearchAction\",\"target\":{\"@type\":\"EntryPoint\",\"urlTemplate\":\"https:\/\/portalmf.com.br\/?s={search_term_string}\"},\"query-input\":\"required name=search_term_string\"}],\"inLanguage\":\"pt-BR\"},{\"@type\":\"Person\",\"@id\":\"https:\/\/portalmf.com.br\/#\/schema\/person\/9ec101baf56233e53520c26de5d6f6f0\",\"name\":\"Reda\u00e7\u00e3o Portal MF\",\"image\":{\"@type\":\"ImageObject\",\"inLanguage\":\"pt-BR\",\"@id\":\"https:\/\/portalmf.com.br\/#\/schema\/person\/image\/\",\"url\":\"https:\/\/secure.gravatar.com\/avatar\/41b9aaeb2100835f7c64362330f74c7f?s=96&d=mm&r=g\",\"contentUrl\":\"https:\/\/secure.gravatar.com\/avatar\/41b9aaeb2100835f7c64362330f74c7f?s=96&d=mm&r=g\",\"caption\":\"Reda\u00e7\u00e3o Portal MF\"},\"description\":\"Sejam bem-vindos o portal de informa\u00e7\u00f5es de entretenimento de Feira de Santana, desde 2006 realiza coberturas dos principais eventos com entrevistas exclusivas com as principais personalidades mundiais. Fique conectado tamb\u00e9m nas redes sociais.\",\"sameAs\":[\"http:\/\/www.portalmf.com.br\/\",\"https:\/\/www.facebook.com\/portalmfoficial\",\"https:\/\/www.instagram.com\/portalmf\/\",\"https:\/\/x.com\/https:\/\/x.com\/portalmfoficial\",\"https:\/\/www.youtube.com\/@portalmfoficial\"],\"url\":\"https:\/\/portalmf.com.br\/index.php\/author\/junior\/\"}]}<\/script>\n<!-- \/ Yoast SEO plugin. -->","yoast_head_json":{"title":"Projetos incluem 'Canta Bahia' e v\u00e1rios outros eventos no Calend\u00e1rio Oficial do Munic\u00edpio - Portal MF","robots":{"index":"index","follow":"follow","max-snippet":"max-snippet:-1","max-image-preview":"max-image-preview:large","max-video-preview":"max-video-preview:-1"},"canonical":"https:\/\/portalmf.com.br\/index.php\/2023\/11\/29\/projetos-incluem-canta-bahia-e-varios-outros-eventos-no-calendario-oficial-do-municipio\/","og_locale":"pt_BR","og_type":"article","og_title":"Projetos incluem 'Canta Bahia' e v\u00e1rios outros eventos no Calend\u00e1rio Oficial do Munic\u00edpio - Portal MF","og_description":"O &#8220;Canta Bahia&#8221;, evento com shows gratuitos que re\u00fane grandes nomes da m\u00fasica gospel, poder\u00e1 ser inclu\u00eddo no Calend\u00e1rio Oficial de Eventos de Feira de Santana. Um Projeto de Lei 140\/2023, com este objetivo, foi aprovado em primeira e segunda vota\u00e7\u00f5es nesta quarta-feira (29), na C\u00e2mara Municipal. Conforme o texto da proposta, o \u201cCanta Bahia\u201d, [&hellip;]","og_url":"https:\/\/portalmf.com.br\/index.php\/2023\/11\/29\/projetos-incluem-canta-bahia-e-varios-outros-eventos-no-calendario-oficial-do-municipio\/","og_site_name":"Portal MF","article_author":"https:\/\/www.facebook.com\/portalmfoficial","article_published_time":"2023-11-29T20:08:04+00:00","article_modified_time":"2023-11-29T20:08:09+00:00","author":"Reda\u00e7\u00e3o Portal MF","twitter_card":"summary_large_image","twitter_creator":"@https:\/\/x.com\/portalmfoficial","twitter_misc":{"Escrito por":"Reda\u00e7\u00e3o Portal MF","Est. tempo de leitura":"2 minutos"},"schema":{"@context":"https:\/\/schema.org","@graph":[{"@type":"WebPage","@id":"https:\/\/portalmf.com.br\/index.php\/2023\/11\/29\/projetos-incluem-canta-bahia-e-varios-outros-eventos-no-calendario-oficial-do-municipio\/","url":"https:\/\/portalmf.com.br\/index.php\/2023\/11\/29\/projetos-incluem-canta-bahia-e-varios-outros-eventos-no-calendario-oficial-do-municipio\/","name":"Projetos incluem 'Canta Bahia' e v\u00e1rios outros eventos no Calend\u00e1rio Oficial do Munic\u00edpio - Portal MF","isPartOf":{"@id":"https:\/\/portalmf.com.br\/#website"},"datePublished":"2023-11-29T20:08:04+00:00","dateModified":"2023-11-29T20:08:09+00:00","author":{"@id":"https:\/\/portalmf.com.br\/#\/schema\/person\/9ec101baf56233e53520c26de5d6f6f0"},"breadcrumb":{"@id":"https:\/\/portalmf.com.br\/index.php\/2023\/11\/29\/projetos-incluem-canta-bahia-e-varios-outros-eventos-no-calendario-oficial-do-municipio\/#breadcrumb"},"inLanguage":"pt-BR","potentialAction":[{"@type":"ReadAction","target":["https:\/\/portalmf.com.br\/index.php\/2023\/11\/29\/projetos-incluem-canta-bahia-e-varios-outros-eventos-no-calendario-oficial-do-municipio\/"]}]},{"@type":"BreadcrumbList","@id":"https:\/\/portalmf.com.br\/index.php\/2023\/11\/29\/projetos-incluem-canta-bahia-e-varios-outros-eventos-no-calendario-oficial-do-municipio\/#breadcrumb","itemListElement":[{"@type":"ListItem","position":1,"name":"In\u00edcio","item":"https:\/\/portalmf.com.br\/"},{"@type":"ListItem","position":2,"name":"Projetos incluem &#8216;Canta Bahia&#8217; e v\u00e1rios outros eventos no Calend\u00e1rio Oficial do Munic\u00edpio"}]},{"@type":"WebSite","@id":"https:\/\/portalmf.com.br\/#website","url":"https:\/\/portalmf.com.br\/","name":"Portal MF","description":"Voc\u00ea conectado com a informa\u00e7\u00e3o","potentialAction":[{"@type":"SearchAction","target":{"@type":"EntryPoint","urlTemplate":"https:\/\/portalmf.com.br\/?s={search_term_string}"},"query-input":"required name=search_term_string"}],"inLanguage":"pt-BR"},{"@type":"Person","@id":"https:\/\/portalmf.com.br\/#\/schema\/person\/9ec101baf56233e53520c26de5d6f6f0","name":"Reda\u00e7\u00e3o Portal MF","image":{"@type":"ImageObject","inLanguage":"pt-BR","@id":"https:\/\/portalmf.com.br\/#\/schema\/person\/image\/","url":"https:\/\/secure.gravatar.com\/avatar\/41b9aaeb2100835f7c64362330f74c7f?s=96&d=mm&r=g","contentUrl":"https:\/\/secure.gravatar.com\/avatar\/41b9aaeb2100835f7c64362330f74c7f?s=96&d=mm&r=g","caption":"Reda\u00e7\u00e3o Portal MF"},"description":"Sejam bem-vindos o portal de informa\u00e7\u00f5es de entretenimento de Feira de Santana, desde 2006 realiza coberturas dos principais eventos com entrevistas exclusivas com as principais personalidades mundiais. Fique conectado tamb\u00e9m nas redes sociais.","sameAs":["http:\/\/www.portalmf.com.br\/","https:\/\/www.facebook.com\/portalmfoficial","https:\/\/www.instagram.com\/portalmf\/","https:\/\/x.com\/https:\/\/x.com\/portalmfoficial","https:\/\/www.youtube.com\/@portalmfoficial"],"url":"https:\/\/portalmf.com.br\/index.php\/author\/junior\/"}]}},"_links":{"self":[{"href":"https:\/\/portalmf.com.br\/index.php\/wp-json\/wp\/v2\/posts\/20354"}],"collection":[{"href":"https:\/\/portalmf.com.br\/index.php\/wp-json\/wp\/v2\/posts"}],"about":[{"href":"https:\/\/portalmf.com.br\/index.php\/wp-json\/wp\/v2\/types\/post"}],"author":[{"embeddable":true,"href":"https:\/\/portalmf.com.br\/index.php\/wp-json\/wp\/v2\/users\/3"}],"replies":[{"embeddable":true,"href":"https:\/\/portalmf.com.br\/index.php\/wp-json\/wp\/v2\/comments?post=20354"}],"version-history":[{"count":1,"href":"https:\/\/portalmf.com.br\/index.php\/wp-json\/wp\/v2\/posts\/20354\/revisions"}],"predecessor-version":[{"id":20355,"href":"https:\/\/portalmf.com.br\/index.php\/wp-json\/wp\/v2\/posts\/20354\/revisions\/20355"}],"wp:attachment":[{"href":"https:\/\/portalmf.com.br\/index.php\/wp-json\/wp\/v2\/media?parent=20354"}],"wp:term":[{"taxonomy":"category","embeddable":true,"href":"https:\/\/portalmf.com.br\/index.php\/wp-json\/wp\/v2\/categories?post=20354"},{"taxonomy":"post_tag","embeddable":true,"href":"https:\/\/portalmf.com.br\/index.php\/wp-json\/wp\/v2\/tags?post=20354"}],"curies":[{"name":"wp","href":"https:\/\/api.w.org\/{rel}","templated":true}]}}