{"id":20352,"date":"2023-11-29T17:03:39","date_gmt":"2023-11-29T20:03:39","guid":{"rendered":"https:\/\/portalmf.com.br\/?p=20352"},"modified":"2023-11-29T17:03:40","modified_gmt":"2023-11-29T20:03:40","slug":"pl-nao-precisa-se-apequenar-a-quem-quer-que-seja-a-nivel-local-diz-pedro-americo","status":"publish","type":"post","link":"https:\/\/portalmf.com.br\/index.php\/2023\/11\/29\/pl-nao-precisa-se-apequenar-a-quem-quer-que-seja-a-nivel-local-diz-pedro-americo\/","title":{"rendered":"\u201cPL n\u00e3o precisa se apequenar a quem quer que seja, a n\u00edvel local\u201d, diz Pedro Am\u00e9rico"},"content":{"rendered":"\n<p>O vereador Pedro Am\u00e9rico (UB), discursou na C\u00e2mara Municipal de Feira de Santana, sobre a decis\u00e3o do PL em pedir desfilia\u00e7\u00e3o do vereador Jurandy Carvalho do partido, na oportunidade, reivindicou que Jurandyr \u00e9 filiado ao partido antes do grupo de Bolsonaro assumir o PL e que a l\u00f3gica de expuls\u00e3o s\u00f3 atende a outro grupo pol\u00edtico, que quer ameacar o mandato do edil.<\/p>\n\n\n\n<p><em>\u201cO PL n\u00e3o pode se apequenar. Um partido grande no Pa\u00eds, que conquistou seu espa\u00e7o, deve tomar as r\u00e9deas inclusive a n\u00edvel de Feira de Santana e mostrar que n\u00e3o vai se acovardar. O sentimento de mudan\u00e7a na cidade \u00e9 grande. J\u00e1 tenho candidato a prefeito que \u00e9 Pablo Roberto, mas, pelo tamanho do partido e import\u00e2ncia que o PL tem hoje, poderia lan\u00e7ar candidatura pr\u00f3pria, seja com Capit\u00e3o Alden, Roberta Roma ou qualquer nome que a sigla tenha, que defenda seus ideais e n\u00e3o servir de puxadinho, inclusive na chapa de vereador\u201d<\/em>, pediu Pedro Am\u00e9rico.<\/p>\n\n\n\n<p>Ainda para o parlamentar feirense, defensor da mudan\u00e7a e oxigena\u00e7\u00e3o pol\u00edtica na cidade, o presidente do partido pode ter sido coagido, bem como diversos outros foram. <em>\u201cEle tem que saber que n\u00f3s n\u00e3o vamos mais aceitar essa pol\u00edtica antiga, coronelista e de coer\u00e7\u00e3o. Esse movimento n\u00e3o \u00e9 s\u00f3 sobre um nome, mas, sobre a liberdade em termos mais nomes na nossa pol\u00edtica e n\u00e3o s\u00f3 os poucos e mesmos\u201d,<\/em> assentua Pedro Am\u00e9rico.<\/p>\n\n\n\n<p>O vereador defende que a pol\u00edtica seja democr\u00e1tica, com renova\u00e7\u00e3o e participa\u00e7\u00e3o popular.<\/p>\n\n\n\n<p><em>\u201cNesse momento \u00e9 importante que os diversos partidos &#8211; sejam de direita, de esquerda ou de centro pensem no que \u00e9 melhor para cidade e n\u00e3o em nomes\u201d<\/em>, conclui.<\/p>\n","protected":false},"excerpt":{"rendered":"<p>O vereador Pedro Am\u00e9rico (UB), discursou na C\u00e2mara Municipal de Feira de Santana, sobre a decis\u00e3o do PL em pedir desfilia\u00e7\u00e3o do vereador Jurandy Carvalho do partido, na oportunidade, reivindicou que Jurandyr \u00e9 filiado ao partido antes do grupo de Bolsonaro assumir o PL e que a l\u00f3gica de expuls\u00e3o s\u00f3 atende a outro grupo [&hellip;]<\/p>\n","protected":false},"author":3,"featured_media":19621,"comment_status":"open","ping_status":"open","sticky":false,"template":"","format":"standard","meta":{"_monsterinsights_skip_tracking":false,"_monsterinsights_sitenote_active":false,"_monsterinsights_sitenote_note":"","_monsterinsights_sitenote_category":0,"footnotes":""},"categories":[34],"tags":[],"yoast_head":"<!-- This site is optimized with the Yoast SEO plugin v22.9 - https:\/\/yoast.com\/wordpress\/plugins\/seo\/ -->\n<title>\u201cPL n\u00e3o precisa se apequenar a quem quer que seja, a n\u00edvel local\u201d, diz Pedro Am\u00e9rico - Portal MF<\/title>\n<meta name=\"robots\" content=\"index, follow, max-snippet:-1, max-image-preview:large, max-video-preview:-1\" \/>\n<link rel=\"canonical\" href=\"https:\/\/portalmf.com.br\/index.php\/2023\/11\/29\/pl-nao-precisa-se-apequenar-a-quem-quer-que-seja-a-nivel-local-diz-pedro-americo\/\" \/>\n<meta property=\"og:locale\" content=\"pt_BR\" \/>\n<meta property=\"og:type\" content=\"article\" \/>\n<meta property=\"og:title\" content=\"\u201cPL n\u00e3o precisa se apequenar a quem quer que seja, a n\u00edvel local\u201d, diz Pedro Am\u00e9rico - Portal MF\" \/>\n<meta property=\"og:description\" content=\"O vereador Pedro Am\u00e9rico (UB), discursou na C\u00e2mara Municipal de Feira de Santana, sobre a decis\u00e3o do PL em pedir desfilia\u00e7\u00e3o do vereador Jurandy Carvalho do partido, na oportunidade, reivindicou que Jurandyr \u00e9 filiado ao partido antes do grupo de Bolsonaro assumir o PL e que a l\u00f3gica de expuls\u00e3o s\u00f3 atende a outro grupo [&hellip;]\" \/>\n<meta property=\"og:url\" content=\"https:\/\/portalmf.com.br\/index.php\/2023\/11\/29\/pl-nao-precisa-se-apequenar-a-quem-quer-que-seja-a-nivel-local-diz-pedro-americo\/\" \/>\n<meta property=\"og:site_name\" content=\"Portal MF\" \/>\n<meta property=\"article:author\" content=\"https:\/\/www.facebook.com\/portalmfoficial\" \/>\n<meta property=\"article:published_time\" content=\"2023-11-29T20:03:39+00:00\" \/>\n<meta property=\"article:modified_time\" content=\"2023-11-29T20:03:40+00:00\" \/>\n<meta property=\"og:image\" content=\"https:\/\/portalmf.com.br\/wp-content\/uploads\/2023\/11\/Pedro-Americo-retorna-a-Camara-apos-periodo-no-Governo-como-secretario.jpeg\" \/>\n\t<meta property=\"og:image:width\" content=\"1280\" \/>\n\t<meta property=\"og:image:height\" content=\"854\" \/>\n\t<meta property=\"og:image:type\" content=\"image\/jpeg\" \/>\n<meta name=\"author\" content=\"Reda\u00e7\u00e3o Portal MF\" \/>\n<meta name=\"twitter:card\" content=\"summary_large_image\" \/>\n<meta name=\"twitter:creator\" content=\"@https:\/\/x.com\/portalmfoficial\" \/>\n<meta name=\"twitter:label1\" content=\"Escrito por\" \/>\n\t<meta name=\"twitter:data1\" content=\"Reda\u00e7\u00e3o Portal MF\" \/>\n\t<meta name=\"twitter:label2\" content=\"Est. tempo de leitura\" \/>\n\t<meta name=\"twitter:data2\" content=\"2 minutos\" \/>\n<script type=\"application\/ld+json\" class=\"yoast-schema-graph\">{\"@context\":\"https:\/\/schema.org\",\"@graph\":[{\"@type\":\"WebPage\",\"@id\":\"https:\/\/portalmf.com.br\/index.php\/2023\/11\/29\/pl-nao-precisa-se-apequenar-a-quem-quer-que-seja-a-nivel-local-diz-pedro-americo\/\",\"url\":\"https:\/\/portalmf.com.br\/index.php\/2023\/11\/29\/pl-nao-precisa-se-apequenar-a-quem-quer-que-seja-a-nivel-local-diz-pedro-americo\/\",\"name\":\"\u201cPL n\u00e3o precisa se apequenar a quem quer que seja, a n\u00edvel local\u201d, diz Pedro Am\u00e9rico - Portal MF\",\"isPartOf\":{\"@id\":\"https:\/\/portalmf.com.br\/#website\"},\"primaryImageOfPage\":{\"@id\":\"https:\/\/portalmf.com.br\/index.php\/2023\/11\/29\/pl-nao-precisa-se-apequenar-a-quem-quer-que-seja-a-nivel-local-diz-pedro-americo\/#primaryimage\"},\"image\":{\"@id\":\"https:\/\/portalmf.com.br\/index.php\/2023\/11\/29\/pl-nao-precisa-se-apequenar-a-quem-quer-que-seja-a-nivel-local-diz-pedro-americo\/#primaryimage\"},\"thumbnailUrl\":\"https:\/\/portalmf.com.br\/wp-content\/uploads\/2023\/11\/Pedro-Americo-retorna-a-Camara-apos-periodo-no-Governo-como-secretario.jpeg\",\"datePublished\":\"2023-11-29T20:03:39+00:00\",\"dateModified\":\"2023-11-29T20:03:40+00:00\",\"author\":{\"@id\":\"https:\/\/portalmf.com.br\/#\/schema\/person\/9ec101baf56233e53520c26de5d6f6f0\"},\"breadcrumb\":{\"@id\":\"https:\/\/portalmf.com.br\/index.php\/2023\/11\/29\/pl-nao-precisa-se-apequenar-a-quem-quer-que-seja-a-nivel-local-diz-pedro-americo\/#breadcrumb\"},\"inLanguage\":\"pt-BR\",\"potentialAction\":[{\"@type\":\"ReadAction\",\"target\":[\"https:\/\/portalmf.com.br\/index.php\/2023\/11\/29\/pl-nao-precisa-se-apequenar-a-quem-quer-que-seja-a-nivel-local-diz-pedro-americo\/\"]}]},{\"@type\":\"ImageObject\",\"inLanguage\":\"pt-BR\",\"@id\":\"https:\/\/portalmf.com.br\/index.php\/2023\/11\/29\/pl-nao-precisa-se-apequenar-a-quem-quer-que-seja-a-nivel-local-diz-pedro-americo\/#primaryimage\",\"url\":\"https:\/\/portalmf.com.br\/wp-content\/uploads\/2023\/11\/Pedro-Americo-retorna-a-Camara-apos-periodo-no-Governo-como-secretario.jpeg\",\"contentUrl\":\"https:\/\/portalmf.com.br\/wp-content\/uploads\/2023\/11\/Pedro-Americo-retorna-a-Camara-apos-periodo-no-Governo-como-secretario.jpeg\",\"width\":1280,\"height\":854},{\"@type\":\"BreadcrumbList\",\"@id\":\"https:\/\/portalmf.com.br\/index.php\/2023\/11\/29\/pl-nao-precisa-se-apequenar-a-quem-quer-que-seja-a-nivel-local-diz-pedro-americo\/#breadcrumb\",\"itemListElement\":[{\"@type\":\"ListItem\",\"position\":1,\"name\":\"In\u00edcio\",\"item\":\"https:\/\/portalmf.com.br\/\"},{\"@type\":\"ListItem\",\"position\":2,\"name\":\"\u201cPL n\u00e3o precisa se apequenar a quem quer que seja, a n\u00edvel local\u201d, diz Pedro Am\u00e9rico\"}]},{\"@type\":\"WebSite\",\"@id\":\"https:\/\/portalmf.com.br\/#website\",\"url\":\"https:\/\/portalmf.com.br\/\",\"name\":\"Portal MF\",\"description\":\"Voc\u00ea conectado com a informa\u00e7\u00e3o\",\"potentialAction\":[{\"@type\":\"SearchAction\",\"target\":{\"@type\":\"EntryPoint\",\"urlTemplate\":\"https:\/\/portalmf.com.br\/?s={search_term_string}\"},\"query-input\":\"required name=search_term_string\"}],\"inLanguage\":\"pt-BR\"},{\"@type\":\"Person\",\"@id\":\"https:\/\/portalmf.com.br\/#\/schema\/person\/9ec101baf56233e53520c26de5d6f6f0\",\"name\":\"Reda\u00e7\u00e3o Portal MF\",\"image\":{\"@type\":\"ImageObject\",\"inLanguage\":\"pt-BR\",\"@id\":\"https:\/\/portalmf.com.br\/#\/schema\/person\/image\/\",\"url\":\"https:\/\/secure.gravatar.com\/avatar\/41b9aaeb2100835f7c64362330f74c7f?s=96&d=mm&r=g\",\"contentUrl\":\"https:\/\/secure.gravatar.com\/avatar\/41b9aaeb2100835f7c64362330f74c7f?s=96&d=mm&r=g\",\"caption\":\"Reda\u00e7\u00e3o Portal MF\"},\"description\":\"Sejam bem-vindos o portal de informa\u00e7\u00f5es de entretenimento de Feira de Santana, desde 2006 realiza coberturas dos principais eventos com entrevistas exclusivas com as principais personalidades mundiais. Fique conectado tamb\u00e9m nas redes sociais.\",\"sameAs\":[\"http:\/\/www.portalmf.com.br\/\",\"https:\/\/www.facebook.com\/portalmfoficial\",\"https:\/\/www.instagram.com\/portalmf\/\",\"https:\/\/x.com\/https:\/\/x.com\/portalmfoficial\",\"https:\/\/www.youtube.com\/@portalmfoficial\"],\"url\":\"https:\/\/portalmf.com.br\/index.php\/author\/junior\/\"}]}<\/script>\n<!-- \/ Yoast SEO plugin. -->","yoast_head_json":{"title":"\u201cPL n\u00e3o precisa se apequenar a quem quer que seja, a n\u00edvel local\u201d, diz Pedro Am\u00e9rico - Portal MF","robots":{"index":"index","follow":"follow","max-snippet":"max-snippet:-1","max-image-preview":"max-image-preview:large","max-video-preview":"max-video-preview:-1"},"canonical":"https:\/\/portalmf.com.br\/index.php\/2023\/11\/29\/pl-nao-precisa-se-apequenar-a-quem-quer-que-seja-a-nivel-local-diz-pedro-americo\/","og_locale":"pt_BR","og_type":"article","og_title":"\u201cPL n\u00e3o precisa se apequenar a quem quer que seja, a n\u00edvel local\u201d, diz Pedro Am\u00e9rico - Portal MF","og_description":"O vereador Pedro Am\u00e9rico (UB), discursou na C\u00e2mara Municipal de Feira de Santana, sobre a decis\u00e3o do PL em pedir desfilia\u00e7\u00e3o do vereador Jurandy Carvalho do partido, na oportunidade, reivindicou que Jurandyr \u00e9 filiado ao partido antes do grupo de Bolsonaro assumir o PL e que a l\u00f3gica de expuls\u00e3o s\u00f3 atende a outro grupo [&hellip;]","og_url":"https:\/\/portalmf.com.br\/index.php\/2023\/11\/29\/pl-nao-precisa-se-apequenar-a-quem-quer-que-seja-a-nivel-local-diz-pedro-americo\/","og_site_name":"Portal MF","article_author":"https:\/\/www.facebook.com\/portalmfoficial","article_published_time":"2023-11-29T20:03:39+00:00","article_modified_time":"2023-11-29T20:03:40+00:00","og_image":[{"width":1280,"height":854,"url":"https:\/\/portalmf.com.br\/wp-content\/uploads\/2023\/11\/Pedro-Americo-retorna-a-Camara-apos-periodo-no-Governo-como-secretario.jpeg","type":"image\/jpeg"}],"author":"Reda\u00e7\u00e3o Portal MF","twitter_card":"summary_large_image","twitter_creator":"@https:\/\/x.com\/portalmfoficial","twitter_misc":{"Escrito por":"Reda\u00e7\u00e3o Portal MF","Est. tempo de leitura":"2 minutos"},"schema":{"@context":"https:\/\/schema.org","@graph":[{"@type":"WebPage","@id":"https:\/\/portalmf.com.br\/index.php\/2023\/11\/29\/pl-nao-precisa-se-apequenar-a-quem-quer-que-seja-a-nivel-local-diz-pedro-americo\/","url":"https:\/\/portalmf.com.br\/index.php\/2023\/11\/29\/pl-nao-precisa-se-apequenar-a-quem-quer-que-seja-a-nivel-local-diz-pedro-americo\/","name":"\u201cPL n\u00e3o precisa se apequenar a quem quer que seja, a n\u00edvel local\u201d, diz Pedro Am\u00e9rico - Portal MF","isPartOf":{"@id":"https:\/\/portalmf.com.br\/#website"},"primaryImageOfPage":{"@id":"https:\/\/portalmf.com.br\/index.php\/2023\/11\/29\/pl-nao-precisa-se-apequenar-a-quem-quer-que-seja-a-nivel-local-diz-pedro-americo\/#primaryimage"},"image":{"@id":"https:\/\/portalmf.com.br\/index.php\/2023\/11\/29\/pl-nao-precisa-se-apequenar-a-quem-quer-que-seja-a-nivel-local-diz-pedro-americo\/#primaryimage"},"thumbnailUrl":"https:\/\/portalmf.com.br\/wp-content\/uploads\/2023\/11\/Pedro-Americo-retorna-a-Camara-apos-periodo-no-Governo-como-secretario.jpeg","datePublished":"2023-11-29T20:03:39+00:00","dateModified":"2023-11-29T20:03:40+00:00","author":{"@id":"https:\/\/portalmf.com.br\/#\/schema\/person\/9ec101baf56233e53520c26de5d6f6f0"},"breadcrumb":{"@id":"https:\/\/portalmf.com.br\/index.php\/2023\/11\/29\/pl-nao-precisa-se-apequenar-a-quem-quer-que-seja-a-nivel-local-diz-pedro-americo\/#breadcrumb"},"inLanguage":"pt-BR","potentialAction":[{"@type":"ReadAction","target":["https:\/\/portalmf.com.br\/index.php\/2023\/11\/29\/pl-nao-precisa-se-apequenar-a-quem-quer-que-seja-a-nivel-local-diz-pedro-americo\/"]}]},{"@type":"ImageObject","inLanguage":"pt-BR","@id":"https:\/\/portalmf.com.br\/index.php\/2023\/11\/29\/pl-nao-precisa-se-apequenar-a-quem-quer-que-seja-a-nivel-local-diz-pedro-americo\/#primaryimage","url":"https:\/\/portalmf.com.br\/wp-content\/uploads\/2023\/11\/Pedro-Americo-retorna-a-Camara-apos-periodo-no-Governo-como-secretario.jpeg","contentUrl":"https:\/\/portalmf.com.br\/wp-content\/uploads\/2023\/11\/Pedro-Americo-retorna-a-Camara-apos-periodo-no-Governo-como-secretario.jpeg","width":1280,"height":854},{"@type":"BreadcrumbList","@id":"https:\/\/portalmf.com.br\/index.php\/2023\/11\/29\/pl-nao-precisa-se-apequenar-a-quem-quer-que-seja-a-nivel-local-diz-pedro-americo\/#breadcrumb","itemListElement":[{"@type":"ListItem","position":1,"name":"In\u00edcio","item":"https:\/\/portalmf.com.br\/"},{"@type":"ListItem","position":2,"name":"\u201cPL n\u00e3o precisa se apequenar a quem quer que seja, a n\u00edvel local\u201d, diz Pedro Am\u00e9rico"}]},{"@type":"WebSite","@id":"https:\/\/portalmf.com.br\/#website","url":"https:\/\/portalmf.com.br\/","name":"Portal MF","description":"Voc\u00ea conectado com a informa\u00e7\u00e3o","potentialAction":[{"@type":"SearchAction","target":{"@type":"EntryPoint","urlTemplate":"https:\/\/portalmf.com.br\/?s={search_term_string}"},"query-input":"required name=search_term_string"}],"inLanguage":"pt-BR"},{"@type":"Person","@id":"https:\/\/portalmf.com.br\/#\/schema\/person\/9ec101baf56233e53520c26de5d6f6f0","name":"Reda\u00e7\u00e3o Portal MF","image":{"@type":"ImageObject","inLanguage":"pt-BR","@id":"https:\/\/portalmf.com.br\/#\/schema\/person\/image\/","url":"https:\/\/secure.gravatar.com\/avatar\/41b9aaeb2100835f7c64362330f74c7f?s=96&d=mm&r=g","contentUrl":"https:\/\/secure.gravatar.com\/avatar\/41b9aaeb2100835f7c64362330f74c7f?s=96&d=mm&r=g","caption":"Reda\u00e7\u00e3o Portal MF"},"description":"Sejam bem-vindos o portal de informa\u00e7\u00f5es de entretenimento de Feira de Santana, desde 2006 realiza coberturas dos principais eventos com entrevistas exclusivas com as principais personalidades mundiais. Fique conectado tamb\u00e9m nas redes sociais.","sameAs":["http:\/\/www.portalmf.com.br\/","https:\/\/www.facebook.com\/portalmfoficial","https:\/\/www.instagram.com\/portalmf\/","https:\/\/x.com\/https:\/\/x.com\/portalmfoficial","https:\/\/www.youtube.com\/@portalmfoficial"],"url":"https:\/\/portalmf.com.br\/index.php\/author\/junior\/"}]}},"_links":{"self":[{"href":"https:\/\/portalmf.com.br\/index.php\/wp-json\/wp\/v2\/posts\/20352"}],"collection":[{"href":"https:\/\/portalmf.com.br\/index.php\/wp-json\/wp\/v2\/posts"}],"about":[{"href":"https:\/\/portalmf.com.br\/index.php\/wp-json\/wp\/v2\/types\/post"}],"author":[{"embeddable":true,"href":"https:\/\/portalmf.com.br\/index.php\/wp-json\/wp\/v2\/users\/3"}],"replies":[{"embeddable":true,"href":"https:\/\/portalmf.com.br\/index.php\/wp-json\/wp\/v2\/comments?post=20352"}],"version-history":[{"count":1,"href":"https:\/\/portalmf.com.br\/index.php\/wp-json\/wp\/v2\/posts\/20352\/revisions"}],"predecessor-version":[{"id":20353,"href":"https:\/\/portalmf.com.br\/index.php\/wp-json\/wp\/v2\/posts\/20352\/revisions\/20353"}],"wp:featuredmedia":[{"embeddable":true,"href":"https:\/\/portalmf.com.br\/index.php\/wp-json\/wp\/v2\/media\/19621"}],"wp:attachment":[{"href":"https:\/\/portalmf.com.br\/index.php\/wp-json\/wp\/v2\/media?parent=20352"}],"wp:term":[{"taxonomy":"category","embeddable":true,"href":"https:\/\/portalmf.com.br\/index.php\/wp-json\/wp\/v2\/categories?post=20352"},{"taxonomy":"post_tag","embeddable":true,"href":"https:\/\/portalmf.com.br\/index.php\/wp-json\/wp\/v2\/tags?post=20352"}],"curies":[{"name":"wp","href":"https:\/\/api.w.org\/{rel}","templated":true}]}}