{"id":20346,"date":"2023-11-29T16:56:31","date_gmt":"2023-11-29T19:56:31","guid":{"rendered":"https:\/\/portalmf.com.br\/?p=20346"},"modified":"2023-11-29T16:56:35","modified_gmt":"2023-11-29T19:56:35","slug":"campanha-natal-solidario-pet-arrecada-alimentos-para-instituicoes-de-animais","status":"publish","type":"post","link":"https:\/\/portalmf.com.br\/index.php\/2023\/11\/29\/campanha-natal-solidario-pet-arrecada-alimentos-para-instituicoes-de-animais\/","title":{"rendered":"Campanha Natal Solid\u00e1rio Pet arrecada alimentos para institui\u00e7\u00f5es de animais"},"content":{"rendered":"\n<p>O deputado estadual Jos\u00e9 de Arimateia (Republicanos), pelo terceiro ano, coordena a campanha Natal Solid\u00e1rio Pet, em Salvador e Feira de Santana. O objetivo \u00e9 arrecadar alimentos para c\u00e3es e gatos \u00e0 serem doados a institui\u00e7\u00f5es protetoras dos animais. De acordo com o parlamentar, a a\u00e7\u00e3o \u201cexiste porque h\u00e1 um n\u00famero significativo de animais abandonados nas ruas.\u201d<\/p>\n\n\n\n<p><em>\u201cSe o poder p\u00fablico n\u00e3o ajuda, temos que nos movimentar para que a popula\u00e7\u00e3o se sensibilize de doar pelo menos um quilo de ra\u00e7\u00e3o\u201d<\/em>, justifica. Os alimentos ser\u00e3o distribu\u00eddos para institui\u00e7\u00f5es, conforme comprova\u00e7\u00e3o de suas necessidades.<\/p>\n\n\n\n<p>Em Feira, a abertura ser\u00e1 na sexta (01\/12), no Centro comercial da cidade. Na \u201cPrincesa do Sert\u00e3o\u201d, as pessoas que queiram doar podem se dirigir \u00e0 Avenida Sampaio, n\u00ba 533. J\u00e1 na capital, o pontap\u00e9 ser\u00e1 na quarta (04), na Assembleia Legislativa (ALBA), onde uma caixa coletora ficar\u00e1 dispon\u00edvel at\u00e9 o dia 20 de dezembro. Os participantes receber\u00e3o um chaveiro de lembran\u00e7a do projeto.<\/p>\n\n\n\n<p>Apesar de a campanha est\u00e1 oficialmente apenas no seu 3\u00ba ano, o republicano destaca que desde o seu primeiro mandato tem realizado a\u00e7\u00f5es de doa\u00e7\u00f5es. <em>\u201cEsta \u00e9 uma luta constante.&#8221;<\/em><\/p>\n\n\n\n<p><strong>Pol\u00edticas de prote\u00e7\u00e3o | <\/strong>Arimateia ressalta que tem defendido projetos voltadas para a causa animal na Bahia e, gradativamente, tem conseguido avan\u00e7os. <em>\u201cN\u00f3s temos j\u00e1 a Semana de Conscientiza\u00e7\u00e3o e Prote\u00e7\u00e3o dos Direitos dos Animais, que \u00e9 lei estadual, na primeira semana do m\u00eas de outubro, e agora estamos lutando para a cria\u00e7\u00e3o efetiva de pol\u00edticas p\u00fablicas para os animais com uma rubrica no or\u00e7amento do estado, e espero que em breve se torna realidade.\u201d<\/em><\/p>\n\n\n\n<p>Jos\u00e9 de Arimateia \u00e9 presidente Frente Parlamentar em Defesa do Bem-Estar Animal da ALBA. A pasta foi institu\u00edda para estimular a\u00e7\u00f5es integradas entre os diversos n\u00edveis federativos, bem como as a\u00e7\u00f5es oriundas da sociedade civil, com o intuito de fortalecer, difundir e potencializar as quest\u00f5es animais.<\/p>\n\n\n\n<p><strong>Saiba onde doar:<\/strong><br>\u2013 Feira de Santana: Av. Sampaio, 533 \u2013 Centro<br>\u2013 Salvador: entrada da Assembleia Legislativa, CAB.<\/p>\n","protected":false},"excerpt":{"rendered":"<p>O deputado estadual Jos\u00e9 de Arimateia (Republicanos), pelo terceiro ano, coordena a campanha Natal Solid\u00e1rio Pet, em Salvador e Feira de Santana. O objetivo \u00e9 arrecadar alimentos para c\u00e3es e gatos \u00e0 serem doados a institui\u00e7\u00f5es protetoras dos animais. De acordo com o parlamentar, a a\u00e7\u00e3o \u201cexiste porque h\u00e1 um n\u00famero significativo de animais abandonados [&hellip;]<\/p>\n","protected":false},"author":3,"featured_media":20347,"comment_status":"open","ping_status":"open","sticky":false,"template":"","format":"standard","meta":{"_monsterinsights_skip_tracking":false,"_monsterinsights_sitenote_active":false,"_monsterinsights_sitenote_note":"","_monsterinsights_sitenote_category":0,"footnotes":""},"categories":[34],"tags":[],"yoast_head":"<!-- This site is optimized with the Yoast SEO plugin v22.9 - https:\/\/yoast.com\/wordpress\/plugins\/seo\/ -->\n<title>Campanha Natal Solid\u00e1rio Pet arrecada alimentos para institui\u00e7\u00f5es de animais - Portal MF<\/title>\n<meta name=\"robots\" content=\"index, follow, max-snippet:-1, max-image-preview:large, max-video-preview:-1\" \/>\n<link rel=\"canonical\" href=\"https:\/\/portalmf.com.br\/index.php\/2023\/11\/29\/campanha-natal-solidario-pet-arrecada-alimentos-para-instituicoes-de-animais\/\" \/>\n<meta property=\"og:locale\" content=\"pt_BR\" \/>\n<meta property=\"og:type\" content=\"article\" \/>\n<meta property=\"og:title\" content=\"Campanha Natal Solid\u00e1rio Pet arrecada alimentos para institui\u00e7\u00f5es de animais - Portal MF\" \/>\n<meta property=\"og:description\" content=\"O deputado estadual Jos\u00e9 de Arimateia (Republicanos), pelo terceiro ano, coordena a campanha Natal Solid\u00e1rio Pet, em Salvador e Feira de Santana. O objetivo \u00e9 arrecadar alimentos para c\u00e3es e gatos \u00e0 serem doados a institui\u00e7\u00f5es protetoras dos animais. De acordo com o parlamentar, a a\u00e7\u00e3o \u201cexiste porque h\u00e1 um n\u00famero significativo de animais abandonados [&hellip;]\" \/>\n<meta property=\"og:url\" content=\"https:\/\/portalmf.com.br\/index.php\/2023\/11\/29\/campanha-natal-solidario-pet-arrecada-alimentos-para-instituicoes-de-animais\/\" \/>\n<meta property=\"og:site_name\" content=\"Portal MF\" \/>\n<meta property=\"article:author\" content=\"https:\/\/www.facebook.com\/portalmfoficial\" \/>\n<meta property=\"article:published_time\" content=\"2023-11-29T19:56:31+00:00\" \/>\n<meta property=\"article:modified_time\" content=\"2023-11-29T19:56:35+00:00\" \/>\n<meta property=\"og:image\" content=\"https:\/\/portalmf.com.br\/wp-content\/uploads\/2023\/11\/Campanha-Natal-Solidario-Pet-arrecada-alimentos-para-instituicoes-de-animais.jpeg\" \/>\n\t<meta property=\"og:image:width\" content=\"683\" \/>\n\t<meta property=\"og:image:height\" content=\"683\" \/>\n\t<meta property=\"og:image:type\" content=\"image\/jpeg\" \/>\n<meta name=\"author\" content=\"Reda\u00e7\u00e3o Portal MF\" \/>\n<meta name=\"twitter:card\" content=\"summary_large_image\" \/>\n<meta name=\"twitter:creator\" content=\"@https:\/\/x.com\/portalmfoficial\" \/>\n<meta name=\"twitter:label1\" content=\"Escrito por\" \/>\n\t<meta name=\"twitter:data1\" content=\"Reda\u00e7\u00e3o Portal MF\" \/>\n\t<meta name=\"twitter:label2\" content=\"Est. tempo de leitura\" \/>\n\t<meta name=\"twitter:data2\" content=\"2 minutos\" \/>\n<script type=\"application\/ld+json\" class=\"yoast-schema-graph\">{\"@context\":\"https:\/\/schema.org\",\"@graph\":[{\"@type\":\"WebPage\",\"@id\":\"https:\/\/portalmf.com.br\/index.php\/2023\/11\/29\/campanha-natal-solidario-pet-arrecada-alimentos-para-instituicoes-de-animais\/\",\"url\":\"https:\/\/portalmf.com.br\/index.php\/2023\/11\/29\/campanha-natal-solidario-pet-arrecada-alimentos-para-instituicoes-de-animais\/\",\"name\":\"Campanha Natal Solid\u00e1rio Pet arrecada alimentos para institui\u00e7\u00f5es de animais - Portal MF\",\"isPartOf\":{\"@id\":\"https:\/\/portalmf.com.br\/#website\"},\"primaryImageOfPage\":{\"@id\":\"https:\/\/portalmf.com.br\/index.php\/2023\/11\/29\/campanha-natal-solidario-pet-arrecada-alimentos-para-instituicoes-de-animais\/#primaryimage\"},\"image\":{\"@id\":\"https:\/\/portalmf.com.br\/index.php\/2023\/11\/29\/campanha-natal-solidario-pet-arrecada-alimentos-para-instituicoes-de-animais\/#primaryimage\"},\"thumbnailUrl\":\"https:\/\/portalmf.com.br\/wp-content\/uploads\/2023\/11\/Campanha-Natal-Solidario-Pet-arrecada-alimentos-para-instituicoes-de-animais.jpeg\",\"datePublished\":\"2023-11-29T19:56:31+00:00\",\"dateModified\":\"2023-11-29T19:56:35+00:00\",\"author\":{\"@id\":\"https:\/\/portalmf.com.br\/#\/schema\/person\/9ec101baf56233e53520c26de5d6f6f0\"},\"breadcrumb\":{\"@id\":\"https:\/\/portalmf.com.br\/index.php\/2023\/11\/29\/campanha-natal-solidario-pet-arrecada-alimentos-para-instituicoes-de-animais\/#breadcrumb\"},\"inLanguage\":\"pt-BR\",\"potentialAction\":[{\"@type\":\"ReadAction\",\"target\":[\"https:\/\/portalmf.com.br\/index.php\/2023\/11\/29\/campanha-natal-solidario-pet-arrecada-alimentos-para-instituicoes-de-animais\/\"]}]},{\"@type\":\"ImageObject\",\"inLanguage\":\"pt-BR\",\"@id\":\"https:\/\/portalmf.com.br\/index.php\/2023\/11\/29\/campanha-natal-solidario-pet-arrecada-alimentos-para-instituicoes-de-animais\/#primaryimage\",\"url\":\"https:\/\/portalmf.com.br\/wp-content\/uploads\/2023\/11\/Campanha-Natal-Solidario-Pet-arrecada-alimentos-para-instituicoes-de-animais.jpeg\",\"contentUrl\":\"https:\/\/portalmf.com.br\/wp-content\/uploads\/2023\/11\/Campanha-Natal-Solidario-Pet-arrecada-alimentos-para-instituicoes-de-animais.jpeg\",\"width\":683,\"height\":683},{\"@type\":\"BreadcrumbList\",\"@id\":\"https:\/\/portalmf.com.br\/index.php\/2023\/11\/29\/campanha-natal-solidario-pet-arrecada-alimentos-para-instituicoes-de-animais\/#breadcrumb\",\"itemListElement\":[{\"@type\":\"ListItem\",\"position\":1,\"name\":\"In\u00edcio\",\"item\":\"https:\/\/portalmf.com.br\/\"},{\"@type\":\"ListItem\",\"position\":2,\"name\":\"Campanha Natal Solid\u00e1rio Pet arrecada alimentos para institui\u00e7\u00f5es de animais\"}]},{\"@type\":\"WebSite\",\"@id\":\"https:\/\/portalmf.com.br\/#website\",\"url\":\"https:\/\/portalmf.com.br\/\",\"name\":\"Portal MF\",\"description\":\"Voc\u00ea conectado com a informa\u00e7\u00e3o\",\"potentialAction\":[{\"@type\":\"SearchAction\",\"target\":{\"@type\":\"EntryPoint\",\"urlTemplate\":\"https:\/\/portalmf.com.br\/?s={search_term_string}\"},\"query-input\":\"required name=search_term_string\"}],\"inLanguage\":\"pt-BR\"},{\"@type\":\"Person\",\"@id\":\"https:\/\/portalmf.com.br\/#\/schema\/person\/9ec101baf56233e53520c26de5d6f6f0\",\"name\":\"Reda\u00e7\u00e3o Portal MF\",\"image\":{\"@type\":\"ImageObject\",\"inLanguage\":\"pt-BR\",\"@id\":\"https:\/\/portalmf.com.br\/#\/schema\/person\/image\/\",\"url\":\"https:\/\/secure.gravatar.com\/avatar\/41b9aaeb2100835f7c64362330f74c7f?s=96&d=mm&r=g\",\"contentUrl\":\"https:\/\/secure.gravatar.com\/avatar\/41b9aaeb2100835f7c64362330f74c7f?s=96&d=mm&r=g\",\"caption\":\"Reda\u00e7\u00e3o Portal MF\"},\"description\":\"Sejam bem-vindos o portal de informa\u00e7\u00f5es de entretenimento de Feira de Santana, desde 2006 realiza coberturas dos principais eventos com entrevistas exclusivas com as principais personalidades mundiais. Fique conectado tamb\u00e9m nas redes sociais.\",\"sameAs\":[\"http:\/\/www.portalmf.com.br\/\",\"https:\/\/www.facebook.com\/portalmfoficial\",\"https:\/\/www.instagram.com\/portalmf\/\",\"https:\/\/x.com\/https:\/\/x.com\/portalmfoficial\",\"https:\/\/www.youtube.com\/@portalmfoficial\"],\"url\":\"https:\/\/portalmf.com.br\/index.php\/author\/junior\/\"}]}<\/script>\n<!-- \/ Yoast SEO plugin. -->","yoast_head_json":{"title":"Campanha Natal Solid\u00e1rio Pet arrecada alimentos para institui\u00e7\u00f5es de animais - Portal MF","robots":{"index":"index","follow":"follow","max-snippet":"max-snippet:-1","max-image-preview":"max-image-preview:large","max-video-preview":"max-video-preview:-1"},"canonical":"https:\/\/portalmf.com.br\/index.php\/2023\/11\/29\/campanha-natal-solidario-pet-arrecada-alimentos-para-instituicoes-de-animais\/","og_locale":"pt_BR","og_type":"article","og_title":"Campanha Natal Solid\u00e1rio Pet arrecada alimentos para institui\u00e7\u00f5es de animais - Portal MF","og_description":"O deputado estadual Jos\u00e9 de Arimateia (Republicanos), pelo terceiro ano, coordena a campanha Natal Solid\u00e1rio Pet, em Salvador e Feira de Santana. O objetivo \u00e9 arrecadar alimentos para c\u00e3es e gatos \u00e0 serem doados a institui\u00e7\u00f5es protetoras dos animais. De acordo com o parlamentar, a a\u00e7\u00e3o \u201cexiste porque h\u00e1 um n\u00famero significativo de animais abandonados [&hellip;]","og_url":"https:\/\/portalmf.com.br\/index.php\/2023\/11\/29\/campanha-natal-solidario-pet-arrecada-alimentos-para-instituicoes-de-animais\/","og_site_name":"Portal MF","article_author":"https:\/\/www.facebook.com\/portalmfoficial","article_published_time":"2023-11-29T19:56:31+00:00","article_modified_time":"2023-11-29T19:56:35+00:00","og_image":[{"width":683,"height":683,"url":"https:\/\/portalmf.com.br\/wp-content\/uploads\/2023\/11\/Campanha-Natal-Solidario-Pet-arrecada-alimentos-para-instituicoes-de-animais.jpeg","type":"image\/jpeg"}],"author":"Reda\u00e7\u00e3o Portal MF","twitter_card":"summary_large_image","twitter_creator":"@https:\/\/x.com\/portalmfoficial","twitter_misc":{"Escrito por":"Reda\u00e7\u00e3o Portal MF","Est. tempo de leitura":"2 minutos"},"schema":{"@context":"https:\/\/schema.org","@graph":[{"@type":"WebPage","@id":"https:\/\/portalmf.com.br\/index.php\/2023\/11\/29\/campanha-natal-solidario-pet-arrecada-alimentos-para-instituicoes-de-animais\/","url":"https:\/\/portalmf.com.br\/index.php\/2023\/11\/29\/campanha-natal-solidario-pet-arrecada-alimentos-para-instituicoes-de-animais\/","name":"Campanha Natal Solid\u00e1rio Pet arrecada alimentos para institui\u00e7\u00f5es de animais - Portal MF","isPartOf":{"@id":"https:\/\/portalmf.com.br\/#website"},"primaryImageOfPage":{"@id":"https:\/\/portalmf.com.br\/index.php\/2023\/11\/29\/campanha-natal-solidario-pet-arrecada-alimentos-para-instituicoes-de-animais\/#primaryimage"},"image":{"@id":"https:\/\/portalmf.com.br\/index.php\/2023\/11\/29\/campanha-natal-solidario-pet-arrecada-alimentos-para-instituicoes-de-animais\/#primaryimage"},"thumbnailUrl":"https:\/\/portalmf.com.br\/wp-content\/uploads\/2023\/11\/Campanha-Natal-Solidario-Pet-arrecada-alimentos-para-instituicoes-de-animais.jpeg","datePublished":"2023-11-29T19:56:31+00:00","dateModified":"2023-11-29T19:56:35+00:00","author":{"@id":"https:\/\/portalmf.com.br\/#\/schema\/person\/9ec101baf56233e53520c26de5d6f6f0"},"breadcrumb":{"@id":"https:\/\/portalmf.com.br\/index.php\/2023\/11\/29\/campanha-natal-solidario-pet-arrecada-alimentos-para-instituicoes-de-animais\/#breadcrumb"},"inLanguage":"pt-BR","potentialAction":[{"@type":"ReadAction","target":["https:\/\/portalmf.com.br\/index.php\/2023\/11\/29\/campanha-natal-solidario-pet-arrecada-alimentos-para-instituicoes-de-animais\/"]}]},{"@type":"ImageObject","inLanguage":"pt-BR","@id":"https:\/\/portalmf.com.br\/index.php\/2023\/11\/29\/campanha-natal-solidario-pet-arrecada-alimentos-para-instituicoes-de-animais\/#primaryimage","url":"https:\/\/portalmf.com.br\/wp-content\/uploads\/2023\/11\/Campanha-Natal-Solidario-Pet-arrecada-alimentos-para-instituicoes-de-animais.jpeg","contentUrl":"https:\/\/portalmf.com.br\/wp-content\/uploads\/2023\/11\/Campanha-Natal-Solidario-Pet-arrecada-alimentos-para-instituicoes-de-animais.jpeg","width":683,"height":683},{"@type":"BreadcrumbList","@id":"https:\/\/portalmf.com.br\/index.php\/2023\/11\/29\/campanha-natal-solidario-pet-arrecada-alimentos-para-instituicoes-de-animais\/#breadcrumb","itemListElement":[{"@type":"ListItem","position":1,"name":"In\u00edcio","item":"https:\/\/portalmf.com.br\/"},{"@type":"ListItem","position":2,"name":"Campanha Natal Solid\u00e1rio Pet arrecada alimentos para institui\u00e7\u00f5es de animais"}]},{"@type":"WebSite","@id":"https:\/\/portalmf.com.br\/#website","url":"https:\/\/portalmf.com.br\/","name":"Portal MF","description":"Voc\u00ea conectado com a informa\u00e7\u00e3o","potentialAction":[{"@type":"SearchAction","target":{"@type":"EntryPoint","urlTemplate":"https:\/\/portalmf.com.br\/?s={search_term_string}"},"query-input":"required name=search_term_string"}],"inLanguage":"pt-BR"},{"@type":"Person","@id":"https:\/\/portalmf.com.br\/#\/schema\/person\/9ec101baf56233e53520c26de5d6f6f0","name":"Reda\u00e7\u00e3o Portal MF","image":{"@type":"ImageObject","inLanguage":"pt-BR","@id":"https:\/\/portalmf.com.br\/#\/schema\/person\/image\/","url":"https:\/\/secure.gravatar.com\/avatar\/41b9aaeb2100835f7c64362330f74c7f?s=96&d=mm&r=g","contentUrl":"https:\/\/secure.gravatar.com\/avatar\/41b9aaeb2100835f7c64362330f74c7f?s=96&d=mm&r=g","caption":"Reda\u00e7\u00e3o Portal MF"},"description":"Sejam bem-vindos o portal de informa\u00e7\u00f5es de entretenimento de Feira de Santana, desde 2006 realiza coberturas dos principais eventos com entrevistas exclusivas com as principais personalidades mundiais. Fique conectado tamb\u00e9m nas redes sociais.","sameAs":["http:\/\/www.portalmf.com.br\/","https:\/\/www.facebook.com\/portalmfoficial","https:\/\/www.instagram.com\/portalmf\/","https:\/\/x.com\/https:\/\/x.com\/portalmfoficial","https:\/\/www.youtube.com\/@portalmfoficial"],"url":"https:\/\/portalmf.com.br\/index.php\/author\/junior\/"}]}},"_links":{"self":[{"href":"https:\/\/portalmf.com.br\/index.php\/wp-json\/wp\/v2\/posts\/20346"}],"collection":[{"href":"https:\/\/portalmf.com.br\/index.php\/wp-json\/wp\/v2\/posts"}],"about":[{"href":"https:\/\/portalmf.com.br\/index.php\/wp-json\/wp\/v2\/types\/post"}],"author":[{"embeddable":true,"href":"https:\/\/portalmf.com.br\/index.php\/wp-json\/wp\/v2\/users\/3"}],"replies":[{"embeddable":true,"href":"https:\/\/portalmf.com.br\/index.php\/wp-json\/wp\/v2\/comments?post=20346"}],"version-history":[{"count":1,"href":"https:\/\/portalmf.com.br\/index.php\/wp-json\/wp\/v2\/posts\/20346\/revisions"}],"predecessor-version":[{"id":20348,"href":"https:\/\/portalmf.com.br\/index.php\/wp-json\/wp\/v2\/posts\/20346\/revisions\/20348"}],"wp:featuredmedia":[{"embeddable":true,"href":"https:\/\/portalmf.com.br\/index.php\/wp-json\/wp\/v2\/media\/20347"}],"wp:attachment":[{"href":"https:\/\/portalmf.com.br\/index.php\/wp-json\/wp\/v2\/media?parent=20346"}],"wp:term":[{"taxonomy":"category","embeddable":true,"href":"https:\/\/portalmf.com.br\/index.php\/wp-json\/wp\/v2\/categories?post=20346"},{"taxonomy":"post_tag","embeddable":true,"href":"https:\/\/portalmf.com.br\/index.php\/wp-json\/wp\/v2\/tags?post=20346"}],"curies":[{"name":"wp","href":"https:\/\/api.w.org\/{rel}","templated":true}]}}