{"id":20336,"date":"2023-11-28T18:59:22","date_gmt":"2023-11-28T21:59:22","guid":{"rendered":"https:\/\/portalmf.com.br\/?p=20336"},"modified":"2023-11-28T18:59:26","modified_gmt":"2023-11-28T21:59:26","slug":"governo-do-estado-lanca-serie-de-acoes-de-combate-a-fome-na-bahia","status":"publish","type":"post","link":"https:\/\/portalmf.com.br\/index.php\/2023\/11\/28\/governo-do-estado-lanca-serie-de-acoes-de-combate-a-fome-na-bahia\/","title":{"rendered":"Governo do Estado lan\u00e7a s\u00e9rie de a\u00e7\u00f5es de combate \u00e0 fome na Bahia"},"content":{"rendered":"\n<p>O Governo&nbsp; do Estadosancionou, nesta ter\u00e7a-feira (28\/11), a lei que criou o Programa Bahia sem Fome e anunciou diversas a\u00e7\u00f5es para impulsionar a produ\u00e7\u00e3o de alimentos, o acesso \u00e0 \u00e1gua e o combate \u00e0 fome na Bahia, por meio da Companhia de Desenvolvimento e A\u00e7\u00e3o Regional (CAR), empresa p\u00fablica&nbsp; vinculada \u00e0 Secretaria&nbsp; de Desenvolvimento Rural ( SDR). O evento aconteceu no Centro Social Urbano de Mussurunga, em Salvador.&nbsp;<\/p>\n\n\n\n<p>Entre as a\u00e7\u00f5es, foi lan\u00e7ado o edital \u201cComida no Prato\u201d de apoio \u00e0s cozinhas comunit\u00e1rias e solid\u00e1rias para o fortalecimento da rede de equipamentos integrados para o combate \u00e0 fome na Bahia, uma iniciativa inserida na estrat\u00e9gia do Programa Bahia sem Fome.&nbsp;<\/p>\n\n\n\n<p>Com um investimento que ultrapassa os R$ 24 milh\u00f5es, o Governo do Estado vai garantir, a partir do apoio a essas cozinhas, comida na mesa de mais de 20 mil fam\u00edlias&nbsp; em todo o Estado. A previs\u00e3o \u00e9 de entrega de mais de duas milh\u00f5es de refei\u00e7\u00f5es para as fam\u00edlias em vulnerabilidade social, a exemplo de pessoas em situa\u00e7\u00e3o de rua, trabalhadores\/as de baixa renda, trabalhadores\/as desempregados\/as ou desalentados\/as, pessoas idosas e crian\u00e7as, m\u00e3es solos entre outras popula\u00e7\u00f5es desassistidas e situadas abaixo da linha da pobreza.&nbsp;<\/p>\n\n\n\n<p>A a\u00e7\u00e3o visa garantir a seguran\u00e7a alimentar e nutricional dessas fam\u00edlias com alimentos provenientes da agricultura familiar baiana. Essa soma de esfor\u00e7os busca combater \u00e0 fome na Bahia com alimento de qualidade, como afirma o diretor-presidente da CAR, Jeandro Ribeiro. \u201c\u00c9 uma s\u00e9rie de a\u00e7\u00f5es para combater a fome na Bahia com comida boa e de qualidade para todos e todas. Temos a san\u00e7\u00e3o do SUSAF, a limpeza das aguadas e o reuso de \u00e1gua para viabilizar desde a comida no prato at\u00e9 o acesso \u00e0 \u00e1gua e comercializa\u00e7\u00e3o dos produtos\u201d, afirmou o diretor-presidente.&nbsp;<\/p>\n\n\n\n<p>O coordenador-geral de A\u00e7\u00f5es Estrat\u00e9gicas de Combate \u00e0 Fome na Bahia, Tiago Pereira, analisou a contribui\u00e7\u00e3o da agricultura familiar no combate \u00e0 fome. \u201cA CAR \u00e9 uma enorme parceira na execu\u00e7\u00e3o das a\u00e7\u00f5es de combate \u00e0 fome, tanto para a produ\u00e7\u00e3o de alimentos, quanto inclus\u00e3o socioprodutiva e garantia de \u00e1gua nas comunidades rurais\u201d.&nbsp;<\/p>\n\n\n\n<p>O chamamento p\u00fablico se destina aos&nbsp; 17 munic\u00edpios mais populosas do Estado (Salvador, Feira de Santana, Vit\u00f3ria da Conquista, Cama\u00e7ari, Juazeiro, Itabuna, Lauro de Freitas, Teixeira de Freitas, Barreiras, Ilh\u00e9us, Alagoinhas, Jequi\u00e9, Porto Seguro, Sim\u00f5es Filho, Paulo Afonso, Eun\u00e1polis e Santo Ant\u00f4nio de Jesus) e estar\u00e1 dispon\u00edvel no site&nbsp;<a href=\"http:\/\/www.car.org.br\/\" target=\"_blank\" rel=\"noreferrer noopener\">www.car.org.br<\/a>&nbsp;a partir desta quarta-feira (29\/11).&nbsp;<\/p>\n\n\n\n<p>Podem se inscrever organiza\u00e7\u00f5es da sociedade civil com experi\u00eancia m\u00ednima de dois anos no fornecimento de alimentos para pessoas em vulnerabilidade social.&nbsp;<\/p>\n\n\n\n<figure class=\"wp-block-image size-large\"><img fetchpriority=\"high\" decoding=\"async\" width=\"1024\" height=\"683\" src=\"https:\/\/portalmf.com.br\/wp-content\/uploads\/2023\/11\/Bahia-Sem-Fome-64-1024x683.jpg\" alt=\"\" class=\"wp-image-20338\" srcset=\"https:\/\/portalmf.com.br\/wp-content\/uploads\/2023\/11\/Bahia-Sem-Fome-64-1024x683.jpg 1024w, https:\/\/portalmf.com.br\/wp-content\/uploads\/2023\/11\/Bahia-Sem-Fome-64-300x200.jpg 300w, https:\/\/portalmf.com.br\/wp-content\/uploads\/2023\/11\/Bahia-Sem-Fome-64-768x512.jpg 768w, https:\/\/portalmf.com.br\/wp-content\/uploads\/2023\/11\/Bahia-Sem-Fome-64-1536x1024.jpg 1536w, https:\/\/portalmf.com.br\/wp-content\/uploads\/2023\/11\/Bahia-Sem-Fome-64-2048x1365.jpg 2048w, https:\/\/portalmf.com.br\/wp-content\/uploads\/2023\/11\/Bahia-Sem-Fome-64-1920x1280.jpg 1920w, https:\/\/portalmf.com.br\/wp-content\/uploads\/2023\/11\/Bahia-Sem-Fome-64-1170x780.jpg 1170w, https:\/\/portalmf.com.br\/wp-content\/uploads\/2023\/11\/Bahia-Sem-Fome-64-585x390.jpg 585w, https:\/\/portalmf.com.br\/wp-content\/uploads\/2023\/11\/Bahia-Sem-Fome-64-263x175.jpg 263w\" sizes=\"(max-width: 1024px) 100vw, 1024px\" \/><figcaption class=\"wp-element-caption\"><strong>Foto: Andr\u00e9 Frutu\u00f4so\/CAR GovBA<\/strong><\/figcaption><\/figure>\n\n\n\n<h2 class=\"wp-block-heading\"><strong>SUSAF&nbsp;<\/strong><\/h2>\n\n\n\n<p>Tamb\u00e9m foi sansionado o projeto de Lei que implanta o Sistema Unificado Estadual de Sanidade Agroindustrial Familiar, Artesanal e de Pequeno Porte (SUSAF). Esse sistema autoriza, por meio de ades\u00e3o e cumprimento de exig\u00eancias previstas na sua regulamenta\u00e7\u00e3o, a comercializa\u00e7\u00e3o de produtos de origem animal como mel, carne e ovos, certificados pelo Selo de Inspe\u00e7\u00e3o Municipal (SIM) em todo o estado e n\u00e3o apenas nos territ\u00f3rios envolvidos pelos cons\u00f3rcios p\u00fablicos intermunicipais. &nbsp;<\/p>\n\n\n\n<p>Dessa forma, os produtos certificados pelo SIM em cada canto da Bahia poder\u00e3o ampliar a sua comercializa\u00e7\u00e3o gerando mais emprego e renda para milhares de fam\u00edlias agricultoras<\/p>\n\n\n\n<h2 class=\"wp-block-heading\"><strong>Limpeza de aguadas&nbsp;<\/strong><\/h2>\n\n\n\n<p>Para garantir \u00e1gua de qualidade para as fam\u00edlias agricultoras, o Governo do Estado&nbsp; assinou ordem de servi\u00e7o para realizar a limpeza de aguadas familiares em 40 munic\u00edpios, o que vai beneficiar 2.105 agricultores e a agricultoras no \u00e2mbito do Programa \u00c1gua para Todos. &nbsp;<\/p>\n\n\n\n<p>A limpeza das aguadas \u00e9 fundamental para capta\u00e7\u00e3o e armazenamento de \u00e1gua da chuva, principalmente no per\u00edodo de estiagem prolongada. Essa \u00e1gua \u00e9 utilizada pelas fam\u00edlias para uso dom\u00e9stico, matar a sede dos animais e manuten\u00e7\u00e3o dos quintais produtivos.&nbsp;<\/p>\n\n\n\n<h2 class=\"wp-block-heading\"><strong>Reuso da \u00e1gua\u00a0<\/strong><\/h2>\n\n\n\n<p>Outra a\u00e7\u00e3o autorizada, nesta ter\u00e7a-feira (28\/11), foi o conv\u00eanio entre a SDR, por meio da CAR, com o Instituto Regional da Pequena Agropecu\u00e1ria Apropriada (Irpaa) para executar a\u00e7\u00f5es de saneamento rural atrav\u00e9s do reuso das \u00e1guas dom\u00e9sticas para produ\u00e7\u00e3o de alimentos e sementes crioulas, o que vai impactar 600 agricultores e agricultoras dos territ\u00f3rios Piemonte da Diamantina, Bacia do Jacu\u00edpe e Ser\u00e3o do S\u00e3o Francisco. &nbsp;<\/p>\n\n\n\n<p>A a\u00e7\u00e3o visa, al\u00e9m de implementar 30 sistemas de tratamento e reuso de \u00e1gua, estruturar 30 quintais produtivos, implantar um Sistema Agr\u00edcola Resiliente (SAR) coletivo e fornecer oficinas de capacita\u00e7\u00e3o para reuso adequado da \u00e1gua.&nbsp;<\/p>\n","protected":false},"excerpt":{"rendered":"<p>O Governo&nbsp; do Estadosancionou, nesta ter\u00e7a-feira (28\/11), a lei que criou o Programa Bahia sem Fome e anunciou diversas a\u00e7\u00f5es para impulsionar a produ\u00e7\u00e3o de alimentos, o acesso \u00e0 \u00e1gua e o combate \u00e0 fome na Bahia, por meio da Companhia de Desenvolvimento e A\u00e7\u00e3o Regional (CAR), empresa p\u00fablica&nbsp; vinculada \u00e0 Secretaria&nbsp; de Desenvolvimento Rural [&hellip;]<\/p>\n","protected":false},"author":3,"featured_media":20337,"comment_status":"open","ping_status":"open","sticky":false,"template":"","format":"standard","meta":{"_monsterinsights_skip_tracking":false,"_monsterinsights_sitenote_active":false,"_monsterinsights_sitenote_note":"","_monsterinsights_sitenote_category":0,"footnotes":""},"categories":[34],"tags":[],"yoast_head":"<!-- This site is optimized with the Yoast SEO plugin v22.9 - https:\/\/yoast.com\/wordpress\/plugins\/seo\/ -->\n<title>Governo do Estado lan\u00e7a s\u00e9rie de a\u00e7\u00f5es de combate \u00e0 fome na Bahia - Portal MF<\/title>\n<meta name=\"robots\" content=\"index, follow, max-snippet:-1, max-image-preview:large, max-video-preview:-1\" \/>\n<link rel=\"canonical\" href=\"https:\/\/portalmf.com.br\/index.php\/2023\/11\/28\/governo-do-estado-lanca-serie-de-acoes-de-combate-a-fome-na-bahia\/\" \/>\n<meta property=\"og:locale\" content=\"pt_BR\" \/>\n<meta property=\"og:type\" content=\"article\" \/>\n<meta property=\"og:title\" content=\"Governo do Estado lan\u00e7a s\u00e9rie de a\u00e7\u00f5es de combate \u00e0 fome na Bahia - Portal MF\" \/>\n<meta property=\"og:description\" content=\"O Governo&nbsp; do Estadosancionou, nesta ter\u00e7a-feira (28\/11), a lei que criou o Programa Bahia sem Fome e anunciou diversas a\u00e7\u00f5es para impulsionar a produ\u00e7\u00e3o de alimentos, o acesso \u00e0 \u00e1gua e o combate \u00e0 fome na Bahia, por meio da Companhia de Desenvolvimento e A\u00e7\u00e3o Regional (CAR), empresa p\u00fablica&nbsp; vinculada \u00e0 Secretaria&nbsp; de Desenvolvimento Rural [&hellip;]\" \/>\n<meta property=\"og:url\" content=\"https:\/\/portalmf.com.br\/index.php\/2023\/11\/28\/governo-do-estado-lanca-serie-de-acoes-de-combate-a-fome-na-bahia\/\" \/>\n<meta property=\"og:site_name\" content=\"Portal MF\" \/>\n<meta property=\"article:author\" content=\"https:\/\/www.facebook.com\/portalmfoficial\" \/>\n<meta property=\"article:published_time\" content=\"2023-11-28T21:59:22+00:00\" \/>\n<meta property=\"article:modified_time\" content=\"2023-11-28T21:59:26+00:00\" \/>\n<meta property=\"og:image\" content=\"https:\/\/portalmf.com.br\/wp-content\/uploads\/2023\/11\/Bahia-Sem-Fome-69-scaled.jpg\" \/>\n\t<meta property=\"og:image:width\" content=\"2560\" \/>\n\t<meta property=\"og:image:height\" content=\"1707\" \/>\n\t<meta property=\"og:image:type\" content=\"image\/jpeg\" \/>\n<meta name=\"author\" content=\"Reda\u00e7\u00e3o Portal MF\" \/>\n<meta name=\"twitter:card\" content=\"summary_large_image\" \/>\n<meta name=\"twitter:creator\" content=\"@https:\/\/x.com\/portalmfoficial\" \/>\n<meta name=\"twitter:label1\" content=\"Escrito por\" \/>\n\t<meta name=\"twitter:data1\" content=\"Reda\u00e7\u00e3o Portal MF\" \/>\n\t<meta name=\"twitter:label2\" content=\"Est. tempo de leitura\" \/>\n\t<meta name=\"twitter:data2\" content=\"5 minutos\" \/>\n<script type=\"application\/ld+json\" class=\"yoast-schema-graph\">{\"@context\":\"https:\/\/schema.org\",\"@graph\":[{\"@type\":\"WebPage\",\"@id\":\"https:\/\/portalmf.com.br\/index.php\/2023\/11\/28\/governo-do-estado-lanca-serie-de-acoes-de-combate-a-fome-na-bahia\/\",\"url\":\"https:\/\/portalmf.com.br\/index.php\/2023\/11\/28\/governo-do-estado-lanca-serie-de-acoes-de-combate-a-fome-na-bahia\/\",\"name\":\"Governo do Estado lan\u00e7a s\u00e9rie de a\u00e7\u00f5es de combate \u00e0 fome na Bahia - Portal MF\",\"isPartOf\":{\"@id\":\"https:\/\/portalmf.com.br\/#website\"},\"primaryImageOfPage\":{\"@id\":\"https:\/\/portalmf.com.br\/index.php\/2023\/11\/28\/governo-do-estado-lanca-serie-de-acoes-de-combate-a-fome-na-bahia\/#primaryimage\"},\"image\":{\"@id\":\"https:\/\/portalmf.com.br\/index.php\/2023\/11\/28\/governo-do-estado-lanca-serie-de-acoes-de-combate-a-fome-na-bahia\/#primaryimage\"},\"thumbnailUrl\":\"https:\/\/portalmf.com.br\/wp-content\/uploads\/2023\/11\/Bahia-Sem-Fome-69-scaled.jpg\",\"datePublished\":\"2023-11-28T21:59:22+00:00\",\"dateModified\":\"2023-11-28T21:59:26+00:00\",\"author\":{\"@id\":\"https:\/\/portalmf.com.br\/#\/schema\/person\/9ec101baf56233e53520c26de5d6f6f0\"},\"breadcrumb\":{\"@id\":\"https:\/\/portalmf.com.br\/index.php\/2023\/11\/28\/governo-do-estado-lanca-serie-de-acoes-de-combate-a-fome-na-bahia\/#breadcrumb\"},\"inLanguage\":\"pt-BR\",\"potentialAction\":[{\"@type\":\"ReadAction\",\"target\":[\"https:\/\/portalmf.com.br\/index.php\/2023\/11\/28\/governo-do-estado-lanca-serie-de-acoes-de-combate-a-fome-na-bahia\/\"]}]},{\"@type\":\"ImageObject\",\"inLanguage\":\"pt-BR\",\"@id\":\"https:\/\/portalmf.com.br\/index.php\/2023\/11\/28\/governo-do-estado-lanca-serie-de-acoes-de-combate-a-fome-na-bahia\/#primaryimage\",\"url\":\"https:\/\/portalmf.com.br\/wp-content\/uploads\/2023\/11\/Bahia-Sem-Fome-69-scaled.jpg\",\"contentUrl\":\"https:\/\/portalmf.com.br\/wp-content\/uploads\/2023\/11\/Bahia-Sem-Fome-69-scaled.jpg\",\"width\":2560,\"height\":1707,\"caption\":\"Foto: Andr\u00e9 Frutu\u00f4so\/CAR_GovBA\"},{\"@type\":\"BreadcrumbList\",\"@id\":\"https:\/\/portalmf.com.br\/index.php\/2023\/11\/28\/governo-do-estado-lanca-serie-de-acoes-de-combate-a-fome-na-bahia\/#breadcrumb\",\"itemListElement\":[{\"@type\":\"ListItem\",\"position\":1,\"name\":\"In\u00edcio\",\"item\":\"https:\/\/portalmf.com.br\/\"},{\"@type\":\"ListItem\",\"position\":2,\"name\":\"Governo do Estado lan\u00e7a s\u00e9rie de a\u00e7\u00f5es de combate \u00e0 fome na Bahia\"}]},{\"@type\":\"WebSite\",\"@id\":\"https:\/\/portalmf.com.br\/#website\",\"url\":\"https:\/\/portalmf.com.br\/\",\"name\":\"Portal MF\",\"description\":\"Voc\u00ea conectado com a informa\u00e7\u00e3o\",\"potentialAction\":[{\"@type\":\"SearchAction\",\"target\":{\"@type\":\"EntryPoint\",\"urlTemplate\":\"https:\/\/portalmf.com.br\/?s={search_term_string}\"},\"query-input\":\"required name=search_term_string\"}],\"inLanguage\":\"pt-BR\"},{\"@type\":\"Person\",\"@id\":\"https:\/\/portalmf.com.br\/#\/schema\/person\/9ec101baf56233e53520c26de5d6f6f0\",\"name\":\"Reda\u00e7\u00e3o Portal MF\",\"image\":{\"@type\":\"ImageObject\",\"inLanguage\":\"pt-BR\",\"@id\":\"https:\/\/portalmf.com.br\/#\/schema\/person\/image\/\",\"url\":\"https:\/\/secure.gravatar.com\/avatar\/41b9aaeb2100835f7c64362330f74c7f?s=96&d=mm&r=g\",\"contentUrl\":\"https:\/\/secure.gravatar.com\/avatar\/41b9aaeb2100835f7c64362330f74c7f?s=96&d=mm&r=g\",\"caption\":\"Reda\u00e7\u00e3o Portal MF\"},\"description\":\"Sejam bem-vindos o portal de informa\u00e7\u00f5es de entretenimento de Feira de Santana, desde 2006 realiza coberturas dos principais eventos com entrevistas exclusivas com as principais personalidades mundiais. Fique conectado tamb\u00e9m nas redes sociais.\",\"sameAs\":[\"http:\/\/www.portalmf.com.br\/\",\"https:\/\/www.facebook.com\/portalmfoficial\",\"https:\/\/www.instagram.com\/portalmf\/\",\"https:\/\/x.com\/https:\/\/x.com\/portalmfoficial\",\"https:\/\/www.youtube.com\/@portalmfoficial\"],\"url\":\"https:\/\/portalmf.com.br\/index.php\/author\/junior\/\"}]}<\/script>\n<!-- \/ Yoast SEO plugin. -->","yoast_head_json":{"title":"Governo do Estado lan\u00e7a s\u00e9rie de a\u00e7\u00f5es de combate \u00e0 fome na Bahia - Portal MF","robots":{"index":"index","follow":"follow","max-snippet":"max-snippet:-1","max-image-preview":"max-image-preview:large","max-video-preview":"max-video-preview:-1"},"canonical":"https:\/\/portalmf.com.br\/index.php\/2023\/11\/28\/governo-do-estado-lanca-serie-de-acoes-de-combate-a-fome-na-bahia\/","og_locale":"pt_BR","og_type":"article","og_title":"Governo do Estado lan\u00e7a s\u00e9rie de a\u00e7\u00f5es de combate \u00e0 fome na Bahia - Portal MF","og_description":"O Governo&nbsp; do Estadosancionou, nesta ter\u00e7a-feira (28\/11), a lei que criou o Programa Bahia sem Fome e anunciou diversas a\u00e7\u00f5es para impulsionar a produ\u00e7\u00e3o de alimentos, o acesso \u00e0 \u00e1gua e o combate \u00e0 fome na Bahia, por meio da Companhia de Desenvolvimento e A\u00e7\u00e3o Regional (CAR), empresa p\u00fablica&nbsp; vinculada \u00e0 Secretaria&nbsp; de Desenvolvimento Rural [&hellip;]","og_url":"https:\/\/portalmf.com.br\/index.php\/2023\/11\/28\/governo-do-estado-lanca-serie-de-acoes-de-combate-a-fome-na-bahia\/","og_site_name":"Portal MF","article_author":"https:\/\/www.facebook.com\/portalmfoficial","article_published_time":"2023-11-28T21:59:22+00:00","article_modified_time":"2023-11-28T21:59:26+00:00","og_image":[{"width":2560,"height":1707,"url":"https:\/\/portalmf.com.br\/wp-content\/uploads\/2023\/11\/Bahia-Sem-Fome-69-scaled.jpg","type":"image\/jpeg"}],"author":"Reda\u00e7\u00e3o Portal MF","twitter_card":"summary_large_image","twitter_creator":"@https:\/\/x.com\/portalmfoficial","twitter_misc":{"Escrito por":"Reda\u00e7\u00e3o Portal MF","Est. tempo de leitura":"5 minutos"},"schema":{"@context":"https:\/\/schema.org","@graph":[{"@type":"WebPage","@id":"https:\/\/portalmf.com.br\/index.php\/2023\/11\/28\/governo-do-estado-lanca-serie-de-acoes-de-combate-a-fome-na-bahia\/","url":"https:\/\/portalmf.com.br\/index.php\/2023\/11\/28\/governo-do-estado-lanca-serie-de-acoes-de-combate-a-fome-na-bahia\/","name":"Governo do Estado lan\u00e7a s\u00e9rie de a\u00e7\u00f5es de combate \u00e0 fome na Bahia - Portal MF","isPartOf":{"@id":"https:\/\/portalmf.com.br\/#website"},"primaryImageOfPage":{"@id":"https:\/\/portalmf.com.br\/index.php\/2023\/11\/28\/governo-do-estado-lanca-serie-de-acoes-de-combate-a-fome-na-bahia\/#primaryimage"},"image":{"@id":"https:\/\/portalmf.com.br\/index.php\/2023\/11\/28\/governo-do-estado-lanca-serie-de-acoes-de-combate-a-fome-na-bahia\/#primaryimage"},"thumbnailUrl":"https:\/\/portalmf.com.br\/wp-content\/uploads\/2023\/11\/Bahia-Sem-Fome-69-scaled.jpg","datePublished":"2023-11-28T21:59:22+00:00","dateModified":"2023-11-28T21:59:26+00:00","author":{"@id":"https:\/\/portalmf.com.br\/#\/schema\/person\/9ec101baf56233e53520c26de5d6f6f0"},"breadcrumb":{"@id":"https:\/\/portalmf.com.br\/index.php\/2023\/11\/28\/governo-do-estado-lanca-serie-de-acoes-de-combate-a-fome-na-bahia\/#breadcrumb"},"inLanguage":"pt-BR","potentialAction":[{"@type":"ReadAction","target":["https:\/\/portalmf.com.br\/index.php\/2023\/11\/28\/governo-do-estado-lanca-serie-de-acoes-de-combate-a-fome-na-bahia\/"]}]},{"@type":"ImageObject","inLanguage":"pt-BR","@id":"https:\/\/portalmf.com.br\/index.php\/2023\/11\/28\/governo-do-estado-lanca-serie-de-acoes-de-combate-a-fome-na-bahia\/#primaryimage","url":"https:\/\/portalmf.com.br\/wp-content\/uploads\/2023\/11\/Bahia-Sem-Fome-69-scaled.jpg","contentUrl":"https:\/\/portalmf.com.br\/wp-content\/uploads\/2023\/11\/Bahia-Sem-Fome-69-scaled.jpg","width":2560,"height":1707,"caption":"Foto: Andr\u00e9 Frutu\u00f4so\/CAR_GovBA"},{"@type":"BreadcrumbList","@id":"https:\/\/portalmf.com.br\/index.php\/2023\/11\/28\/governo-do-estado-lanca-serie-de-acoes-de-combate-a-fome-na-bahia\/#breadcrumb","itemListElement":[{"@type":"ListItem","position":1,"name":"In\u00edcio","item":"https:\/\/portalmf.com.br\/"},{"@type":"ListItem","position":2,"name":"Governo do Estado lan\u00e7a s\u00e9rie de a\u00e7\u00f5es de combate \u00e0 fome na Bahia"}]},{"@type":"WebSite","@id":"https:\/\/portalmf.com.br\/#website","url":"https:\/\/portalmf.com.br\/","name":"Portal MF","description":"Voc\u00ea conectado com a informa\u00e7\u00e3o","potentialAction":[{"@type":"SearchAction","target":{"@type":"EntryPoint","urlTemplate":"https:\/\/portalmf.com.br\/?s={search_term_string}"},"query-input":"required name=search_term_string"}],"inLanguage":"pt-BR"},{"@type":"Person","@id":"https:\/\/portalmf.com.br\/#\/schema\/person\/9ec101baf56233e53520c26de5d6f6f0","name":"Reda\u00e7\u00e3o Portal MF","image":{"@type":"ImageObject","inLanguage":"pt-BR","@id":"https:\/\/portalmf.com.br\/#\/schema\/person\/image\/","url":"https:\/\/secure.gravatar.com\/avatar\/41b9aaeb2100835f7c64362330f74c7f?s=96&d=mm&r=g","contentUrl":"https:\/\/secure.gravatar.com\/avatar\/41b9aaeb2100835f7c64362330f74c7f?s=96&d=mm&r=g","caption":"Reda\u00e7\u00e3o Portal MF"},"description":"Sejam bem-vindos o portal de informa\u00e7\u00f5es de entretenimento de Feira de Santana, desde 2006 realiza coberturas dos principais eventos com entrevistas exclusivas com as principais personalidades mundiais. Fique conectado tamb\u00e9m nas redes sociais.","sameAs":["http:\/\/www.portalmf.com.br\/","https:\/\/www.facebook.com\/portalmfoficial","https:\/\/www.instagram.com\/portalmf\/","https:\/\/x.com\/https:\/\/x.com\/portalmfoficial","https:\/\/www.youtube.com\/@portalmfoficial"],"url":"https:\/\/portalmf.com.br\/index.php\/author\/junior\/"}]}},"_links":{"self":[{"href":"https:\/\/portalmf.com.br\/index.php\/wp-json\/wp\/v2\/posts\/20336"}],"collection":[{"href":"https:\/\/portalmf.com.br\/index.php\/wp-json\/wp\/v2\/posts"}],"about":[{"href":"https:\/\/portalmf.com.br\/index.php\/wp-json\/wp\/v2\/types\/post"}],"author":[{"embeddable":true,"href":"https:\/\/portalmf.com.br\/index.php\/wp-json\/wp\/v2\/users\/3"}],"replies":[{"embeddable":true,"href":"https:\/\/portalmf.com.br\/index.php\/wp-json\/wp\/v2\/comments?post=20336"}],"version-history":[{"count":1,"href":"https:\/\/portalmf.com.br\/index.php\/wp-json\/wp\/v2\/posts\/20336\/revisions"}],"predecessor-version":[{"id":20339,"href":"https:\/\/portalmf.com.br\/index.php\/wp-json\/wp\/v2\/posts\/20336\/revisions\/20339"}],"wp:featuredmedia":[{"embeddable":true,"href":"https:\/\/portalmf.com.br\/index.php\/wp-json\/wp\/v2\/media\/20337"}],"wp:attachment":[{"href":"https:\/\/portalmf.com.br\/index.php\/wp-json\/wp\/v2\/media?parent=20336"}],"wp:term":[{"taxonomy":"category","embeddable":true,"href":"https:\/\/portalmf.com.br\/index.php\/wp-json\/wp\/v2\/categories?post=20336"},{"taxonomy":"post_tag","embeddable":true,"href":"https:\/\/portalmf.com.br\/index.php\/wp-json\/wp\/v2\/tags?post=20336"}],"curies":[{"name":"wp","href":"https:\/\/api.w.org\/{rel}","templated":true}]}}