{"id":20330,"date":"2023-11-28T18:56:10","date_gmt":"2023-11-28T21:56:10","guid":{"rendered":"https:\/\/portalmf.com.br\/?p=20330"},"modified":"2023-11-28T18:56:11","modified_gmt":"2023-11-28T21:56:11","slug":"em-reuniao-da-fnp-colbert-defende-atuacao-proativa-dos-governos-no-enfrentamento-a-seca","status":"publish","type":"post","link":"https:\/\/portalmf.com.br\/index.php\/2023\/11\/28\/em-reuniao-da-fnp-colbert-defende-atuacao-proativa-dos-governos-no-enfrentamento-a-seca\/","title":{"rendered":"Em reuni\u00e3o da FNP, Colbert defende atua\u00e7\u00e3o proativa dos governos no enfrentamento \u00e1 seca"},"content":{"rendered":"\n<p>O alerta sobre o agravamento da seca no Brasil, especialmente no Nordeste, foi o tema abordado pelo prefeito Colbert Martins Filho na 85\u00aa Reuni\u00e3o Geral da Frente Nacional de Prefeitas e Prefeitos (FNP), em Bras\u00edlia\/DF, nesta ter\u00e7a-feira, 28. Colbert, que \u00e9 vice-presidente da Infraestrutura da FNP, observou que, segundo institutos de pesquisa, a influ\u00eancia do fen\u00f4meno El Ni\u00f1o e o aquecimento do Atl\u00e2ntico Tropical Norte manter\u00e3o as chuvas abaixo da m\u00e9dia na regi\u00e3o at\u00e9 janeiro de 2024.<\/p>\n\n\n\n<p><em>&#8220;Na Bahia, mais de 90 munic\u00edpios decretaram estado de emerg\u00eancia por causa da estiagem. Uma das cidades atingidas \u00e9 Feira de Santana, o segundo maior munic\u00edpio baiano. Regi\u00f5es da zona rural de Feira de Santana t\u00eam sido abastecidas por caminh\u00f5es-pipa para n\u00e3o ficarem completamente sem \u00e1gua pot\u00e1vel&#8221;, <\/em>frisou.<\/p>\n\n\n\n<p>Ele explicou durante o encontro que Feira de Santana est\u00e1 na transi\u00e7\u00e3o da zona \u00famida para a zona \u00e1rida do estado da Bahia e a maior parte do seu territ\u00f3rio \u00e9 referente \u00e0 zona rural. &#8220;Passam pelo munic\u00edpio algumas das principais bacias hidrogr\u00e1ficas do estado da Bahia, que tendem a sofrer diminui\u00e7\u00e3o nos seus n\u00edveis nos pr\u00f3ximos meses&#8221;, salientou.<\/p>\n\n\n\n<p>Conforme o prefeito, a proje\u00e7\u00e3o \u00e9 que haja em torno de 9 mil estabelecimentos agr\u00edcolas na zona rural de Feira de Santana, que garantem o sustento das fam\u00edlias. &#8220;<em>Desses, 75% ou cerca de 7 mil t\u00eam at\u00e9 2 hectares, que equivalem a, aproximadamente, 6 tarefas de terra. Ent\u00e3o, a maioria desses, certamente, est\u00e1 vinculada \u00e0 agricultura familiar e, neste momento, est\u00e1 sofrendo com a seca&#8221;, <\/em>apontou.<\/p>\n\n\n\n<p>Colbert destacou ainda que diante da gravidade dos dados e constatando o impacto que esse processo tende a provocar para o empobrecimento do povo sertanejo, espera que o governo federal, em uni\u00e3o com os estados e munic\u00edpios afetados, atue de forma proativa e n\u00e3o paliativa. <em>&#8220;Buscamos perenizar solu\u00e7\u00f5es que abram novas perspectivas para o desenvolvimento regional e, objetivamente, passe a fomentar a implanta\u00e7\u00e3o de projetos que permitam a conviv\u00eancia com a seca&#8221;,<\/em> concluiu.<\/p>\n\n\n\n<figure class=\"wp-block-image size-full\"><img fetchpriority=\"high\" decoding=\"async\" width=\"640\" height=\"426\" src=\"https:\/\/portalmf.com.br\/wp-content\/uploads\/2023\/11\/Em-reuniao-da-FNP-Colbert-defende-atuacao-proativa-dos-governos-no-enfrentamento-a-seca-2.jpg\" alt=\"\" class=\"wp-image-20332\" srcset=\"https:\/\/portalmf.com.br\/wp-content\/uploads\/2023\/11\/Em-reuniao-da-FNP-Colbert-defende-atuacao-proativa-dos-governos-no-enfrentamento-a-seca-2.jpg 640w, https:\/\/portalmf.com.br\/wp-content\/uploads\/2023\/11\/Em-reuniao-da-FNP-Colbert-defende-atuacao-proativa-dos-governos-no-enfrentamento-a-seca-2-300x200.jpg 300w, https:\/\/portalmf.com.br\/wp-content\/uploads\/2023\/11\/Em-reuniao-da-FNP-Colbert-defende-atuacao-proativa-dos-governos-no-enfrentamento-a-seca-2-585x389.jpg 585w, https:\/\/portalmf.com.br\/wp-content\/uploads\/2023\/11\/Em-reuniao-da-FNP-Colbert-defende-atuacao-proativa-dos-governos-no-enfrentamento-a-seca-2-263x175.jpg 263w\" sizes=\"(max-width: 640px) 100vw, 640px\" \/><figcaption class=\"wp-element-caption\"><strong>Foto: Wesley Amaral\/FNP<\/strong><\/figcaption><\/figure>\n\n\n\n<p><strong>COP28<\/strong><\/p>\n\n\n\n<p>Dirigentes da Frente Nacional de Prefeitas e Prefeitos (FNP) tamb\u00e9m discutiram nesta ter\u00e7a-feira, 28, a carta de posicionamento da entidade que ser\u00e1 apresentada na COP28, nos Emirados \u00c1rabes Unidos. O documento ainda est\u00e1 em fase final de elabora\u00e7\u00e3o e vai abranger tanto iniciativas de mitiga\u00e7\u00e3o quanto adapta\u00e7\u00e3o para as mudan\u00e7as clim\u00e1ticas<em>. \u201cFelizmente est\u00e3o nos chamando para esse debate e a FNP vai mandar uma delega\u00e7\u00e3o de prefeitas e prefeitos \u00e0 COP28\u201d,<\/em> comentou Edvaldo Nogueira, presidente da entidade, durante a 85\u00aa Reuni\u00e3o Geral.<\/p>\n\n\n\n<figure class=\"wp-block-image size-full\"><img fetchpriority=\"high\" decoding=\"async\" width=\"640\" height=\"426\" src=\"https:\/\/portalmf.com.br\/wp-content\/uploads\/2023\/11\/Em-reuniao-da-FNP-Colbert-defende-atuacao-proativa-dos-governos-no-enfrentamento-a-seca-2.jpg\" alt=\"\" class=\"wp-image-20332\" srcset=\"https:\/\/portalmf.com.br\/wp-content\/uploads\/2023\/11\/Em-reuniao-da-FNP-Colbert-defende-atuacao-proativa-dos-governos-no-enfrentamento-a-seca-2.jpg 640w, https:\/\/portalmf.com.br\/wp-content\/uploads\/2023\/11\/Em-reuniao-da-FNP-Colbert-defende-atuacao-proativa-dos-governos-no-enfrentamento-a-seca-2-300x200.jpg 300w, https:\/\/portalmf.com.br\/wp-content\/uploads\/2023\/11\/Em-reuniao-da-FNP-Colbert-defende-atuacao-proativa-dos-governos-no-enfrentamento-a-seca-2-585x389.jpg 585w, https:\/\/portalmf.com.br\/wp-content\/uploads\/2023\/11\/Em-reuniao-da-FNP-Colbert-defende-atuacao-proativa-dos-governos-no-enfrentamento-a-seca-2-263x175.jpg 263w\" sizes=\"(max-width: 640px) 100vw, 640px\" \/><figcaption class=\"wp-element-caption\"><strong>Foto: Wesley Amaral\/FNP<\/strong><\/figcaption><\/figure>\n\n\n\n<p><strong>IGUALDADE DE G\u00caNERO NA POL\u00cdTICA<\/strong><\/p>\n\n\n\n<p>A Frente Nacional de Prefeitas e Prefeitos (FNP), anteriormente conhecida como Frente Nacional de Prefeitos, est\u00e1 dando um passo significativo em dire\u00e7\u00e3o \u00e0 equidade de g\u00eanero na pol\u00edtica brasileira. Entre capitais e cidades com mais 80mil habitantes, escopo de atua\u00e7\u00e3o da entidade, apenas 13% s\u00e3o governadas por mulheres. No entanto, desde 2021, a diretoria da FNP conta com 17% de suas vice-presid\u00eancias ocupadas por prefeitas. A mudan\u00e7a de logotipo foi anunciada nesta ter\u00e7a-feira, 28, durante a cerim\u00f4nia de abertura da 85\u00aa Reuni\u00e3o Geral.<\/p>\n\n\n\n<p>A mudan\u00e7a para &#8220;Frente Nacional de Prefeitas e Prefeitos&#8221;, que continuar\u00e1 utilizando o acr\u00f4nimo FNP como sigla, \u00e9 um marco na busca por mais representatividade e igualdade de g\u00eanero na pol\u00edtica.\u00a0<\/p>\n\n\n\n<p>Com informa\u00e7\u00f5es da Secom <\/p>\n","protected":false},"excerpt":{"rendered":"<p>O alerta sobre o agravamento da seca no Brasil, especialmente no Nordeste, foi o tema abordado pelo prefeito Colbert Martins Filho na 85\u00aa Reuni\u00e3o Geral da Frente Nacional de Prefeitas e Prefeitos (FNP), em Bras\u00edlia\/DF, nesta ter\u00e7a-feira, 28. Colbert, que \u00e9 vice-presidente da Infraestrutura da FNP, observou que, segundo institutos de pesquisa, a influ\u00eancia do [&hellip;]<\/p>\n","protected":false},"author":3,"featured_media":20331,"comment_status":"open","ping_status":"open","sticky":false,"template":"","format":"standard","meta":{"_monsterinsights_skip_tracking":false,"_monsterinsights_sitenote_active":false,"_monsterinsights_sitenote_note":"","_monsterinsights_sitenote_category":0,"footnotes":""},"categories":[34],"tags":[],"yoast_head":"<!-- This site is optimized with the Yoast SEO plugin v22.9 - https:\/\/yoast.com\/wordpress\/plugins\/seo\/ -->\n<title>Em reuni\u00e3o da FNP, Colbert defende atua\u00e7\u00e3o proativa dos governos no enfrentamento \u00e1 seca - Portal MF<\/title>\n<meta name=\"robots\" content=\"index, follow, max-snippet:-1, max-image-preview:large, max-video-preview:-1\" \/>\n<link rel=\"canonical\" href=\"https:\/\/portalmf.com.br\/index.php\/2023\/11\/28\/em-reuniao-da-fnp-colbert-defende-atuacao-proativa-dos-governos-no-enfrentamento-a-seca\/\" \/>\n<meta property=\"og:locale\" content=\"pt_BR\" \/>\n<meta property=\"og:type\" content=\"article\" \/>\n<meta property=\"og:title\" content=\"Em reuni\u00e3o da FNP, Colbert defende atua\u00e7\u00e3o proativa dos governos no enfrentamento \u00e1 seca - Portal MF\" \/>\n<meta property=\"og:description\" content=\"O alerta sobre o agravamento da seca no Brasil, especialmente no Nordeste, foi o tema abordado pelo prefeito Colbert Martins Filho na 85\u00aa Reuni\u00e3o Geral da Frente Nacional de Prefeitas e Prefeitos (FNP), em Bras\u00edlia\/DF, nesta ter\u00e7a-feira, 28. Colbert, que \u00e9 vice-presidente da Infraestrutura da FNP, observou que, segundo institutos de pesquisa, a influ\u00eancia do [&hellip;]\" \/>\n<meta property=\"og:url\" content=\"https:\/\/portalmf.com.br\/index.php\/2023\/11\/28\/em-reuniao-da-fnp-colbert-defende-atuacao-proativa-dos-governos-no-enfrentamento-a-seca\/\" \/>\n<meta property=\"og:site_name\" content=\"Portal MF\" \/>\n<meta property=\"article:author\" content=\"https:\/\/www.facebook.com\/portalmfoficial\" \/>\n<meta property=\"article:published_time\" content=\"2023-11-28T21:56:10+00:00\" \/>\n<meta property=\"article:modified_time\" content=\"2023-11-28T21:56:11+00:00\" \/>\n<meta property=\"og:image\" content=\"https:\/\/portalmf.com.br\/wp-content\/uploads\/2023\/11\/Em-reuniao-da-FNP-Colbert-defende-atuacao-proativa-dos-governos-no-enfrentamento-a-seca-1.jpg\" \/>\n\t<meta property=\"og:image:width\" content=\"1306\" \/>\n\t<meta property=\"og:image:height\" content=\"769\" \/>\n\t<meta property=\"og:image:type\" content=\"image\/jpeg\" \/>\n<meta name=\"author\" content=\"Reda\u00e7\u00e3o Portal MF\" \/>\n<meta name=\"twitter:card\" content=\"summary_large_image\" \/>\n<meta name=\"twitter:creator\" content=\"@https:\/\/x.com\/portalmfoficial\" \/>\n<meta name=\"twitter:label1\" content=\"Escrito por\" \/>\n\t<meta name=\"twitter:data1\" content=\"Reda\u00e7\u00e3o Portal MF\" \/>\n\t<meta name=\"twitter:label2\" content=\"Est. tempo de leitura\" \/>\n\t<meta name=\"twitter:data2\" content=\"4 minutos\" \/>\n<script type=\"application\/ld+json\" class=\"yoast-schema-graph\">{\"@context\":\"https:\/\/schema.org\",\"@graph\":[{\"@type\":\"WebPage\",\"@id\":\"https:\/\/portalmf.com.br\/index.php\/2023\/11\/28\/em-reuniao-da-fnp-colbert-defende-atuacao-proativa-dos-governos-no-enfrentamento-a-seca\/\",\"url\":\"https:\/\/portalmf.com.br\/index.php\/2023\/11\/28\/em-reuniao-da-fnp-colbert-defende-atuacao-proativa-dos-governos-no-enfrentamento-a-seca\/\",\"name\":\"Em reuni\u00e3o da FNP, Colbert defende atua\u00e7\u00e3o proativa dos governos no enfrentamento \u00e1 seca - Portal MF\",\"isPartOf\":{\"@id\":\"https:\/\/portalmf.com.br\/#website\"},\"primaryImageOfPage\":{\"@id\":\"https:\/\/portalmf.com.br\/index.php\/2023\/11\/28\/em-reuniao-da-fnp-colbert-defende-atuacao-proativa-dos-governos-no-enfrentamento-a-seca\/#primaryimage\"},\"image\":{\"@id\":\"https:\/\/portalmf.com.br\/index.php\/2023\/11\/28\/em-reuniao-da-fnp-colbert-defende-atuacao-proativa-dos-governos-no-enfrentamento-a-seca\/#primaryimage\"},\"thumbnailUrl\":\"https:\/\/portalmf.com.br\/wp-content\/uploads\/2023\/11\/Em-reuniao-da-FNP-Colbert-defende-atuacao-proativa-dos-governos-no-enfrentamento-a-seca-1.jpg\",\"datePublished\":\"2023-11-28T21:56:10+00:00\",\"dateModified\":\"2023-11-28T21:56:11+00:00\",\"author\":{\"@id\":\"https:\/\/portalmf.com.br\/#\/schema\/person\/9ec101baf56233e53520c26de5d6f6f0\"},\"breadcrumb\":{\"@id\":\"https:\/\/portalmf.com.br\/index.php\/2023\/11\/28\/em-reuniao-da-fnp-colbert-defende-atuacao-proativa-dos-governos-no-enfrentamento-a-seca\/#breadcrumb\"},\"inLanguage\":\"pt-BR\",\"potentialAction\":[{\"@type\":\"ReadAction\",\"target\":[\"https:\/\/portalmf.com.br\/index.php\/2023\/11\/28\/em-reuniao-da-fnp-colbert-defende-atuacao-proativa-dos-governos-no-enfrentamento-a-seca\/\"]}]},{\"@type\":\"ImageObject\",\"inLanguage\":\"pt-BR\",\"@id\":\"https:\/\/portalmf.com.br\/index.php\/2023\/11\/28\/em-reuniao-da-fnp-colbert-defende-atuacao-proativa-dos-governos-no-enfrentamento-a-seca\/#primaryimage\",\"url\":\"https:\/\/portalmf.com.br\/wp-content\/uploads\/2023\/11\/Em-reuniao-da-FNP-Colbert-defende-atuacao-proativa-dos-governos-no-enfrentamento-a-seca-1.jpg\",\"contentUrl\":\"https:\/\/portalmf.com.br\/wp-content\/uploads\/2023\/11\/Em-reuniao-da-FNP-Colbert-defende-atuacao-proativa-dos-governos-no-enfrentamento-a-seca-1.jpg\",\"width\":1306,\"height\":769},{\"@type\":\"BreadcrumbList\",\"@id\":\"https:\/\/portalmf.com.br\/index.php\/2023\/11\/28\/em-reuniao-da-fnp-colbert-defende-atuacao-proativa-dos-governos-no-enfrentamento-a-seca\/#breadcrumb\",\"itemListElement\":[{\"@type\":\"ListItem\",\"position\":1,\"name\":\"In\u00edcio\",\"item\":\"https:\/\/portalmf.com.br\/\"},{\"@type\":\"ListItem\",\"position\":2,\"name\":\"Em reuni\u00e3o da FNP, Colbert defende atua\u00e7\u00e3o proativa dos governos no enfrentamento \u00e1 seca\"}]},{\"@type\":\"WebSite\",\"@id\":\"https:\/\/portalmf.com.br\/#website\",\"url\":\"https:\/\/portalmf.com.br\/\",\"name\":\"Portal MF\",\"description\":\"Voc\u00ea conectado com a informa\u00e7\u00e3o\",\"potentialAction\":[{\"@type\":\"SearchAction\",\"target\":{\"@type\":\"EntryPoint\",\"urlTemplate\":\"https:\/\/portalmf.com.br\/?s={search_term_string}\"},\"query-input\":\"required name=search_term_string\"}],\"inLanguage\":\"pt-BR\"},{\"@type\":\"Person\",\"@id\":\"https:\/\/portalmf.com.br\/#\/schema\/person\/9ec101baf56233e53520c26de5d6f6f0\",\"name\":\"Reda\u00e7\u00e3o Portal MF\",\"image\":{\"@type\":\"ImageObject\",\"inLanguage\":\"pt-BR\",\"@id\":\"https:\/\/portalmf.com.br\/#\/schema\/person\/image\/\",\"url\":\"https:\/\/secure.gravatar.com\/avatar\/41b9aaeb2100835f7c64362330f74c7f?s=96&d=mm&r=g\",\"contentUrl\":\"https:\/\/secure.gravatar.com\/avatar\/41b9aaeb2100835f7c64362330f74c7f?s=96&d=mm&r=g\",\"caption\":\"Reda\u00e7\u00e3o Portal MF\"},\"description\":\"Sejam bem-vindos o portal de informa\u00e7\u00f5es de entretenimento de Feira de Santana, desde 2006 realiza coberturas dos principais eventos com entrevistas exclusivas com as principais personalidades mundiais. Fique conectado tamb\u00e9m nas redes sociais.\",\"sameAs\":[\"http:\/\/www.portalmf.com.br\/\",\"https:\/\/www.facebook.com\/portalmfoficial\",\"https:\/\/www.instagram.com\/portalmf\/\",\"https:\/\/x.com\/https:\/\/x.com\/portalmfoficial\",\"https:\/\/www.youtube.com\/@portalmfoficial\"],\"url\":\"https:\/\/portalmf.com.br\/index.php\/author\/junior\/\"}]}<\/script>\n<!-- \/ Yoast SEO plugin. -->","yoast_head_json":{"title":"Em reuni\u00e3o da FNP, Colbert defende atua\u00e7\u00e3o proativa dos governos no enfrentamento \u00e1 seca - Portal MF","robots":{"index":"index","follow":"follow","max-snippet":"max-snippet:-1","max-image-preview":"max-image-preview:large","max-video-preview":"max-video-preview:-1"},"canonical":"https:\/\/portalmf.com.br\/index.php\/2023\/11\/28\/em-reuniao-da-fnp-colbert-defende-atuacao-proativa-dos-governos-no-enfrentamento-a-seca\/","og_locale":"pt_BR","og_type":"article","og_title":"Em reuni\u00e3o da FNP, Colbert defende atua\u00e7\u00e3o proativa dos governos no enfrentamento \u00e1 seca - Portal MF","og_description":"O alerta sobre o agravamento da seca no Brasil, especialmente no Nordeste, foi o tema abordado pelo prefeito Colbert Martins Filho na 85\u00aa Reuni\u00e3o Geral da Frente Nacional de Prefeitas e Prefeitos (FNP), em Bras\u00edlia\/DF, nesta ter\u00e7a-feira, 28. Colbert, que \u00e9 vice-presidente da Infraestrutura da FNP, observou que, segundo institutos de pesquisa, a influ\u00eancia do [&hellip;]","og_url":"https:\/\/portalmf.com.br\/index.php\/2023\/11\/28\/em-reuniao-da-fnp-colbert-defende-atuacao-proativa-dos-governos-no-enfrentamento-a-seca\/","og_site_name":"Portal MF","article_author":"https:\/\/www.facebook.com\/portalmfoficial","article_published_time":"2023-11-28T21:56:10+00:00","article_modified_time":"2023-11-28T21:56:11+00:00","og_image":[{"width":1306,"height":769,"url":"https:\/\/portalmf.com.br\/wp-content\/uploads\/2023\/11\/Em-reuniao-da-FNP-Colbert-defende-atuacao-proativa-dos-governos-no-enfrentamento-a-seca-1.jpg","type":"image\/jpeg"}],"author":"Reda\u00e7\u00e3o Portal MF","twitter_card":"summary_large_image","twitter_creator":"@https:\/\/x.com\/portalmfoficial","twitter_misc":{"Escrito por":"Reda\u00e7\u00e3o Portal MF","Est. tempo de leitura":"4 minutos"},"schema":{"@context":"https:\/\/schema.org","@graph":[{"@type":"WebPage","@id":"https:\/\/portalmf.com.br\/index.php\/2023\/11\/28\/em-reuniao-da-fnp-colbert-defende-atuacao-proativa-dos-governos-no-enfrentamento-a-seca\/","url":"https:\/\/portalmf.com.br\/index.php\/2023\/11\/28\/em-reuniao-da-fnp-colbert-defende-atuacao-proativa-dos-governos-no-enfrentamento-a-seca\/","name":"Em reuni\u00e3o da FNP, Colbert defende atua\u00e7\u00e3o proativa dos governos no enfrentamento \u00e1 seca - Portal MF","isPartOf":{"@id":"https:\/\/portalmf.com.br\/#website"},"primaryImageOfPage":{"@id":"https:\/\/portalmf.com.br\/index.php\/2023\/11\/28\/em-reuniao-da-fnp-colbert-defende-atuacao-proativa-dos-governos-no-enfrentamento-a-seca\/#primaryimage"},"image":{"@id":"https:\/\/portalmf.com.br\/index.php\/2023\/11\/28\/em-reuniao-da-fnp-colbert-defende-atuacao-proativa-dos-governos-no-enfrentamento-a-seca\/#primaryimage"},"thumbnailUrl":"https:\/\/portalmf.com.br\/wp-content\/uploads\/2023\/11\/Em-reuniao-da-FNP-Colbert-defende-atuacao-proativa-dos-governos-no-enfrentamento-a-seca-1.jpg","datePublished":"2023-11-28T21:56:10+00:00","dateModified":"2023-11-28T21:56:11+00:00","author":{"@id":"https:\/\/portalmf.com.br\/#\/schema\/person\/9ec101baf56233e53520c26de5d6f6f0"},"breadcrumb":{"@id":"https:\/\/portalmf.com.br\/index.php\/2023\/11\/28\/em-reuniao-da-fnp-colbert-defende-atuacao-proativa-dos-governos-no-enfrentamento-a-seca\/#breadcrumb"},"inLanguage":"pt-BR","potentialAction":[{"@type":"ReadAction","target":["https:\/\/portalmf.com.br\/index.php\/2023\/11\/28\/em-reuniao-da-fnp-colbert-defende-atuacao-proativa-dos-governos-no-enfrentamento-a-seca\/"]}]},{"@type":"ImageObject","inLanguage":"pt-BR","@id":"https:\/\/portalmf.com.br\/index.php\/2023\/11\/28\/em-reuniao-da-fnp-colbert-defende-atuacao-proativa-dos-governos-no-enfrentamento-a-seca\/#primaryimage","url":"https:\/\/portalmf.com.br\/wp-content\/uploads\/2023\/11\/Em-reuniao-da-FNP-Colbert-defende-atuacao-proativa-dos-governos-no-enfrentamento-a-seca-1.jpg","contentUrl":"https:\/\/portalmf.com.br\/wp-content\/uploads\/2023\/11\/Em-reuniao-da-FNP-Colbert-defende-atuacao-proativa-dos-governos-no-enfrentamento-a-seca-1.jpg","width":1306,"height":769},{"@type":"BreadcrumbList","@id":"https:\/\/portalmf.com.br\/index.php\/2023\/11\/28\/em-reuniao-da-fnp-colbert-defende-atuacao-proativa-dos-governos-no-enfrentamento-a-seca\/#breadcrumb","itemListElement":[{"@type":"ListItem","position":1,"name":"In\u00edcio","item":"https:\/\/portalmf.com.br\/"},{"@type":"ListItem","position":2,"name":"Em reuni\u00e3o da FNP, Colbert defende atua\u00e7\u00e3o proativa dos governos no enfrentamento \u00e1 seca"}]},{"@type":"WebSite","@id":"https:\/\/portalmf.com.br\/#website","url":"https:\/\/portalmf.com.br\/","name":"Portal MF","description":"Voc\u00ea conectado com a informa\u00e7\u00e3o","potentialAction":[{"@type":"SearchAction","target":{"@type":"EntryPoint","urlTemplate":"https:\/\/portalmf.com.br\/?s={search_term_string}"},"query-input":"required name=search_term_string"}],"inLanguage":"pt-BR"},{"@type":"Person","@id":"https:\/\/portalmf.com.br\/#\/schema\/person\/9ec101baf56233e53520c26de5d6f6f0","name":"Reda\u00e7\u00e3o Portal MF","image":{"@type":"ImageObject","inLanguage":"pt-BR","@id":"https:\/\/portalmf.com.br\/#\/schema\/person\/image\/","url":"https:\/\/secure.gravatar.com\/avatar\/41b9aaeb2100835f7c64362330f74c7f?s=96&d=mm&r=g","contentUrl":"https:\/\/secure.gravatar.com\/avatar\/41b9aaeb2100835f7c64362330f74c7f?s=96&d=mm&r=g","caption":"Reda\u00e7\u00e3o Portal MF"},"description":"Sejam bem-vindos o portal de informa\u00e7\u00f5es de entretenimento de Feira de Santana, desde 2006 realiza coberturas dos principais eventos com entrevistas exclusivas com as principais personalidades mundiais. Fique conectado tamb\u00e9m nas redes sociais.","sameAs":["http:\/\/www.portalmf.com.br\/","https:\/\/www.facebook.com\/portalmfoficial","https:\/\/www.instagram.com\/portalmf\/","https:\/\/x.com\/https:\/\/x.com\/portalmfoficial","https:\/\/www.youtube.com\/@portalmfoficial"],"url":"https:\/\/portalmf.com.br\/index.php\/author\/junior\/"}]}},"_links":{"self":[{"href":"https:\/\/portalmf.com.br\/index.php\/wp-json\/wp\/v2\/posts\/20330"}],"collection":[{"href":"https:\/\/portalmf.com.br\/index.php\/wp-json\/wp\/v2\/posts"}],"about":[{"href":"https:\/\/portalmf.com.br\/index.php\/wp-json\/wp\/v2\/types\/post"}],"author":[{"embeddable":true,"href":"https:\/\/portalmf.com.br\/index.php\/wp-json\/wp\/v2\/users\/3"}],"replies":[{"embeddable":true,"href":"https:\/\/portalmf.com.br\/index.php\/wp-json\/wp\/v2\/comments?post=20330"}],"version-history":[{"count":1,"href":"https:\/\/portalmf.com.br\/index.php\/wp-json\/wp\/v2\/posts\/20330\/revisions"}],"predecessor-version":[{"id":20334,"href":"https:\/\/portalmf.com.br\/index.php\/wp-json\/wp\/v2\/posts\/20330\/revisions\/20334"}],"wp:featuredmedia":[{"embeddable":true,"href":"https:\/\/portalmf.com.br\/index.php\/wp-json\/wp\/v2\/media\/20331"}],"wp:attachment":[{"href":"https:\/\/portalmf.com.br\/index.php\/wp-json\/wp\/v2\/media?parent=20330"}],"wp:term":[{"taxonomy":"category","embeddable":true,"href":"https:\/\/portalmf.com.br\/index.php\/wp-json\/wp\/v2\/categories?post=20330"},{"taxonomy":"post_tag","embeddable":true,"href":"https:\/\/portalmf.com.br\/index.php\/wp-json\/wp\/v2\/tags?post=20330"}],"curies":[{"name":"wp","href":"https:\/\/api.w.org\/{rel}","templated":true}]}}