{"id":20298,"date":"2023-11-28T18:07:00","date_gmt":"2023-11-28T21:07:00","guid":{"rendered":"https:\/\/portalmf.com.br\/?p=20298"},"modified":"2023-11-28T18:07:07","modified_gmt":"2023-11-28T21:07:07","slug":"ze-neto-vereadores-e-presidentes-de-partidos-da-base-do-governo-em-feira-debatem-2024","status":"publish","type":"post","link":"https:\/\/portalmf.com.br\/index.php\/2023\/11\/28\/ze-neto-vereadores-e-presidentes-de-partidos-da-base-do-governo-em-feira-debatem-2024\/","title":{"rendered":"Z\u00e9 Neto, vereadores e presidentes de partidos da base do governo em Feira, debatem 2024"},"content":{"rendered":"\n<p>O deputado federal e pr\u00e9-candidato a prefeito de Feira pelo PT, Z\u00e9 Neto, reuniu-se com os vereadores Silvio Dias (PT), Professor Ivamberg (PT), Emerson Minho (DC), Luiz da Feira (AVANTE), Fernando Torres, que tamb\u00e9m \u00e9 presidente (PSD), e os presidentes municipais de partidos da base aliada do governador Jer\u00f4nimo Rodrigues, Gerinaldo Costa, do PT; Aroldo Moreira, do PCdoB; Alan Ferreira, do Agir; al\u00e9m de Roberto Tourinho, do PSB; nesta segunda-feira (27).<\/p>\n\n\n\n<p>Na ocasi\u00e3o, iniciaram di\u00e1logos para avaliar os desafios e caminhos, estrat\u00e9gias e regras para forma\u00e7\u00e3o das chapas proporcionais para as elei\u00e7\u00f5es municipais de 2024.<\/p>\n\n\n\n<figure class=\"wp-block-image size-large\"><img fetchpriority=\"high\" decoding=\"async\" width=\"1024\" height=\"778\" src=\"https:\/\/portalmf.com.br\/wp-content\/uploads\/2023\/11\/Ze-Neto-vereadores-e-presidentes-de-partidos-da-base-do-governo-em-Feira-debatem-2024-2-1024x778.jpeg\" alt=\"\" class=\"wp-image-20300\" srcset=\"https:\/\/portalmf.com.br\/wp-content\/uploads\/2023\/11\/Ze-Neto-vereadores-e-presidentes-de-partidos-da-base-do-governo-em-Feira-debatem-2024-2-1024x778.jpeg 1024w, https:\/\/portalmf.com.br\/wp-content\/uploads\/2023\/11\/Ze-Neto-vereadores-e-presidentes-de-partidos-da-base-do-governo-em-Feira-debatem-2024-2-300x228.jpeg 300w, https:\/\/portalmf.com.br\/wp-content\/uploads\/2023\/11\/Ze-Neto-vereadores-e-presidentes-de-partidos-da-base-do-governo-em-Feira-debatem-2024-2-768x583.jpeg 768w, https:\/\/portalmf.com.br\/wp-content\/uploads\/2023\/11\/Ze-Neto-vereadores-e-presidentes-de-partidos-da-base-do-governo-em-Feira-debatem-2024-2-1170x888.jpeg 1170w, https:\/\/portalmf.com.br\/wp-content\/uploads\/2023\/11\/Ze-Neto-vereadores-e-presidentes-de-partidos-da-base-do-governo-em-Feira-debatem-2024-2-585x444.jpeg 585w, https:\/\/portalmf.com.br\/wp-content\/uploads\/2023\/11\/Ze-Neto-vereadores-e-presidentes-de-partidos-da-base-do-governo-em-Feira-debatem-2024-2.jpeg 1280w\" sizes=\"(max-width: 1024px) 100vw, 1024px\" \/><\/figure>\n\n\n\n<p>A ideia, segundo Z\u00e9 Neto, \u00e9 ampliar o debate pol\u00edtico na maior cidade do interior da Bahia, com perspectivas de formar um grupo coeso e unificado, sob a lideran\u00e7a do governador Jer\u00f4nimo, que coordenar\u00e1 o processo eleitoral em Feira e que coloca o munic\u00edpio como uma das suas prioridades para a disputa eleitoral do ano que vem.<\/p>\n\n\n\n<p><em>\u201cUma reuni\u00e3o serena, madura, onde os l\u00edderes partid\u00e1rios expuseram suas ideias e firmaram compromisso de encaminhar ao nosso governador Jer\u00f4nimo uma avalia\u00e7\u00e3o pr\u00e9via do atual cen\u00e1rio pol\u00edtica da cidade, com vistas a alinhar melhor o discurso da sua base, viabilizar mais coes\u00e3o dos partidos e montar chapas fortes e competitivas de vereadores para apresentar ao eleitorado feirense as melhores propostas para a nossa Princesa do Sert\u00e3o. A partir de agora, as estrat\u00e9gias ser\u00e3o tra\u00e7adas por ele [Jer\u00f4nimo], que j\u00e1 declarou publicamente que vai coordenar a campanha em Feira e estar\u00e1 aqui na cidade, nos pr\u00f3ximos dias, tratando pessoalmente das estrat\u00e9gias para a pr\u00f3xima elei\u00e7\u00e3o\u201d,<\/em> ressaltou.<\/p>\n","protected":false},"excerpt":{"rendered":"<p>O deputado federal e pr\u00e9-candidato a prefeito de Feira pelo PT, Z\u00e9 Neto, reuniu-se com os vereadores Silvio Dias (PT), Professor Ivamberg (PT), Emerson Minho (DC), Luiz da Feira (AVANTE), Fernando Torres, que tamb\u00e9m \u00e9 presidente (PSD), e os presidentes municipais de partidos da base aliada do governador Jer\u00f4nimo Rodrigues, Gerinaldo Costa, do PT; Aroldo [&hellip;]<\/p>\n","protected":false},"author":3,"featured_media":20299,"comment_status":"open","ping_status":"open","sticky":false,"template":"","format":"standard","meta":{"_monsterinsights_skip_tracking":false,"_monsterinsights_sitenote_active":false,"_monsterinsights_sitenote_note":"","_monsterinsights_sitenote_category":0,"footnotes":""},"categories":[301,34],"tags":[],"yoast_head":"<!-- This site is optimized with the Yoast SEO plugin v22.9 - https:\/\/yoast.com\/wordpress\/plugins\/seo\/ -->\n<title>Z\u00e9 Neto, vereadores e presidentes de partidos da base do governo em Feira, debatem 2024 - Portal MF<\/title>\n<meta name=\"robots\" content=\"index, follow, max-snippet:-1, max-image-preview:large, max-video-preview:-1\" \/>\n<link rel=\"canonical\" href=\"https:\/\/portalmf.com.br\/index.php\/2023\/11\/28\/ze-neto-vereadores-e-presidentes-de-partidos-da-base-do-governo-em-feira-debatem-2024\/\" \/>\n<meta property=\"og:locale\" content=\"pt_BR\" \/>\n<meta property=\"og:type\" content=\"article\" \/>\n<meta property=\"og:title\" content=\"Z\u00e9 Neto, vereadores e presidentes de partidos da base do governo em Feira, debatem 2024 - Portal MF\" \/>\n<meta property=\"og:description\" content=\"O deputado federal e pr\u00e9-candidato a prefeito de Feira pelo PT, Z\u00e9 Neto, reuniu-se com os vereadores Silvio Dias (PT), Professor Ivamberg (PT), Emerson Minho (DC), Luiz da Feira (AVANTE), Fernando Torres, que tamb\u00e9m \u00e9 presidente (PSD), e os presidentes municipais de partidos da base aliada do governador Jer\u00f4nimo Rodrigues, Gerinaldo Costa, do PT; Aroldo [&hellip;]\" \/>\n<meta property=\"og:url\" content=\"https:\/\/portalmf.com.br\/index.php\/2023\/11\/28\/ze-neto-vereadores-e-presidentes-de-partidos-da-base-do-governo-em-feira-debatem-2024\/\" \/>\n<meta property=\"og:site_name\" content=\"Portal MF\" \/>\n<meta property=\"article:author\" content=\"https:\/\/www.facebook.com\/portalmfoficial\" \/>\n<meta property=\"article:published_time\" content=\"2023-11-28T21:07:00+00:00\" \/>\n<meta property=\"article:modified_time\" content=\"2023-11-28T21:07:07+00:00\" \/>\n<meta property=\"og:image\" content=\"https:\/\/portalmf.com.br\/wp-content\/uploads\/2023\/11\/Ze-Neto-vereadores-e-presidentes-de-partidos-da-base-do-governo-em-Feira-debatem-2024-1.jpeg\" \/>\n\t<meta property=\"og:image:width\" content=\"1280\" \/>\n\t<meta property=\"og:image:height\" content=\"858\" \/>\n\t<meta property=\"og:image:type\" content=\"image\/jpeg\" \/>\n<meta name=\"author\" content=\"Reda\u00e7\u00e3o Portal MF\" \/>\n<meta name=\"twitter:card\" content=\"summary_large_image\" \/>\n<meta name=\"twitter:creator\" content=\"@https:\/\/x.com\/portalmfoficial\" \/>\n<meta name=\"twitter:label1\" content=\"Escrito por\" \/>\n\t<meta name=\"twitter:data1\" content=\"Reda\u00e7\u00e3o Portal MF\" \/>\n\t<meta name=\"twitter:label2\" content=\"Est. tempo de leitura\" \/>\n\t<meta name=\"twitter:data2\" content=\"2 minutos\" \/>\n<script type=\"application\/ld+json\" class=\"yoast-schema-graph\">{\"@context\":\"https:\/\/schema.org\",\"@graph\":[{\"@type\":\"WebPage\",\"@id\":\"https:\/\/portalmf.com.br\/index.php\/2023\/11\/28\/ze-neto-vereadores-e-presidentes-de-partidos-da-base-do-governo-em-feira-debatem-2024\/\",\"url\":\"https:\/\/portalmf.com.br\/index.php\/2023\/11\/28\/ze-neto-vereadores-e-presidentes-de-partidos-da-base-do-governo-em-feira-debatem-2024\/\",\"name\":\"Z\u00e9 Neto, vereadores e presidentes de partidos da base do governo em Feira, debatem 2024 - Portal MF\",\"isPartOf\":{\"@id\":\"https:\/\/portalmf.com.br\/#website\"},\"primaryImageOfPage\":{\"@id\":\"https:\/\/portalmf.com.br\/index.php\/2023\/11\/28\/ze-neto-vereadores-e-presidentes-de-partidos-da-base-do-governo-em-feira-debatem-2024\/#primaryimage\"},\"image\":{\"@id\":\"https:\/\/portalmf.com.br\/index.php\/2023\/11\/28\/ze-neto-vereadores-e-presidentes-de-partidos-da-base-do-governo-em-feira-debatem-2024\/#primaryimage\"},\"thumbnailUrl\":\"https:\/\/portalmf.com.br\/wp-content\/uploads\/2023\/11\/Ze-Neto-vereadores-e-presidentes-de-partidos-da-base-do-governo-em-Feira-debatem-2024-1.jpeg\",\"datePublished\":\"2023-11-28T21:07:00+00:00\",\"dateModified\":\"2023-11-28T21:07:07+00:00\",\"author\":{\"@id\":\"https:\/\/portalmf.com.br\/#\/schema\/person\/9ec101baf56233e53520c26de5d6f6f0\"},\"breadcrumb\":{\"@id\":\"https:\/\/portalmf.com.br\/index.php\/2023\/11\/28\/ze-neto-vereadores-e-presidentes-de-partidos-da-base-do-governo-em-feira-debatem-2024\/#breadcrumb\"},\"inLanguage\":\"pt-BR\",\"potentialAction\":[{\"@type\":\"ReadAction\",\"target\":[\"https:\/\/portalmf.com.br\/index.php\/2023\/11\/28\/ze-neto-vereadores-e-presidentes-de-partidos-da-base-do-governo-em-feira-debatem-2024\/\"]}]},{\"@type\":\"ImageObject\",\"inLanguage\":\"pt-BR\",\"@id\":\"https:\/\/portalmf.com.br\/index.php\/2023\/11\/28\/ze-neto-vereadores-e-presidentes-de-partidos-da-base-do-governo-em-feira-debatem-2024\/#primaryimage\",\"url\":\"https:\/\/portalmf.com.br\/wp-content\/uploads\/2023\/11\/Ze-Neto-vereadores-e-presidentes-de-partidos-da-base-do-governo-em-Feira-debatem-2024-1.jpeg\",\"contentUrl\":\"https:\/\/portalmf.com.br\/wp-content\/uploads\/2023\/11\/Ze-Neto-vereadores-e-presidentes-de-partidos-da-base-do-governo-em-Feira-debatem-2024-1.jpeg\",\"width\":1280,\"height\":858},{\"@type\":\"BreadcrumbList\",\"@id\":\"https:\/\/portalmf.com.br\/index.php\/2023\/11\/28\/ze-neto-vereadores-e-presidentes-de-partidos-da-base-do-governo-em-feira-debatem-2024\/#breadcrumb\",\"itemListElement\":[{\"@type\":\"ListItem\",\"position\":1,\"name\":\"In\u00edcio\",\"item\":\"https:\/\/portalmf.com.br\/\"},{\"@type\":\"ListItem\",\"position\":2,\"name\":\"Z\u00e9 Neto, vereadores e presidentes de partidos da base do governo em Feira, debatem 2024\"}]},{\"@type\":\"WebSite\",\"@id\":\"https:\/\/portalmf.com.br\/#website\",\"url\":\"https:\/\/portalmf.com.br\/\",\"name\":\"Portal MF\",\"description\":\"Voc\u00ea conectado com a informa\u00e7\u00e3o\",\"potentialAction\":[{\"@type\":\"SearchAction\",\"target\":{\"@type\":\"EntryPoint\",\"urlTemplate\":\"https:\/\/portalmf.com.br\/?s={search_term_string}\"},\"query-input\":\"required name=search_term_string\"}],\"inLanguage\":\"pt-BR\"},{\"@type\":\"Person\",\"@id\":\"https:\/\/portalmf.com.br\/#\/schema\/person\/9ec101baf56233e53520c26de5d6f6f0\",\"name\":\"Reda\u00e7\u00e3o Portal MF\",\"image\":{\"@type\":\"ImageObject\",\"inLanguage\":\"pt-BR\",\"@id\":\"https:\/\/portalmf.com.br\/#\/schema\/person\/image\/\",\"url\":\"https:\/\/secure.gravatar.com\/avatar\/41b9aaeb2100835f7c64362330f74c7f?s=96&d=mm&r=g\",\"contentUrl\":\"https:\/\/secure.gravatar.com\/avatar\/41b9aaeb2100835f7c64362330f74c7f?s=96&d=mm&r=g\",\"caption\":\"Reda\u00e7\u00e3o Portal MF\"},\"description\":\"Sejam bem-vindos o portal de informa\u00e7\u00f5es de entretenimento de Feira de Santana, desde 2006 realiza coberturas dos principais eventos com entrevistas exclusivas com as principais personalidades mundiais. Fique conectado tamb\u00e9m nas redes sociais.\",\"sameAs\":[\"http:\/\/www.portalmf.com.br\/\",\"https:\/\/www.facebook.com\/portalmfoficial\",\"https:\/\/www.instagram.com\/portalmf\/\",\"https:\/\/x.com\/https:\/\/x.com\/portalmfoficial\",\"https:\/\/www.youtube.com\/@portalmfoficial\"],\"url\":\"https:\/\/portalmf.com.br\/index.php\/author\/junior\/\"}]}<\/script>\n<!-- \/ Yoast SEO plugin. -->","yoast_head_json":{"title":"Z\u00e9 Neto, vereadores e presidentes de partidos da base do governo em Feira, debatem 2024 - Portal MF","robots":{"index":"index","follow":"follow","max-snippet":"max-snippet:-1","max-image-preview":"max-image-preview:large","max-video-preview":"max-video-preview:-1"},"canonical":"https:\/\/portalmf.com.br\/index.php\/2023\/11\/28\/ze-neto-vereadores-e-presidentes-de-partidos-da-base-do-governo-em-feira-debatem-2024\/","og_locale":"pt_BR","og_type":"article","og_title":"Z\u00e9 Neto, vereadores e presidentes de partidos da base do governo em Feira, debatem 2024 - Portal MF","og_description":"O deputado federal e pr\u00e9-candidato a prefeito de Feira pelo PT, Z\u00e9 Neto, reuniu-se com os vereadores Silvio Dias (PT), Professor Ivamberg (PT), Emerson Minho (DC), Luiz da Feira (AVANTE), Fernando Torres, que tamb\u00e9m \u00e9 presidente (PSD), e os presidentes municipais de partidos da base aliada do governador Jer\u00f4nimo Rodrigues, Gerinaldo Costa, do PT; Aroldo [&hellip;]","og_url":"https:\/\/portalmf.com.br\/index.php\/2023\/11\/28\/ze-neto-vereadores-e-presidentes-de-partidos-da-base-do-governo-em-feira-debatem-2024\/","og_site_name":"Portal MF","article_author":"https:\/\/www.facebook.com\/portalmfoficial","article_published_time":"2023-11-28T21:07:00+00:00","article_modified_time":"2023-11-28T21:07:07+00:00","og_image":[{"width":1280,"height":858,"url":"https:\/\/portalmf.com.br\/wp-content\/uploads\/2023\/11\/Ze-Neto-vereadores-e-presidentes-de-partidos-da-base-do-governo-em-Feira-debatem-2024-1.jpeg","type":"image\/jpeg"}],"author":"Reda\u00e7\u00e3o Portal MF","twitter_card":"summary_large_image","twitter_creator":"@https:\/\/x.com\/portalmfoficial","twitter_misc":{"Escrito por":"Reda\u00e7\u00e3o Portal MF","Est. tempo de leitura":"2 minutos"},"schema":{"@context":"https:\/\/schema.org","@graph":[{"@type":"WebPage","@id":"https:\/\/portalmf.com.br\/index.php\/2023\/11\/28\/ze-neto-vereadores-e-presidentes-de-partidos-da-base-do-governo-em-feira-debatem-2024\/","url":"https:\/\/portalmf.com.br\/index.php\/2023\/11\/28\/ze-neto-vereadores-e-presidentes-de-partidos-da-base-do-governo-em-feira-debatem-2024\/","name":"Z\u00e9 Neto, vereadores e presidentes de partidos da base do governo em Feira, debatem 2024 - Portal MF","isPartOf":{"@id":"https:\/\/portalmf.com.br\/#website"},"primaryImageOfPage":{"@id":"https:\/\/portalmf.com.br\/index.php\/2023\/11\/28\/ze-neto-vereadores-e-presidentes-de-partidos-da-base-do-governo-em-feira-debatem-2024\/#primaryimage"},"image":{"@id":"https:\/\/portalmf.com.br\/index.php\/2023\/11\/28\/ze-neto-vereadores-e-presidentes-de-partidos-da-base-do-governo-em-feira-debatem-2024\/#primaryimage"},"thumbnailUrl":"https:\/\/portalmf.com.br\/wp-content\/uploads\/2023\/11\/Ze-Neto-vereadores-e-presidentes-de-partidos-da-base-do-governo-em-Feira-debatem-2024-1.jpeg","datePublished":"2023-11-28T21:07:00+00:00","dateModified":"2023-11-28T21:07:07+00:00","author":{"@id":"https:\/\/portalmf.com.br\/#\/schema\/person\/9ec101baf56233e53520c26de5d6f6f0"},"breadcrumb":{"@id":"https:\/\/portalmf.com.br\/index.php\/2023\/11\/28\/ze-neto-vereadores-e-presidentes-de-partidos-da-base-do-governo-em-feira-debatem-2024\/#breadcrumb"},"inLanguage":"pt-BR","potentialAction":[{"@type":"ReadAction","target":["https:\/\/portalmf.com.br\/index.php\/2023\/11\/28\/ze-neto-vereadores-e-presidentes-de-partidos-da-base-do-governo-em-feira-debatem-2024\/"]}]},{"@type":"ImageObject","inLanguage":"pt-BR","@id":"https:\/\/portalmf.com.br\/index.php\/2023\/11\/28\/ze-neto-vereadores-e-presidentes-de-partidos-da-base-do-governo-em-feira-debatem-2024\/#primaryimage","url":"https:\/\/portalmf.com.br\/wp-content\/uploads\/2023\/11\/Ze-Neto-vereadores-e-presidentes-de-partidos-da-base-do-governo-em-Feira-debatem-2024-1.jpeg","contentUrl":"https:\/\/portalmf.com.br\/wp-content\/uploads\/2023\/11\/Ze-Neto-vereadores-e-presidentes-de-partidos-da-base-do-governo-em-Feira-debatem-2024-1.jpeg","width":1280,"height":858},{"@type":"BreadcrumbList","@id":"https:\/\/portalmf.com.br\/index.php\/2023\/11\/28\/ze-neto-vereadores-e-presidentes-de-partidos-da-base-do-governo-em-feira-debatem-2024\/#breadcrumb","itemListElement":[{"@type":"ListItem","position":1,"name":"In\u00edcio","item":"https:\/\/portalmf.com.br\/"},{"@type":"ListItem","position":2,"name":"Z\u00e9 Neto, vereadores e presidentes de partidos da base do governo em Feira, debatem 2024"}]},{"@type":"WebSite","@id":"https:\/\/portalmf.com.br\/#website","url":"https:\/\/portalmf.com.br\/","name":"Portal MF","description":"Voc\u00ea conectado com a informa\u00e7\u00e3o","potentialAction":[{"@type":"SearchAction","target":{"@type":"EntryPoint","urlTemplate":"https:\/\/portalmf.com.br\/?s={search_term_string}"},"query-input":"required name=search_term_string"}],"inLanguage":"pt-BR"},{"@type":"Person","@id":"https:\/\/portalmf.com.br\/#\/schema\/person\/9ec101baf56233e53520c26de5d6f6f0","name":"Reda\u00e7\u00e3o Portal MF","image":{"@type":"ImageObject","inLanguage":"pt-BR","@id":"https:\/\/portalmf.com.br\/#\/schema\/person\/image\/","url":"https:\/\/secure.gravatar.com\/avatar\/41b9aaeb2100835f7c64362330f74c7f?s=96&d=mm&r=g","contentUrl":"https:\/\/secure.gravatar.com\/avatar\/41b9aaeb2100835f7c64362330f74c7f?s=96&d=mm&r=g","caption":"Reda\u00e7\u00e3o Portal MF"},"description":"Sejam bem-vindos o portal de informa\u00e7\u00f5es de entretenimento de Feira de Santana, desde 2006 realiza coberturas dos principais eventos com entrevistas exclusivas com as principais personalidades mundiais. Fique conectado tamb\u00e9m nas redes sociais.","sameAs":["http:\/\/www.portalmf.com.br\/","https:\/\/www.facebook.com\/portalmfoficial","https:\/\/www.instagram.com\/portalmf\/","https:\/\/x.com\/https:\/\/x.com\/portalmfoficial","https:\/\/www.youtube.com\/@portalmfoficial"],"url":"https:\/\/portalmf.com.br\/index.php\/author\/junior\/"}]}},"_links":{"self":[{"href":"https:\/\/portalmf.com.br\/index.php\/wp-json\/wp\/v2\/posts\/20298"}],"collection":[{"href":"https:\/\/portalmf.com.br\/index.php\/wp-json\/wp\/v2\/posts"}],"about":[{"href":"https:\/\/portalmf.com.br\/index.php\/wp-json\/wp\/v2\/types\/post"}],"author":[{"embeddable":true,"href":"https:\/\/portalmf.com.br\/index.php\/wp-json\/wp\/v2\/users\/3"}],"replies":[{"embeddable":true,"href":"https:\/\/portalmf.com.br\/index.php\/wp-json\/wp\/v2\/comments?post=20298"}],"version-history":[{"count":1,"href":"https:\/\/portalmf.com.br\/index.php\/wp-json\/wp\/v2\/posts\/20298\/revisions"}],"predecessor-version":[{"id":20301,"href":"https:\/\/portalmf.com.br\/index.php\/wp-json\/wp\/v2\/posts\/20298\/revisions\/20301"}],"wp:featuredmedia":[{"embeddable":true,"href":"https:\/\/portalmf.com.br\/index.php\/wp-json\/wp\/v2\/media\/20299"}],"wp:attachment":[{"href":"https:\/\/portalmf.com.br\/index.php\/wp-json\/wp\/v2\/media?parent=20298"}],"wp:term":[{"taxonomy":"category","embeddable":true,"href":"https:\/\/portalmf.com.br\/index.php\/wp-json\/wp\/v2\/categories?post=20298"},{"taxonomy":"post_tag","embeddable":true,"href":"https:\/\/portalmf.com.br\/index.php\/wp-json\/wp\/v2\/tags?post=20298"}],"curies":[{"name":"wp","href":"https:\/\/api.w.org\/{rel}","templated":true}]}}