{"id":19678,"date":"2023-11-10T16:16:41","date_gmt":"2023-11-10T19:16:41","guid":{"rendered":"https:\/\/portalmf.com.br\/?p=19678"},"modified":"2023-11-10T16:16:42","modified_gmt":"2023-11-10T19:16:42","slug":"restaurantes-loro-praia-do-forte-e-loro-bahia-marina-passam-por-retrofit","status":"publish","type":"post","link":"https:\/\/portalmf.com.br\/index.php\/2023\/11\/10\/restaurantes-loro-praia-do-forte-e-loro-bahia-marina-passam-por-retrofit\/","title":{"rendered":"Restaurantes L\u00f4ro Praia do Forte e L\u00f4ro Bahia Marina passam por retrofit"},"content":{"rendered":"\n<p>Refer\u00eancia para os amantes da praia e principalmente para quem gosta de desfrutar os ver\u00f5es de Salvador, os restaurantes L\u00f4ro Marina e L\u00f4ro Praia do Forte reabriram ap\u00f3s passar por um novo projeto arquitet\u00f4nico. Conhe\u00e7a detalhes.<\/p>\n\n\n\n<p>O projeto de retrofit foi assinado pelo diretor de arte e cen\u00f3grafo Mauro Braga. Explorando tons de verdes e ondas de surf nos elementos de decora\u00e7\u00e3o de um jeito elegante, moderno e sofisticado, o espa\u00e7o ganhou atmosfera requintada, por\u00e9m sem perder o DNA de praia e simplicidade da marca.<\/p>\n\n\n\n<p><em>\u201cA proposta foi mudar o visual sem perder o conceito. Cada ambiente foi pensado na identidade do L\u00f4ro, al\u00e9m de agregar tecnologias e a consci\u00eancia ecol\u00f3gica em todos os espa\u00e7os\u201d, <\/em>comenta Mauro, que projetou e coordenou o retrofit.<\/p>\n\n\n\n<p>Os restaurantes L\u00f4ro possuem uma proposta diferenciada ao oferecer um conceito de luxo e sofistica\u00e7\u00e3o, al\u00e9m de pratos de alta qualidade, m\u00fasica boa e o privil\u00e9gio de estar \u00e0 beira-mar, requisitos que tornam um dos restaurantes mais procurados de Salvador<\/p>\n\n\n\n<p><strong>Mais conforto<\/strong><\/p>\n\n\n\n<p>O L\u00f4ro \u00e9 famoso por sua infraestrutura, servi\u00e7os, culin\u00e1ria e formato de beach club, tendo o mar como cen\u00e1rio privilegiado. As duas unidades seguem com propostas levemente diferentes. Em Praia do Forte, as formas org\u00e2nicas comp\u00f5em os ambientes dentro e fora do restaurante; O restaurante do Bahia Marina conta com jardim, postes de lumin\u00e1rias naturais e ondas adesivadas que remetem a Bahia de Todos os Santos.<\/p>\n\n\n\n<p>\u201cRenovamos todos os m\u00f3veis, adquirimos novos equipamentos, ajustamos os fluxos operacionais e layout dos bares. Na Marina, investimos em uma nova estrutura retr\u00e1til para a varanda, que vai possibilitar melhor conforto t\u00e9rmico durante os sunsets e prote\u00e7\u00e3o para os dias de chuvas, explica Pedro Imbassahy, atual CEO do grupo.<\/p>\n\n\n\n<p><em>\u201cPensamos em cada detalhe para melhorar a experi\u00eancia dos nossos clientes. A ideia \u00e9 oferecer um ambiente mais sofisticado e confort\u00e1vel. Al\u00e9m do retrofit arquitet\u00f4nico, tamb\u00e9m faremos interven\u00e7\u00f5es nos card\u00e1pios, que ser\u00e3o renovados para o ver\u00e3o\u201d, <\/em>conclui Pedro.<\/p>\n\n\n\n<p><strong>Sobre o Grupo L\u00f4ro<\/strong><\/p>\n\n\n\n<p>Comandando por Alo\u00edsio Melo, o L\u00f4ro, juntamente com Pedro Imbassahy, seu filho e atual gestor, o Grupo L\u00f4ro, al\u00e9m da Bahia Marina, possui unidades na Praia do Flamengo, Praia do Forte, Stella Maris e em Pedra do Sal.<\/p>\n\n\n\n<p>Por oito anos o Grupo foi vencedor do pr\u00eamio de Melhor Barraca de Praia de Salvador, concedido pela Revista Veja e, por duas vezes consecutivas, tamb\u00e9m recebeu o Pr\u00eamio Gula nesta categoria.<\/p>\n\n\n\n<p>H\u00e1 28 anos fazendo hist\u00f3ria nas praias, o L\u00f4ro que agora tem cinco unidades comemora a trajet\u00f3ria de sucesso com benfeitorias nos pontos de venda. Arte, m\u00fasica, esporte e sustentabilidade s\u00e3o pilares da marca e motivo de engajamento e identifica\u00e7\u00e3o dos clientes. A hist\u00f3ria da empresa, inclusive, foi transformada em mini web s\u00e9rie dirigida pelo cinegrafista Pico Garcez.<\/p>\n","protected":false},"excerpt":{"rendered":"<p>Refer\u00eancia para os amantes da praia e principalmente para quem gosta de desfrutar os ver\u00f5es de Salvador, os restaurantes L\u00f4ro Marina e L\u00f4ro Praia do Forte reabriram ap\u00f3s passar por um novo projeto arquitet\u00f4nico. Conhe\u00e7a detalhes. O projeto de retrofit foi assinado pelo diretor de arte e cen\u00f3grafo Mauro Braga. Explorando tons de verdes e [&hellip;]<\/p>\n","protected":false},"author":3,"featured_media":19679,"comment_status":"open","ping_status":"open","sticky":false,"template":"","format":"standard","meta":{"_monsterinsights_skip_tracking":false,"_monsterinsights_sitenote_active":false,"_monsterinsights_sitenote_note":"","_monsterinsights_sitenote_category":0,"footnotes":""},"categories":[295],"tags":[],"yoast_head":"<!-- This site is optimized with the Yoast SEO plugin v22.9 - https:\/\/yoast.com\/wordpress\/plugins\/seo\/ -->\n<title>Restaurantes L\u00f4ro Praia do Forte e L\u00f4ro Bahia Marina passam por retrofit - Portal MF<\/title>\n<meta name=\"robots\" content=\"index, follow, max-snippet:-1, max-image-preview:large, max-video-preview:-1\" \/>\n<link rel=\"canonical\" href=\"https:\/\/portalmf.com.br\/index.php\/2023\/11\/10\/restaurantes-loro-praia-do-forte-e-loro-bahia-marina-passam-por-retrofit\/\" \/>\n<meta property=\"og:locale\" content=\"pt_BR\" \/>\n<meta property=\"og:type\" content=\"article\" \/>\n<meta property=\"og:title\" content=\"Restaurantes L\u00f4ro Praia do Forte e L\u00f4ro Bahia Marina passam por retrofit - Portal MF\" \/>\n<meta property=\"og:description\" content=\"Refer\u00eancia para os amantes da praia e principalmente para quem gosta de desfrutar os ver\u00f5es de Salvador, os restaurantes L\u00f4ro Marina e L\u00f4ro Praia do Forte reabriram ap\u00f3s passar por um novo projeto arquitet\u00f4nico. Conhe\u00e7a detalhes. O projeto de retrofit foi assinado pelo diretor de arte e cen\u00f3grafo Mauro Braga. Explorando tons de verdes e [&hellip;]\" \/>\n<meta property=\"og:url\" content=\"https:\/\/portalmf.com.br\/index.php\/2023\/11\/10\/restaurantes-loro-praia-do-forte-e-loro-bahia-marina-passam-por-retrofit\/\" \/>\n<meta property=\"og:site_name\" content=\"Portal MF\" \/>\n<meta property=\"article:author\" content=\"https:\/\/www.facebook.com\/portalmfoficial\" \/>\n<meta property=\"article:published_time\" content=\"2023-11-10T19:16:41+00:00\" \/>\n<meta property=\"article:modified_time\" content=\"2023-11-10T19:16:42+00:00\" \/>\n<meta property=\"og:image\" content=\"https:\/\/portalmf.com.br\/wp-content\/uploads\/2023\/11\/71809214109112023_Loro__94_.jpg\" \/>\n\t<meta property=\"og:image:width\" content=\"2048\" \/>\n\t<meta property=\"og:image:height\" content=\"1365\" \/>\n\t<meta property=\"og:image:type\" content=\"image\/jpeg\" \/>\n<meta name=\"author\" content=\"Reda\u00e7\u00e3o Portal MF\" \/>\n<meta name=\"twitter:card\" content=\"summary_large_image\" \/>\n<meta name=\"twitter:creator\" content=\"@https:\/\/x.com\/portalmfoficial\" \/>\n<meta name=\"twitter:label1\" content=\"Escrito por\" \/>\n\t<meta name=\"twitter:data1\" content=\"Reda\u00e7\u00e3o Portal MF\" \/>\n\t<meta name=\"twitter:label2\" content=\"Est. tempo de leitura\" \/>\n\t<meta name=\"twitter:data2\" content=\"3 minutos\" \/>\n<script type=\"application\/ld+json\" class=\"yoast-schema-graph\">{\"@context\":\"https:\/\/schema.org\",\"@graph\":[{\"@type\":\"WebPage\",\"@id\":\"https:\/\/portalmf.com.br\/index.php\/2023\/11\/10\/restaurantes-loro-praia-do-forte-e-loro-bahia-marina-passam-por-retrofit\/\",\"url\":\"https:\/\/portalmf.com.br\/index.php\/2023\/11\/10\/restaurantes-loro-praia-do-forte-e-loro-bahia-marina-passam-por-retrofit\/\",\"name\":\"Restaurantes L\u00f4ro Praia do Forte e L\u00f4ro Bahia Marina passam por retrofit - Portal MF\",\"isPartOf\":{\"@id\":\"https:\/\/portalmf.com.br\/#website\"},\"primaryImageOfPage\":{\"@id\":\"https:\/\/portalmf.com.br\/index.php\/2023\/11\/10\/restaurantes-loro-praia-do-forte-e-loro-bahia-marina-passam-por-retrofit\/#primaryimage\"},\"image\":{\"@id\":\"https:\/\/portalmf.com.br\/index.php\/2023\/11\/10\/restaurantes-loro-praia-do-forte-e-loro-bahia-marina-passam-por-retrofit\/#primaryimage\"},\"thumbnailUrl\":\"https:\/\/portalmf.com.br\/wp-content\/uploads\/2023\/11\/71809214109112023_Loro__94_.jpg\",\"datePublished\":\"2023-11-10T19:16:41+00:00\",\"dateModified\":\"2023-11-10T19:16:42+00:00\",\"author\":{\"@id\":\"https:\/\/portalmf.com.br\/#\/schema\/person\/9ec101baf56233e53520c26de5d6f6f0\"},\"breadcrumb\":{\"@id\":\"https:\/\/portalmf.com.br\/index.php\/2023\/11\/10\/restaurantes-loro-praia-do-forte-e-loro-bahia-marina-passam-por-retrofit\/#breadcrumb\"},\"inLanguage\":\"pt-BR\",\"potentialAction\":[{\"@type\":\"ReadAction\",\"target\":[\"https:\/\/portalmf.com.br\/index.php\/2023\/11\/10\/restaurantes-loro-praia-do-forte-e-loro-bahia-marina-passam-por-retrofit\/\"]}]},{\"@type\":\"ImageObject\",\"inLanguage\":\"pt-BR\",\"@id\":\"https:\/\/portalmf.com.br\/index.php\/2023\/11\/10\/restaurantes-loro-praia-do-forte-e-loro-bahia-marina-passam-por-retrofit\/#primaryimage\",\"url\":\"https:\/\/portalmf.com.br\/wp-content\/uploads\/2023\/11\/71809214109112023_Loro__94_.jpg\",\"contentUrl\":\"https:\/\/portalmf.com.br\/wp-content\/uploads\/2023\/11\/71809214109112023_Loro__94_.jpg\",\"width\":2048,\"height\":1365},{\"@type\":\"BreadcrumbList\",\"@id\":\"https:\/\/portalmf.com.br\/index.php\/2023\/11\/10\/restaurantes-loro-praia-do-forte-e-loro-bahia-marina-passam-por-retrofit\/#breadcrumb\",\"itemListElement\":[{\"@type\":\"ListItem\",\"position\":1,\"name\":\"In\u00edcio\",\"item\":\"https:\/\/portalmf.com.br\/\"},{\"@type\":\"ListItem\",\"position\":2,\"name\":\"Restaurantes L\u00f4ro Praia do Forte e L\u00f4ro Bahia Marina passam por retrofit\"}]},{\"@type\":\"WebSite\",\"@id\":\"https:\/\/portalmf.com.br\/#website\",\"url\":\"https:\/\/portalmf.com.br\/\",\"name\":\"Portal MF\",\"description\":\"Voc\u00ea conectado com a informa\u00e7\u00e3o\",\"potentialAction\":[{\"@type\":\"SearchAction\",\"target\":{\"@type\":\"EntryPoint\",\"urlTemplate\":\"https:\/\/portalmf.com.br\/?s={search_term_string}\"},\"query-input\":\"required name=search_term_string\"}],\"inLanguage\":\"pt-BR\"},{\"@type\":\"Person\",\"@id\":\"https:\/\/portalmf.com.br\/#\/schema\/person\/9ec101baf56233e53520c26de5d6f6f0\",\"name\":\"Reda\u00e7\u00e3o Portal MF\",\"image\":{\"@type\":\"ImageObject\",\"inLanguage\":\"pt-BR\",\"@id\":\"https:\/\/portalmf.com.br\/#\/schema\/person\/image\/\",\"url\":\"https:\/\/secure.gravatar.com\/avatar\/41b9aaeb2100835f7c64362330f74c7f?s=96&d=mm&r=g\",\"contentUrl\":\"https:\/\/secure.gravatar.com\/avatar\/41b9aaeb2100835f7c64362330f74c7f?s=96&d=mm&r=g\",\"caption\":\"Reda\u00e7\u00e3o Portal MF\"},\"description\":\"Sejam bem-vindos o portal de informa\u00e7\u00f5es de entretenimento de Feira de Santana, desde 2006 realiza coberturas dos principais eventos com entrevistas exclusivas com as principais personalidades mundiais. Fique conectado tamb\u00e9m nas redes sociais.\",\"sameAs\":[\"http:\/\/www.portalmf.com.br\/\",\"https:\/\/www.facebook.com\/portalmfoficial\",\"https:\/\/www.instagram.com\/portalmf\/\",\"https:\/\/x.com\/https:\/\/x.com\/portalmfoficial\",\"https:\/\/www.youtube.com\/@portalmfoficial\"],\"url\":\"https:\/\/portalmf.com.br\/index.php\/author\/junior\/\"}]}<\/script>\n<!-- \/ Yoast SEO plugin. -->","yoast_head_json":{"title":"Restaurantes L\u00f4ro Praia do Forte e L\u00f4ro Bahia Marina passam por retrofit - Portal MF","robots":{"index":"index","follow":"follow","max-snippet":"max-snippet:-1","max-image-preview":"max-image-preview:large","max-video-preview":"max-video-preview:-1"},"canonical":"https:\/\/portalmf.com.br\/index.php\/2023\/11\/10\/restaurantes-loro-praia-do-forte-e-loro-bahia-marina-passam-por-retrofit\/","og_locale":"pt_BR","og_type":"article","og_title":"Restaurantes L\u00f4ro Praia do Forte e L\u00f4ro Bahia Marina passam por retrofit - Portal MF","og_description":"Refer\u00eancia para os amantes da praia e principalmente para quem gosta de desfrutar os ver\u00f5es de Salvador, os restaurantes L\u00f4ro Marina e L\u00f4ro Praia do Forte reabriram ap\u00f3s passar por um novo projeto arquitet\u00f4nico. Conhe\u00e7a detalhes. O projeto de retrofit foi assinado pelo diretor de arte e cen\u00f3grafo Mauro Braga. Explorando tons de verdes e [&hellip;]","og_url":"https:\/\/portalmf.com.br\/index.php\/2023\/11\/10\/restaurantes-loro-praia-do-forte-e-loro-bahia-marina-passam-por-retrofit\/","og_site_name":"Portal MF","article_author":"https:\/\/www.facebook.com\/portalmfoficial","article_published_time":"2023-11-10T19:16:41+00:00","article_modified_time":"2023-11-10T19:16:42+00:00","og_image":[{"width":2048,"height":1365,"url":"https:\/\/portalmf.com.br\/wp-content\/uploads\/2023\/11\/71809214109112023_Loro__94_.jpg","type":"image\/jpeg"}],"author":"Reda\u00e7\u00e3o Portal MF","twitter_card":"summary_large_image","twitter_creator":"@https:\/\/x.com\/portalmfoficial","twitter_misc":{"Escrito por":"Reda\u00e7\u00e3o Portal MF","Est. tempo de leitura":"3 minutos"},"schema":{"@context":"https:\/\/schema.org","@graph":[{"@type":"WebPage","@id":"https:\/\/portalmf.com.br\/index.php\/2023\/11\/10\/restaurantes-loro-praia-do-forte-e-loro-bahia-marina-passam-por-retrofit\/","url":"https:\/\/portalmf.com.br\/index.php\/2023\/11\/10\/restaurantes-loro-praia-do-forte-e-loro-bahia-marina-passam-por-retrofit\/","name":"Restaurantes L\u00f4ro Praia do Forte e L\u00f4ro Bahia Marina passam por retrofit - Portal MF","isPartOf":{"@id":"https:\/\/portalmf.com.br\/#website"},"primaryImageOfPage":{"@id":"https:\/\/portalmf.com.br\/index.php\/2023\/11\/10\/restaurantes-loro-praia-do-forte-e-loro-bahia-marina-passam-por-retrofit\/#primaryimage"},"image":{"@id":"https:\/\/portalmf.com.br\/index.php\/2023\/11\/10\/restaurantes-loro-praia-do-forte-e-loro-bahia-marina-passam-por-retrofit\/#primaryimage"},"thumbnailUrl":"https:\/\/portalmf.com.br\/wp-content\/uploads\/2023\/11\/71809214109112023_Loro__94_.jpg","datePublished":"2023-11-10T19:16:41+00:00","dateModified":"2023-11-10T19:16:42+00:00","author":{"@id":"https:\/\/portalmf.com.br\/#\/schema\/person\/9ec101baf56233e53520c26de5d6f6f0"},"breadcrumb":{"@id":"https:\/\/portalmf.com.br\/index.php\/2023\/11\/10\/restaurantes-loro-praia-do-forte-e-loro-bahia-marina-passam-por-retrofit\/#breadcrumb"},"inLanguage":"pt-BR","potentialAction":[{"@type":"ReadAction","target":["https:\/\/portalmf.com.br\/index.php\/2023\/11\/10\/restaurantes-loro-praia-do-forte-e-loro-bahia-marina-passam-por-retrofit\/"]}]},{"@type":"ImageObject","inLanguage":"pt-BR","@id":"https:\/\/portalmf.com.br\/index.php\/2023\/11\/10\/restaurantes-loro-praia-do-forte-e-loro-bahia-marina-passam-por-retrofit\/#primaryimage","url":"https:\/\/portalmf.com.br\/wp-content\/uploads\/2023\/11\/71809214109112023_Loro__94_.jpg","contentUrl":"https:\/\/portalmf.com.br\/wp-content\/uploads\/2023\/11\/71809214109112023_Loro__94_.jpg","width":2048,"height":1365},{"@type":"BreadcrumbList","@id":"https:\/\/portalmf.com.br\/index.php\/2023\/11\/10\/restaurantes-loro-praia-do-forte-e-loro-bahia-marina-passam-por-retrofit\/#breadcrumb","itemListElement":[{"@type":"ListItem","position":1,"name":"In\u00edcio","item":"https:\/\/portalmf.com.br\/"},{"@type":"ListItem","position":2,"name":"Restaurantes L\u00f4ro Praia do Forte e L\u00f4ro Bahia Marina passam por retrofit"}]},{"@type":"WebSite","@id":"https:\/\/portalmf.com.br\/#website","url":"https:\/\/portalmf.com.br\/","name":"Portal MF","description":"Voc\u00ea conectado com a informa\u00e7\u00e3o","potentialAction":[{"@type":"SearchAction","target":{"@type":"EntryPoint","urlTemplate":"https:\/\/portalmf.com.br\/?s={search_term_string}"},"query-input":"required name=search_term_string"}],"inLanguage":"pt-BR"},{"@type":"Person","@id":"https:\/\/portalmf.com.br\/#\/schema\/person\/9ec101baf56233e53520c26de5d6f6f0","name":"Reda\u00e7\u00e3o Portal MF","image":{"@type":"ImageObject","inLanguage":"pt-BR","@id":"https:\/\/portalmf.com.br\/#\/schema\/person\/image\/","url":"https:\/\/secure.gravatar.com\/avatar\/41b9aaeb2100835f7c64362330f74c7f?s=96&d=mm&r=g","contentUrl":"https:\/\/secure.gravatar.com\/avatar\/41b9aaeb2100835f7c64362330f74c7f?s=96&d=mm&r=g","caption":"Reda\u00e7\u00e3o Portal MF"},"description":"Sejam bem-vindos o portal de informa\u00e7\u00f5es de entretenimento de Feira de Santana, desde 2006 realiza coberturas dos principais eventos com entrevistas exclusivas com as principais personalidades mundiais. Fique conectado tamb\u00e9m nas redes sociais.","sameAs":["http:\/\/www.portalmf.com.br\/","https:\/\/www.facebook.com\/portalmfoficial","https:\/\/www.instagram.com\/portalmf\/","https:\/\/x.com\/https:\/\/x.com\/portalmfoficial","https:\/\/www.youtube.com\/@portalmfoficial"],"url":"https:\/\/portalmf.com.br\/index.php\/author\/junior\/"}]}},"_links":{"self":[{"href":"https:\/\/portalmf.com.br\/index.php\/wp-json\/wp\/v2\/posts\/19678"}],"collection":[{"href":"https:\/\/portalmf.com.br\/index.php\/wp-json\/wp\/v2\/posts"}],"about":[{"href":"https:\/\/portalmf.com.br\/index.php\/wp-json\/wp\/v2\/types\/post"}],"author":[{"embeddable":true,"href":"https:\/\/portalmf.com.br\/index.php\/wp-json\/wp\/v2\/users\/3"}],"replies":[{"embeddable":true,"href":"https:\/\/portalmf.com.br\/index.php\/wp-json\/wp\/v2\/comments?post=19678"}],"version-history":[{"count":1,"href":"https:\/\/portalmf.com.br\/index.php\/wp-json\/wp\/v2\/posts\/19678\/revisions"}],"predecessor-version":[{"id":19680,"href":"https:\/\/portalmf.com.br\/index.php\/wp-json\/wp\/v2\/posts\/19678\/revisions\/19680"}],"wp:featuredmedia":[{"embeddable":true,"href":"https:\/\/portalmf.com.br\/index.php\/wp-json\/wp\/v2\/media\/19679"}],"wp:attachment":[{"href":"https:\/\/portalmf.com.br\/index.php\/wp-json\/wp\/v2\/media?parent=19678"}],"wp:term":[{"taxonomy":"category","embeddable":true,"href":"https:\/\/portalmf.com.br\/index.php\/wp-json\/wp\/v2\/categories?post=19678"},{"taxonomy":"post_tag","embeddable":true,"href":"https:\/\/portalmf.com.br\/index.php\/wp-json\/wp\/v2\/tags?post=19678"}],"curies":[{"name":"wp","href":"https:\/\/api.w.org\/{rel}","templated":true}]}}