{"id":19411,"date":"2023-11-04T19:41:00","date_gmt":"2023-11-04T22:41:00","guid":{"rendered":"https:\/\/portalmf.com.br\/?p=19411"},"modified":"2023-11-04T19:42:25","modified_gmt":"2023-11-04T22:42:25","slug":"em-entrevista-ator-felipe-velozo-fala-sobre-espetaculo-e-carreira","status":"publish","type":"post","link":"https:\/\/portalmf.com.br\/index.php\/2023\/11\/04\/em-entrevista-ator-felipe-velozo-fala-sobre-espetaculo-e-carreira\/","title":{"rendered":"Em entrevista, ator Felipe Velozo fala sobre espet\u00e1culo e carreira"},"content":{"rendered":"\n<p><strong>\u20185 Segundos\u2019:<\/strong> espet\u00e1culo volta a cartaz em curta temporada em Salvador e Feira de Santana, estrelado por Felipe Velozo,&nbsp;foi assistido por mais de 6 mil pessoas, desde 2019 e retrata os desafios pessoais e coletivos da guerra, a linha t\u00eanue entre ganhar e perder, de sucumbir ou sobreviver \u00e9 sobre estabelecer di\u00e1logo mesmo&nbsp;em situa\u00e7\u00f5es mais improv\u00e1veis.<\/p>\n\n\n\n<p>&nbsp;\u201c5 segundos\u201d voltou a cartaz no m\u00eas de outubro de 2023, com apresenta\u00e7\u00f5es em Feira no dia 27\/10, o elenco se apresentou no Centro Cultural Am\u00e9lio Amorim, em duas sess\u00f5es, com casa cheia. A pe\u00e7a utiliza a arte para compreender e discutir a tens\u00e3o que conduz os povos \u00e0 luta armada. A partir da hist\u00f3ria real de um soldado baiano, a pe\u00e7a retoma o debate sobre os motivos que levam as na\u00e7\u00f5es \u00e0 guerra e os personagens que fazem parte deste conflito.<\/p>\n\n\n\n<p>A pe\u00e7a est\u00e1 em cartaz desde 2019 e j\u00e1 foi assistida por mais de seis mil pessoas.<\/p>\n\n\n\n<p><em>\u201cEu tenho muito carinho por Feira de Santana, parte da minha fam\u00edlia moram aqui, trabalham h\u00e1 anos aqui em Feira e \u00e9 com enorme felicidade ser recebido com casa lotada. Isso mostra a relev\u00e2ncia do teatro na vida e na cultura das pessoas. Segundos \u00e9 um espet\u00e1culo que estreou em 2019, e a gente vem tendo uma carreira muito bem aceita pela cr\u00edtica e pelo p\u00fablico. O Am\u00e9lio Amorim \u00e9 um teatro incr\u00edvel, hist\u00f3rico, grandes nomes da cultura do nosso pa\u00eds passaram por aqui. Eu que estou engatinhando na carreira, tenho apenas 15 anos de carreira, estar aqui sem ser recebido com tanto acolhimento me causa muita alegria\u201d,<\/em> diz Felipe Velozo em entrevista ao Portal MF.<\/p>\n\n\n\n<figure class=\"wp-block-image size-large\"><img fetchpriority=\"high\" decoding=\"async\" width=\"1024\" height=\"768\" src=\"https:\/\/portalmf.com.br\/wp-content\/uploads\/2023\/11\/Felipe-Velozo-em-Feira-de-Santana-2-1024x768.jpg\" alt=\"\" class=\"wp-image-19412\" srcset=\"https:\/\/portalmf.com.br\/wp-content\/uploads\/2023\/11\/Felipe-Velozo-em-Feira-de-Santana-2-1024x768.jpg 1024w, https:\/\/portalmf.com.br\/wp-content\/uploads\/2023\/11\/Felipe-Velozo-em-Feira-de-Santana-2-300x225.jpg 300w, https:\/\/portalmf.com.br\/wp-content\/uploads\/2023\/11\/Felipe-Velozo-em-Feira-de-Santana-2-768x576.jpg 768w, https:\/\/portalmf.com.br\/wp-content\/uploads\/2023\/11\/Felipe-Velozo-em-Feira-de-Santana-2-1536x1152.jpg 1536w, https:\/\/portalmf.com.br\/wp-content\/uploads\/2023\/11\/Felipe-Velozo-em-Feira-de-Santana-2-1170x878.jpg 1170w, https:\/\/portalmf.com.br\/wp-content\/uploads\/2023\/11\/Felipe-Velozo-em-Feira-de-Santana-2-585x439.jpg 585w, https:\/\/portalmf.com.br\/wp-content\/uploads\/2023\/11\/Felipe-Velozo-em-Feira-de-Santana-2.jpg 1600w\" sizes=\"(max-width: 1024px) 100vw, 1024px\" \/><figcaption class=\"wp-element-caption\">Felipe Velozo em Entrevista ao Portal MF. Foto: Lila Oliveira<\/figcaption><\/figure>\n\n\n\n<p>O int\u00e9rprete esclarece que 5 Segundos \u00e9 um espet\u00e1culo baseado em fatos reais, conta a hist\u00f3ria de um soldado baiano que foi para a segunda guerra mundial e que o autor desse espet\u00e1culo.<\/p>\n\n\n\n<p><em>\u201cRicardo Carvalho, que assina a dire\u00e7\u00e3o com Alan Miranda e Daniel Arcades, conheceu essa pracinha da pe\u00e7a. O Ruy. Ele conta que quando encontrou esse soldado alem\u00e3o, por 5 segundos, a vida dele toda passou na frente. A frase que d\u00e1 origem a esse espet\u00e1culo \u00e9 quando ele fala: \u2018Prefessor, a guerra \u00e9 uma desgra\u00e7a! Eu n\u00e3o queria matar, mas n\u00e3o queria morrer, aqueles 5 segundos a minha vida toda passou pela minha frente\u2019. Isso \u00e9 uma dramaturgia muito profunda, uma pe\u00e7a que fala, inclusive, sobre di\u00e1logo. Dois homens de cultura, de origens, desejos, anseios e sofrimentos diferentes. Entretanto que se permitem ouvir um ao outro. Uma das grandes mensagens que o espet\u00e1culo deixa e \u00e9 por isso que a gente vem impactando tantas vidas\u201d, <\/em>contou o ator.<\/p>\n\n\n\n<p><strong>Conhe\u00e7a o ator:<\/strong> O jovem ator com 15 anos de trajet\u00f3ria art\u00edstica, interpretou o banc\u00e1rio Tom\u00e1s em \u201cMar do Sert\u00e3o\u201d, novela das 18h da TV Globo, e segue no ar como o jogador de futebol Neto da s\u00e9rie \u201cFam\u00edlia Para\u00edso\u201d, tamb\u00e9m na TV Globo, o lutador Coyote e a prostituta Dalva em \u201cVale dos Esquecidos&#8221;, s\u00e9rie da HBO e o policial Marlon em \u201cEleita\u201d, nova s\u00e9rie da Amazon.<\/p>\n\n\n\n<p>Ele tamb\u00e9m atua,&nbsp;em &#8220;Irm\u00e3os Freitas&#8221;, s\u00e9rie de S\u00e9rgio Machado,Aly Muritiba e Walter Salles, dispon\u00edvel na Amazon. Em 2021, Velozo chegou aos cinemas com os filmes \u201cMarighella\u201d, de Wagner Moura, \u201cPerros\u201d, sua primeira parceria internacional,com roteiro e dire\u00e7\u00e3o da cineasta argentino Kris Niklison e \u201cSol\u201d de L\u00f4 Politi. Felipe Velozo j\u00e1 se apresentou em grandes palcos do Brasil como Teat(r)o Oficina, Theatro Municipal de S\u00e3o Paulo e Teatro Castro Alves. Durante sua forma\u00e7\u00e3o, o ator trabalhou grandes nomes da dramaturgia.<\/p>\n\n\n\n<figure class=\"wp-block-image size-full\"><img decoding=\"async\" width=\"984\" height=\"582\" src=\"https:\/\/portalmf.com.br\/wp-content\/uploads\/2023\/11\/felipe-velozo-o-tomas-de-mar-do-sertao-comenta-titulo-de-gala.jpg\" alt=\"\" class=\"wp-image-19415\" srcset=\"https:\/\/portalmf.com.br\/wp-content\/uploads\/2023\/11\/felipe-velozo-o-tomas-de-mar-do-sertao-comenta-titulo-de-gala.jpg 984w, https:\/\/portalmf.com.br\/wp-content\/uploads\/2023\/11\/felipe-velozo-o-tomas-de-mar-do-sertao-comenta-titulo-de-gala-300x177.jpg 300w, https:\/\/portalmf.com.br\/wp-content\/uploads\/2023\/11\/felipe-velozo-o-tomas-de-mar-do-sertao-comenta-titulo-de-gala-768x454.jpg 768w, https:\/\/portalmf.com.br\/wp-content\/uploads\/2023\/11\/felipe-velozo-o-tomas-de-mar-do-sertao-comenta-titulo-de-gala-585x346.jpg 585w\" sizes=\"(max-width: 984px) 100vw, 984px\" \/><figcaption class=\"wp-element-caption\">Felipe Velozo, o Tom\u00e1s de Mar do Sert\u00e3o. Foto: Reprodu\u00e7\u00e3o\/Instagram<\/figcaption><\/figure>\n\n\n\n<p><strong>Lei Paulo Gustavo<\/strong>: O astro reflete sobre as leis de incentivo cultural que caracteriza&nbsp;indispens\u00e1veis elementos transformadores sociais e cita a Lei Paulo Gustavo, como marco no resgate da promo\u00e7\u00e3o cultural no pa\u00eds.<\/p>\n\n\n\n<p><em>\u201cEu acho indispens\u00e1vel o incentivo \u00e0 cultura no fomento p\u00fablico, seja ele federal, estadual ou municipal. A cultura \u00e9 a mola motriz de uma sociedade onde tudo muda e n\u00e3o falo isso porque sou artista, pode pegar qualquer exemplo de na\u00e7\u00f5es do mundo, onde a cultura \u00e9 tratada como objeto priorit\u00e1rio do desenvolvimento social. A Lei Paulo Gustavo, assim como os fundos de cultura, \u00e9 indispens\u00e1vel para forma\u00e7\u00e3o cultural, social, ideol\u00f3gica de um pa\u00eds. Falo isso antes de tudo por ser um cidad\u00e3o. Acho indispens\u00e1vel leis de incentivo e que bom que temos a Lei Paulo Gustavo e que siga cada vez mais com incentivos. Agora, gra\u00e7as a Deus, temos novamente um Minist\u00e9rio da Cultura, com uma Ministra. Isso retoma a relev\u00e2ncia desse setor para uma sociedade, acredito sim que a educa\u00e7\u00e3o, junto com a arte \u00e9 fundamental para o desenvolvimento da sociedade\u201d,<\/em> defende.<\/p>\n","protected":false},"excerpt":{"rendered":"<p>\u20185 Segundos\u2019: espet\u00e1culo volta a cartaz em curta temporada em Salvador e Feira de Santana, estrelado por Felipe Velozo,&nbsp;foi assistido por mais de 6 mil pessoas, desde 2019 e retrata os desafios pessoais e coletivos da guerra, a linha t\u00eanue entre ganhar e perder, de sucumbir ou sobreviver \u00e9 sobre estabelecer di\u00e1logo mesmo&nbsp;em situa\u00e7\u00f5es mais [&hellip;]<\/p>\n","protected":false},"author":5,"featured_media":19414,"comment_status":"open","ping_status":"open","sticky":false,"template":"","format":"standard","meta":{"_monsterinsights_skip_tracking":false,"_monsterinsights_sitenote_active":false,"_monsterinsights_sitenote_note":"","_monsterinsights_sitenote_category":0,"footnotes":""},"categories":[40,47,35],"tags":[],"yoast_head":"<!-- This site is optimized with the Yoast SEO plugin v22.9 - https:\/\/yoast.com\/wordpress\/plugins\/seo\/ -->\n<title>Em entrevista, ator Felipe Velozo fala sobre espet\u00e1culo e carreira - Portal MF<\/title>\n<meta name=\"robots\" content=\"index, follow, max-snippet:-1, max-image-preview:large, max-video-preview:-1\" \/>\n<link rel=\"canonical\" href=\"https:\/\/portalmf.com.br\/index.php\/2023\/11\/04\/em-entrevista-ator-felipe-velozo-fala-sobre-espetaculo-e-carreira\/\" \/>\n<meta property=\"og:locale\" content=\"pt_BR\" \/>\n<meta property=\"og:type\" content=\"article\" \/>\n<meta property=\"og:title\" content=\"Em entrevista, ator Felipe Velozo fala sobre espet\u00e1culo e carreira - Portal MF\" \/>\n<meta property=\"og:description\" content=\"\u20185 Segundos\u2019: espet\u00e1culo volta a cartaz em curta temporada em Salvador e Feira de Santana, estrelado por Felipe Velozo,&nbsp;foi assistido por mais de 6 mil pessoas, desde 2019 e retrata os desafios pessoais e coletivos da guerra, a linha t\u00eanue entre ganhar e perder, de sucumbir ou sobreviver \u00e9 sobre estabelecer di\u00e1logo mesmo&nbsp;em situa\u00e7\u00f5es mais [&hellip;]\" \/>\n<meta property=\"og:url\" content=\"https:\/\/portalmf.com.br\/index.php\/2023\/11\/04\/em-entrevista-ator-felipe-velozo-fala-sobre-espetaculo-e-carreira\/\" \/>\n<meta property=\"og:site_name\" content=\"Portal MF\" \/>\n<meta property=\"article:published_time\" content=\"2023-11-04T22:41:00+00:00\" \/>\n<meta property=\"article:modified_time\" content=\"2023-11-04T22:42:25+00:00\" \/>\n<meta property=\"og:image\" content=\"https:\/\/portalmf.com.br\/wp-content\/uploads\/2023\/11\/Felipe-Velozo-em-Feira-de-Santana.jpg\" \/>\n\t<meta property=\"og:image:width\" content=\"1397\" \/>\n\t<meta property=\"og:image:height\" content=\"873\" \/>\n\t<meta property=\"og:image:type\" content=\"image\/jpeg\" \/>\n<meta name=\"author\" content=\"Lila Oliveira\" \/>\n<meta name=\"twitter:card\" content=\"summary_large_image\" \/>\n<meta name=\"twitter:label1\" content=\"Escrito por\" \/>\n\t<meta name=\"twitter:data1\" content=\"Lila Oliveira\" \/>\n\t<meta name=\"twitter:label2\" content=\"Est. tempo de leitura\" \/>\n\t<meta name=\"twitter:data2\" content=\"5 minutos\" \/>\n<script type=\"application\/ld+json\" class=\"yoast-schema-graph\">{\"@context\":\"https:\/\/schema.org\",\"@graph\":[{\"@type\":\"WebPage\",\"@id\":\"https:\/\/portalmf.com.br\/index.php\/2023\/11\/04\/em-entrevista-ator-felipe-velozo-fala-sobre-espetaculo-e-carreira\/\",\"url\":\"https:\/\/portalmf.com.br\/index.php\/2023\/11\/04\/em-entrevista-ator-felipe-velozo-fala-sobre-espetaculo-e-carreira\/\",\"name\":\"Em entrevista, ator Felipe Velozo fala sobre espet\u00e1culo e carreira - Portal MF\",\"isPartOf\":{\"@id\":\"https:\/\/portalmf.com.br\/#website\"},\"primaryImageOfPage\":{\"@id\":\"https:\/\/portalmf.com.br\/index.php\/2023\/11\/04\/em-entrevista-ator-felipe-velozo-fala-sobre-espetaculo-e-carreira\/#primaryimage\"},\"image\":{\"@id\":\"https:\/\/portalmf.com.br\/index.php\/2023\/11\/04\/em-entrevista-ator-felipe-velozo-fala-sobre-espetaculo-e-carreira\/#primaryimage\"},\"thumbnailUrl\":\"https:\/\/portalmf.com.br\/wp-content\/uploads\/2023\/11\/Felipe-Velozo-em-Feira-de-Santana.jpg\",\"datePublished\":\"2023-11-04T22:41:00+00:00\",\"dateModified\":\"2023-11-04T22:42:25+00:00\",\"author\":{\"@id\":\"https:\/\/portalmf.com.br\/#\/schema\/person\/19071c375ee7579b7300dd91d656ff97\"},\"breadcrumb\":{\"@id\":\"https:\/\/portalmf.com.br\/index.php\/2023\/11\/04\/em-entrevista-ator-felipe-velozo-fala-sobre-espetaculo-e-carreira\/#breadcrumb\"},\"inLanguage\":\"pt-BR\",\"potentialAction\":[{\"@type\":\"ReadAction\",\"target\":[\"https:\/\/portalmf.com.br\/index.php\/2023\/11\/04\/em-entrevista-ator-felipe-velozo-fala-sobre-espetaculo-e-carreira\/\"]}]},{\"@type\":\"ImageObject\",\"inLanguage\":\"pt-BR\",\"@id\":\"https:\/\/portalmf.com.br\/index.php\/2023\/11\/04\/em-entrevista-ator-felipe-velozo-fala-sobre-espetaculo-e-carreira\/#primaryimage\",\"url\":\"https:\/\/portalmf.com.br\/wp-content\/uploads\/2023\/11\/Felipe-Velozo-em-Feira-de-Santana.jpg\",\"contentUrl\":\"https:\/\/portalmf.com.br\/wp-content\/uploads\/2023\/11\/Felipe-Velozo-em-Feira-de-Santana.jpg\",\"width\":1397,\"height\":873},{\"@type\":\"BreadcrumbList\",\"@id\":\"https:\/\/portalmf.com.br\/index.php\/2023\/11\/04\/em-entrevista-ator-felipe-velozo-fala-sobre-espetaculo-e-carreira\/#breadcrumb\",\"itemListElement\":[{\"@type\":\"ListItem\",\"position\":1,\"name\":\"In\u00edcio\",\"item\":\"https:\/\/portalmf.com.br\/\"},{\"@type\":\"ListItem\",\"position\":2,\"name\":\"Em entrevista, ator Felipe Velozo fala sobre espet\u00e1culo e carreira\"}]},{\"@type\":\"WebSite\",\"@id\":\"https:\/\/portalmf.com.br\/#website\",\"url\":\"https:\/\/portalmf.com.br\/\",\"name\":\"Portal MF\",\"description\":\"Voc\u00ea conectado com a informa\u00e7\u00e3o\",\"potentialAction\":[{\"@type\":\"SearchAction\",\"target\":{\"@type\":\"EntryPoint\",\"urlTemplate\":\"https:\/\/portalmf.com.br\/?s={search_term_string}\"},\"query-input\":\"required name=search_term_string\"}],\"inLanguage\":\"pt-BR\"},{\"@type\":\"Person\",\"@id\":\"https:\/\/portalmf.com.br\/#\/schema\/person\/19071c375ee7579b7300dd91d656ff97\",\"name\":\"Lila Oliveira\",\"image\":{\"@type\":\"ImageObject\",\"inLanguage\":\"pt-BR\",\"@id\":\"https:\/\/portalmf.com.br\/#\/schema\/person\/image\/\",\"url\":\"https:\/\/secure.gravatar.com\/avatar\/344958fa973c4e824a6dde1b63c19431?s=96&d=mm&r=g\",\"contentUrl\":\"https:\/\/secure.gravatar.com\/avatar\/344958fa973c4e824a6dde1b63c19431?s=96&d=mm&r=g\",\"caption\":\"Lila Oliveira\"},\"sameAs\":[\"https:\/\/portalmf.com.br\/\"],\"url\":\"https:\/\/portalmf.com.br\/index.php\/author\/lilaoliveira\/\"}]}<\/script>\n<!-- \/ Yoast SEO plugin. -->","yoast_head_json":{"title":"Em entrevista, ator Felipe Velozo fala sobre espet\u00e1culo e carreira - Portal MF","robots":{"index":"index","follow":"follow","max-snippet":"max-snippet:-1","max-image-preview":"max-image-preview:large","max-video-preview":"max-video-preview:-1"},"canonical":"https:\/\/portalmf.com.br\/index.php\/2023\/11\/04\/em-entrevista-ator-felipe-velozo-fala-sobre-espetaculo-e-carreira\/","og_locale":"pt_BR","og_type":"article","og_title":"Em entrevista, ator Felipe Velozo fala sobre espet\u00e1culo e carreira - Portal MF","og_description":"\u20185 Segundos\u2019: espet\u00e1culo volta a cartaz em curta temporada em Salvador e Feira de Santana, estrelado por Felipe Velozo,&nbsp;foi assistido por mais de 6 mil pessoas, desde 2019 e retrata os desafios pessoais e coletivos da guerra, a linha t\u00eanue entre ganhar e perder, de sucumbir ou sobreviver \u00e9 sobre estabelecer di\u00e1logo mesmo&nbsp;em situa\u00e7\u00f5es mais [&hellip;]","og_url":"https:\/\/portalmf.com.br\/index.php\/2023\/11\/04\/em-entrevista-ator-felipe-velozo-fala-sobre-espetaculo-e-carreira\/","og_site_name":"Portal MF","article_published_time":"2023-11-04T22:41:00+00:00","article_modified_time":"2023-11-04T22:42:25+00:00","og_image":[{"width":1397,"height":873,"url":"https:\/\/portalmf.com.br\/wp-content\/uploads\/2023\/11\/Felipe-Velozo-em-Feira-de-Santana.jpg","type":"image\/jpeg"}],"author":"Lila Oliveira","twitter_card":"summary_large_image","twitter_misc":{"Escrito por":"Lila Oliveira","Est. tempo de leitura":"5 minutos"},"schema":{"@context":"https:\/\/schema.org","@graph":[{"@type":"WebPage","@id":"https:\/\/portalmf.com.br\/index.php\/2023\/11\/04\/em-entrevista-ator-felipe-velozo-fala-sobre-espetaculo-e-carreira\/","url":"https:\/\/portalmf.com.br\/index.php\/2023\/11\/04\/em-entrevista-ator-felipe-velozo-fala-sobre-espetaculo-e-carreira\/","name":"Em entrevista, ator Felipe Velozo fala sobre espet\u00e1culo e carreira - Portal MF","isPartOf":{"@id":"https:\/\/portalmf.com.br\/#website"},"primaryImageOfPage":{"@id":"https:\/\/portalmf.com.br\/index.php\/2023\/11\/04\/em-entrevista-ator-felipe-velozo-fala-sobre-espetaculo-e-carreira\/#primaryimage"},"image":{"@id":"https:\/\/portalmf.com.br\/index.php\/2023\/11\/04\/em-entrevista-ator-felipe-velozo-fala-sobre-espetaculo-e-carreira\/#primaryimage"},"thumbnailUrl":"https:\/\/portalmf.com.br\/wp-content\/uploads\/2023\/11\/Felipe-Velozo-em-Feira-de-Santana.jpg","datePublished":"2023-11-04T22:41:00+00:00","dateModified":"2023-11-04T22:42:25+00:00","author":{"@id":"https:\/\/portalmf.com.br\/#\/schema\/person\/19071c375ee7579b7300dd91d656ff97"},"breadcrumb":{"@id":"https:\/\/portalmf.com.br\/index.php\/2023\/11\/04\/em-entrevista-ator-felipe-velozo-fala-sobre-espetaculo-e-carreira\/#breadcrumb"},"inLanguage":"pt-BR","potentialAction":[{"@type":"ReadAction","target":["https:\/\/portalmf.com.br\/index.php\/2023\/11\/04\/em-entrevista-ator-felipe-velozo-fala-sobre-espetaculo-e-carreira\/"]}]},{"@type":"ImageObject","inLanguage":"pt-BR","@id":"https:\/\/portalmf.com.br\/index.php\/2023\/11\/04\/em-entrevista-ator-felipe-velozo-fala-sobre-espetaculo-e-carreira\/#primaryimage","url":"https:\/\/portalmf.com.br\/wp-content\/uploads\/2023\/11\/Felipe-Velozo-em-Feira-de-Santana.jpg","contentUrl":"https:\/\/portalmf.com.br\/wp-content\/uploads\/2023\/11\/Felipe-Velozo-em-Feira-de-Santana.jpg","width":1397,"height":873},{"@type":"BreadcrumbList","@id":"https:\/\/portalmf.com.br\/index.php\/2023\/11\/04\/em-entrevista-ator-felipe-velozo-fala-sobre-espetaculo-e-carreira\/#breadcrumb","itemListElement":[{"@type":"ListItem","position":1,"name":"In\u00edcio","item":"https:\/\/portalmf.com.br\/"},{"@type":"ListItem","position":2,"name":"Em entrevista, ator Felipe Velozo fala sobre espet\u00e1culo e carreira"}]},{"@type":"WebSite","@id":"https:\/\/portalmf.com.br\/#website","url":"https:\/\/portalmf.com.br\/","name":"Portal MF","description":"Voc\u00ea conectado com a informa\u00e7\u00e3o","potentialAction":[{"@type":"SearchAction","target":{"@type":"EntryPoint","urlTemplate":"https:\/\/portalmf.com.br\/?s={search_term_string}"},"query-input":"required name=search_term_string"}],"inLanguage":"pt-BR"},{"@type":"Person","@id":"https:\/\/portalmf.com.br\/#\/schema\/person\/19071c375ee7579b7300dd91d656ff97","name":"Lila Oliveira","image":{"@type":"ImageObject","inLanguage":"pt-BR","@id":"https:\/\/portalmf.com.br\/#\/schema\/person\/image\/","url":"https:\/\/secure.gravatar.com\/avatar\/344958fa973c4e824a6dde1b63c19431?s=96&d=mm&r=g","contentUrl":"https:\/\/secure.gravatar.com\/avatar\/344958fa973c4e824a6dde1b63c19431?s=96&d=mm&r=g","caption":"Lila Oliveira"},"sameAs":["https:\/\/portalmf.com.br\/"],"url":"https:\/\/portalmf.com.br\/index.php\/author\/lilaoliveira\/"}]}},"_links":{"self":[{"href":"https:\/\/portalmf.com.br\/index.php\/wp-json\/wp\/v2\/posts\/19411"}],"collection":[{"href":"https:\/\/portalmf.com.br\/index.php\/wp-json\/wp\/v2\/posts"}],"about":[{"href":"https:\/\/portalmf.com.br\/index.php\/wp-json\/wp\/v2\/types\/post"}],"author":[{"embeddable":true,"href":"https:\/\/portalmf.com.br\/index.php\/wp-json\/wp\/v2\/users\/5"}],"replies":[{"embeddable":true,"href":"https:\/\/portalmf.com.br\/index.php\/wp-json\/wp\/v2\/comments?post=19411"}],"version-history":[{"count":2,"href":"https:\/\/portalmf.com.br\/index.php\/wp-json\/wp\/v2\/posts\/19411\/revisions"}],"predecessor-version":[{"id":19417,"href":"https:\/\/portalmf.com.br\/index.php\/wp-json\/wp\/v2\/posts\/19411\/revisions\/19417"}],"wp:featuredmedia":[{"embeddable":true,"href":"https:\/\/portalmf.com.br\/index.php\/wp-json\/wp\/v2\/media\/19414"}],"wp:attachment":[{"href":"https:\/\/portalmf.com.br\/index.php\/wp-json\/wp\/v2\/media?parent=19411"}],"wp:term":[{"taxonomy":"category","embeddable":true,"href":"https:\/\/portalmf.com.br\/index.php\/wp-json\/wp\/v2\/categories?post=19411"},{"taxonomy":"post_tag","embeddable":true,"href":"https:\/\/portalmf.com.br\/index.php\/wp-json\/wp\/v2\/tags?post=19411"}],"curies":[{"name":"wp","href":"https:\/\/api.w.org\/{rel}","templated":true}]}}