{"id":19244,"date":"2023-10-30T15:26:50","date_gmt":"2023-10-30T18:26:50","guid":{"rendered":"https:\/\/portalmf.com.br\/?p=19244"},"modified":"2023-10-30T15:26:55","modified_gmt":"2023-10-30T18:26:55","slug":"jaques-wagner-afirma-que-robinson-e-seu-primeiro-candidato-em-salvador","status":"publish","type":"post","link":"https:\/\/portalmf.com.br\/index.php\/2023\/10\/30\/jaques-wagner-afirma-que-robinson-e-seu-primeiro-candidato-em-salvador\/","title":{"rendered":"Jaques Wagner afirma que Robinson \u00e9 seu primeiro candidato em Salvador"},"content":{"rendered":"\n<p>Presente na Plen\u00e1ria Municipal do PT de Salvador neste s\u00e1bado, 28, na Alba, o senador Jaques Wagner afirmou que Robinson \u00e9 o seu pr\u00e9-candidato a prefeito de Salvador. &#8220;Estou aqui para que todo mundo saiba que o meu primeiro candidato \u00e9 Robinson, \u00e9 o candidato do meu partido, \u00e9 o meu candidato&#8221;, enfatizou Wagner<\/p>\n\n\n\n<p>Na ocasi\u00e3o, o senador falou sobre o processo de montagem da chapa. <em>&#8220;A coordena\u00e7\u00e3o do processo \u00e9 do governador Jer\u00f4nimo, como teria que ser, \u00e9 claro que participa-se como o governador Rui tamb\u00e9m, e cada partido est\u00e1 apresentando seus candidatos. A reuni\u00e3o que n\u00e3o pude participar h\u00e1 duas semanas com v\u00e1rias lideran\u00e7as de todos os partidos, o governador puxou e houve o acordo que a gente deve trabalhar diferente do que trabalhamos quatro anos atr\u00e1s por uma candidatura \u00fanica&#8221;, <\/em>disse, ao acrescentar: <em>&#8220;Hoje a gente est\u00e1 mudando a t\u00e1tica e prefere juntar, unir todas as for\u00e7as para chegar a elei\u00e7\u00e3o com todo capital do movimento social, toda milit\u00e2ncia, todos os partidos. Por isso, vai ser um processo. Tem Robinson, Ol\u00edvia, Isid\u00f3ro, Geraldinho, tem o nome de L\u00eddice&#8221;<\/em>, afirmou Wagner, que afirmou estar procurando ajudar para tranquilamente unificar a base.<\/p>\n\n\n\n<p>Robinson destacou o projeto de desenvolvimento e inclus\u00e3o social do PT para a capital baiana.<em> &#8220;O melhor de Salvador \u00e9 o nosso povo. Vamos apresentar um novo projeto pra cidade, inspirado nas tradi\u00e7\u00f5es da esquerda democr\u00e1tica, que junta desenvolvimento econ\u00f4mico com inclus\u00e3o social. Por tudo que aconteceu hoje nessa plen\u00e1ria, estou convicto que o PT tem todos as condi\u00e7\u00f5es de liderar a base do governador e ganhar as elei\u00e7\u00f5es em 2024 em Salvador&#8221;<\/em>, afirmou Robinson.<\/p>\n\n\n\n<p>O presidente do PT no estado, \u00c9den Valadares, enfatizou que a apresenta\u00e7\u00e3o do nome de Robinson n\u00e3o \u00e9 uma imposi\u00e7\u00e3o, mas uma colabora\u00e7\u00e3o para discuss\u00e3o. <em>&#8220;A posi\u00e7\u00e3o do partido est\u00e1 decidida pelo Diret\u00f3rio Municipal de apresentar a candidatura do companheiro Robinson para debate no Conselho Pol\u00edtico do governador com os partidos aliados. A candidatura do PT n\u00e3o \u00e9 uma candidatura em si mesma. O PT n\u00e3o tem candidatura para se afirmar, para apresentar isoladamente, \u00e9 uma candidatura para unificar o grupo de Lula e Jer\u00f4nimo em Salvador. N\u00f3s reunimos todas as condi\u00e7\u00f5es para liderar esse processo, seja pela qualidade do nosso candidato, pela capacidade que Robinson tem de representar projeto do time de Lula e de Jer\u00f4nimo, foi secret\u00e1rio, deputado, seja porque nossa Federa\u00e7\u00e3o re\u00fane sete vereadores, uma grande base de vereadores, tem muita rela\u00e7\u00e3o com a cidade, com os movimentos sociais, a juventude, as mulheres, o movimento negro, com a intelectualidade. Ent\u00e3o estamos oferecendo ao governador e aos partidos algu\u00e9m da envergadura de Robinson e algu\u00e9m da envergadura do PT, PCdoB, PV&#8221;.<\/em><\/p>\n\n\n\n<p>Cema Mosil, do Diret\u00f3rio Municipal, relembrou, por sua vez, que o PT vem desenvolvendo programas para transformar a capital baiana em uma cidade menos desigual e mais atrativa. <em>\u201cInvestimos em discuss\u00f5es sobre os principais problemas e estamos h\u00e1 mais de dois anos buscando solu\u00e7\u00f5es para estes gargalos. N\u00e3o podemos permitir que uma das mais importantes capitais brasileiras viva de fachada, de pintura de meio-fio e obras que priorizam, em sua grande maioria, bairros nobres. Salvador \u00e9 a terceira cidade mais pobre do Brasil e merece um olhar n\u00e3o s\u00f3 cuidadoso, como priorit\u00e1rio para os menos favorecidos<\/em>\u201d, refor\u00e7ou.<\/p>\n\n\n\n<p>Al\u00e9m do pr\u00e9-candidato, dos presidentes estaduais e municipais, os quatro vereadores do PT com mandato na C\u00e2mara Municipal validaram a estrat\u00e9gia de apresentar um projeto antag\u00f4nico ao de Bruno Reis, que tem vis\u00e3o e iniciativas completamente opostas aos do prefeito atual. Os vereadores acreditam na for\u00e7a da sua milit\u00e2ncia e que o PT \u00e9 o partido mais indicado para enfrentar o grupo que hoje comanda a cidade, com um trabalho pouco eficaz e que negligencia o povo.<\/p>\n","protected":false},"excerpt":{"rendered":"<p>Presente na Plen\u00e1ria Municipal do PT de Salvador neste s\u00e1bado, 28, na Alba, o senador Jaques Wagner afirmou que Robinson \u00e9 o seu pr\u00e9-candidato a prefeito de Salvador. &#8220;Estou aqui para que todo mundo saiba que o meu primeiro candidato \u00e9 Robinson, \u00e9 o candidato do meu partido, \u00e9 o meu candidato&#8221;, enfatizou Wagner Na [&hellip;]<\/p>\n","protected":false},"author":3,"featured_media":19245,"comment_status":"open","ping_status":"open","sticky":false,"template":"","format":"standard","meta":{"_monsterinsights_skip_tracking":false,"_monsterinsights_sitenote_active":false,"_monsterinsights_sitenote_note":"","_monsterinsights_sitenote_category":0,"footnotes":""},"categories":[301,34],"tags":[],"yoast_head":"<!-- This site is optimized with the Yoast SEO plugin v22.9 - https:\/\/yoast.com\/wordpress\/plugins\/seo\/ -->\n<title>Jaques Wagner afirma que Robinson \u00e9 seu primeiro candidato em Salvador - Portal MF<\/title>\n<meta name=\"robots\" content=\"index, follow, max-snippet:-1, max-image-preview:large, max-video-preview:-1\" \/>\n<link rel=\"canonical\" href=\"https:\/\/portalmf.com.br\/index.php\/2023\/10\/30\/jaques-wagner-afirma-que-robinson-e-seu-primeiro-candidato-em-salvador\/\" \/>\n<meta property=\"og:locale\" content=\"pt_BR\" \/>\n<meta property=\"og:type\" content=\"article\" \/>\n<meta property=\"og:title\" content=\"Jaques Wagner afirma que Robinson \u00e9 seu primeiro candidato em Salvador - Portal MF\" \/>\n<meta property=\"og:description\" content=\"Presente na Plen\u00e1ria Municipal do PT de Salvador neste s\u00e1bado, 28, na Alba, o senador Jaques Wagner afirmou que Robinson \u00e9 o seu pr\u00e9-candidato a prefeito de Salvador. &#8220;Estou aqui para que todo mundo saiba que o meu primeiro candidato \u00e9 Robinson, \u00e9 o candidato do meu partido, \u00e9 o meu candidato&#8221;, enfatizou Wagner Na [&hellip;]\" \/>\n<meta property=\"og:url\" content=\"https:\/\/portalmf.com.br\/index.php\/2023\/10\/30\/jaques-wagner-afirma-que-robinson-e-seu-primeiro-candidato-em-salvador\/\" \/>\n<meta property=\"og:site_name\" content=\"Portal MF\" \/>\n<meta property=\"article:author\" content=\"https:\/\/www.facebook.com\/portalmfoficial\" \/>\n<meta property=\"article:published_time\" content=\"2023-10-30T18:26:50+00:00\" \/>\n<meta property=\"article:modified_time\" content=\"2023-10-30T18:26:55+00:00\" \/>\n<meta property=\"og:image\" content=\"https:\/\/portalmf.com.br\/wp-content\/uploads\/2023\/10\/Wagner-e-Robinson.jpeg\" \/>\n\t<meta property=\"og:image:width\" content=\"828\" \/>\n\t<meta property=\"og:image:height\" content=\"712\" \/>\n\t<meta property=\"og:image:type\" content=\"image\/jpeg\" \/>\n<meta name=\"author\" content=\"Reda\u00e7\u00e3o Portal MF\" \/>\n<meta name=\"twitter:card\" content=\"summary_large_image\" \/>\n<meta name=\"twitter:creator\" content=\"@https:\/\/x.com\/portalmfoficial\" \/>\n<meta name=\"twitter:label1\" content=\"Escrito por\" \/>\n\t<meta name=\"twitter:data1\" content=\"Reda\u00e7\u00e3o Portal MF\" \/>\n\t<meta name=\"twitter:label2\" content=\"Est. tempo de leitura\" \/>\n\t<meta name=\"twitter:data2\" content=\"4 minutos\" \/>\n<script type=\"application\/ld+json\" class=\"yoast-schema-graph\">{\"@context\":\"https:\/\/schema.org\",\"@graph\":[{\"@type\":\"WebPage\",\"@id\":\"https:\/\/portalmf.com.br\/index.php\/2023\/10\/30\/jaques-wagner-afirma-que-robinson-e-seu-primeiro-candidato-em-salvador\/\",\"url\":\"https:\/\/portalmf.com.br\/index.php\/2023\/10\/30\/jaques-wagner-afirma-que-robinson-e-seu-primeiro-candidato-em-salvador\/\",\"name\":\"Jaques Wagner afirma que Robinson \u00e9 seu primeiro candidato em Salvador - Portal MF\",\"isPartOf\":{\"@id\":\"https:\/\/portalmf.com.br\/#website\"},\"primaryImageOfPage\":{\"@id\":\"https:\/\/portalmf.com.br\/index.php\/2023\/10\/30\/jaques-wagner-afirma-que-robinson-e-seu-primeiro-candidato-em-salvador\/#primaryimage\"},\"image\":{\"@id\":\"https:\/\/portalmf.com.br\/index.php\/2023\/10\/30\/jaques-wagner-afirma-que-robinson-e-seu-primeiro-candidato-em-salvador\/#primaryimage\"},\"thumbnailUrl\":\"https:\/\/portalmf.com.br\/wp-content\/uploads\/2023\/10\/Wagner-e-Robinson.jpeg\",\"datePublished\":\"2023-10-30T18:26:50+00:00\",\"dateModified\":\"2023-10-30T18:26:55+00:00\",\"author\":{\"@id\":\"https:\/\/portalmf.com.br\/#\/schema\/person\/9ec101baf56233e53520c26de5d6f6f0\"},\"breadcrumb\":{\"@id\":\"https:\/\/portalmf.com.br\/index.php\/2023\/10\/30\/jaques-wagner-afirma-que-robinson-e-seu-primeiro-candidato-em-salvador\/#breadcrumb\"},\"inLanguage\":\"pt-BR\",\"potentialAction\":[{\"@type\":\"ReadAction\",\"target\":[\"https:\/\/portalmf.com.br\/index.php\/2023\/10\/30\/jaques-wagner-afirma-que-robinson-e-seu-primeiro-candidato-em-salvador\/\"]}]},{\"@type\":\"ImageObject\",\"inLanguage\":\"pt-BR\",\"@id\":\"https:\/\/portalmf.com.br\/index.php\/2023\/10\/30\/jaques-wagner-afirma-que-robinson-e-seu-primeiro-candidato-em-salvador\/#primaryimage\",\"url\":\"https:\/\/portalmf.com.br\/wp-content\/uploads\/2023\/10\/Wagner-e-Robinson.jpeg\",\"contentUrl\":\"https:\/\/portalmf.com.br\/wp-content\/uploads\/2023\/10\/Wagner-e-Robinson.jpeg\",\"width\":828,\"height\":712},{\"@type\":\"BreadcrumbList\",\"@id\":\"https:\/\/portalmf.com.br\/index.php\/2023\/10\/30\/jaques-wagner-afirma-que-robinson-e-seu-primeiro-candidato-em-salvador\/#breadcrumb\",\"itemListElement\":[{\"@type\":\"ListItem\",\"position\":1,\"name\":\"In\u00edcio\",\"item\":\"https:\/\/portalmf.com.br\/\"},{\"@type\":\"ListItem\",\"position\":2,\"name\":\"Jaques Wagner afirma que Robinson \u00e9 seu primeiro candidato em Salvador\"}]},{\"@type\":\"WebSite\",\"@id\":\"https:\/\/portalmf.com.br\/#website\",\"url\":\"https:\/\/portalmf.com.br\/\",\"name\":\"Portal MF\",\"description\":\"Voc\u00ea conectado com a informa\u00e7\u00e3o\",\"potentialAction\":[{\"@type\":\"SearchAction\",\"target\":{\"@type\":\"EntryPoint\",\"urlTemplate\":\"https:\/\/portalmf.com.br\/?s={search_term_string}\"},\"query-input\":\"required name=search_term_string\"}],\"inLanguage\":\"pt-BR\"},{\"@type\":\"Person\",\"@id\":\"https:\/\/portalmf.com.br\/#\/schema\/person\/9ec101baf56233e53520c26de5d6f6f0\",\"name\":\"Reda\u00e7\u00e3o Portal MF\",\"image\":{\"@type\":\"ImageObject\",\"inLanguage\":\"pt-BR\",\"@id\":\"https:\/\/portalmf.com.br\/#\/schema\/person\/image\/\",\"url\":\"https:\/\/secure.gravatar.com\/avatar\/41b9aaeb2100835f7c64362330f74c7f?s=96&d=mm&r=g\",\"contentUrl\":\"https:\/\/secure.gravatar.com\/avatar\/41b9aaeb2100835f7c64362330f74c7f?s=96&d=mm&r=g\",\"caption\":\"Reda\u00e7\u00e3o Portal MF\"},\"description\":\"Sejam bem-vindos o portal de informa\u00e7\u00f5es de entretenimento de Feira de Santana, desde 2006 realiza coberturas dos principais eventos com entrevistas exclusivas com as principais personalidades mundiais. Fique conectado tamb\u00e9m nas redes sociais.\",\"sameAs\":[\"http:\/\/www.portalmf.com.br\/\",\"https:\/\/www.facebook.com\/portalmfoficial\",\"https:\/\/www.instagram.com\/portalmf\/\",\"https:\/\/x.com\/https:\/\/x.com\/portalmfoficial\",\"https:\/\/www.youtube.com\/@portalmfoficial\"],\"url\":\"https:\/\/portalmf.com.br\/index.php\/author\/junior\/\"}]}<\/script>\n<!-- \/ Yoast SEO plugin. -->","yoast_head_json":{"title":"Jaques Wagner afirma que Robinson \u00e9 seu primeiro candidato em Salvador - Portal MF","robots":{"index":"index","follow":"follow","max-snippet":"max-snippet:-1","max-image-preview":"max-image-preview:large","max-video-preview":"max-video-preview:-1"},"canonical":"https:\/\/portalmf.com.br\/index.php\/2023\/10\/30\/jaques-wagner-afirma-que-robinson-e-seu-primeiro-candidato-em-salvador\/","og_locale":"pt_BR","og_type":"article","og_title":"Jaques Wagner afirma que Robinson \u00e9 seu primeiro candidato em Salvador - Portal MF","og_description":"Presente na Plen\u00e1ria Municipal do PT de Salvador neste s\u00e1bado, 28, na Alba, o senador Jaques Wagner afirmou que Robinson \u00e9 o seu pr\u00e9-candidato a prefeito de Salvador. &#8220;Estou aqui para que todo mundo saiba que o meu primeiro candidato \u00e9 Robinson, \u00e9 o candidato do meu partido, \u00e9 o meu candidato&#8221;, enfatizou Wagner Na [&hellip;]","og_url":"https:\/\/portalmf.com.br\/index.php\/2023\/10\/30\/jaques-wagner-afirma-que-robinson-e-seu-primeiro-candidato-em-salvador\/","og_site_name":"Portal MF","article_author":"https:\/\/www.facebook.com\/portalmfoficial","article_published_time":"2023-10-30T18:26:50+00:00","article_modified_time":"2023-10-30T18:26:55+00:00","og_image":[{"width":828,"height":712,"url":"https:\/\/portalmf.com.br\/wp-content\/uploads\/2023\/10\/Wagner-e-Robinson.jpeg","type":"image\/jpeg"}],"author":"Reda\u00e7\u00e3o Portal MF","twitter_card":"summary_large_image","twitter_creator":"@https:\/\/x.com\/portalmfoficial","twitter_misc":{"Escrito por":"Reda\u00e7\u00e3o Portal MF","Est. tempo de leitura":"4 minutos"},"schema":{"@context":"https:\/\/schema.org","@graph":[{"@type":"WebPage","@id":"https:\/\/portalmf.com.br\/index.php\/2023\/10\/30\/jaques-wagner-afirma-que-robinson-e-seu-primeiro-candidato-em-salvador\/","url":"https:\/\/portalmf.com.br\/index.php\/2023\/10\/30\/jaques-wagner-afirma-que-robinson-e-seu-primeiro-candidato-em-salvador\/","name":"Jaques Wagner afirma que Robinson \u00e9 seu primeiro candidato em Salvador - Portal MF","isPartOf":{"@id":"https:\/\/portalmf.com.br\/#website"},"primaryImageOfPage":{"@id":"https:\/\/portalmf.com.br\/index.php\/2023\/10\/30\/jaques-wagner-afirma-que-robinson-e-seu-primeiro-candidato-em-salvador\/#primaryimage"},"image":{"@id":"https:\/\/portalmf.com.br\/index.php\/2023\/10\/30\/jaques-wagner-afirma-que-robinson-e-seu-primeiro-candidato-em-salvador\/#primaryimage"},"thumbnailUrl":"https:\/\/portalmf.com.br\/wp-content\/uploads\/2023\/10\/Wagner-e-Robinson.jpeg","datePublished":"2023-10-30T18:26:50+00:00","dateModified":"2023-10-30T18:26:55+00:00","author":{"@id":"https:\/\/portalmf.com.br\/#\/schema\/person\/9ec101baf56233e53520c26de5d6f6f0"},"breadcrumb":{"@id":"https:\/\/portalmf.com.br\/index.php\/2023\/10\/30\/jaques-wagner-afirma-que-robinson-e-seu-primeiro-candidato-em-salvador\/#breadcrumb"},"inLanguage":"pt-BR","potentialAction":[{"@type":"ReadAction","target":["https:\/\/portalmf.com.br\/index.php\/2023\/10\/30\/jaques-wagner-afirma-que-robinson-e-seu-primeiro-candidato-em-salvador\/"]}]},{"@type":"ImageObject","inLanguage":"pt-BR","@id":"https:\/\/portalmf.com.br\/index.php\/2023\/10\/30\/jaques-wagner-afirma-que-robinson-e-seu-primeiro-candidato-em-salvador\/#primaryimage","url":"https:\/\/portalmf.com.br\/wp-content\/uploads\/2023\/10\/Wagner-e-Robinson.jpeg","contentUrl":"https:\/\/portalmf.com.br\/wp-content\/uploads\/2023\/10\/Wagner-e-Robinson.jpeg","width":828,"height":712},{"@type":"BreadcrumbList","@id":"https:\/\/portalmf.com.br\/index.php\/2023\/10\/30\/jaques-wagner-afirma-que-robinson-e-seu-primeiro-candidato-em-salvador\/#breadcrumb","itemListElement":[{"@type":"ListItem","position":1,"name":"In\u00edcio","item":"https:\/\/portalmf.com.br\/"},{"@type":"ListItem","position":2,"name":"Jaques Wagner afirma que Robinson \u00e9 seu primeiro candidato em Salvador"}]},{"@type":"WebSite","@id":"https:\/\/portalmf.com.br\/#website","url":"https:\/\/portalmf.com.br\/","name":"Portal MF","description":"Voc\u00ea conectado com a informa\u00e7\u00e3o","potentialAction":[{"@type":"SearchAction","target":{"@type":"EntryPoint","urlTemplate":"https:\/\/portalmf.com.br\/?s={search_term_string}"},"query-input":"required name=search_term_string"}],"inLanguage":"pt-BR"},{"@type":"Person","@id":"https:\/\/portalmf.com.br\/#\/schema\/person\/9ec101baf56233e53520c26de5d6f6f0","name":"Reda\u00e7\u00e3o Portal MF","image":{"@type":"ImageObject","inLanguage":"pt-BR","@id":"https:\/\/portalmf.com.br\/#\/schema\/person\/image\/","url":"https:\/\/secure.gravatar.com\/avatar\/41b9aaeb2100835f7c64362330f74c7f?s=96&d=mm&r=g","contentUrl":"https:\/\/secure.gravatar.com\/avatar\/41b9aaeb2100835f7c64362330f74c7f?s=96&d=mm&r=g","caption":"Reda\u00e7\u00e3o Portal MF"},"description":"Sejam bem-vindos o portal de informa\u00e7\u00f5es de entretenimento de Feira de Santana, desde 2006 realiza coberturas dos principais eventos com entrevistas exclusivas com as principais personalidades mundiais. Fique conectado tamb\u00e9m nas redes sociais.","sameAs":["http:\/\/www.portalmf.com.br\/","https:\/\/www.facebook.com\/portalmfoficial","https:\/\/www.instagram.com\/portalmf\/","https:\/\/x.com\/https:\/\/x.com\/portalmfoficial","https:\/\/www.youtube.com\/@portalmfoficial"],"url":"https:\/\/portalmf.com.br\/index.php\/author\/junior\/"}]}},"_links":{"self":[{"href":"https:\/\/portalmf.com.br\/index.php\/wp-json\/wp\/v2\/posts\/19244"}],"collection":[{"href":"https:\/\/portalmf.com.br\/index.php\/wp-json\/wp\/v2\/posts"}],"about":[{"href":"https:\/\/portalmf.com.br\/index.php\/wp-json\/wp\/v2\/types\/post"}],"author":[{"embeddable":true,"href":"https:\/\/portalmf.com.br\/index.php\/wp-json\/wp\/v2\/users\/3"}],"replies":[{"embeddable":true,"href":"https:\/\/portalmf.com.br\/index.php\/wp-json\/wp\/v2\/comments?post=19244"}],"version-history":[{"count":1,"href":"https:\/\/portalmf.com.br\/index.php\/wp-json\/wp\/v2\/posts\/19244\/revisions"}],"predecessor-version":[{"id":19246,"href":"https:\/\/portalmf.com.br\/index.php\/wp-json\/wp\/v2\/posts\/19244\/revisions\/19246"}],"wp:featuredmedia":[{"embeddable":true,"href":"https:\/\/portalmf.com.br\/index.php\/wp-json\/wp\/v2\/media\/19245"}],"wp:attachment":[{"href":"https:\/\/portalmf.com.br\/index.php\/wp-json\/wp\/v2\/media?parent=19244"}],"wp:term":[{"taxonomy":"category","embeddable":true,"href":"https:\/\/portalmf.com.br\/index.php\/wp-json\/wp\/v2\/categories?post=19244"},{"taxonomy":"post_tag","embeddable":true,"href":"https:\/\/portalmf.com.br\/index.php\/wp-json\/wp\/v2\/tags?post=19244"}],"curies":[{"name":"wp","href":"https:\/\/api.w.org\/{rel}","templated":true}]}}