{"id":19241,"date":"2023-10-30T15:13:54","date_gmt":"2023-10-30T18:13:54","guid":{"rendered":"https:\/\/portalmf.com.br\/?p=19241"},"modified":"2023-10-30T15:13:58","modified_gmt":"2023-10-30T18:13:58","slug":"pcdob-salvador-reforca-pre-candidatura-de-olivia-em-2024","status":"publish","type":"post","link":"https:\/\/portalmf.com.br\/index.php\/2023\/10\/30\/pcdob-salvador-reforca-pre-candidatura-de-olivia-em-2024\/","title":{"rendered":"PCdoB Salvador refor\u00e7a pr\u00e9-candidatura de Olivia em 2024"},"content":{"rendered":"\n<p>Em um ato pol\u00edtico marcado pela participa\u00e7\u00e3o de dirigentes, filiados e filiadas, de parlamentares e militantes das causas sociais, al\u00e9m de representantes do PT, PSB e outros partidos, o PCdoB de Salvador reafirmou o nome da deputada estadual Olivia Santana como pr\u00e9-candidata \u00e0 prefeitura de Salvador.<\/p>\n\n\n\n<p>A atividade abriu a Confer\u00eancia Municipal do partido, na noite desta sexta-feira (27), no teatro da Faculdade Visconde de Cair\u00fa &#8211; Barris, e segue at\u00e9 amanh\u00e3 (s\u00e1bado), quando os delegados e delegadas eleitos nas pr\u00e9-confer\u00eancias v\u00e3o eleger os novos dirigentes que estar\u00e3o \u00e0 frente da sigla no pr\u00f3ximo bi\u00eanio.<\/p>\n\n\n\n<p>Em seu discurso de abertura, a atual presidenta do Comit\u00ea Municipal, Aladilce Souza, fez um balan\u00e7o da sua gest\u00e3o, que enfrentou uma pandemia e a ultradireita no poder, e falou do desafio que foi derrotar Bolsonaro nas urnas em 2022 e dar continuidade ao governo democr\u00e1tico na Bahia. <em>\u201cO povo brasileiro e o PCdoB foram \u00e0 luta e de l\u00e1 para c\u00e1 nossa atitude \u00e9 de sustenta\u00e7\u00e3o do governo Lula. N\u00f3s derrotamos Bolsonaro, mas o Bolsonarismo est\u00e1 a\u00ed, atuando no Congresso e se expressando atrav\u00e9s do \u00f3dio, do conservadorismo e das teses mais absurdas e retr\u00f3gradas. Aqui na Bahia elegemos um governo democr\u00e1tico pela quinta vez. Um feito que conseguimos com outras for\u00e7as democr\u00e1ticas e que vamos levar adiante com a contribui\u00e7\u00e3o direta de nossa secret\u00e1ria \u00c2ngela Guimar\u00e3es e do secret\u00e1rio Davidson Magalh\u00e3es\u201d.<\/em><\/p>\n\n\n\n<p>A ex-vereadora lembrou ainda que o desafio agora \u00e9 romper o ciclo de pobreza, sustentado pelas gest\u00f5es carlistas em Salvador, e que Olivia \u00e9 a candidata que atualmente re\u00fane as melhores condi\u00e7\u00f5es<em>. \u201cEssa cidade querida, a primeira capital do pa\u00eds, \u00e9 muito pobre e vem sendo comandada h\u00e1 anos pelas mesmas elites, pelas mesmas fam\u00edlias. O PCdoB possui atua\u00e7\u00e3o em diversos espa\u00e7os sociais e precisamos encarar o desafio de vencer as elei\u00e7\u00f5es na cidade. E Ol\u00edvia tem toda legitimidade, qualifica\u00e7\u00e3o, experi\u00eancia e trajet\u00f3ria pol\u00edtica para representar a Federa\u00e7\u00e3o e a base do governo\u2019.<\/em><\/p>\n\n\n\n<p>O vice-presidente do PCdoB na Bahia, Geraldo Galindo, destacou a atua\u00e7\u00e3o do partido na cidade e a capacidade pol\u00edtica da deputada. <em>\u201cO PCdoB est\u00e1 presente em todas as lutas do povo de Salvador. E com esta trajet\u00f3ria chegou a uma situa\u00e7\u00e3o de capacidade que precisa e deve se apresentar cada vez mais para disputar a grande pol\u00edtica. E Salvador precisa de uma prefeita que seja a cara da cidade, que \u00e9 a nossa companheira Olivia Santana\u201d.<\/em><\/p>\n\n\n\n<p>H\u00e9lio Ferreira, vereador e presidente do Sindicato dos Rodovi\u00e1rios, abordou a situa\u00e7\u00e3o do transporte p\u00fablico e chamou a aten\u00e7\u00e3o para o debate pol\u00edtico. \u201cO transporte p\u00fablico est\u00e1 \u00e0 beira do caos e a popula\u00e7\u00e3o est\u00e1 revoltada. A cidade est\u00e1 lotada de carros que v\u00e3o congestionando as ruas e as pessoas acabam perdendo muito tempo para se deslocar. E tempo \u00e9 laser, \u00e9 dinheiro, \u00e9 cultura, \u00e9 tudo. \u00c9 importante que a milit\u00e2ncia fa\u00e7a o debate sobre qual cidade queremos para, no futuro, corrigir esses problemas e dar \u00e0 Salvador uma prefeita que a cidade merece\u201d.<\/p>\n\n\n\n<p>A deputada federal Alice Portugal falou do cen\u00e1rio favor\u00e1vel. <em>\u201cTemos um nome absolutamente preparado, moldado, articulado com a cidade e que est\u00e1 pronta para ser prefeita. N\u00e3o h\u00e1 porqu\u00ea nutrir f\u00f3rmulas diferentes se temos o melhor a oferecer \u00e0 cidade. Essa confer\u00eancia joga um papel muito importante para que a gente possa afirmar essa expectativa. Sempre tivemos esp\u00edrito democr\u00e1tico e peito aberto para o processo de constru\u00e7\u00e3o coletiva porque \u00e9 nele que temos a possibilidade de construir a vit\u00f3ria.\u201d<\/em><\/p>\n\n\n\n<p>A deputada Olivia Santana lembrou do projeto pol\u00edtico do partido e falou da import\u00e2ncia de uma candidatura unificada que aglutine as for\u00e7as da esquerda<em>. \u201cA nossa rela\u00e7\u00e3o com a esquerda \u00e9 de coopera\u00e7\u00e3o em torno de um projeto de transforma\u00e7\u00e3o social e \u00e9 isso que nos move, nos movimenta. E, portanto, temos o direito de pautar o debate sobre a sucess\u00e3o na capital baiana e apresentar nomes com crit\u00e9rios leg\u00edtimos. O PCdoB defende que seja uma candidatura unit\u00e1ria que unifique todo o campo de esquerda e precisamos trabalhar para que isso aconte\u00e7a\u201d.<\/em><\/p>\n\n\n\n<p>Ela destacou ainda sua trajet\u00f3ria na gest\u00e3o p\u00fablica. \u201cN\u00f3s estamos preparad\u00edssimos para qualquer debate sobre a cidade. Fui vereadora por 10 anos, secret\u00e1ria tr\u00eas vezes e acabamos de sair de uma elei\u00e7\u00e3o em que tivemos mais de 56 mil votos s\u00f3 em Salvador, sendo a mais bem votada na cidade\u201d.<\/p>\n\n\n\n<p>A Confer\u00eancia Municipal \u00e9 resultado de dois meses de intensos debates com a base comunista soteropolitana, quando foram realizadas cerca de 30 pr\u00e9-confer\u00eancias, em diversos territ\u00f3rios e frentes de atua\u00e7\u00e3o do partido, com a participa\u00e7\u00e3o de aproximadamente 800 militantes.<\/p>\n\n\n\n<p>O vereador e presidente do Sindicato dos Banc\u00e1rios da Bahia, Augusto Vasconcelos, falou do processo de constru\u00e7\u00e3o do evento. \u201cEsta confer\u00eancia \u00e9 o resultado de cada organismo de base que se reuniu para fortalecer a democracia e consolidar um projeto de partido para fazer transforma\u00e7\u00f5es no sentido radical da palavra\u201d.<\/p>\n\n\n\n<p>Participaram ainda a Secret\u00e1ria da Setre, \u00c2ngela Guimar\u00e3es; Adem\u00e1rio Costa, dirigente do PT Salvador, Zulu Ara\u00fajo, dirigente do PSB; Rosa Souza, presidenta da CTB Bahia; Natan Ferreira, presidente da UJS Bahia; Luiz Patax\u00f3, presidente da UNE Bahia; Mariana Duarte, presidente da Unegro Bahia; C\u00e1ssia Maciel, pr\u00f3-reitora da UFBA; entre outros.<\/p>\n","protected":false},"excerpt":{"rendered":"<p>Em um ato pol\u00edtico marcado pela participa\u00e7\u00e3o de dirigentes, filiados e filiadas, de parlamentares e militantes das causas sociais, al\u00e9m de representantes do PT, PSB e outros partidos, o PCdoB de Salvador reafirmou o nome da deputada estadual Olivia Santana como pr\u00e9-candidata \u00e0 prefeitura de Salvador. A atividade abriu a Confer\u00eancia Municipal do partido, na [&hellip;]<\/p>\n","protected":false},"author":3,"featured_media":19242,"comment_status":"open","ping_status":"open","sticky":false,"template":"","format":"standard","meta":{"_monsterinsights_skip_tracking":false,"_monsterinsights_sitenote_active":false,"_monsterinsights_sitenote_note":"","_monsterinsights_sitenote_category":0,"footnotes":""},"categories":[301,34],"tags":[],"yoast_head":"<!-- This site is optimized with the Yoast SEO plugin v22.9 - https:\/\/yoast.com\/wordpress\/plugins\/seo\/ -->\n<title>PCdoB Salvador refor\u00e7a pr\u00e9-candidatura de Olivia em 2024 - Portal MF<\/title>\n<meta name=\"robots\" content=\"index, follow, max-snippet:-1, max-image-preview:large, max-video-preview:-1\" \/>\n<link rel=\"canonical\" href=\"https:\/\/portalmf.com.br\/index.php\/2023\/10\/30\/pcdob-salvador-reforca-pre-candidatura-de-olivia-em-2024\/\" \/>\n<meta property=\"og:locale\" content=\"pt_BR\" \/>\n<meta property=\"og:type\" content=\"article\" \/>\n<meta property=\"og:title\" content=\"PCdoB Salvador refor\u00e7a pr\u00e9-candidatura de Olivia em 2024 - Portal MF\" \/>\n<meta property=\"og:description\" content=\"Em um ato pol\u00edtico marcado pela participa\u00e7\u00e3o de dirigentes, filiados e filiadas, de parlamentares e militantes das causas sociais, al\u00e9m de representantes do PT, PSB e outros partidos, o PCdoB de Salvador reafirmou o nome da deputada estadual Olivia Santana como pr\u00e9-candidata \u00e0 prefeitura de Salvador. A atividade abriu a Confer\u00eancia Municipal do partido, na [&hellip;]\" \/>\n<meta property=\"og:url\" content=\"https:\/\/portalmf.com.br\/index.php\/2023\/10\/30\/pcdob-salvador-reforca-pre-candidatura-de-olivia-em-2024\/\" \/>\n<meta property=\"og:site_name\" content=\"Portal MF\" \/>\n<meta property=\"article:author\" content=\"https:\/\/www.facebook.com\/portalmfoficial\" \/>\n<meta property=\"article:published_time\" content=\"2023-10-30T18:13:54+00:00\" \/>\n<meta property=\"article:modified_time\" content=\"2023-10-30T18:13:58+00:00\" \/>\n<meta property=\"og:image\" content=\"https:\/\/portalmf.com.br\/wp-content\/uploads\/2023\/10\/Olivia-Santana-PC-do-B.jpeg\" \/>\n\t<meta property=\"og:image:width\" content=\"1280\" \/>\n\t<meta property=\"og:image:height\" content=\"852\" \/>\n\t<meta property=\"og:image:type\" content=\"image\/jpeg\" \/>\n<meta name=\"author\" content=\"Reda\u00e7\u00e3o Portal MF\" \/>\n<meta name=\"twitter:card\" content=\"summary_large_image\" \/>\n<meta name=\"twitter:creator\" content=\"@https:\/\/x.com\/portalmfoficial\" \/>\n<meta name=\"twitter:label1\" content=\"Escrito por\" \/>\n\t<meta name=\"twitter:data1\" content=\"Reda\u00e7\u00e3o Portal MF\" \/>\n\t<meta name=\"twitter:label2\" content=\"Est. tempo de leitura\" \/>\n\t<meta name=\"twitter:data2\" content=\"5 minutos\" \/>\n<script type=\"application\/ld+json\" class=\"yoast-schema-graph\">{\"@context\":\"https:\/\/schema.org\",\"@graph\":[{\"@type\":\"WebPage\",\"@id\":\"https:\/\/portalmf.com.br\/index.php\/2023\/10\/30\/pcdob-salvador-reforca-pre-candidatura-de-olivia-em-2024\/\",\"url\":\"https:\/\/portalmf.com.br\/index.php\/2023\/10\/30\/pcdob-salvador-reforca-pre-candidatura-de-olivia-em-2024\/\",\"name\":\"PCdoB Salvador refor\u00e7a pr\u00e9-candidatura de Olivia em 2024 - Portal MF\",\"isPartOf\":{\"@id\":\"https:\/\/portalmf.com.br\/#website\"},\"primaryImageOfPage\":{\"@id\":\"https:\/\/portalmf.com.br\/index.php\/2023\/10\/30\/pcdob-salvador-reforca-pre-candidatura-de-olivia-em-2024\/#primaryimage\"},\"image\":{\"@id\":\"https:\/\/portalmf.com.br\/index.php\/2023\/10\/30\/pcdob-salvador-reforca-pre-candidatura-de-olivia-em-2024\/#primaryimage\"},\"thumbnailUrl\":\"https:\/\/portalmf.com.br\/wp-content\/uploads\/2023\/10\/Olivia-Santana-PC-do-B.jpeg\",\"datePublished\":\"2023-10-30T18:13:54+00:00\",\"dateModified\":\"2023-10-30T18:13:58+00:00\",\"author\":{\"@id\":\"https:\/\/portalmf.com.br\/#\/schema\/person\/9ec101baf56233e53520c26de5d6f6f0\"},\"breadcrumb\":{\"@id\":\"https:\/\/portalmf.com.br\/index.php\/2023\/10\/30\/pcdob-salvador-reforca-pre-candidatura-de-olivia-em-2024\/#breadcrumb\"},\"inLanguage\":\"pt-BR\",\"potentialAction\":[{\"@type\":\"ReadAction\",\"target\":[\"https:\/\/portalmf.com.br\/index.php\/2023\/10\/30\/pcdob-salvador-reforca-pre-candidatura-de-olivia-em-2024\/\"]}]},{\"@type\":\"ImageObject\",\"inLanguage\":\"pt-BR\",\"@id\":\"https:\/\/portalmf.com.br\/index.php\/2023\/10\/30\/pcdob-salvador-reforca-pre-candidatura-de-olivia-em-2024\/#primaryimage\",\"url\":\"https:\/\/portalmf.com.br\/wp-content\/uploads\/2023\/10\/Olivia-Santana-PC-do-B.jpeg\",\"contentUrl\":\"https:\/\/portalmf.com.br\/wp-content\/uploads\/2023\/10\/Olivia-Santana-PC-do-B.jpeg\",\"width\":1280,\"height\":852},{\"@type\":\"BreadcrumbList\",\"@id\":\"https:\/\/portalmf.com.br\/index.php\/2023\/10\/30\/pcdob-salvador-reforca-pre-candidatura-de-olivia-em-2024\/#breadcrumb\",\"itemListElement\":[{\"@type\":\"ListItem\",\"position\":1,\"name\":\"In\u00edcio\",\"item\":\"https:\/\/portalmf.com.br\/\"},{\"@type\":\"ListItem\",\"position\":2,\"name\":\"PCdoB Salvador refor\u00e7a pr\u00e9-candidatura de Olivia em 2024\"}]},{\"@type\":\"WebSite\",\"@id\":\"https:\/\/portalmf.com.br\/#website\",\"url\":\"https:\/\/portalmf.com.br\/\",\"name\":\"Portal MF\",\"description\":\"Voc\u00ea conectado com a informa\u00e7\u00e3o\",\"potentialAction\":[{\"@type\":\"SearchAction\",\"target\":{\"@type\":\"EntryPoint\",\"urlTemplate\":\"https:\/\/portalmf.com.br\/?s={search_term_string}\"},\"query-input\":\"required name=search_term_string\"}],\"inLanguage\":\"pt-BR\"},{\"@type\":\"Person\",\"@id\":\"https:\/\/portalmf.com.br\/#\/schema\/person\/9ec101baf56233e53520c26de5d6f6f0\",\"name\":\"Reda\u00e7\u00e3o Portal MF\",\"image\":{\"@type\":\"ImageObject\",\"inLanguage\":\"pt-BR\",\"@id\":\"https:\/\/portalmf.com.br\/#\/schema\/person\/image\/\",\"url\":\"https:\/\/secure.gravatar.com\/avatar\/41b9aaeb2100835f7c64362330f74c7f?s=96&d=mm&r=g\",\"contentUrl\":\"https:\/\/secure.gravatar.com\/avatar\/41b9aaeb2100835f7c64362330f74c7f?s=96&d=mm&r=g\",\"caption\":\"Reda\u00e7\u00e3o Portal MF\"},\"description\":\"Sejam bem-vindos o portal de informa\u00e7\u00f5es de entretenimento de Feira de Santana, desde 2006 realiza coberturas dos principais eventos com entrevistas exclusivas com as principais personalidades mundiais. Fique conectado tamb\u00e9m nas redes sociais.\",\"sameAs\":[\"http:\/\/www.portalmf.com.br\/\",\"https:\/\/www.facebook.com\/portalmfoficial\",\"https:\/\/www.instagram.com\/portalmf\/\",\"https:\/\/x.com\/https:\/\/x.com\/portalmfoficial\",\"https:\/\/www.youtube.com\/@portalmfoficial\"],\"url\":\"https:\/\/portalmf.com.br\/index.php\/author\/junior\/\"}]}<\/script>\n<!-- \/ Yoast SEO plugin. -->","yoast_head_json":{"title":"PCdoB Salvador refor\u00e7a pr\u00e9-candidatura de Olivia em 2024 - Portal MF","robots":{"index":"index","follow":"follow","max-snippet":"max-snippet:-1","max-image-preview":"max-image-preview:large","max-video-preview":"max-video-preview:-1"},"canonical":"https:\/\/portalmf.com.br\/index.php\/2023\/10\/30\/pcdob-salvador-reforca-pre-candidatura-de-olivia-em-2024\/","og_locale":"pt_BR","og_type":"article","og_title":"PCdoB Salvador refor\u00e7a pr\u00e9-candidatura de Olivia em 2024 - Portal MF","og_description":"Em um ato pol\u00edtico marcado pela participa\u00e7\u00e3o de dirigentes, filiados e filiadas, de parlamentares e militantes das causas sociais, al\u00e9m de representantes do PT, PSB e outros partidos, o PCdoB de Salvador reafirmou o nome da deputada estadual Olivia Santana como pr\u00e9-candidata \u00e0 prefeitura de Salvador. A atividade abriu a Confer\u00eancia Municipal do partido, na [&hellip;]","og_url":"https:\/\/portalmf.com.br\/index.php\/2023\/10\/30\/pcdob-salvador-reforca-pre-candidatura-de-olivia-em-2024\/","og_site_name":"Portal MF","article_author":"https:\/\/www.facebook.com\/portalmfoficial","article_published_time":"2023-10-30T18:13:54+00:00","article_modified_time":"2023-10-30T18:13:58+00:00","og_image":[{"width":1280,"height":852,"url":"https:\/\/portalmf.com.br\/wp-content\/uploads\/2023\/10\/Olivia-Santana-PC-do-B.jpeg","type":"image\/jpeg"}],"author":"Reda\u00e7\u00e3o Portal MF","twitter_card":"summary_large_image","twitter_creator":"@https:\/\/x.com\/portalmfoficial","twitter_misc":{"Escrito por":"Reda\u00e7\u00e3o Portal MF","Est. tempo de leitura":"5 minutos"},"schema":{"@context":"https:\/\/schema.org","@graph":[{"@type":"WebPage","@id":"https:\/\/portalmf.com.br\/index.php\/2023\/10\/30\/pcdob-salvador-reforca-pre-candidatura-de-olivia-em-2024\/","url":"https:\/\/portalmf.com.br\/index.php\/2023\/10\/30\/pcdob-salvador-reforca-pre-candidatura-de-olivia-em-2024\/","name":"PCdoB Salvador refor\u00e7a pr\u00e9-candidatura de Olivia em 2024 - Portal MF","isPartOf":{"@id":"https:\/\/portalmf.com.br\/#website"},"primaryImageOfPage":{"@id":"https:\/\/portalmf.com.br\/index.php\/2023\/10\/30\/pcdob-salvador-reforca-pre-candidatura-de-olivia-em-2024\/#primaryimage"},"image":{"@id":"https:\/\/portalmf.com.br\/index.php\/2023\/10\/30\/pcdob-salvador-reforca-pre-candidatura-de-olivia-em-2024\/#primaryimage"},"thumbnailUrl":"https:\/\/portalmf.com.br\/wp-content\/uploads\/2023\/10\/Olivia-Santana-PC-do-B.jpeg","datePublished":"2023-10-30T18:13:54+00:00","dateModified":"2023-10-30T18:13:58+00:00","author":{"@id":"https:\/\/portalmf.com.br\/#\/schema\/person\/9ec101baf56233e53520c26de5d6f6f0"},"breadcrumb":{"@id":"https:\/\/portalmf.com.br\/index.php\/2023\/10\/30\/pcdob-salvador-reforca-pre-candidatura-de-olivia-em-2024\/#breadcrumb"},"inLanguage":"pt-BR","potentialAction":[{"@type":"ReadAction","target":["https:\/\/portalmf.com.br\/index.php\/2023\/10\/30\/pcdob-salvador-reforca-pre-candidatura-de-olivia-em-2024\/"]}]},{"@type":"ImageObject","inLanguage":"pt-BR","@id":"https:\/\/portalmf.com.br\/index.php\/2023\/10\/30\/pcdob-salvador-reforca-pre-candidatura-de-olivia-em-2024\/#primaryimage","url":"https:\/\/portalmf.com.br\/wp-content\/uploads\/2023\/10\/Olivia-Santana-PC-do-B.jpeg","contentUrl":"https:\/\/portalmf.com.br\/wp-content\/uploads\/2023\/10\/Olivia-Santana-PC-do-B.jpeg","width":1280,"height":852},{"@type":"BreadcrumbList","@id":"https:\/\/portalmf.com.br\/index.php\/2023\/10\/30\/pcdob-salvador-reforca-pre-candidatura-de-olivia-em-2024\/#breadcrumb","itemListElement":[{"@type":"ListItem","position":1,"name":"In\u00edcio","item":"https:\/\/portalmf.com.br\/"},{"@type":"ListItem","position":2,"name":"PCdoB Salvador refor\u00e7a pr\u00e9-candidatura de Olivia em 2024"}]},{"@type":"WebSite","@id":"https:\/\/portalmf.com.br\/#website","url":"https:\/\/portalmf.com.br\/","name":"Portal MF","description":"Voc\u00ea conectado com a informa\u00e7\u00e3o","potentialAction":[{"@type":"SearchAction","target":{"@type":"EntryPoint","urlTemplate":"https:\/\/portalmf.com.br\/?s={search_term_string}"},"query-input":"required name=search_term_string"}],"inLanguage":"pt-BR"},{"@type":"Person","@id":"https:\/\/portalmf.com.br\/#\/schema\/person\/9ec101baf56233e53520c26de5d6f6f0","name":"Reda\u00e7\u00e3o Portal MF","image":{"@type":"ImageObject","inLanguage":"pt-BR","@id":"https:\/\/portalmf.com.br\/#\/schema\/person\/image\/","url":"https:\/\/secure.gravatar.com\/avatar\/41b9aaeb2100835f7c64362330f74c7f?s=96&d=mm&r=g","contentUrl":"https:\/\/secure.gravatar.com\/avatar\/41b9aaeb2100835f7c64362330f74c7f?s=96&d=mm&r=g","caption":"Reda\u00e7\u00e3o Portal MF"},"description":"Sejam bem-vindos o portal de informa\u00e7\u00f5es de entretenimento de Feira de Santana, desde 2006 realiza coberturas dos principais eventos com entrevistas exclusivas com as principais personalidades mundiais. Fique conectado tamb\u00e9m nas redes sociais.","sameAs":["http:\/\/www.portalmf.com.br\/","https:\/\/www.facebook.com\/portalmfoficial","https:\/\/www.instagram.com\/portalmf\/","https:\/\/x.com\/https:\/\/x.com\/portalmfoficial","https:\/\/www.youtube.com\/@portalmfoficial"],"url":"https:\/\/portalmf.com.br\/index.php\/author\/junior\/"}]}},"_links":{"self":[{"href":"https:\/\/portalmf.com.br\/index.php\/wp-json\/wp\/v2\/posts\/19241"}],"collection":[{"href":"https:\/\/portalmf.com.br\/index.php\/wp-json\/wp\/v2\/posts"}],"about":[{"href":"https:\/\/portalmf.com.br\/index.php\/wp-json\/wp\/v2\/types\/post"}],"author":[{"embeddable":true,"href":"https:\/\/portalmf.com.br\/index.php\/wp-json\/wp\/v2\/users\/3"}],"replies":[{"embeddable":true,"href":"https:\/\/portalmf.com.br\/index.php\/wp-json\/wp\/v2\/comments?post=19241"}],"version-history":[{"count":1,"href":"https:\/\/portalmf.com.br\/index.php\/wp-json\/wp\/v2\/posts\/19241\/revisions"}],"predecessor-version":[{"id":19243,"href":"https:\/\/portalmf.com.br\/index.php\/wp-json\/wp\/v2\/posts\/19241\/revisions\/19243"}],"wp:featuredmedia":[{"embeddable":true,"href":"https:\/\/portalmf.com.br\/index.php\/wp-json\/wp\/v2\/media\/19242"}],"wp:attachment":[{"href":"https:\/\/portalmf.com.br\/index.php\/wp-json\/wp\/v2\/media?parent=19241"}],"wp:term":[{"taxonomy":"category","embeddable":true,"href":"https:\/\/portalmf.com.br\/index.php\/wp-json\/wp\/v2\/categories?post=19241"},{"taxonomy":"post_tag","embeddable":true,"href":"https:\/\/portalmf.com.br\/index.php\/wp-json\/wp\/v2\/tags?post=19241"}],"curies":[{"name":"wp","href":"https:\/\/api.w.org\/{rel}","templated":true}]}}