{"id":18844,"date":"2023-10-20T15:41:59","date_gmt":"2023-10-20T18:41:59","guid":{"rendered":"https:\/\/portalmf.com.br\/?p=18844"},"modified":"2023-10-20T15:42:00","modified_gmt":"2023-10-20T18:42:00","slug":"rede-alpha-fitness-anuncia-2a-unidade-em-feira-de-santana","status":"publish","type":"post","link":"https:\/\/portalmf.com.br\/index.php\/2023\/10\/20\/rede-alpha-fitness-anuncia-2a-unidade-em-feira-de-santana\/","title":{"rendered":"Rede Alpha Fitness anuncia 2\u00aa unidade em Feira de Santana"},"content":{"rendered":"\n<p>A receptividade em Feira de Santana foi t\u00e3o grande que a Rede Alpha Fitness \u2013 que recentemente inaugurou sua unidade na cidade \u2013 acaba de anunciar que ir\u00e1 implantar, at\u00e9 o final deste ano, uma 2\u00aa unidade na Princesinha do Sert\u00e3o. Ser\u00e1 a 22\u00aa unidade da rede de academias que mais cresce no Nordeste e ficar\u00e1 no Alameda Artemis, na Av. Art\u00eamia Pires, no bairro do SIM, em Feira de Santana. <\/p>\n\n\n\n<p>As obras j\u00e1 est\u00e3o em fase intermedi\u00e1ria e previs\u00e3o \u00e9 que a inaugura\u00e7\u00e3o ocorra em dezembro. A nova Alpha Feira de Santana 2 contar\u00e1 com equipamentos de primeira linha, seguindo a padroniza\u00e7\u00e3o da rede; e ter\u00e1 atividades como muscula\u00e7\u00e3o, dan\u00e7a, spinning e pilates. O espa\u00e7o \u00e9 100% climatizado. <\/p>\n\n\n\n<p><em>\u201cA proposta da Rede foi t\u00e3o bem aceita pelo p\u00fablico de Feira de Santana, que a nova unidade na cidade j\u00e1 est\u00e1 bem encaminhada\u201d,<\/em> comenta Leandro Cardoso, CEO da Rede Alpha Fitness. A Rede Alpha Fitness, que se consolidou no mercado como sin\u00f4nimo de bons servi\u00e7os e uma valiosa marca, j\u00e1 atende a Bahia, Sergipe e Distrito Federal.<\/p>\n","protected":false},"excerpt":{"rendered":"<p>A receptividade em Feira de Santana foi t\u00e3o grande que a Rede Alpha Fitness \u2013 que recentemente inaugurou sua unidade na cidade \u2013 acaba de anunciar que ir\u00e1 implantar, at\u00e9 o final deste ano, uma 2\u00aa unidade na Princesinha do Sert\u00e3o. Ser\u00e1 a 22\u00aa unidade da rede de academias que mais cresce no Nordeste e [&hellip;]<\/p>\n","protected":false},"author":3,"featured_media":18845,"comment_status":"open","ping_status":"open","sticky":false,"template":"","format":"standard","meta":{"_monsterinsights_skip_tracking":false,"_monsterinsights_sitenote_active":false,"_monsterinsights_sitenote_note":"","_monsterinsights_sitenote_category":0,"footnotes":""},"categories":[42,295],"tags":[],"yoast_head":"<!-- This site is optimized with the Yoast SEO plugin v22.9 - https:\/\/yoast.com\/wordpress\/plugins\/seo\/ -->\n<title>Rede Alpha Fitness anuncia 2\u00aa unidade em Feira de Santana - Portal MF<\/title>\n<meta name=\"robots\" content=\"index, follow, max-snippet:-1, max-image-preview:large, max-video-preview:-1\" \/>\n<link rel=\"canonical\" href=\"https:\/\/portalmf.com.br\/index.php\/2023\/10\/20\/rede-alpha-fitness-anuncia-2a-unidade-em-feira-de-santana\/\" \/>\n<meta property=\"og:locale\" content=\"pt_BR\" \/>\n<meta property=\"og:type\" content=\"article\" \/>\n<meta property=\"og:title\" content=\"Rede Alpha Fitness anuncia 2\u00aa unidade em Feira de Santana - Portal MF\" \/>\n<meta property=\"og:description\" content=\"A receptividade em Feira de Santana foi t\u00e3o grande que a Rede Alpha Fitness \u2013 que recentemente inaugurou sua unidade na cidade \u2013 acaba de anunciar que ir\u00e1 implantar, at\u00e9 o final deste ano, uma 2\u00aa unidade na Princesinha do Sert\u00e3o. Ser\u00e1 a 22\u00aa unidade da rede de academias que mais cresce no Nordeste e [&hellip;]\" \/>\n<meta property=\"og:url\" content=\"https:\/\/portalmf.com.br\/index.php\/2023\/10\/20\/rede-alpha-fitness-anuncia-2a-unidade-em-feira-de-santana\/\" \/>\n<meta property=\"og:site_name\" content=\"Portal MF\" \/>\n<meta property=\"article:author\" content=\"https:\/\/www.facebook.com\/portalmfoficial\" \/>\n<meta property=\"article:published_time\" content=\"2023-10-20T18:41:59+00:00\" \/>\n<meta property=\"article:modified_time\" content=\"2023-10-20T18:42:00+00:00\" \/>\n<meta property=\"og:image\" content=\"https:\/\/portalmf.com.br\/wp-content\/uploads\/2023\/10\/Rede-Alpha-Fitness-anuncia-2a-unidade-em-Feira-de-Santana_4.jpeg\" \/>\n\t<meta property=\"og:image:width\" content=\"960\" \/>\n\t<meta property=\"og:image:height\" content=\"835\" \/>\n\t<meta property=\"og:image:type\" content=\"image\/jpeg\" \/>\n<meta name=\"author\" content=\"Reda\u00e7\u00e3o Portal MF\" \/>\n<meta name=\"twitter:card\" content=\"summary_large_image\" \/>\n<meta name=\"twitter:creator\" content=\"@https:\/\/x.com\/portalmfoficial\" \/>\n<meta name=\"twitter:label1\" content=\"Escrito por\" \/>\n\t<meta name=\"twitter:data1\" content=\"Reda\u00e7\u00e3o Portal MF\" \/>\n\t<meta name=\"twitter:label2\" content=\"Est. tempo de leitura\" \/>\n\t<meta name=\"twitter:data2\" content=\"1 minuto\" \/>\n<script type=\"application\/ld+json\" class=\"yoast-schema-graph\">{\"@context\":\"https:\/\/schema.org\",\"@graph\":[{\"@type\":\"WebPage\",\"@id\":\"https:\/\/portalmf.com.br\/index.php\/2023\/10\/20\/rede-alpha-fitness-anuncia-2a-unidade-em-feira-de-santana\/\",\"url\":\"https:\/\/portalmf.com.br\/index.php\/2023\/10\/20\/rede-alpha-fitness-anuncia-2a-unidade-em-feira-de-santana\/\",\"name\":\"Rede Alpha Fitness anuncia 2\u00aa unidade em Feira de Santana - Portal MF\",\"isPartOf\":{\"@id\":\"https:\/\/portalmf.com.br\/#website\"},\"primaryImageOfPage\":{\"@id\":\"https:\/\/portalmf.com.br\/index.php\/2023\/10\/20\/rede-alpha-fitness-anuncia-2a-unidade-em-feira-de-santana\/#primaryimage\"},\"image\":{\"@id\":\"https:\/\/portalmf.com.br\/index.php\/2023\/10\/20\/rede-alpha-fitness-anuncia-2a-unidade-em-feira-de-santana\/#primaryimage\"},\"thumbnailUrl\":\"https:\/\/portalmf.com.br\/wp-content\/uploads\/2023\/10\/Rede-Alpha-Fitness-anuncia-2a-unidade-em-Feira-de-Santana_4.jpeg\",\"datePublished\":\"2023-10-20T18:41:59+00:00\",\"dateModified\":\"2023-10-20T18:42:00+00:00\",\"author\":{\"@id\":\"https:\/\/portalmf.com.br\/#\/schema\/person\/9ec101baf56233e53520c26de5d6f6f0\"},\"breadcrumb\":{\"@id\":\"https:\/\/portalmf.com.br\/index.php\/2023\/10\/20\/rede-alpha-fitness-anuncia-2a-unidade-em-feira-de-santana\/#breadcrumb\"},\"inLanguage\":\"pt-BR\",\"potentialAction\":[{\"@type\":\"ReadAction\",\"target\":[\"https:\/\/portalmf.com.br\/index.php\/2023\/10\/20\/rede-alpha-fitness-anuncia-2a-unidade-em-feira-de-santana\/\"]}]},{\"@type\":\"ImageObject\",\"inLanguage\":\"pt-BR\",\"@id\":\"https:\/\/portalmf.com.br\/index.php\/2023\/10\/20\/rede-alpha-fitness-anuncia-2a-unidade-em-feira-de-santana\/#primaryimage\",\"url\":\"https:\/\/portalmf.com.br\/wp-content\/uploads\/2023\/10\/Rede-Alpha-Fitness-anuncia-2a-unidade-em-Feira-de-Santana_4.jpeg\",\"contentUrl\":\"https:\/\/portalmf.com.br\/wp-content\/uploads\/2023\/10\/Rede-Alpha-Fitness-anuncia-2a-unidade-em-Feira-de-Santana_4.jpeg\",\"width\":960,\"height\":835},{\"@type\":\"BreadcrumbList\",\"@id\":\"https:\/\/portalmf.com.br\/index.php\/2023\/10\/20\/rede-alpha-fitness-anuncia-2a-unidade-em-feira-de-santana\/#breadcrumb\",\"itemListElement\":[{\"@type\":\"ListItem\",\"position\":1,\"name\":\"In\u00edcio\",\"item\":\"https:\/\/portalmf.com.br\/\"},{\"@type\":\"ListItem\",\"position\":2,\"name\":\"Rede Alpha Fitness anuncia 2\u00aa unidade em Feira de Santana\"}]},{\"@type\":\"WebSite\",\"@id\":\"https:\/\/portalmf.com.br\/#website\",\"url\":\"https:\/\/portalmf.com.br\/\",\"name\":\"Portal MF\",\"description\":\"Voc\u00ea conectado com a informa\u00e7\u00e3o\",\"potentialAction\":[{\"@type\":\"SearchAction\",\"target\":{\"@type\":\"EntryPoint\",\"urlTemplate\":\"https:\/\/portalmf.com.br\/?s={search_term_string}\"},\"query-input\":\"required name=search_term_string\"}],\"inLanguage\":\"pt-BR\"},{\"@type\":\"Person\",\"@id\":\"https:\/\/portalmf.com.br\/#\/schema\/person\/9ec101baf56233e53520c26de5d6f6f0\",\"name\":\"Reda\u00e7\u00e3o Portal MF\",\"image\":{\"@type\":\"ImageObject\",\"inLanguage\":\"pt-BR\",\"@id\":\"https:\/\/portalmf.com.br\/#\/schema\/person\/image\/\",\"url\":\"https:\/\/secure.gravatar.com\/avatar\/41b9aaeb2100835f7c64362330f74c7f?s=96&d=mm&r=g\",\"contentUrl\":\"https:\/\/secure.gravatar.com\/avatar\/41b9aaeb2100835f7c64362330f74c7f?s=96&d=mm&r=g\",\"caption\":\"Reda\u00e7\u00e3o Portal MF\"},\"description\":\"Sejam bem-vindos o portal de informa\u00e7\u00f5es de entretenimento de Feira de Santana, desde 2006 realiza coberturas dos principais eventos com entrevistas exclusivas com as principais personalidades mundiais. Fique conectado tamb\u00e9m nas redes sociais.\",\"sameAs\":[\"http:\/\/www.portalmf.com.br\/\",\"https:\/\/www.facebook.com\/portalmfoficial\",\"https:\/\/www.instagram.com\/portalmf\/\",\"https:\/\/x.com\/https:\/\/x.com\/portalmfoficial\",\"https:\/\/www.youtube.com\/@portalmfoficial\"],\"url\":\"https:\/\/portalmf.com.br\/index.php\/author\/junior\/\"}]}<\/script>\n<!-- \/ Yoast SEO plugin. -->","yoast_head_json":{"title":"Rede Alpha Fitness anuncia 2\u00aa unidade em Feira de Santana - Portal MF","robots":{"index":"index","follow":"follow","max-snippet":"max-snippet:-1","max-image-preview":"max-image-preview:large","max-video-preview":"max-video-preview:-1"},"canonical":"https:\/\/portalmf.com.br\/index.php\/2023\/10\/20\/rede-alpha-fitness-anuncia-2a-unidade-em-feira-de-santana\/","og_locale":"pt_BR","og_type":"article","og_title":"Rede Alpha Fitness anuncia 2\u00aa unidade em Feira de Santana - Portal MF","og_description":"A receptividade em Feira de Santana foi t\u00e3o grande que a Rede Alpha Fitness \u2013 que recentemente inaugurou sua unidade na cidade \u2013 acaba de anunciar que ir\u00e1 implantar, at\u00e9 o final deste ano, uma 2\u00aa unidade na Princesinha do Sert\u00e3o. Ser\u00e1 a 22\u00aa unidade da rede de academias que mais cresce no Nordeste e [&hellip;]","og_url":"https:\/\/portalmf.com.br\/index.php\/2023\/10\/20\/rede-alpha-fitness-anuncia-2a-unidade-em-feira-de-santana\/","og_site_name":"Portal MF","article_author":"https:\/\/www.facebook.com\/portalmfoficial","article_published_time":"2023-10-20T18:41:59+00:00","article_modified_time":"2023-10-20T18:42:00+00:00","og_image":[{"width":960,"height":835,"url":"https:\/\/portalmf.com.br\/wp-content\/uploads\/2023\/10\/Rede-Alpha-Fitness-anuncia-2a-unidade-em-Feira-de-Santana_4.jpeg","type":"image\/jpeg"}],"author":"Reda\u00e7\u00e3o Portal MF","twitter_card":"summary_large_image","twitter_creator":"@https:\/\/x.com\/portalmfoficial","twitter_misc":{"Escrito por":"Reda\u00e7\u00e3o Portal MF","Est. tempo de leitura":"1 minuto"},"schema":{"@context":"https:\/\/schema.org","@graph":[{"@type":"WebPage","@id":"https:\/\/portalmf.com.br\/index.php\/2023\/10\/20\/rede-alpha-fitness-anuncia-2a-unidade-em-feira-de-santana\/","url":"https:\/\/portalmf.com.br\/index.php\/2023\/10\/20\/rede-alpha-fitness-anuncia-2a-unidade-em-feira-de-santana\/","name":"Rede Alpha Fitness anuncia 2\u00aa unidade em Feira de Santana - Portal MF","isPartOf":{"@id":"https:\/\/portalmf.com.br\/#website"},"primaryImageOfPage":{"@id":"https:\/\/portalmf.com.br\/index.php\/2023\/10\/20\/rede-alpha-fitness-anuncia-2a-unidade-em-feira-de-santana\/#primaryimage"},"image":{"@id":"https:\/\/portalmf.com.br\/index.php\/2023\/10\/20\/rede-alpha-fitness-anuncia-2a-unidade-em-feira-de-santana\/#primaryimage"},"thumbnailUrl":"https:\/\/portalmf.com.br\/wp-content\/uploads\/2023\/10\/Rede-Alpha-Fitness-anuncia-2a-unidade-em-Feira-de-Santana_4.jpeg","datePublished":"2023-10-20T18:41:59+00:00","dateModified":"2023-10-20T18:42:00+00:00","author":{"@id":"https:\/\/portalmf.com.br\/#\/schema\/person\/9ec101baf56233e53520c26de5d6f6f0"},"breadcrumb":{"@id":"https:\/\/portalmf.com.br\/index.php\/2023\/10\/20\/rede-alpha-fitness-anuncia-2a-unidade-em-feira-de-santana\/#breadcrumb"},"inLanguage":"pt-BR","potentialAction":[{"@type":"ReadAction","target":["https:\/\/portalmf.com.br\/index.php\/2023\/10\/20\/rede-alpha-fitness-anuncia-2a-unidade-em-feira-de-santana\/"]}]},{"@type":"ImageObject","inLanguage":"pt-BR","@id":"https:\/\/portalmf.com.br\/index.php\/2023\/10\/20\/rede-alpha-fitness-anuncia-2a-unidade-em-feira-de-santana\/#primaryimage","url":"https:\/\/portalmf.com.br\/wp-content\/uploads\/2023\/10\/Rede-Alpha-Fitness-anuncia-2a-unidade-em-Feira-de-Santana_4.jpeg","contentUrl":"https:\/\/portalmf.com.br\/wp-content\/uploads\/2023\/10\/Rede-Alpha-Fitness-anuncia-2a-unidade-em-Feira-de-Santana_4.jpeg","width":960,"height":835},{"@type":"BreadcrumbList","@id":"https:\/\/portalmf.com.br\/index.php\/2023\/10\/20\/rede-alpha-fitness-anuncia-2a-unidade-em-feira-de-santana\/#breadcrumb","itemListElement":[{"@type":"ListItem","position":1,"name":"In\u00edcio","item":"https:\/\/portalmf.com.br\/"},{"@type":"ListItem","position":2,"name":"Rede Alpha Fitness anuncia 2\u00aa unidade em Feira de Santana"}]},{"@type":"WebSite","@id":"https:\/\/portalmf.com.br\/#website","url":"https:\/\/portalmf.com.br\/","name":"Portal MF","description":"Voc\u00ea conectado com a informa\u00e7\u00e3o","potentialAction":[{"@type":"SearchAction","target":{"@type":"EntryPoint","urlTemplate":"https:\/\/portalmf.com.br\/?s={search_term_string}"},"query-input":"required name=search_term_string"}],"inLanguage":"pt-BR"},{"@type":"Person","@id":"https:\/\/portalmf.com.br\/#\/schema\/person\/9ec101baf56233e53520c26de5d6f6f0","name":"Reda\u00e7\u00e3o Portal MF","image":{"@type":"ImageObject","inLanguage":"pt-BR","@id":"https:\/\/portalmf.com.br\/#\/schema\/person\/image\/","url":"https:\/\/secure.gravatar.com\/avatar\/41b9aaeb2100835f7c64362330f74c7f?s=96&d=mm&r=g","contentUrl":"https:\/\/secure.gravatar.com\/avatar\/41b9aaeb2100835f7c64362330f74c7f?s=96&d=mm&r=g","caption":"Reda\u00e7\u00e3o Portal MF"},"description":"Sejam bem-vindos o portal de informa\u00e7\u00f5es de entretenimento de Feira de Santana, desde 2006 realiza coberturas dos principais eventos com entrevistas exclusivas com as principais personalidades mundiais. Fique conectado tamb\u00e9m nas redes sociais.","sameAs":["http:\/\/www.portalmf.com.br\/","https:\/\/www.facebook.com\/portalmfoficial","https:\/\/www.instagram.com\/portalmf\/","https:\/\/x.com\/https:\/\/x.com\/portalmfoficial","https:\/\/www.youtube.com\/@portalmfoficial"],"url":"https:\/\/portalmf.com.br\/index.php\/author\/junior\/"}]}},"_links":{"self":[{"href":"https:\/\/portalmf.com.br\/index.php\/wp-json\/wp\/v2\/posts\/18844"}],"collection":[{"href":"https:\/\/portalmf.com.br\/index.php\/wp-json\/wp\/v2\/posts"}],"about":[{"href":"https:\/\/portalmf.com.br\/index.php\/wp-json\/wp\/v2\/types\/post"}],"author":[{"embeddable":true,"href":"https:\/\/portalmf.com.br\/index.php\/wp-json\/wp\/v2\/users\/3"}],"replies":[{"embeddable":true,"href":"https:\/\/portalmf.com.br\/index.php\/wp-json\/wp\/v2\/comments?post=18844"}],"version-history":[{"count":1,"href":"https:\/\/portalmf.com.br\/index.php\/wp-json\/wp\/v2\/posts\/18844\/revisions"}],"predecessor-version":[{"id":18846,"href":"https:\/\/portalmf.com.br\/index.php\/wp-json\/wp\/v2\/posts\/18844\/revisions\/18846"}],"wp:featuredmedia":[{"embeddable":true,"href":"https:\/\/portalmf.com.br\/index.php\/wp-json\/wp\/v2\/media\/18845"}],"wp:attachment":[{"href":"https:\/\/portalmf.com.br\/index.php\/wp-json\/wp\/v2\/media?parent=18844"}],"wp:term":[{"taxonomy":"category","embeddable":true,"href":"https:\/\/portalmf.com.br\/index.php\/wp-json\/wp\/v2\/categories?post=18844"},{"taxonomy":"post_tag","embeddable":true,"href":"https:\/\/portalmf.com.br\/index.php\/wp-json\/wp\/v2\/tags?post=18844"}],"curies":[{"name":"wp","href":"https:\/\/api.w.org\/{rel}","templated":true}]}}