{"id":18820,"date":"2023-10-19T13:51:29","date_gmt":"2023-10-19T16:51:29","guid":{"rendered":"https:\/\/portalmf.com.br\/?p=18820"},"modified":"2023-10-19T13:51:34","modified_gmt":"2023-10-19T16:51:34","slug":"deputado-ze-neto-participa-de-reuniao-com-eden-valadares-em-brasilia","status":"publish","type":"post","link":"https:\/\/portalmf.com.br\/index.php\/2023\/10\/19\/deputado-ze-neto-participa-de-reuniao-com-eden-valadares-em-brasilia\/","title":{"rendered":"Deputado Z\u00e9 Neto participa de reuni\u00e3o com \u00c9den Valadares em Bras\u00edlia"},"content":{"rendered":"\n<p>O deputado federal Z\u00e9 Neto (PT) se reuniu na ter\u00e7a-feira, 17, com o presidente do PT na Bahia, \u00c9den Valadares, e a bancada de deputados(as) federais do partido no estado, em Bras\u00edlia, para discutir estrat\u00e9gias de unifica\u00e7\u00e3o e fortalecimento da base aliada dos governos estadual e federal para 2024.<\/p>\n\n\n\n<p><em>\u201cUm encontro muito proveitoso onde podemos dialogar sobre a conjuntura pol\u00edtica futura e do momento, junto com nosso presidente \u00c9den e nossa bancada do PT na C\u00e2mara Federal. N\u00e3o tenho d\u00favida que o PT, liderado pelo presidente Lula, o governador Jer\u00f4nimo Rodrigues e o senador Jaques Wagner, aglutinar\u00e1 o m\u00e1ximo de partidos de susten\u00e7\u00e3o aos governos federal e estadual para que possamos cumprir, em 2024, nossa miss\u00e3o de construir uma Bahia e um Brasil mais justos, com mais desenvolvimento econ\u00f4mico e social\u201d, a<\/em>firmou Z\u00e9 Neto.<\/p>\n\n\n\n<p>Participaram tamb\u00e9m do encontro Lucas Reis, chefe de gabinete do senador Jaques Wagner; e o ex-deputado federal Luiz Alberto, chefe de gabinete do secret\u00e1rio estadual de Justi\u00e7a e Direitos Humanos, Felipe Freitas.<\/p>\n\n\n\n<figure class=\"wp-block-image size-large\"><img fetchpriority=\"high\" decoding=\"async\" width=\"1024\" height=\"685\" src=\"https:\/\/portalmf.com.br\/wp-content\/uploads\/2023\/10\/Ze-Neto-participa-de-reuniao-com-Eden-Valadares-em-Brasilia-1-1024x685.jpeg\" alt=\"\" class=\"wp-image-18822\" srcset=\"https:\/\/portalmf.com.br\/wp-content\/uploads\/2023\/10\/Ze-Neto-participa-de-reuniao-com-Eden-Valadares-em-Brasilia-1-1024x685.jpeg 1024w, https:\/\/portalmf.com.br\/wp-content\/uploads\/2023\/10\/Ze-Neto-participa-de-reuniao-com-Eden-Valadares-em-Brasilia-1-300x201.jpeg 300w, https:\/\/portalmf.com.br\/wp-content\/uploads\/2023\/10\/Ze-Neto-participa-de-reuniao-com-Eden-Valadares-em-Brasilia-1-768x514.jpeg 768w, https:\/\/portalmf.com.br\/wp-content\/uploads\/2023\/10\/Ze-Neto-participa-de-reuniao-com-Eden-Valadares-em-Brasilia-1-1536x1028.jpeg 1536w, https:\/\/portalmf.com.br\/wp-content\/uploads\/2023\/10\/Ze-Neto-participa-de-reuniao-com-Eden-Valadares-em-Brasilia-1-1170x783.jpeg 1170w, https:\/\/portalmf.com.br\/wp-content\/uploads\/2023\/10\/Ze-Neto-participa-de-reuniao-com-Eden-Valadares-em-Brasilia-1-585x391.jpeg 585w, https:\/\/portalmf.com.br\/wp-content\/uploads\/2023\/10\/Ze-Neto-participa-de-reuniao-com-Eden-Valadares-em-Brasilia-1-263x175.jpeg 263w, https:\/\/portalmf.com.br\/wp-content\/uploads\/2023\/10\/Ze-Neto-participa-de-reuniao-com-Eden-Valadares-em-Brasilia-1.jpeg 1550w\" sizes=\"(max-width: 1024px) 100vw, 1024px\" \/><\/figure>\n","protected":false},"excerpt":{"rendered":"<p>O deputado federal Z\u00e9 Neto (PT) se reuniu na ter\u00e7a-feira, 17, com o presidente do PT na Bahia, \u00c9den Valadares, e a bancada de deputados(as) federais do partido no estado, em Bras\u00edlia, para discutir estrat\u00e9gias de unifica\u00e7\u00e3o e fortalecimento da base aliada dos governos estadual e federal para 2024. \u201cUm encontro muito proveitoso onde podemos [&hellip;]<\/p>\n","protected":false},"author":3,"featured_media":18821,"comment_status":"open","ping_status":"open","sticky":false,"template":"","format":"standard","meta":{"_monsterinsights_skip_tracking":false,"_monsterinsights_sitenote_active":false,"_monsterinsights_sitenote_note":"","_monsterinsights_sitenote_category":0,"footnotes":""},"categories":[301,34],"tags":[],"yoast_head":"<!-- This site is optimized with the Yoast SEO plugin v22.9 - https:\/\/yoast.com\/wordpress\/plugins\/seo\/ -->\n<title>Deputado Z\u00e9 Neto participa de reuni\u00e3o com \u00c9den Valadares em Bras\u00edlia - Portal MF<\/title>\n<meta name=\"robots\" content=\"index, follow, max-snippet:-1, max-image-preview:large, max-video-preview:-1\" \/>\n<link rel=\"canonical\" href=\"https:\/\/portalmf.com.br\/index.php\/2023\/10\/19\/deputado-ze-neto-participa-de-reuniao-com-eden-valadares-em-brasilia\/\" \/>\n<meta property=\"og:locale\" content=\"pt_BR\" \/>\n<meta property=\"og:type\" content=\"article\" \/>\n<meta property=\"og:title\" content=\"Deputado Z\u00e9 Neto participa de reuni\u00e3o com \u00c9den Valadares em Bras\u00edlia - Portal MF\" \/>\n<meta property=\"og:description\" content=\"O deputado federal Z\u00e9 Neto (PT) se reuniu na ter\u00e7a-feira, 17, com o presidente do PT na Bahia, \u00c9den Valadares, e a bancada de deputados(as) federais do partido no estado, em Bras\u00edlia, para discutir estrat\u00e9gias de unifica\u00e7\u00e3o e fortalecimento da base aliada dos governos estadual e federal para 2024. \u201cUm encontro muito proveitoso onde podemos [&hellip;]\" \/>\n<meta property=\"og:url\" content=\"https:\/\/portalmf.com.br\/index.php\/2023\/10\/19\/deputado-ze-neto-participa-de-reuniao-com-eden-valadares-em-brasilia\/\" \/>\n<meta property=\"og:site_name\" content=\"Portal MF\" \/>\n<meta property=\"article:author\" content=\"https:\/\/www.facebook.com\/portalmfoficial\" \/>\n<meta property=\"article:published_time\" content=\"2023-10-19T16:51:29+00:00\" \/>\n<meta property=\"article:modified_time\" content=\"2023-10-19T16:51:34+00:00\" \/>\n<meta property=\"og:image\" content=\"https:\/\/portalmf.com.br\/wp-content\/uploads\/2023\/10\/Ze-Neto-participa-de-reuniao-com-Eden-Valadares-em-Brasilia-2.jpeg\" \/>\n\t<meta property=\"og:image:width\" content=\"781\" \/>\n\t<meta property=\"og:image:height\" content=\"449\" \/>\n\t<meta property=\"og:image:type\" content=\"image\/jpeg\" \/>\n<meta name=\"author\" content=\"Reda\u00e7\u00e3o Portal MF\" \/>\n<meta name=\"twitter:card\" content=\"summary_large_image\" \/>\n<meta name=\"twitter:creator\" content=\"@https:\/\/x.com\/portalmfoficial\" \/>\n<meta name=\"twitter:label1\" content=\"Escrito por\" \/>\n\t<meta name=\"twitter:data1\" content=\"Reda\u00e7\u00e3o Portal MF\" \/>\n\t<meta name=\"twitter:label2\" content=\"Est. tempo de leitura\" \/>\n\t<meta name=\"twitter:data2\" content=\"2 minutos\" \/>\n<script type=\"application\/ld+json\" class=\"yoast-schema-graph\">{\"@context\":\"https:\/\/schema.org\",\"@graph\":[{\"@type\":\"WebPage\",\"@id\":\"https:\/\/portalmf.com.br\/index.php\/2023\/10\/19\/deputado-ze-neto-participa-de-reuniao-com-eden-valadares-em-brasilia\/\",\"url\":\"https:\/\/portalmf.com.br\/index.php\/2023\/10\/19\/deputado-ze-neto-participa-de-reuniao-com-eden-valadares-em-brasilia\/\",\"name\":\"Deputado Z\u00e9 Neto participa de reuni\u00e3o com \u00c9den Valadares em Bras\u00edlia - Portal MF\",\"isPartOf\":{\"@id\":\"https:\/\/portalmf.com.br\/#website\"},\"primaryImageOfPage\":{\"@id\":\"https:\/\/portalmf.com.br\/index.php\/2023\/10\/19\/deputado-ze-neto-participa-de-reuniao-com-eden-valadares-em-brasilia\/#primaryimage\"},\"image\":{\"@id\":\"https:\/\/portalmf.com.br\/index.php\/2023\/10\/19\/deputado-ze-neto-participa-de-reuniao-com-eden-valadares-em-brasilia\/#primaryimage\"},\"thumbnailUrl\":\"https:\/\/portalmf.com.br\/wp-content\/uploads\/2023\/10\/Ze-Neto-participa-de-reuniao-com-Eden-Valadares-em-Brasilia-2.jpeg\",\"datePublished\":\"2023-10-19T16:51:29+00:00\",\"dateModified\":\"2023-10-19T16:51:34+00:00\",\"author\":{\"@id\":\"https:\/\/portalmf.com.br\/#\/schema\/person\/9ec101baf56233e53520c26de5d6f6f0\"},\"breadcrumb\":{\"@id\":\"https:\/\/portalmf.com.br\/index.php\/2023\/10\/19\/deputado-ze-neto-participa-de-reuniao-com-eden-valadares-em-brasilia\/#breadcrumb\"},\"inLanguage\":\"pt-BR\",\"potentialAction\":[{\"@type\":\"ReadAction\",\"target\":[\"https:\/\/portalmf.com.br\/index.php\/2023\/10\/19\/deputado-ze-neto-participa-de-reuniao-com-eden-valadares-em-brasilia\/\"]}]},{\"@type\":\"ImageObject\",\"inLanguage\":\"pt-BR\",\"@id\":\"https:\/\/portalmf.com.br\/index.php\/2023\/10\/19\/deputado-ze-neto-participa-de-reuniao-com-eden-valadares-em-brasilia\/#primaryimage\",\"url\":\"https:\/\/portalmf.com.br\/wp-content\/uploads\/2023\/10\/Ze-Neto-participa-de-reuniao-com-Eden-Valadares-em-Brasilia-2.jpeg\",\"contentUrl\":\"https:\/\/portalmf.com.br\/wp-content\/uploads\/2023\/10\/Ze-Neto-participa-de-reuniao-com-Eden-Valadares-em-Brasilia-2.jpeg\",\"width\":781,\"height\":449},{\"@type\":\"BreadcrumbList\",\"@id\":\"https:\/\/portalmf.com.br\/index.php\/2023\/10\/19\/deputado-ze-neto-participa-de-reuniao-com-eden-valadares-em-brasilia\/#breadcrumb\",\"itemListElement\":[{\"@type\":\"ListItem\",\"position\":1,\"name\":\"In\u00edcio\",\"item\":\"https:\/\/portalmf.com.br\/\"},{\"@type\":\"ListItem\",\"position\":2,\"name\":\"Deputado Z\u00e9 Neto participa de reuni\u00e3o com \u00c9den Valadares em Bras\u00edlia\"}]},{\"@type\":\"WebSite\",\"@id\":\"https:\/\/portalmf.com.br\/#website\",\"url\":\"https:\/\/portalmf.com.br\/\",\"name\":\"Portal MF\",\"description\":\"Voc\u00ea conectado com a informa\u00e7\u00e3o\",\"potentialAction\":[{\"@type\":\"SearchAction\",\"target\":{\"@type\":\"EntryPoint\",\"urlTemplate\":\"https:\/\/portalmf.com.br\/?s={search_term_string}\"},\"query-input\":\"required name=search_term_string\"}],\"inLanguage\":\"pt-BR\"},{\"@type\":\"Person\",\"@id\":\"https:\/\/portalmf.com.br\/#\/schema\/person\/9ec101baf56233e53520c26de5d6f6f0\",\"name\":\"Reda\u00e7\u00e3o Portal MF\",\"image\":{\"@type\":\"ImageObject\",\"inLanguage\":\"pt-BR\",\"@id\":\"https:\/\/portalmf.com.br\/#\/schema\/person\/image\/\",\"url\":\"https:\/\/secure.gravatar.com\/avatar\/41b9aaeb2100835f7c64362330f74c7f?s=96&d=mm&r=g\",\"contentUrl\":\"https:\/\/secure.gravatar.com\/avatar\/41b9aaeb2100835f7c64362330f74c7f?s=96&d=mm&r=g\",\"caption\":\"Reda\u00e7\u00e3o Portal MF\"},\"description\":\"Sejam bem-vindos o portal de informa\u00e7\u00f5es de entretenimento de Feira de Santana, desde 2006 realiza coberturas dos principais eventos com entrevistas exclusivas com as principais personalidades mundiais. Fique conectado tamb\u00e9m nas redes sociais.\",\"sameAs\":[\"http:\/\/www.portalmf.com.br\/\",\"https:\/\/www.facebook.com\/portalmfoficial\",\"https:\/\/www.instagram.com\/portalmf\/\",\"https:\/\/x.com\/https:\/\/x.com\/portalmfoficial\",\"https:\/\/www.youtube.com\/@portalmfoficial\"],\"url\":\"https:\/\/portalmf.com.br\/index.php\/author\/junior\/\"}]}<\/script>\n<!-- \/ Yoast SEO plugin. -->","yoast_head_json":{"title":"Deputado Z\u00e9 Neto participa de reuni\u00e3o com \u00c9den Valadares em Bras\u00edlia - Portal MF","robots":{"index":"index","follow":"follow","max-snippet":"max-snippet:-1","max-image-preview":"max-image-preview:large","max-video-preview":"max-video-preview:-1"},"canonical":"https:\/\/portalmf.com.br\/index.php\/2023\/10\/19\/deputado-ze-neto-participa-de-reuniao-com-eden-valadares-em-brasilia\/","og_locale":"pt_BR","og_type":"article","og_title":"Deputado Z\u00e9 Neto participa de reuni\u00e3o com \u00c9den Valadares em Bras\u00edlia - Portal MF","og_description":"O deputado federal Z\u00e9 Neto (PT) se reuniu na ter\u00e7a-feira, 17, com o presidente do PT na Bahia, \u00c9den Valadares, e a bancada de deputados(as) federais do partido no estado, em Bras\u00edlia, para discutir estrat\u00e9gias de unifica\u00e7\u00e3o e fortalecimento da base aliada dos governos estadual e federal para 2024. \u201cUm encontro muito proveitoso onde podemos [&hellip;]","og_url":"https:\/\/portalmf.com.br\/index.php\/2023\/10\/19\/deputado-ze-neto-participa-de-reuniao-com-eden-valadares-em-brasilia\/","og_site_name":"Portal MF","article_author":"https:\/\/www.facebook.com\/portalmfoficial","article_published_time":"2023-10-19T16:51:29+00:00","article_modified_time":"2023-10-19T16:51:34+00:00","og_image":[{"width":781,"height":449,"url":"https:\/\/portalmf.com.br\/wp-content\/uploads\/2023\/10\/Ze-Neto-participa-de-reuniao-com-Eden-Valadares-em-Brasilia-2.jpeg","type":"image\/jpeg"}],"author":"Reda\u00e7\u00e3o Portal MF","twitter_card":"summary_large_image","twitter_creator":"@https:\/\/x.com\/portalmfoficial","twitter_misc":{"Escrito por":"Reda\u00e7\u00e3o Portal MF","Est. tempo de leitura":"2 minutos"},"schema":{"@context":"https:\/\/schema.org","@graph":[{"@type":"WebPage","@id":"https:\/\/portalmf.com.br\/index.php\/2023\/10\/19\/deputado-ze-neto-participa-de-reuniao-com-eden-valadares-em-brasilia\/","url":"https:\/\/portalmf.com.br\/index.php\/2023\/10\/19\/deputado-ze-neto-participa-de-reuniao-com-eden-valadares-em-brasilia\/","name":"Deputado Z\u00e9 Neto participa de reuni\u00e3o com \u00c9den Valadares em Bras\u00edlia - Portal MF","isPartOf":{"@id":"https:\/\/portalmf.com.br\/#website"},"primaryImageOfPage":{"@id":"https:\/\/portalmf.com.br\/index.php\/2023\/10\/19\/deputado-ze-neto-participa-de-reuniao-com-eden-valadares-em-brasilia\/#primaryimage"},"image":{"@id":"https:\/\/portalmf.com.br\/index.php\/2023\/10\/19\/deputado-ze-neto-participa-de-reuniao-com-eden-valadares-em-brasilia\/#primaryimage"},"thumbnailUrl":"https:\/\/portalmf.com.br\/wp-content\/uploads\/2023\/10\/Ze-Neto-participa-de-reuniao-com-Eden-Valadares-em-Brasilia-2.jpeg","datePublished":"2023-10-19T16:51:29+00:00","dateModified":"2023-10-19T16:51:34+00:00","author":{"@id":"https:\/\/portalmf.com.br\/#\/schema\/person\/9ec101baf56233e53520c26de5d6f6f0"},"breadcrumb":{"@id":"https:\/\/portalmf.com.br\/index.php\/2023\/10\/19\/deputado-ze-neto-participa-de-reuniao-com-eden-valadares-em-brasilia\/#breadcrumb"},"inLanguage":"pt-BR","potentialAction":[{"@type":"ReadAction","target":["https:\/\/portalmf.com.br\/index.php\/2023\/10\/19\/deputado-ze-neto-participa-de-reuniao-com-eden-valadares-em-brasilia\/"]}]},{"@type":"ImageObject","inLanguage":"pt-BR","@id":"https:\/\/portalmf.com.br\/index.php\/2023\/10\/19\/deputado-ze-neto-participa-de-reuniao-com-eden-valadares-em-brasilia\/#primaryimage","url":"https:\/\/portalmf.com.br\/wp-content\/uploads\/2023\/10\/Ze-Neto-participa-de-reuniao-com-Eden-Valadares-em-Brasilia-2.jpeg","contentUrl":"https:\/\/portalmf.com.br\/wp-content\/uploads\/2023\/10\/Ze-Neto-participa-de-reuniao-com-Eden-Valadares-em-Brasilia-2.jpeg","width":781,"height":449},{"@type":"BreadcrumbList","@id":"https:\/\/portalmf.com.br\/index.php\/2023\/10\/19\/deputado-ze-neto-participa-de-reuniao-com-eden-valadares-em-brasilia\/#breadcrumb","itemListElement":[{"@type":"ListItem","position":1,"name":"In\u00edcio","item":"https:\/\/portalmf.com.br\/"},{"@type":"ListItem","position":2,"name":"Deputado Z\u00e9 Neto participa de reuni\u00e3o com \u00c9den Valadares em Bras\u00edlia"}]},{"@type":"WebSite","@id":"https:\/\/portalmf.com.br\/#website","url":"https:\/\/portalmf.com.br\/","name":"Portal MF","description":"Voc\u00ea conectado com a informa\u00e7\u00e3o","potentialAction":[{"@type":"SearchAction","target":{"@type":"EntryPoint","urlTemplate":"https:\/\/portalmf.com.br\/?s={search_term_string}"},"query-input":"required name=search_term_string"}],"inLanguage":"pt-BR"},{"@type":"Person","@id":"https:\/\/portalmf.com.br\/#\/schema\/person\/9ec101baf56233e53520c26de5d6f6f0","name":"Reda\u00e7\u00e3o Portal MF","image":{"@type":"ImageObject","inLanguage":"pt-BR","@id":"https:\/\/portalmf.com.br\/#\/schema\/person\/image\/","url":"https:\/\/secure.gravatar.com\/avatar\/41b9aaeb2100835f7c64362330f74c7f?s=96&d=mm&r=g","contentUrl":"https:\/\/secure.gravatar.com\/avatar\/41b9aaeb2100835f7c64362330f74c7f?s=96&d=mm&r=g","caption":"Reda\u00e7\u00e3o Portal MF"},"description":"Sejam bem-vindos o portal de informa\u00e7\u00f5es de entretenimento de Feira de Santana, desde 2006 realiza coberturas dos principais eventos com entrevistas exclusivas com as principais personalidades mundiais. Fique conectado tamb\u00e9m nas redes sociais.","sameAs":["http:\/\/www.portalmf.com.br\/","https:\/\/www.facebook.com\/portalmfoficial","https:\/\/www.instagram.com\/portalmf\/","https:\/\/x.com\/https:\/\/x.com\/portalmfoficial","https:\/\/www.youtube.com\/@portalmfoficial"],"url":"https:\/\/portalmf.com.br\/index.php\/author\/junior\/"}]}},"_links":{"self":[{"href":"https:\/\/portalmf.com.br\/index.php\/wp-json\/wp\/v2\/posts\/18820"}],"collection":[{"href":"https:\/\/portalmf.com.br\/index.php\/wp-json\/wp\/v2\/posts"}],"about":[{"href":"https:\/\/portalmf.com.br\/index.php\/wp-json\/wp\/v2\/types\/post"}],"author":[{"embeddable":true,"href":"https:\/\/portalmf.com.br\/index.php\/wp-json\/wp\/v2\/users\/3"}],"replies":[{"embeddable":true,"href":"https:\/\/portalmf.com.br\/index.php\/wp-json\/wp\/v2\/comments?post=18820"}],"version-history":[{"count":1,"href":"https:\/\/portalmf.com.br\/index.php\/wp-json\/wp\/v2\/posts\/18820\/revisions"}],"predecessor-version":[{"id":18823,"href":"https:\/\/portalmf.com.br\/index.php\/wp-json\/wp\/v2\/posts\/18820\/revisions\/18823"}],"wp:featuredmedia":[{"embeddable":true,"href":"https:\/\/portalmf.com.br\/index.php\/wp-json\/wp\/v2\/media\/18821"}],"wp:attachment":[{"href":"https:\/\/portalmf.com.br\/index.php\/wp-json\/wp\/v2\/media?parent=18820"}],"wp:term":[{"taxonomy":"category","embeddable":true,"href":"https:\/\/portalmf.com.br\/index.php\/wp-json\/wp\/v2\/categories?post=18820"},{"taxonomy":"post_tag","embeddable":true,"href":"https:\/\/portalmf.com.br\/index.php\/wp-json\/wp\/v2\/tags?post=18820"}],"curies":[{"name":"wp","href":"https:\/\/api.w.org\/{rel}","templated":true}]}}