{"id":18361,"date":"2023-10-04T16:32:09","date_gmt":"2023-10-04T19:32:09","guid":{"rendered":"https:\/\/portalmf.com.br\/?p=18361"},"modified":"2023-10-04T16:32:19","modified_gmt":"2023-10-04T19:32:19","slug":"pablo-roberto-oficializa-pre-candidatura-em-feira-e-enfatiza-necessidade-de-renovacao","status":"publish","type":"post","link":"https:\/\/portalmf.com.br\/index.php\/2023\/10\/04\/pablo-roberto-oficializa-pre-candidatura-em-feira-e-enfatiza-necessidade-de-renovacao\/","title":{"rendered":"Pablo Roberto oficializa pr\u00e9-candidatura em Feira e enfatiza necessidade de renova\u00e7\u00e3o"},"content":{"rendered":"\n<p>O deputado estadual Pablo Roberto (PSDB) lan\u00e7ou oficialmente, no in\u00edcio da tarde desta quarta-feira (4), a sua pr\u00e9-candidatura \u00e0 Prefeitura de Feira de Santana nas elei\u00e7\u00f5es municipais de 2024. O comunicado foi feito durante um almo\u00e7o com jornalistas. O parlamentar enfatizou a necessidade de renova\u00e7\u00e3o na administra\u00e7\u00e3o do munic\u00edpio.<\/p>\n\n\n\n<p><em>&#8220;N\u00f3s estamos a um ano e dois dias das elei\u00e7\u00f5es municipais, e tenho dito que disputar a Prefeitura de Feira de Santana, dada sua import\u00e2ncia, requer mais do que apenas escolher um partido, um vice-prefeito e candidatos a vereadores. Isso envolve um amplo di\u00e1logo com a sociedade, visitando todos os cantos da cidade e ouvindo a popula\u00e7\u00e3o para entender a Feira de Santana de hoje e construir a Feira de Santana que queremos para os pr\u00f3ximos anos&#8221;<\/em>, afirmou Pablo \u00e0 imprensa presente.<\/p>\n\n\n\n<p>Ele explicou a sua decis\u00e3o de lan\u00e7ar a pr\u00e9-candidatura antecipadamente, apesar de outros l\u00edderes e partidos adotarem uma postura de aguardar o pr\u00f3ximo ano<em>. &#8220;Eu tenho muita clareza de qual grupo pol\u00edtico eu fa\u00e7o parte na cidade. Embora esse grupo tenha decidido n\u00e3o discutir elei\u00e7\u00f5es neste ano, eu discordo desse posicionamento e decidi come\u00e7ar a conversar com a cidade desde o in\u00edcio de 2023\u201d,<\/em> disse o parlamentar baiano.<\/p>\n\n\n\n<p>Na ocasi\u00e3o, Pablo Roberto enfatizou a import\u00e2ncia de estar \u201cem sintonia com o povo em qualquer movimento pol\u00edtico\u201d. <em>&#8220;Qualquer movimenta\u00e7\u00e3o que um pol\u00edtico precise fazer deve estar alinhada com a popula\u00e7\u00e3o. \u00c9 o que estou fazendo agora, conversando com as pessoas, mantendo minhas ra\u00edzes pol\u00edticas, mas tamb\u00e9m acreditando que \u00e9 poss\u00edvel fazer mais e de forma diferente\u201d,<\/em> contou.<\/p>\n\n\n\n<p><em>\u201cSe n\u00e3o combinar com o povo, voc\u00ea j\u00e1 come\u00e7a com o projeto de forma equivocada. Ent\u00e3o, o que eu estou fazendo nesse momento \u00e9 conversando com as pessoas, de forma alguma negando as minhas origens, negando a participa\u00e7\u00e3o pol\u00edtica que eu sempre tive na cidade, mas dizer que \u00e9 poss\u00edvel fazer mais, que \u00e9 poss\u00edvel fazer diferente. Basta acreditar e participar do projeto de constru\u00e7\u00e3o que eu quero fazer\u201d<\/em>, continuou Pablo.<\/p>\n\n\n\n<p>Na pr\u00f3xima segunda-feira, dia 9, Pablo ir\u00e1 lan\u00e7ar a sua pr\u00e9-candidatura em um evento voltado para lideran\u00e7as e a comunidade feirense, no Centro de Conven\u00e7\u00f5es da Faculdade An\u00edsio Teixeira, em Feira. A partir de novembro, Pablo prometeu iniciar uma caravana para ouvir toda a popula\u00e7\u00e3o da cidade.<\/p>\n\n\n\n<p>Pablo foi eleito deputado estadual na Assembleia Legislativa da Bahia com 55.585 votos, repetindo sua marca de ser o mais votado na hist\u00f3ria de Feira de Santana, um feito que j\u00e1 havia alcan\u00e7ado quando iniciou sua carreira pol\u00edtica em 2012, como candidato a vereador na cidade.<\/p>\n","protected":false},"excerpt":{"rendered":"<p>O deputado estadual Pablo Roberto (PSDB) lan\u00e7ou oficialmente, no in\u00edcio da tarde desta quarta-feira (4), a sua pr\u00e9-candidatura \u00e0 Prefeitura de Feira de Santana nas elei\u00e7\u00f5es municipais de 2024. O comunicado foi feito durante um almo\u00e7o com jornalistas. O parlamentar enfatizou a necessidade de renova\u00e7\u00e3o na administra\u00e7\u00e3o do munic\u00edpio. &#8220;N\u00f3s estamos a um ano e [&hellip;]<\/p>\n","protected":false},"author":3,"featured_media":18362,"comment_status":"open","ping_status":"open","sticky":false,"template":"","format":"standard","meta":{"_monsterinsights_skip_tracking":false,"_monsterinsights_sitenote_active":false,"_monsterinsights_sitenote_note":"","_monsterinsights_sitenote_category":0,"footnotes":""},"categories":[301,34],"tags":[],"yoast_head":"<!-- This site is optimized with the Yoast SEO plugin v22.9 - https:\/\/yoast.com\/wordpress\/plugins\/seo\/ -->\n<title>Pablo Roberto oficializa pr\u00e9-candidatura em Feira e enfatiza necessidade de renova\u00e7\u00e3o - Portal MF<\/title>\n<meta name=\"robots\" content=\"index, follow, max-snippet:-1, max-image-preview:large, max-video-preview:-1\" \/>\n<link rel=\"canonical\" href=\"https:\/\/portalmf.com.br\/index.php\/2023\/10\/04\/pablo-roberto-oficializa-pre-candidatura-em-feira-e-enfatiza-necessidade-de-renovacao\/\" \/>\n<meta property=\"og:locale\" content=\"pt_BR\" \/>\n<meta property=\"og:type\" content=\"article\" \/>\n<meta property=\"og:title\" content=\"Pablo Roberto oficializa pr\u00e9-candidatura em Feira e enfatiza necessidade de renova\u00e7\u00e3o - Portal MF\" \/>\n<meta property=\"og:description\" content=\"O deputado estadual Pablo Roberto (PSDB) lan\u00e7ou oficialmente, no in\u00edcio da tarde desta quarta-feira (4), a sua pr\u00e9-candidatura \u00e0 Prefeitura de Feira de Santana nas elei\u00e7\u00f5es municipais de 2024. O comunicado foi feito durante um almo\u00e7o com jornalistas. O parlamentar enfatizou a necessidade de renova\u00e7\u00e3o na administra\u00e7\u00e3o do munic\u00edpio. &#8220;N\u00f3s estamos a um ano e [&hellip;]\" \/>\n<meta property=\"og:url\" content=\"https:\/\/portalmf.com.br\/index.php\/2023\/10\/04\/pablo-roberto-oficializa-pre-candidatura-em-feira-e-enfatiza-necessidade-de-renovacao\/\" \/>\n<meta property=\"og:site_name\" content=\"Portal MF\" \/>\n<meta property=\"article:author\" content=\"https:\/\/www.facebook.com\/portalmfoficial\" \/>\n<meta property=\"article:published_time\" content=\"2023-10-04T19:32:09+00:00\" \/>\n<meta property=\"article:modified_time\" content=\"2023-10-04T19:32:19+00:00\" \/>\n<meta property=\"og:image\" content=\"https:\/\/portalmf.com.br\/wp-content\/uploads\/2023\/10\/Pablo-Roberto-oficializa-pre-candidatura-em-Feira-e-enfatiza-necessidade-de-renovacao.jpg\" \/>\n\t<meta property=\"og:image:width\" content=\"1676\" \/>\n\t<meta property=\"og:image:height\" content=\"1010\" \/>\n\t<meta property=\"og:image:type\" content=\"image\/jpeg\" \/>\n<meta name=\"author\" content=\"Reda\u00e7\u00e3o Portal MF\" \/>\n<meta name=\"twitter:card\" content=\"summary_large_image\" \/>\n<meta name=\"twitter:creator\" content=\"@https:\/\/x.com\/portalmfoficial\" \/>\n<meta name=\"twitter:label1\" content=\"Escrito por\" \/>\n\t<meta name=\"twitter:data1\" content=\"Reda\u00e7\u00e3o Portal MF\" \/>\n\t<meta name=\"twitter:label2\" content=\"Est. tempo de leitura\" \/>\n\t<meta name=\"twitter:data2\" content=\"3 minutos\" \/>\n<script type=\"application\/ld+json\" class=\"yoast-schema-graph\">{\"@context\":\"https:\/\/schema.org\",\"@graph\":[{\"@type\":\"WebPage\",\"@id\":\"https:\/\/portalmf.com.br\/index.php\/2023\/10\/04\/pablo-roberto-oficializa-pre-candidatura-em-feira-e-enfatiza-necessidade-de-renovacao\/\",\"url\":\"https:\/\/portalmf.com.br\/index.php\/2023\/10\/04\/pablo-roberto-oficializa-pre-candidatura-em-feira-e-enfatiza-necessidade-de-renovacao\/\",\"name\":\"Pablo Roberto oficializa pr\u00e9-candidatura em Feira e enfatiza necessidade de renova\u00e7\u00e3o - Portal MF\",\"isPartOf\":{\"@id\":\"https:\/\/portalmf.com.br\/#website\"},\"primaryImageOfPage\":{\"@id\":\"https:\/\/portalmf.com.br\/index.php\/2023\/10\/04\/pablo-roberto-oficializa-pre-candidatura-em-feira-e-enfatiza-necessidade-de-renovacao\/#primaryimage\"},\"image\":{\"@id\":\"https:\/\/portalmf.com.br\/index.php\/2023\/10\/04\/pablo-roberto-oficializa-pre-candidatura-em-feira-e-enfatiza-necessidade-de-renovacao\/#primaryimage\"},\"thumbnailUrl\":\"https:\/\/portalmf.com.br\/wp-content\/uploads\/2023\/10\/Pablo-Roberto-oficializa-pre-candidatura-em-Feira-e-enfatiza-necessidade-de-renovacao.jpg\",\"datePublished\":\"2023-10-04T19:32:09+00:00\",\"dateModified\":\"2023-10-04T19:32:19+00:00\",\"author\":{\"@id\":\"https:\/\/portalmf.com.br\/#\/schema\/person\/9ec101baf56233e53520c26de5d6f6f0\"},\"breadcrumb\":{\"@id\":\"https:\/\/portalmf.com.br\/index.php\/2023\/10\/04\/pablo-roberto-oficializa-pre-candidatura-em-feira-e-enfatiza-necessidade-de-renovacao\/#breadcrumb\"},\"inLanguage\":\"pt-BR\",\"potentialAction\":[{\"@type\":\"ReadAction\",\"target\":[\"https:\/\/portalmf.com.br\/index.php\/2023\/10\/04\/pablo-roberto-oficializa-pre-candidatura-em-feira-e-enfatiza-necessidade-de-renovacao\/\"]}]},{\"@type\":\"ImageObject\",\"inLanguage\":\"pt-BR\",\"@id\":\"https:\/\/portalmf.com.br\/index.php\/2023\/10\/04\/pablo-roberto-oficializa-pre-candidatura-em-feira-e-enfatiza-necessidade-de-renovacao\/#primaryimage\",\"url\":\"https:\/\/portalmf.com.br\/wp-content\/uploads\/2023\/10\/Pablo-Roberto-oficializa-pre-candidatura-em-Feira-e-enfatiza-necessidade-de-renovacao.jpg\",\"contentUrl\":\"https:\/\/portalmf.com.br\/wp-content\/uploads\/2023\/10\/Pablo-Roberto-oficializa-pre-candidatura-em-Feira-e-enfatiza-necessidade-de-renovacao.jpg\",\"width\":1676,\"height\":1010},{\"@type\":\"BreadcrumbList\",\"@id\":\"https:\/\/portalmf.com.br\/index.php\/2023\/10\/04\/pablo-roberto-oficializa-pre-candidatura-em-feira-e-enfatiza-necessidade-de-renovacao\/#breadcrumb\",\"itemListElement\":[{\"@type\":\"ListItem\",\"position\":1,\"name\":\"In\u00edcio\",\"item\":\"https:\/\/portalmf.com.br\/\"},{\"@type\":\"ListItem\",\"position\":2,\"name\":\"Pablo Roberto oficializa pr\u00e9-candidatura em Feira e enfatiza necessidade de renova\u00e7\u00e3o\"}]},{\"@type\":\"WebSite\",\"@id\":\"https:\/\/portalmf.com.br\/#website\",\"url\":\"https:\/\/portalmf.com.br\/\",\"name\":\"Portal MF\",\"description\":\"Voc\u00ea conectado com a informa\u00e7\u00e3o\",\"potentialAction\":[{\"@type\":\"SearchAction\",\"target\":{\"@type\":\"EntryPoint\",\"urlTemplate\":\"https:\/\/portalmf.com.br\/?s={search_term_string}\"},\"query-input\":\"required name=search_term_string\"}],\"inLanguage\":\"pt-BR\"},{\"@type\":\"Person\",\"@id\":\"https:\/\/portalmf.com.br\/#\/schema\/person\/9ec101baf56233e53520c26de5d6f6f0\",\"name\":\"Reda\u00e7\u00e3o Portal MF\",\"image\":{\"@type\":\"ImageObject\",\"inLanguage\":\"pt-BR\",\"@id\":\"https:\/\/portalmf.com.br\/#\/schema\/person\/image\/\",\"url\":\"https:\/\/secure.gravatar.com\/avatar\/41b9aaeb2100835f7c64362330f74c7f?s=96&d=mm&r=g\",\"contentUrl\":\"https:\/\/secure.gravatar.com\/avatar\/41b9aaeb2100835f7c64362330f74c7f?s=96&d=mm&r=g\",\"caption\":\"Reda\u00e7\u00e3o Portal MF\"},\"description\":\"Sejam bem-vindos o portal de informa\u00e7\u00f5es de entretenimento de Feira de Santana, desde 2006 realiza coberturas dos principais eventos com entrevistas exclusivas com as principais personalidades mundiais. Fique conectado tamb\u00e9m nas redes sociais.\",\"sameAs\":[\"http:\/\/www.portalmf.com.br\/\",\"https:\/\/www.facebook.com\/portalmfoficial\",\"https:\/\/www.instagram.com\/portalmf\/\",\"https:\/\/x.com\/https:\/\/x.com\/portalmfoficial\",\"https:\/\/www.youtube.com\/@portalmfoficial\"],\"url\":\"https:\/\/portalmf.com.br\/index.php\/author\/junior\/\"}]}<\/script>\n<!-- \/ Yoast SEO plugin. -->","yoast_head_json":{"title":"Pablo Roberto oficializa pr\u00e9-candidatura em Feira e enfatiza necessidade de renova\u00e7\u00e3o - Portal MF","robots":{"index":"index","follow":"follow","max-snippet":"max-snippet:-1","max-image-preview":"max-image-preview:large","max-video-preview":"max-video-preview:-1"},"canonical":"https:\/\/portalmf.com.br\/index.php\/2023\/10\/04\/pablo-roberto-oficializa-pre-candidatura-em-feira-e-enfatiza-necessidade-de-renovacao\/","og_locale":"pt_BR","og_type":"article","og_title":"Pablo Roberto oficializa pr\u00e9-candidatura em Feira e enfatiza necessidade de renova\u00e7\u00e3o - Portal MF","og_description":"O deputado estadual Pablo Roberto (PSDB) lan\u00e7ou oficialmente, no in\u00edcio da tarde desta quarta-feira (4), a sua pr\u00e9-candidatura \u00e0 Prefeitura de Feira de Santana nas elei\u00e7\u00f5es municipais de 2024. O comunicado foi feito durante um almo\u00e7o com jornalistas. O parlamentar enfatizou a necessidade de renova\u00e7\u00e3o na administra\u00e7\u00e3o do munic\u00edpio. &#8220;N\u00f3s estamos a um ano e [&hellip;]","og_url":"https:\/\/portalmf.com.br\/index.php\/2023\/10\/04\/pablo-roberto-oficializa-pre-candidatura-em-feira-e-enfatiza-necessidade-de-renovacao\/","og_site_name":"Portal MF","article_author":"https:\/\/www.facebook.com\/portalmfoficial","article_published_time":"2023-10-04T19:32:09+00:00","article_modified_time":"2023-10-04T19:32:19+00:00","og_image":[{"width":1676,"height":1010,"url":"https:\/\/portalmf.com.br\/wp-content\/uploads\/2023\/10\/Pablo-Roberto-oficializa-pre-candidatura-em-Feira-e-enfatiza-necessidade-de-renovacao.jpg","type":"image\/jpeg"}],"author":"Reda\u00e7\u00e3o Portal MF","twitter_card":"summary_large_image","twitter_creator":"@https:\/\/x.com\/portalmfoficial","twitter_misc":{"Escrito por":"Reda\u00e7\u00e3o Portal MF","Est. tempo de leitura":"3 minutos"},"schema":{"@context":"https:\/\/schema.org","@graph":[{"@type":"WebPage","@id":"https:\/\/portalmf.com.br\/index.php\/2023\/10\/04\/pablo-roberto-oficializa-pre-candidatura-em-feira-e-enfatiza-necessidade-de-renovacao\/","url":"https:\/\/portalmf.com.br\/index.php\/2023\/10\/04\/pablo-roberto-oficializa-pre-candidatura-em-feira-e-enfatiza-necessidade-de-renovacao\/","name":"Pablo Roberto oficializa pr\u00e9-candidatura em Feira e enfatiza necessidade de renova\u00e7\u00e3o - Portal MF","isPartOf":{"@id":"https:\/\/portalmf.com.br\/#website"},"primaryImageOfPage":{"@id":"https:\/\/portalmf.com.br\/index.php\/2023\/10\/04\/pablo-roberto-oficializa-pre-candidatura-em-feira-e-enfatiza-necessidade-de-renovacao\/#primaryimage"},"image":{"@id":"https:\/\/portalmf.com.br\/index.php\/2023\/10\/04\/pablo-roberto-oficializa-pre-candidatura-em-feira-e-enfatiza-necessidade-de-renovacao\/#primaryimage"},"thumbnailUrl":"https:\/\/portalmf.com.br\/wp-content\/uploads\/2023\/10\/Pablo-Roberto-oficializa-pre-candidatura-em-Feira-e-enfatiza-necessidade-de-renovacao.jpg","datePublished":"2023-10-04T19:32:09+00:00","dateModified":"2023-10-04T19:32:19+00:00","author":{"@id":"https:\/\/portalmf.com.br\/#\/schema\/person\/9ec101baf56233e53520c26de5d6f6f0"},"breadcrumb":{"@id":"https:\/\/portalmf.com.br\/index.php\/2023\/10\/04\/pablo-roberto-oficializa-pre-candidatura-em-feira-e-enfatiza-necessidade-de-renovacao\/#breadcrumb"},"inLanguage":"pt-BR","potentialAction":[{"@type":"ReadAction","target":["https:\/\/portalmf.com.br\/index.php\/2023\/10\/04\/pablo-roberto-oficializa-pre-candidatura-em-feira-e-enfatiza-necessidade-de-renovacao\/"]}]},{"@type":"ImageObject","inLanguage":"pt-BR","@id":"https:\/\/portalmf.com.br\/index.php\/2023\/10\/04\/pablo-roberto-oficializa-pre-candidatura-em-feira-e-enfatiza-necessidade-de-renovacao\/#primaryimage","url":"https:\/\/portalmf.com.br\/wp-content\/uploads\/2023\/10\/Pablo-Roberto-oficializa-pre-candidatura-em-Feira-e-enfatiza-necessidade-de-renovacao.jpg","contentUrl":"https:\/\/portalmf.com.br\/wp-content\/uploads\/2023\/10\/Pablo-Roberto-oficializa-pre-candidatura-em-Feira-e-enfatiza-necessidade-de-renovacao.jpg","width":1676,"height":1010},{"@type":"BreadcrumbList","@id":"https:\/\/portalmf.com.br\/index.php\/2023\/10\/04\/pablo-roberto-oficializa-pre-candidatura-em-feira-e-enfatiza-necessidade-de-renovacao\/#breadcrumb","itemListElement":[{"@type":"ListItem","position":1,"name":"In\u00edcio","item":"https:\/\/portalmf.com.br\/"},{"@type":"ListItem","position":2,"name":"Pablo Roberto oficializa pr\u00e9-candidatura em Feira e enfatiza necessidade de renova\u00e7\u00e3o"}]},{"@type":"WebSite","@id":"https:\/\/portalmf.com.br\/#website","url":"https:\/\/portalmf.com.br\/","name":"Portal MF","description":"Voc\u00ea conectado com a informa\u00e7\u00e3o","potentialAction":[{"@type":"SearchAction","target":{"@type":"EntryPoint","urlTemplate":"https:\/\/portalmf.com.br\/?s={search_term_string}"},"query-input":"required name=search_term_string"}],"inLanguage":"pt-BR"},{"@type":"Person","@id":"https:\/\/portalmf.com.br\/#\/schema\/person\/9ec101baf56233e53520c26de5d6f6f0","name":"Reda\u00e7\u00e3o Portal MF","image":{"@type":"ImageObject","inLanguage":"pt-BR","@id":"https:\/\/portalmf.com.br\/#\/schema\/person\/image\/","url":"https:\/\/secure.gravatar.com\/avatar\/41b9aaeb2100835f7c64362330f74c7f?s=96&d=mm&r=g","contentUrl":"https:\/\/secure.gravatar.com\/avatar\/41b9aaeb2100835f7c64362330f74c7f?s=96&d=mm&r=g","caption":"Reda\u00e7\u00e3o Portal MF"},"description":"Sejam bem-vindos o portal de informa\u00e7\u00f5es de entretenimento de Feira de Santana, desde 2006 realiza coberturas dos principais eventos com entrevistas exclusivas com as principais personalidades mundiais. Fique conectado tamb\u00e9m nas redes sociais.","sameAs":["http:\/\/www.portalmf.com.br\/","https:\/\/www.facebook.com\/portalmfoficial","https:\/\/www.instagram.com\/portalmf\/","https:\/\/x.com\/https:\/\/x.com\/portalmfoficial","https:\/\/www.youtube.com\/@portalmfoficial"],"url":"https:\/\/portalmf.com.br\/index.php\/author\/junior\/"}]}},"_links":{"self":[{"href":"https:\/\/portalmf.com.br\/index.php\/wp-json\/wp\/v2\/posts\/18361"}],"collection":[{"href":"https:\/\/portalmf.com.br\/index.php\/wp-json\/wp\/v2\/posts"}],"about":[{"href":"https:\/\/portalmf.com.br\/index.php\/wp-json\/wp\/v2\/types\/post"}],"author":[{"embeddable":true,"href":"https:\/\/portalmf.com.br\/index.php\/wp-json\/wp\/v2\/users\/3"}],"replies":[{"embeddable":true,"href":"https:\/\/portalmf.com.br\/index.php\/wp-json\/wp\/v2\/comments?post=18361"}],"version-history":[{"count":1,"href":"https:\/\/portalmf.com.br\/index.php\/wp-json\/wp\/v2\/posts\/18361\/revisions"}],"predecessor-version":[{"id":18363,"href":"https:\/\/portalmf.com.br\/index.php\/wp-json\/wp\/v2\/posts\/18361\/revisions\/18363"}],"wp:featuredmedia":[{"embeddable":true,"href":"https:\/\/portalmf.com.br\/index.php\/wp-json\/wp\/v2\/media\/18362"}],"wp:attachment":[{"href":"https:\/\/portalmf.com.br\/index.php\/wp-json\/wp\/v2\/media?parent=18361"}],"wp:term":[{"taxonomy":"category","embeddable":true,"href":"https:\/\/portalmf.com.br\/index.php\/wp-json\/wp\/v2\/categories?post=18361"},{"taxonomy":"post_tag","embeddable":true,"href":"https:\/\/portalmf.com.br\/index.php\/wp-json\/wp\/v2\/tags?post=18361"}],"curies":[{"name":"wp","href":"https:\/\/api.w.org\/{rel}","templated":true}]}}