{"id":17647,"date":"2023-09-13T18:03:10","date_gmt":"2023-09-13T21:03:10","guid":{"rendered":"https:\/\/portalmf.com.br\/?p=17647"},"modified":"2023-09-13T18:03:16","modified_gmt":"2023-09-13T21:03:16","slug":"time-de-bolsonaro-reunido-comenta-presidente-do-pt-sobre-possivel-apoio-de-joao-roma-a-bruno-reis","status":"publish","type":"post","link":"https:\/\/portalmf.com.br\/index.php\/2023\/09\/13\/time-de-bolsonaro-reunido-comenta-presidente-do-pt-sobre-possivel-apoio-de-joao-roma-a-bruno-reis\/","title":{"rendered":"\u201cTime de Bolsonaro reunido\u201d, comenta presidente do PT sobre poss\u00edvel apoio de Jo\u00e3o Roma a Bruno Reis"},"content":{"rendered":"\n<p>O presidente do Partido dos Trabalhadores da Bahia, \u00c9den Valadares, comentou nesta quarta-feira, 13, que o poss\u00edvel apoio do ex-ministro da Cidadania e presidente do PL na Bahia, Jo\u00e3o Roma, ao prefeito Bruno Reis (Uni\u00e3o Brasil) em 2024 j\u00e1 era esperado devido ao alinhamento pol\u00edtico de Roma e do gestor da capital baiana, inclusive no voto em Jair Bolsonaro nas elei\u00e7\u00f5es de 2022. Em coletiva nesta quarta, Bruno confirmou que vai \u201cconversar com o Jo\u00e3o Roma\u201d para ter o apoio do PL.<\/p>\n\n\n\n<p><em>\u201c\u00c9 o time de Bolsonaro reunido. Vejo como natural esse movimento entre Bruno e Roma j\u00e1 que ambos apoiaram e votaram em Bolsonaro, da mesma forma que o esfor\u00e7o nosso do PT, da Federa\u00e7\u00e3o e aliados \u00e9 reunir todo mundo que apoiou e votou em Lula. Vai ficando mais n\u00edtida a disputa e quem \u00e9 quem no tabuleiro\u201d,<\/em> afirmou o presidente do PT Bahia sobre a aproxima\u00e7\u00e3o de Bruno e do ex-ministro.<\/p>\n\n\n\n<p>Principal nome do bolsonarismo na Bahia, Jo\u00e3o Roma declarou que pode \u201csentar na mesa e ver algo em conjunto\u201d com Bruno Reis em declara\u00e7\u00e3o \u00e0 imprensa baiana. Tamb\u00e9m \u00e0 imprensa, perguntado se votou em Lula ou em Bolsonaro no segundo turno das elei\u00e7\u00f5es do ano passado, o prefeito Bruno Reis afirmou que n\u00e3o votou no PT. <em>&#8220;Ent\u00e3o fica claro que eles caminharam junto com Bolsonaro contra Lula&#8221;,<\/em> ressaltou \u00c9den Valadares.<\/p>\n","protected":false},"excerpt":{"rendered":"<p>O presidente do Partido dos Trabalhadores da Bahia, \u00c9den Valadares, comentou nesta quarta-feira, 13, que o poss\u00edvel apoio do ex-ministro da Cidadania e presidente do PL na Bahia, Jo\u00e3o Roma, ao prefeito Bruno Reis (Uni\u00e3o Brasil) em 2024 j\u00e1 era esperado devido ao alinhamento pol\u00edtico de Roma e do gestor da capital baiana, inclusive no [&hellip;]<\/p>\n","protected":false},"author":3,"featured_media":12201,"comment_status":"open","ping_status":"open","sticky":false,"template":"","format":"standard","meta":{"_monsterinsights_skip_tracking":false,"_monsterinsights_sitenote_active":false,"_monsterinsights_sitenote_note":"","_monsterinsights_sitenote_category":0,"footnotes":""},"categories":[301,34],"tags":[],"yoast_head":"<!-- This site is optimized with the Yoast SEO plugin v22.9 - https:\/\/yoast.com\/wordpress\/plugins\/seo\/ -->\n<title>\u201cTime de Bolsonaro reunido\u201d, comenta presidente do PT sobre poss\u00edvel apoio de Jo\u00e3o Roma a Bruno Reis - Portal MF<\/title>\n<meta name=\"robots\" content=\"index, follow, max-snippet:-1, max-image-preview:large, max-video-preview:-1\" \/>\n<link rel=\"canonical\" href=\"https:\/\/portalmf.com.br\/index.php\/2023\/09\/13\/time-de-bolsonaro-reunido-comenta-presidente-do-pt-sobre-possivel-apoio-de-joao-roma-a-bruno-reis\/\" \/>\n<meta property=\"og:locale\" content=\"pt_BR\" \/>\n<meta property=\"og:type\" content=\"article\" \/>\n<meta property=\"og:title\" content=\"\u201cTime de Bolsonaro reunido\u201d, comenta presidente do PT sobre poss\u00edvel apoio de Jo\u00e3o Roma a Bruno Reis - Portal MF\" \/>\n<meta property=\"og:description\" content=\"O presidente do Partido dos Trabalhadores da Bahia, \u00c9den Valadares, comentou nesta quarta-feira, 13, que o poss\u00edvel apoio do ex-ministro da Cidadania e presidente do PL na Bahia, Jo\u00e3o Roma, ao prefeito Bruno Reis (Uni\u00e3o Brasil) em 2024 j\u00e1 era esperado devido ao alinhamento pol\u00edtico de Roma e do gestor da capital baiana, inclusive no [&hellip;]\" \/>\n<meta property=\"og:url\" content=\"https:\/\/portalmf.com.br\/index.php\/2023\/09\/13\/time-de-bolsonaro-reunido-comenta-presidente-do-pt-sobre-possivel-apoio-de-joao-roma-a-bruno-reis\/\" \/>\n<meta property=\"og:site_name\" content=\"Portal MF\" \/>\n<meta property=\"article:author\" content=\"https:\/\/www.facebook.com\/portalmfoficial\" \/>\n<meta property=\"article:published_time\" content=\"2023-09-13T21:03:10+00:00\" \/>\n<meta property=\"article:modified_time\" content=\"2023-09-13T21:03:16+00:00\" \/>\n<meta property=\"og:image\" content=\"https:\/\/portalmf.com.br\/wp-content\/uploads\/2023\/05\/Eden-Valadares-PT-Bahia.jpg\" \/>\n\t<meta property=\"og:image:width\" content=\"1082\" \/>\n\t<meta property=\"og:image:height\" content=\"740\" \/>\n\t<meta property=\"og:image:type\" content=\"image\/jpeg\" \/>\n<meta name=\"author\" content=\"Reda\u00e7\u00e3o Portal MF\" \/>\n<meta name=\"twitter:card\" content=\"summary_large_image\" \/>\n<meta name=\"twitter:creator\" content=\"@https:\/\/x.com\/portalmfoficial\" \/>\n<meta name=\"twitter:label1\" content=\"Escrito por\" \/>\n\t<meta name=\"twitter:data1\" content=\"Reda\u00e7\u00e3o Portal MF\" \/>\n\t<meta name=\"twitter:label2\" content=\"Est. tempo de leitura\" \/>\n\t<meta name=\"twitter:data2\" content=\"2 minutos\" \/>\n<script type=\"application\/ld+json\" class=\"yoast-schema-graph\">{\"@context\":\"https:\/\/schema.org\",\"@graph\":[{\"@type\":\"WebPage\",\"@id\":\"https:\/\/portalmf.com.br\/index.php\/2023\/09\/13\/time-de-bolsonaro-reunido-comenta-presidente-do-pt-sobre-possivel-apoio-de-joao-roma-a-bruno-reis\/\",\"url\":\"https:\/\/portalmf.com.br\/index.php\/2023\/09\/13\/time-de-bolsonaro-reunido-comenta-presidente-do-pt-sobre-possivel-apoio-de-joao-roma-a-bruno-reis\/\",\"name\":\"\u201cTime de Bolsonaro reunido\u201d, comenta presidente do PT sobre poss\u00edvel apoio de Jo\u00e3o Roma a Bruno Reis - Portal MF\",\"isPartOf\":{\"@id\":\"https:\/\/portalmf.com.br\/#website\"},\"primaryImageOfPage\":{\"@id\":\"https:\/\/portalmf.com.br\/index.php\/2023\/09\/13\/time-de-bolsonaro-reunido-comenta-presidente-do-pt-sobre-possivel-apoio-de-joao-roma-a-bruno-reis\/#primaryimage\"},\"image\":{\"@id\":\"https:\/\/portalmf.com.br\/index.php\/2023\/09\/13\/time-de-bolsonaro-reunido-comenta-presidente-do-pt-sobre-possivel-apoio-de-joao-roma-a-bruno-reis\/#primaryimage\"},\"thumbnailUrl\":\"https:\/\/portalmf.com.br\/wp-content\/uploads\/2023\/05\/Eden-Valadares-PT-Bahia.jpg\",\"datePublished\":\"2023-09-13T21:03:10+00:00\",\"dateModified\":\"2023-09-13T21:03:16+00:00\",\"author\":{\"@id\":\"https:\/\/portalmf.com.br\/#\/schema\/person\/9ec101baf56233e53520c26de5d6f6f0\"},\"breadcrumb\":{\"@id\":\"https:\/\/portalmf.com.br\/index.php\/2023\/09\/13\/time-de-bolsonaro-reunido-comenta-presidente-do-pt-sobre-possivel-apoio-de-joao-roma-a-bruno-reis\/#breadcrumb\"},\"inLanguage\":\"pt-BR\",\"potentialAction\":[{\"@type\":\"ReadAction\",\"target\":[\"https:\/\/portalmf.com.br\/index.php\/2023\/09\/13\/time-de-bolsonaro-reunido-comenta-presidente-do-pt-sobre-possivel-apoio-de-joao-roma-a-bruno-reis\/\"]}]},{\"@type\":\"ImageObject\",\"inLanguage\":\"pt-BR\",\"@id\":\"https:\/\/portalmf.com.br\/index.php\/2023\/09\/13\/time-de-bolsonaro-reunido-comenta-presidente-do-pt-sobre-possivel-apoio-de-joao-roma-a-bruno-reis\/#primaryimage\",\"url\":\"https:\/\/portalmf.com.br\/wp-content\/uploads\/2023\/05\/Eden-Valadares-PT-Bahia.jpg\",\"contentUrl\":\"https:\/\/portalmf.com.br\/wp-content\/uploads\/2023\/05\/Eden-Valadares-PT-Bahia.jpg\",\"width\":1082,\"height\":740},{\"@type\":\"BreadcrumbList\",\"@id\":\"https:\/\/portalmf.com.br\/index.php\/2023\/09\/13\/time-de-bolsonaro-reunido-comenta-presidente-do-pt-sobre-possivel-apoio-de-joao-roma-a-bruno-reis\/#breadcrumb\",\"itemListElement\":[{\"@type\":\"ListItem\",\"position\":1,\"name\":\"In\u00edcio\",\"item\":\"https:\/\/portalmf.com.br\/\"},{\"@type\":\"ListItem\",\"position\":2,\"name\":\"\u201cTime de Bolsonaro reunido\u201d, comenta presidente do PT sobre poss\u00edvel apoio de Jo\u00e3o Roma a Bruno Reis\"}]},{\"@type\":\"WebSite\",\"@id\":\"https:\/\/portalmf.com.br\/#website\",\"url\":\"https:\/\/portalmf.com.br\/\",\"name\":\"Portal MF\",\"description\":\"Voc\u00ea conectado com a informa\u00e7\u00e3o\",\"potentialAction\":[{\"@type\":\"SearchAction\",\"target\":{\"@type\":\"EntryPoint\",\"urlTemplate\":\"https:\/\/portalmf.com.br\/?s={search_term_string}\"},\"query-input\":\"required name=search_term_string\"}],\"inLanguage\":\"pt-BR\"},{\"@type\":\"Person\",\"@id\":\"https:\/\/portalmf.com.br\/#\/schema\/person\/9ec101baf56233e53520c26de5d6f6f0\",\"name\":\"Reda\u00e7\u00e3o Portal MF\",\"image\":{\"@type\":\"ImageObject\",\"inLanguage\":\"pt-BR\",\"@id\":\"https:\/\/portalmf.com.br\/#\/schema\/person\/image\/\",\"url\":\"https:\/\/secure.gravatar.com\/avatar\/41b9aaeb2100835f7c64362330f74c7f?s=96&d=mm&r=g\",\"contentUrl\":\"https:\/\/secure.gravatar.com\/avatar\/41b9aaeb2100835f7c64362330f74c7f?s=96&d=mm&r=g\",\"caption\":\"Reda\u00e7\u00e3o Portal MF\"},\"description\":\"Sejam bem-vindos o portal de informa\u00e7\u00f5es de entretenimento de Feira de Santana, desde 2006 realiza coberturas dos principais eventos com entrevistas exclusivas com as principais personalidades mundiais. Fique conectado tamb\u00e9m nas redes sociais.\",\"sameAs\":[\"http:\/\/www.portalmf.com.br\/\",\"https:\/\/www.facebook.com\/portalmfoficial\",\"https:\/\/www.instagram.com\/portalmf\/\",\"https:\/\/x.com\/https:\/\/x.com\/portalmfoficial\",\"https:\/\/www.youtube.com\/@portalmfoficial\"],\"url\":\"https:\/\/portalmf.com.br\/index.php\/author\/junior\/\"}]}<\/script>\n<!-- \/ Yoast SEO plugin. -->","yoast_head_json":{"title":"\u201cTime de Bolsonaro reunido\u201d, comenta presidente do PT sobre poss\u00edvel apoio de Jo\u00e3o Roma a Bruno Reis - Portal MF","robots":{"index":"index","follow":"follow","max-snippet":"max-snippet:-1","max-image-preview":"max-image-preview:large","max-video-preview":"max-video-preview:-1"},"canonical":"https:\/\/portalmf.com.br\/index.php\/2023\/09\/13\/time-de-bolsonaro-reunido-comenta-presidente-do-pt-sobre-possivel-apoio-de-joao-roma-a-bruno-reis\/","og_locale":"pt_BR","og_type":"article","og_title":"\u201cTime de Bolsonaro reunido\u201d, comenta presidente do PT sobre poss\u00edvel apoio de Jo\u00e3o Roma a Bruno Reis - Portal MF","og_description":"O presidente do Partido dos Trabalhadores da Bahia, \u00c9den Valadares, comentou nesta quarta-feira, 13, que o poss\u00edvel apoio do ex-ministro da Cidadania e presidente do PL na Bahia, Jo\u00e3o Roma, ao prefeito Bruno Reis (Uni\u00e3o Brasil) em 2024 j\u00e1 era esperado devido ao alinhamento pol\u00edtico de Roma e do gestor da capital baiana, inclusive no [&hellip;]","og_url":"https:\/\/portalmf.com.br\/index.php\/2023\/09\/13\/time-de-bolsonaro-reunido-comenta-presidente-do-pt-sobre-possivel-apoio-de-joao-roma-a-bruno-reis\/","og_site_name":"Portal MF","article_author":"https:\/\/www.facebook.com\/portalmfoficial","article_published_time":"2023-09-13T21:03:10+00:00","article_modified_time":"2023-09-13T21:03:16+00:00","og_image":[{"width":1082,"height":740,"url":"https:\/\/portalmf.com.br\/wp-content\/uploads\/2023\/05\/Eden-Valadares-PT-Bahia.jpg","type":"image\/jpeg"}],"author":"Reda\u00e7\u00e3o Portal MF","twitter_card":"summary_large_image","twitter_creator":"@https:\/\/x.com\/portalmfoficial","twitter_misc":{"Escrito por":"Reda\u00e7\u00e3o Portal MF","Est. tempo de leitura":"2 minutos"},"schema":{"@context":"https:\/\/schema.org","@graph":[{"@type":"WebPage","@id":"https:\/\/portalmf.com.br\/index.php\/2023\/09\/13\/time-de-bolsonaro-reunido-comenta-presidente-do-pt-sobre-possivel-apoio-de-joao-roma-a-bruno-reis\/","url":"https:\/\/portalmf.com.br\/index.php\/2023\/09\/13\/time-de-bolsonaro-reunido-comenta-presidente-do-pt-sobre-possivel-apoio-de-joao-roma-a-bruno-reis\/","name":"\u201cTime de Bolsonaro reunido\u201d, comenta presidente do PT sobre poss\u00edvel apoio de Jo\u00e3o Roma a Bruno Reis - Portal MF","isPartOf":{"@id":"https:\/\/portalmf.com.br\/#website"},"primaryImageOfPage":{"@id":"https:\/\/portalmf.com.br\/index.php\/2023\/09\/13\/time-de-bolsonaro-reunido-comenta-presidente-do-pt-sobre-possivel-apoio-de-joao-roma-a-bruno-reis\/#primaryimage"},"image":{"@id":"https:\/\/portalmf.com.br\/index.php\/2023\/09\/13\/time-de-bolsonaro-reunido-comenta-presidente-do-pt-sobre-possivel-apoio-de-joao-roma-a-bruno-reis\/#primaryimage"},"thumbnailUrl":"https:\/\/portalmf.com.br\/wp-content\/uploads\/2023\/05\/Eden-Valadares-PT-Bahia.jpg","datePublished":"2023-09-13T21:03:10+00:00","dateModified":"2023-09-13T21:03:16+00:00","author":{"@id":"https:\/\/portalmf.com.br\/#\/schema\/person\/9ec101baf56233e53520c26de5d6f6f0"},"breadcrumb":{"@id":"https:\/\/portalmf.com.br\/index.php\/2023\/09\/13\/time-de-bolsonaro-reunido-comenta-presidente-do-pt-sobre-possivel-apoio-de-joao-roma-a-bruno-reis\/#breadcrumb"},"inLanguage":"pt-BR","potentialAction":[{"@type":"ReadAction","target":["https:\/\/portalmf.com.br\/index.php\/2023\/09\/13\/time-de-bolsonaro-reunido-comenta-presidente-do-pt-sobre-possivel-apoio-de-joao-roma-a-bruno-reis\/"]}]},{"@type":"ImageObject","inLanguage":"pt-BR","@id":"https:\/\/portalmf.com.br\/index.php\/2023\/09\/13\/time-de-bolsonaro-reunido-comenta-presidente-do-pt-sobre-possivel-apoio-de-joao-roma-a-bruno-reis\/#primaryimage","url":"https:\/\/portalmf.com.br\/wp-content\/uploads\/2023\/05\/Eden-Valadares-PT-Bahia.jpg","contentUrl":"https:\/\/portalmf.com.br\/wp-content\/uploads\/2023\/05\/Eden-Valadares-PT-Bahia.jpg","width":1082,"height":740},{"@type":"BreadcrumbList","@id":"https:\/\/portalmf.com.br\/index.php\/2023\/09\/13\/time-de-bolsonaro-reunido-comenta-presidente-do-pt-sobre-possivel-apoio-de-joao-roma-a-bruno-reis\/#breadcrumb","itemListElement":[{"@type":"ListItem","position":1,"name":"In\u00edcio","item":"https:\/\/portalmf.com.br\/"},{"@type":"ListItem","position":2,"name":"\u201cTime de Bolsonaro reunido\u201d, comenta presidente do PT sobre poss\u00edvel apoio de Jo\u00e3o Roma a Bruno Reis"}]},{"@type":"WebSite","@id":"https:\/\/portalmf.com.br\/#website","url":"https:\/\/portalmf.com.br\/","name":"Portal MF","description":"Voc\u00ea conectado com a informa\u00e7\u00e3o","potentialAction":[{"@type":"SearchAction","target":{"@type":"EntryPoint","urlTemplate":"https:\/\/portalmf.com.br\/?s={search_term_string}"},"query-input":"required name=search_term_string"}],"inLanguage":"pt-BR"},{"@type":"Person","@id":"https:\/\/portalmf.com.br\/#\/schema\/person\/9ec101baf56233e53520c26de5d6f6f0","name":"Reda\u00e7\u00e3o Portal MF","image":{"@type":"ImageObject","inLanguage":"pt-BR","@id":"https:\/\/portalmf.com.br\/#\/schema\/person\/image\/","url":"https:\/\/secure.gravatar.com\/avatar\/41b9aaeb2100835f7c64362330f74c7f?s=96&d=mm&r=g","contentUrl":"https:\/\/secure.gravatar.com\/avatar\/41b9aaeb2100835f7c64362330f74c7f?s=96&d=mm&r=g","caption":"Reda\u00e7\u00e3o Portal MF"},"description":"Sejam bem-vindos o portal de informa\u00e7\u00f5es de entretenimento de Feira de Santana, desde 2006 realiza coberturas dos principais eventos com entrevistas exclusivas com as principais personalidades mundiais. Fique conectado tamb\u00e9m nas redes sociais.","sameAs":["http:\/\/www.portalmf.com.br\/","https:\/\/www.facebook.com\/portalmfoficial","https:\/\/www.instagram.com\/portalmf\/","https:\/\/x.com\/https:\/\/x.com\/portalmfoficial","https:\/\/www.youtube.com\/@portalmfoficial"],"url":"https:\/\/portalmf.com.br\/index.php\/author\/junior\/"}]}},"_links":{"self":[{"href":"https:\/\/portalmf.com.br\/index.php\/wp-json\/wp\/v2\/posts\/17647"}],"collection":[{"href":"https:\/\/portalmf.com.br\/index.php\/wp-json\/wp\/v2\/posts"}],"about":[{"href":"https:\/\/portalmf.com.br\/index.php\/wp-json\/wp\/v2\/types\/post"}],"author":[{"embeddable":true,"href":"https:\/\/portalmf.com.br\/index.php\/wp-json\/wp\/v2\/users\/3"}],"replies":[{"embeddable":true,"href":"https:\/\/portalmf.com.br\/index.php\/wp-json\/wp\/v2\/comments?post=17647"}],"version-history":[{"count":1,"href":"https:\/\/portalmf.com.br\/index.php\/wp-json\/wp\/v2\/posts\/17647\/revisions"}],"predecessor-version":[{"id":17648,"href":"https:\/\/portalmf.com.br\/index.php\/wp-json\/wp\/v2\/posts\/17647\/revisions\/17648"}],"wp:featuredmedia":[{"embeddable":true,"href":"https:\/\/portalmf.com.br\/index.php\/wp-json\/wp\/v2\/media\/12201"}],"wp:attachment":[{"href":"https:\/\/portalmf.com.br\/index.php\/wp-json\/wp\/v2\/media?parent=17647"}],"wp:term":[{"taxonomy":"category","embeddable":true,"href":"https:\/\/portalmf.com.br\/index.php\/wp-json\/wp\/v2\/categories?post=17647"},{"taxonomy":"post_tag","embeddable":true,"href":"https:\/\/portalmf.com.br\/index.php\/wp-json\/wp\/v2\/tags?post=17647"}],"curies":[{"name":"wp","href":"https:\/\/api.w.org\/{rel}","templated":true}]}}