{"id":17130,"date":"2023-09-01T16:11:38","date_gmt":"2023-09-01T19:11:38","guid":{"rendered":"https:\/\/portalmf.com.br\/?p=17130"},"modified":"2023-09-01T16:11:44","modified_gmt":"2023-09-01T19:11:44","slug":"clinica-sins-completa-2-anos-com-atendimento-prioritario-para-segurados-planserv-especialmente-para-criancas","status":"publish","type":"post","link":"https:\/\/portalmf.com.br\/index.php\/2023\/09\/01\/clinica-sins-completa-2-anos-com-atendimento-prioritario-para-segurados-planserv-especialmente-para-criancas\/","title":{"rendered":"Cl\u00ednica SINS completa 2 anos com atendimento priorit\u00e1rio para segurados Planserv, especialmente para crian\u00e7as"},"content":{"rendered":"\n<p>A cl\u00ednica SINS completa hoje 2 anos de atua\u00e7\u00e3o em Feira de Santana, com total prioridade para segurados do Planserv. Nesses dois anos, esta unidade tem se tornado a principal refer\u00eancia em agilidade no atendimento junto ao plano de sa\u00fade estadual, especialmente, para as crian\u00e7as.<\/p>\n\n\n\n<p>O atendimento em Pediatria, por exemplo, conta com um programa espec\u00edfico, com v\u00e1rios profissionais m\u00e9dicos, de diferentes \u00e1reas, voltado ao p\u00fablico infantil. Somente no m\u00eas de agosto, mais de 1.500 crian\u00e7as foram atendidas pelo programa de Pediatria oferecido pela SINS, que inclui pediatra, nutricionista, psic\u00f3logo, fonoaudi\u00f3logo e fisioterapeuta.<\/p>\n\n\n\n<p>O servi\u00e7o \u00e9 coordenado pelo renomado m\u00e9dico pediatra, Ayalla Cruz. O programa de Pediatria da SINS tamb\u00e9m conta com outros profissionais da \u00e1rea, com vasta experi\u00eancia, a exemplo das m\u00e9dicas, Quisi Naate Brito Fernandes e L\u00facia Maria Aguirre; al\u00e9m do m\u00e9dico Raimundo Barros Neto.<\/p>\n\n\n\n<p>O CEO da cl\u00ednica SINS, comendador Albertone Amorim, ressalta ainda que o programa de Pediatria conta com atendimento complementar na \u00e1rea de terapia com psic\u00f3logos, coordenado pelo fonoaudi\u00f3logo, Adriano Zenir. O servi\u00e7o tamb\u00e9m conta com grandes profissionais, a exemplo psic\u00f3loga Graciane Dantas.<\/p>\n\n\n\n<p><strong>UNIDADE INTERATIVA<\/strong><\/p>\n\n\n\n<p>Em comemora\u00e7\u00e3o aos 2 anos de fundada, o CEO da cl\u00ednica SINS tamb\u00e9m anunciou hoje a amplia\u00e7\u00e3o de sua unidade de atendimento em Feira de Santana. A cl\u00ednica dever\u00e1 funcionar, j\u00e1 partir do m\u00eas de novembro, em um pr\u00e9dio inteiro no centro da cidade, garantindo mais conforto e comodidade aos pacientes de Feira de Santana e toda regi\u00e3o.<\/p>\n\n\n\n<p><em>\u201cA maneira que encontramos para comemorar esses dois anos de funcionamento e parceria com o Plaserv foi ampliar nossa estrutura de atendimento para os pacientes da rede particular e tamb\u00e9m dos conveniados. Assim, a partir do m\u00eas de novembro, j\u00e1 estaremos funcionando em novo endere\u00e7o, no centro da cidade\u201d<\/em>, comemora Albertone Amorim.<\/p>\n\n\n\n<p>O novo endere\u00e7o da cl\u00ednica SINS vai contar com quatro pavimentos, sendo um exclusivo para atendimento em Pediatria, com prioridade para os segurados do plano de sa\u00fade Planserv. O pr\u00e9dio fica na rua Bar\u00e3o do Rio Branco, centro.<\/p>\n\n\n\n<p>A SINS tamb\u00e9m oferece outras especialidades, a exemplo de Cl\u00ednica M\u00e9dica, Cardiologia, Neurologia, Pediatria, Ginecologia, Reumatologia, Urologia, Dermatologia, Endocrinologia, Nutri\u00e7\u00e3o, Ortopedia, Fisioterapia, Psicologia e Fonoaudiologia, al\u00e9m de diversos exames e procedimentos est\u00e9ticos.<\/p>\n\n\n\n<p><em>\u201cEstamos buscando cada vez mais o atendimento humanizado e de excel\u00eancia. Em nossa nova instala\u00e7\u00e3o vamos oferecer um espa\u00e7o totalmente adaptado, com servi\u00e7os humanizados e interativos, sem aquela apar\u00eancia fria de sala de espera. A nossa filosofia \u00e9 ligou, marcou, o que tem garantindo cada vez mais uma parceria s\u00f3lida com o Planserv\u201d<\/em>, disse Albertone Amorim.<\/p>\n","protected":false},"excerpt":{"rendered":"<p>A cl\u00ednica SINS completa hoje 2 anos de atua\u00e7\u00e3o em Feira de Santana, com total prioridade para segurados do Planserv. Nesses dois anos, esta unidade tem se tornado a principal refer\u00eancia em agilidade no atendimento junto ao plano de sa\u00fade estadual, especialmente, para as crian\u00e7as. O atendimento em Pediatria, por exemplo, conta com um programa [&hellip;]<\/p>\n","protected":false},"author":3,"featured_media":17131,"comment_status":"open","ping_status":"open","sticky":false,"template":"","format":"standard","meta":{"_monsterinsights_skip_tracking":false,"_monsterinsights_sitenote_active":false,"_monsterinsights_sitenote_note":"","_monsterinsights_sitenote_category":0,"footnotes":""},"categories":[295],"tags":[],"yoast_head":"<!-- This site is optimized with the Yoast SEO plugin v22.9 - https:\/\/yoast.com\/wordpress\/plugins\/seo\/ -->\n<title>Cl\u00ednica SINS completa 2 anos com atendimento priorit\u00e1rio para segurados Planserv, especialmente para crian\u00e7as - Portal MF<\/title>\n<meta name=\"robots\" content=\"index, follow, max-snippet:-1, max-image-preview:large, max-video-preview:-1\" \/>\n<link rel=\"canonical\" href=\"https:\/\/portalmf.com.br\/index.php\/2023\/09\/01\/clinica-sins-completa-2-anos-com-atendimento-prioritario-para-segurados-planserv-especialmente-para-criancas\/\" \/>\n<meta property=\"og:locale\" content=\"pt_BR\" \/>\n<meta property=\"og:type\" content=\"article\" \/>\n<meta property=\"og:title\" content=\"Cl\u00ednica SINS completa 2 anos com atendimento priorit\u00e1rio para segurados Planserv, especialmente para crian\u00e7as - Portal MF\" \/>\n<meta property=\"og:description\" content=\"A cl\u00ednica SINS completa hoje 2 anos de atua\u00e7\u00e3o em Feira de Santana, com total prioridade para segurados do Planserv. Nesses dois anos, esta unidade tem se tornado a principal refer\u00eancia em agilidade no atendimento junto ao plano de sa\u00fade estadual, especialmente, para as crian\u00e7as. O atendimento em Pediatria, por exemplo, conta com um programa [&hellip;]\" \/>\n<meta property=\"og:url\" content=\"https:\/\/portalmf.com.br\/index.php\/2023\/09\/01\/clinica-sins-completa-2-anos-com-atendimento-prioritario-para-segurados-planserv-especialmente-para-criancas\/\" \/>\n<meta property=\"og:site_name\" content=\"Portal MF\" \/>\n<meta property=\"article:author\" content=\"https:\/\/www.facebook.com\/portalmfoficial\" \/>\n<meta property=\"article:published_time\" content=\"2023-09-01T19:11:38+00:00\" \/>\n<meta property=\"article:modified_time\" content=\"2023-09-01T19:11:44+00:00\" \/>\n<meta property=\"og:image\" content=\"https:\/\/portalmf.com.br\/wp-content\/uploads\/2023\/09\/Clinica-SINS.jpeg\" \/>\n\t<meta property=\"og:image:width\" content=\"1077\" \/>\n\t<meta property=\"og:image:height\" content=\"1436\" \/>\n\t<meta property=\"og:image:type\" content=\"image\/jpeg\" \/>\n<meta name=\"author\" content=\"Reda\u00e7\u00e3o Portal MF\" \/>\n<meta name=\"twitter:card\" content=\"summary_large_image\" \/>\n<meta name=\"twitter:creator\" content=\"@https:\/\/x.com\/portalmfoficial\" \/>\n<meta name=\"twitter:label1\" content=\"Escrito por\" \/>\n\t<meta name=\"twitter:data1\" content=\"Reda\u00e7\u00e3o Portal MF\" \/>\n\t<meta name=\"twitter:label2\" content=\"Est. tempo de leitura\" \/>\n\t<meta name=\"twitter:data2\" content=\"3 minutos\" \/>\n<script type=\"application\/ld+json\" class=\"yoast-schema-graph\">{\"@context\":\"https:\/\/schema.org\",\"@graph\":[{\"@type\":\"WebPage\",\"@id\":\"https:\/\/portalmf.com.br\/index.php\/2023\/09\/01\/clinica-sins-completa-2-anos-com-atendimento-prioritario-para-segurados-planserv-especialmente-para-criancas\/\",\"url\":\"https:\/\/portalmf.com.br\/index.php\/2023\/09\/01\/clinica-sins-completa-2-anos-com-atendimento-prioritario-para-segurados-planserv-especialmente-para-criancas\/\",\"name\":\"Cl\u00ednica SINS completa 2 anos com atendimento priorit\u00e1rio para segurados Planserv, especialmente para crian\u00e7as - Portal MF\",\"isPartOf\":{\"@id\":\"https:\/\/portalmf.com.br\/#website\"},\"primaryImageOfPage\":{\"@id\":\"https:\/\/portalmf.com.br\/index.php\/2023\/09\/01\/clinica-sins-completa-2-anos-com-atendimento-prioritario-para-segurados-planserv-especialmente-para-criancas\/#primaryimage\"},\"image\":{\"@id\":\"https:\/\/portalmf.com.br\/index.php\/2023\/09\/01\/clinica-sins-completa-2-anos-com-atendimento-prioritario-para-segurados-planserv-especialmente-para-criancas\/#primaryimage\"},\"thumbnailUrl\":\"https:\/\/portalmf.com.br\/wp-content\/uploads\/2023\/09\/Clinica-SINS.jpeg\",\"datePublished\":\"2023-09-01T19:11:38+00:00\",\"dateModified\":\"2023-09-01T19:11:44+00:00\",\"author\":{\"@id\":\"https:\/\/portalmf.com.br\/#\/schema\/person\/9ec101baf56233e53520c26de5d6f6f0\"},\"breadcrumb\":{\"@id\":\"https:\/\/portalmf.com.br\/index.php\/2023\/09\/01\/clinica-sins-completa-2-anos-com-atendimento-prioritario-para-segurados-planserv-especialmente-para-criancas\/#breadcrumb\"},\"inLanguage\":\"pt-BR\",\"potentialAction\":[{\"@type\":\"ReadAction\",\"target\":[\"https:\/\/portalmf.com.br\/index.php\/2023\/09\/01\/clinica-sins-completa-2-anos-com-atendimento-prioritario-para-segurados-planserv-especialmente-para-criancas\/\"]}]},{\"@type\":\"ImageObject\",\"inLanguage\":\"pt-BR\",\"@id\":\"https:\/\/portalmf.com.br\/index.php\/2023\/09\/01\/clinica-sins-completa-2-anos-com-atendimento-prioritario-para-segurados-planserv-especialmente-para-criancas\/#primaryimage\",\"url\":\"https:\/\/portalmf.com.br\/wp-content\/uploads\/2023\/09\/Clinica-SINS.jpeg\",\"contentUrl\":\"https:\/\/portalmf.com.br\/wp-content\/uploads\/2023\/09\/Clinica-SINS.jpeg\",\"width\":1077,\"height\":1436},{\"@type\":\"BreadcrumbList\",\"@id\":\"https:\/\/portalmf.com.br\/index.php\/2023\/09\/01\/clinica-sins-completa-2-anos-com-atendimento-prioritario-para-segurados-planserv-especialmente-para-criancas\/#breadcrumb\",\"itemListElement\":[{\"@type\":\"ListItem\",\"position\":1,\"name\":\"In\u00edcio\",\"item\":\"https:\/\/portalmf.com.br\/\"},{\"@type\":\"ListItem\",\"position\":2,\"name\":\"Cl\u00ednica SINS completa 2 anos com atendimento priorit\u00e1rio para segurados Planserv, especialmente para crian\u00e7as\"}]},{\"@type\":\"WebSite\",\"@id\":\"https:\/\/portalmf.com.br\/#website\",\"url\":\"https:\/\/portalmf.com.br\/\",\"name\":\"Portal MF\",\"description\":\"Voc\u00ea conectado com a informa\u00e7\u00e3o\",\"potentialAction\":[{\"@type\":\"SearchAction\",\"target\":{\"@type\":\"EntryPoint\",\"urlTemplate\":\"https:\/\/portalmf.com.br\/?s={search_term_string}\"},\"query-input\":\"required name=search_term_string\"}],\"inLanguage\":\"pt-BR\"},{\"@type\":\"Person\",\"@id\":\"https:\/\/portalmf.com.br\/#\/schema\/person\/9ec101baf56233e53520c26de5d6f6f0\",\"name\":\"Reda\u00e7\u00e3o Portal MF\",\"image\":{\"@type\":\"ImageObject\",\"inLanguage\":\"pt-BR\",\"@id\":\"https:\/\/portalmf.com.br\/#\/schema\/person\/image\/\",\"url\":\"https:\/\/secure.gravatar.com\/avatar\/41b9aaeb2100835f7c64362330f74c7f?s=96&d=mm&r=g\",\"contentUrl\":\"https:\/\/secure.gravatar.com\/avatar\/41b9aaeb2100835f7c64362330f74c7f?s=96&d=mm&r=g\",\"caption\":\"Reda\u00e7\u00e3o Portal MF\"},\"description\":\"Sejam bem-vindos o portal de informa\u00e7\u00f5es de entretenimento de Feira de Santana, desde 2006 realiza coberturas dos principais eventos com entrevistas exclusivas com as principais personalidades mundiais. Fique conectado tamb\u00e9m nas redes sociais.\",\"sameAs\":[\"http:\/\/www.portalmf.com.br\/\",\"https:\/\/www.facebook.com\/portalmfoficial\",\"https:\/\/www.instagram.com\/portalmf\/\",\"https:\/\/x.com\/https:\/\/x.com\/portalmfoficial\",\"https:\/\/www.youtube.com\/@portalmfoficial\"],\"url\":\"https:\/\/portalmf.com.br\/index.php\/author\/junior\/\"}]}<\/script>\n<!-- \/ Yoast SEO plugin. -->","yoast_head_json":{"title":"Cl\u00ednica SINS completa 2 anos com atendimento priorit\u00e1rio para segurados Planserv, especialmente para crian\u00e7as - Portal MF","robots":{"index":"index","follow":"follow","max-snippet":"max-snippet:-1","max-image-preview":"max-image-preview:large","max-video-preview":"max-video-preview:-1"},"canonical":"https:\/\/portalmf.com.br\/index.php\/2023\/09\/01\/clinica-sins-completa-2-anos-com-atendimento-prioritario-para-segurados-planserv-especialmente-para-criancas\/","og_locale":"pt_BR","og_type":"article","og_title":"Cl\u00ednica SINS completa 2 anos com atendimento priorit\u00e1rio para segurados Planserv, especialmente para crian\u00e7as - Portal MF","og_description":"A cl\u00ednica SINS completa hoje 2 anos de atua\u00e7\u00e3o em Feira de Santana, com total prioridade para segurados do Planserv. Nesses dois anos, esta unidade tem se tornado a principal refer\u00eancia em agilidade no atendimento junto ao plano de sa\u00fade estadual, especialmente, para as crian\u00e7as. O atendimento em Pediatria, por exemplo, conta com um programa [&hellip;]","og_url":"https:\/\/portalmf.com.br\/index.php\/2023\/09\/01\/clinica-sins-completa-2-anos-com-atendimento-prioritario-para-segurados-planserv-especialmente-para-criancas\/","og_site_name":"Portal MF","article_author":"https:\/\/www.facebook.com\/portalmfoficial","article_published_time":"2023-09-01T19:11:38+00:00","article_modified_time":"2023-09-01T19:11:44+00:00","og_image":[{"width":1077,"height":1436,"url":"https:\/\/portalmf.com.br\/wp-content\/uploads\/2023\/09\/Clinica-SINS.jpeg","type":"image\/jpeg"}],"author":"Reda\u00e7\u00e3o Portal MF","twitter_card":"summary_large_image","twitter_creator":"@https:\/\/x.com\/portalmfoficial","twitter_misc":{"Escrito por":"Reda\u00e7\u00e3o Portal MF","Est. tempo de leitura":"3 minutos"},"schema":{"@context":"https:\/\/schema.org","@graph":[{"@type":"WebPage","@id":"https:\/\/portalmf.com.br\/index.php\/2023\/09\/01\/clinica-sins-completa-2-anos-com-atendimento-prioritario-para-segurados-planserv-especialmente-para-criancas\/","url":"https:\/\/portalmf.com.br\/index.php\/2023\/09\/01\/clinica-sins-completa-2-anos-com-atendimento-prioritario-para-segurados-planserv-especialmente-para-criancas\/","name":"Cl\u00ednica SINS completa 2 anos com atendimento priorit\u00e1rio para segurados Planserv, especialmente para crian\u00e7as - Portal MF","isPartOf":{"@id":"https:\/\/portalmf.com.br\/#website"},"primaryImageOfPage":{"@id":"https:\/\/portalmf.com.br\/index.php\/2023\/09\/01\/clinica-sins-completa-2-anos-com-atendimento-prioritario-para-segurados-planserv-especialmente-para-criancas\/#primaryimage"},"image":{"@id":"https:\/\/portalmf.com.br\/index.php\/2023\/09\/01\/clinica-sins-completa-2-anos-com-atendimento-prioritario-para-segurados-planserv-especialmente-para-criancas\/#primaryimage"},"thumbnailUrl":"https:\/\/portalmf.com.br\/wp-content\/uploads\/2023\/09\/Clinica-SINS.jpeg","datePublished":"2023-09-01T19:11:38+00:00","dateModified":"2023-09-01T19:11:44+00:00","author":{"@id":"https:\/\/portalmf.com.br\/#\/schema\/person\/9ec101baf56233e53520c26de5d6f6f0"},"breadcrumb":{"@id":"https:\/\/portalmf.com.br\/index.php\/2023\/09\/01\/clinica-sins-completa-2-anos-com-atendimento-prioritario-para-segurados-planserv-especialmente-para-criancas\/#breadcrumb"},"inLanguage":"pt-BR","potentialAction":[{"@type":"ReadAction","target":["https:\/\/portalmf.com.br\/index.php\/2023\/09\/01\/clinica-sins-completa-2-anos-com-atendimento-prioritario-para-segurados-planserv-especialmente-para-criancas\/"]}]},{"@type":"ImageObject","inLanguage":"pt-BR","@id":"https:\/\/portalmf.com.br\/index.php\/2023\/09\/01\/clinica-sins-completa-2-anos-com-atendimento-prioritario-para-segurados-planserv-especialmente-para-criancas\/#primaryimage","url":"https:\/\/portalmf.com.br\/wp-content\/uploads\/2023\/09\/Clinica-SINS.jpeg","contentUrl":"https:\/\/portalmf.com.br\/wp-content\/uploads\/2023\/09\/Clinica-SINS.jpeg","width":1077,"height":1436},{"@type":"BreadcrumbList","@id":"https:\/\/portalmf.com.br\/index.php\/2023\/09\/01\/clinica-sins-completa-2-anos-com-atendimento-prioritario-para-segurados-planserv-especialmente-para-criancas\/#breadcrumb","itemListElement":[{"@type":"ListItem","position":1,"name":"In\u00edcio","item":"https:\/\/portalmf.com.br\/"},{"@type":"ListItem","position":2,"name":"Cl\u00ednica SINS completa 2 anos com atendimento priorit\u00e1rio para segurados Planserv, especialmente para crian\u00e7as"}]},{"@type":"WebSite","@id":"https:\/\/portalmf.com.br\/#website","url":"https:\/\/portalmf.com.br\/","name":"Portal MF","description":"Voc\u00ea conectado com a informa\u00e7\u00e3o","potentialAction":[{"@type":"SearchAction","target":{"@type":"EntryPoint","urlTemplate":"https:\/\/portalmf.com.br\/?s={search_term_string}"},"query-input":"required name=search_term_string"}],"inLanguage":"pt-BR"},{"@type":"Person","@id":"https:\/\/portalmf.com.br\/#\/schema\/person\/9ec101baf56233e53520c26de5d6f6f0","name":"Reda\u00e7\u00e3o Portal MF","image":{"@type":"ImageObject","inLanguage":"pt-BR","@id":"https:\/\/portalmf.com.br\/#\/schema\/person\/image\/","url":"https:\/\/secure.gravatar.com\/avatar\/41b9aaeb2100835f7c64362330f74c7f?s=96&d=mm&r=g","contentUrl":"https:\/\/secure.gravatar.com\/avatar\/41b9aaeb2100835f7c64362330f74c7f?s=96&d=mm&r=g","caption":"Reda\u00e7\u00e3o Portal MF"},"description":"Sejam bem-vindos o portal de informa\u00e7\u00f5es de entretenimento de Feira de Santana, desde 2006 realiza coberturas dos principais eventos com entrevistas exclusivas com as principais personalidades mundiais. Fique conectado tamb\u00e9m nas redes sociais.","sameAs":["http:\/\/www.portalmf.com.br\/","https:\/\/www.facebook.com\/portalmfoficial","https:\/\/www.instagram.com\/portalmf\/","https:\/\/x.com\/https:\/\/x.com\/portalmfoficial","https:\/\/www.youtube.com\/@portalmfoficial"],"url":"https:\/\/portalmf.com.br\/index.php\/author\/junior\/"}]}},"_links":{"self":[{"href":"https:\/\/portalmf.com.br\/index.php\/wp-json\/wp\/v2\/posts\/17130"}],"collection":[{"href":"https:\/\/portalmf.com.br\/index.php\/wp-json\/wp\/v2\/posts"}],"about":[{"href":"https:\/\/portalmf.com.br\/index.php\/wp-json\/wp\/v2\/types\/post"}],"author":[{"embeddable":true,"href":"https:\/\/portalmf.com.br\/index.php\/wp-json\/wp\/v2\/users\/3"}],"replies":[{"embeddable":true,"href":"https:\/\/portalmf.com.br\/index.php\/wp-json\/wp\/v2\/comments?post=17130"}],"version-history":[{"count":1,"href":"https:\/\/portalmf.com.br\/index.php\/wp-json\/wp\/v2\/posts\/17130\/revisions"}],"predecessor-version":[{"id":17132,"href":"https:\/\/portalmf.com.br\/index.php\/wp-json\/wp\/v2\/posts\/17130\/revisions\/17132"}],"wp:featuredmedia":[{"embeddable":true,"href":"https:\/\/portalmf.com.br\/index.php\/wp-json\/wp\/v2\/media\/17131"}],"wp:attachment":[{"href":"https:\/\/portalmf.com.br\/index.php\/wp-json\/wp\/v2\/media?parent=17130"}],"wp:term":[{"taxonomy":"category","embeddable":true,"href":"https:\/\/portalmf.com.br\/index.php\/wp-json\/wp\/v2\/categories?post=17130"},{"taxonomy":"post_tag","embeddable":true,"href":"https:\/\/portalmf.com.br\/index.php\/wp-json\/wp\/v2\/tags?post=17130"}],"curies":[{"name":"wp","href":"https:\/\/api.w.org\/{rel}","templated":true}]}}