{"id":17108,"date":"2023-09-01T15:21:06","date_gmt":"2023-09-01T18:21:06","guid":{"rendered":"https:\/\/portalmf.com.br\/?p=17108"},"modified":"2023-09-01T15:21:12","modified_gmt":"2023-09-01T18:21:12","slug":"ceo-da-rede-alpha-fitness-recebe-homenagem-na-assembleia-legislativa-da-bahia-nesta-sexta-01","status":"publish","type":"post","link":"https:\/\/portalmf.com.br\/index.php\/2023\/09\/01\/ceo-da-rede-alpha-fitness-recebe-homenagem-na-assembleia-legislativa-da-bahia-nesta-sexta-01\/","title":{"rendered":"CEO da Rede Alpha Fitness recebe homenagem na Assembleia Legislativa da Bahia nesta sexta (01)"},"content":{"rendered":"\n<p>No dia 01 de setembro \u00e9 comemorado o Dia do Profissional de Educa\u00e7\u00e3o F\u00edsica e, por conta disso, na manh\u00e3 desta sexta-feira, foi realizada uma cerim\u00f4nia na Assembleia Legislativa da Bahia, em Salvador, em homenagem aos profissionais da \u00e1rea. <\/p>\n\n\n\n<p>Na ocasi\u00e3o, o CEO da Rede Alpha Fitness, Leandro Cardoso, que se graduou na \u00e1rea, recebeu a medalha da Educa\u00e7\u00e3o F\u00edsica Carlos de Souza Pimentel, representando todos os profissionais que fazem parte da Rede. <\/p>\n\n\n\n<p>\u201cEssa medalha representa uma homenagem a todos os profissionais da \u00e1rea, que tanto se dedicam em servir ao pr\u00f3ximo, promovendo sa\u00fade, bem-estar e qualidade de vida. Recebo essa medalha hoje, mas compartilho ela com todos os colegas e todos os amigos e colaboradores da Rede Alpha Fitness\u201d, disse Leandro.<\/p>\n","protected":false},"excerpt":{"rendered":"<p>No dia 01 de setembro \u00e9 comemorado o Dia do Profissional de Educa\u00e7\u00e3o F\u00edsica e, por conta disso, na manh\u00e3 desta sexta-feira, foi realizada uma cerim\u00f4nia na Assembleia Legislativa da Bahia, em Salvador, em homenagem aos profissionais da \u00e1rea. Na ocasi\u00e3o, o CEO da Rede Alpha Fitness, Leandro Cardoso, que se graduou na \u00e1rea, recebeu [&hellip;]<\/p>\n","protected":false},"author":3,"featured_media":17109,"comment_status":"open","ping_status":"open","sticky":false,"template":"","format":"standard","meta":{"_monsterinsights_skip_tracking":false,"_monsterinsights_sitenote_active":false,"_monsterinsights_sitenote_note":"","_monsterinsights_sitenote_category":0,"footnotes":""},"categories":[295],"tags":[],"yoast_head":"<!-- This site is optimized with the Yoast SEO plugin v22.9 - https:\/\/yoast.com\/wordpress\/plugins\/seo\/ -->\n<title>CEO da Rede Alpha Fitness recebe homenagem na Assembleia Legislativa da Bahia nesta sexta (01) - Portal MF<\/title>\n<meta name=\"robots\" content=\"index, follow, max-snippet:-1, max-image-preview:large, max-video-preview:-1\" \/>\n<link rel=\"canonical\" href=\"https:\/\/portalmf.com.br\/index.php\/2023\/09\/01\/ceo-da-rede-alpha-fitness-recebe-homenagem-na-assembleia-legislativa-da-bahia-nesta-sexta-01\/\" \/>\n<meta property=\"og:locale\" content=\"pt_BR\" \/>\n<meta property=\"og:type\" content=\"article\" \/>\n<meta property=\"og:title\" content=\"CEO da Rede Alpha Fitness recebe homenagem na Assembleia Legislativa da Bahia nesta sexta (01) - Portal MF\" \/>\n<meta property=\"og:description\" content=\"No dia 01 de setembro \u00e9 comemorado o Dia do Profissional de Educa\u00e7\u00e3o F\u00edsica e, por conta disso, na manh\u00e3 desta sexta-feira, foi realizada uma cerim\u00f4nia na Assembleia Legislativa da Bahia, em Salvador, em homenagem aos profissionais da \u00e1rea. Na ocasi\u00e3o, o CEO da Rede Alpha Fitness, Leandro Cardoso, que se graduou na \u00e1rea, recebeu [&hellip;]\" \/>\n<meta property=\"og:url\" content=\"https:\/\/portalmf.com.br\/index.php\/2023\/09\/01\/ceo-da-rede-alpha-fitness-recebe-homenagem-na-assembleia-legislativa-da-bahia-nesta-sexta-01\/\" \/>\n<meta property=\"og:site_name\" content=\"Portal MF\" \/>\n<meta property=\"article:author\" content=\"https:\/\/www.facebook.com\/portalmfoficial\" \/>\n<meta property=\"article:published_time\" content=\"2023-09-01T18:21:06+00:00\" \/>\n<meta property=\"article:modified_time\" content=\"2023-09-01T18:21:12+00:00\" \/>\n<meta property=\"og:image\" content=\"https:\/\/portalmf.com.br\/wp-content\/uploads\/2023\/09\/WhatsApp-Image-2023-09-01-at-14.54.29.jpeg\" \/>\n\t<meta property=\"og:image:width\" content=\"1200\" \/>\n\t<meta property=\"og:image:height\" content=\"865\" \/>\n\t<meta property=\"og:image:type\" content=\"image\/jpeg\" \/>\n<meta name=\"author\" content=\"Reda\u00e7\u00e3o Portal MF\" \/>\n<meta name=\"twitter:card\" content=\"summary_large_image\" \/>\n<meta name=\"twitter:creator\" content=\"@https:\/\/x.com\/portalmfoficial\" \/>\n<meta name=\"twitter:label1\" content=\"Escrito por\" \/>\n\t<meta name=\"twitter:data1\" content=\"Reda\u00e7\u00e3o Portal MF\" \/>\n\t<meta name=\"twitter:label2\" content=\"Est. tempo de leitura\" \/>\n\t<meta name=\"twitter:data2\" content=\"1 minuto\" \/>\n<script type=\"application\/ld+json\" class=\"yoast-schema-graph\">{\"@context\":\"https:\/\/schema.org\",\"@graph\":[{\"@type\":\"WebPage\",\"@id\":\"https:\/\/portalmf.com.br\/index.php\/2023\/09\/01\/ceo-da-rede-alpha-fitness-recebe-homenagem-na-assembleia-legislativa-da-bahia-nesta-sexta-01\/\",\"url\":\"https:\/\/portalmf.com.br\/index.php\/2023\/09\/01\/ceo-da-rede-alpha-fitness-recebe-homenagem-na-assembleia-legislativa-da-bahia-nesta-sexta-01\/\",\"name\":\"CEO da Rede Alpha Fitness recebe homenagem na Assembleia Legislativa da Bahia nesta sexta (01) - Portal MF\",\"isPartOf\":{\"@id\":\"https:\/\/portalmf.com.br\/#website\"},\"primaryImageOfPage\":{\"@id\":\"https:\/\/portalmf.com.br\/index.php\/2023\/09\/01\/ceo-da-rede-alpha-fitness-recebe-homenagem-na-assembleia-legislativa-da-bahia-nesta-sexta-01\/#primaryimage\"},\"image\":{\"@id\":\"https:\/\/portalmf.com.br\/index.php\/2023\/09\/01\/ceo-da-rede-alpha-fitness-recebe-homenagem-na-assembleia-legislativa-da-bahia-nesta-sexta-01\/#primaryimage\"},\"thumbnailUrl\":\"https:\/\/portalmf.com.br\/wp-content\/uploads\/2023\/09\/WhatsApp-Image-2023-09-01-at-14.54.29.jpeg\",\"datePublished\":\"2023-09-01T18:21:06+00:00\",\"dateModified\":\"2023-09-01T18:21:12+00:00\",\"author\":{\"@id\":\"https:\/\/portalmf.com.br\/#\/schema\/person\/9ec101baf56233e53520c26de5d6f6f0\"},\"breadcrumb\":{\"@id\":\"https:\/\/portalmf.com.br\/index.php\/2023\/09\/01\/ceo-da-rede-alpha-fitness-recebe-homenagem-na-assembleia-legislativa-da-bahia-nesta-sexta-01\/#breadcrumb\"},\"inLanguage\":\"pt-BR\",\"potentialAction\":[{\"@type\":\"ReadAction\",\"target\":[\"https:\/\/portalmf.com.br\/index.php\/2023\/09\/01\/ceo-da-rede-alpha-fitness-recebe-homenagem-na-assembleia-legislativa-da-bahia-nesta-sexta-01\/\"]}]},{\"@type\":\"ImageObject\",\"inLanguage\":\"pt-BR\",\"@id\":\"https:\/\/portalmf.com.br\/index.php\/2023\/09\/01\/ceo-da-rede-alpha-fitness-recebe-homenagem-na-assembleia-legislativa-da-bahia-nesta-sexta-01\/#primaryimage\",\"url\":\"https:\/\/portalmf.com.br\/wp-content\/uploads\/2023\/09\/WhatsApp-Image-2023-09-01-at-14.54.29.jpeg\",\"contentUrl\":\"https:\/\/portalmf.com.br\/wp-content\/uploads\/2023\/09\/WhatsApp-Image-2023-09-01-at-14.54.29.jpeg\",\"width\":1200,\"height\":865},{\"@type\":\"BreadcrumbList\",\"@id\":\"https:\/\/portalmf.com.br\/index.php\/2023\/09\/01\/ceo-da-rede-alpha-fitness-recebe-homenagem-na-assembleia-legislativa-da-bahia-nesta-sexta-01\/#breadcrumb\",\"itemListElement\":[{\"@type\":\"ListItem\",\"position\":1,\"name\":\"In\u00edcio\",\"item\":\"https:\/\/portalmf.com.br\/\"},{\"@type\":\"ListItem\",\"position\":2,\"name\":\"CEO da Rede Alpha Fitness recebe homenagem na Assembleia Legislativa da Bahia nesta sexta (01)\"}]},{\"@type\":\"WebSite\",\"@id\":\"https:\/\/portalmf.com.br\/#website\",\"url\":\"https:\/\/portalmf.com.br\/\",\"name\":\"Portal MF\",\"description\":\"Voc\u00ea conectado com a informa\u00e7\u00e3o\",\"potentialAction\":[{\"@type\":\"SearchAction\",\"target\":{\"@type\":\"EntryPoint\",\"urlTemplate\":\"https:\/\/portalmf.com.br\/?s={search_term_string}\"},\"query-input\":\"required name=search_term_string\"}],\"inLanguage\":\"pt-BR\"},{\"@type\":\"Person\",\"@id\":\"https:\/\/portalmf.com.br\/#\/schema\/person\/9ec101baf56233e53520c26de5d6f6f0\",\"name\":\"Reda\u00e7\u00e3o Portal MF\",\"image\":{\"@type\":\"ImageObject\",\"inLanguage\":\"pt-BR\",\"@id\":\"https:\/\/portalmf.com.br\/#\/schema\/person\/image\/\",\"url\":\"https:\/\/secure.gravatar.com\/avatar\/41b9aaeb2100835f7c64362330f74c7f?s=96&d=mm&r=g\",\"contentUrl\":\"https:\/\/secure.gravatar.com\/avatar\/41b9aaeb2100835f7c64362330f74c7f?s=96&d=mm&r=g\",\"caption\":\"Reda\u00e7\u00e3o Portal MF\"},\"description\":\"Sejam bem-vindos o portal de informa\u00e7\u00f5es de entretenimento de Feira de Santana, desde 2006 realiza coberturas dos principais eventos com entrevistas exclusivas com as principais personalidades mundiais. Fique conectado tamb\u00e9m nas redes sociais.\",\"sameAs\":[\"http:\/\/www.portalmf.com.br\/\",\"https:\/\/www.facebook.com\/portalmfoficial\",\"https:\/\/www.instagram.com\/portalmf\/\",\"https:\/\/x.com\/https:\/\/x.com\/portalmfoficial\",\"https:\/\/www.youtube.com\/@portalmfoficial\"],\"url\":\"https:\/\/portalmf.com.br\/index.php\/author\/junior\/\"}]}<\/script>\n<!-- \/ Yoast SEO plugin. -->","yoast_head_json":{"title":"CEO da Rede Alpha Fitness recebe homenagem na Assembleia Legislativa da Bahia nesta sexta (01) - Portal MF","robots":{"index":"index","follow":"follow","max-snippet":"max-snippet:-1","max-image-preview":"max-image-preview:large","max-video-preview":"max-video-preview:-1"},"canonical":"https:\/\/portalmf.com.br\/index.php\/2023\/09\/01\/ceo-da-rede-alpha-fitness-recebe-homenagem-na-assembleia-legislativa-da-bahia-nesta-sexta-01\/","og_locale":"pt_BR","og_type":"article","og_title":"CEO da Rede Alpha Fitness recebe homenagem na Assembleia Legislativa da Bahia nesta sexta (01) - Portal MF","og_description":"No dia 01 de setembro \u00e9 comemorado o Dia do Profissional de Educa\u00e7\u00e3o F\u00edsica e, por conta disso, na manh\u00e3 desta sexta-feira, foi realizada uma cerim\u00f4nia na Assembleia Legislativa da Bahia, em Salvador, em homenagem aos profissionais da \u00e1rea. Na ocasi\u00e3o, o CEO da Rede Alpha Fitness, Leandro Cardoso, que se graduou na \u00e1rea, recebeu [&hellip;]","og_url":"https:\/\/portalmf.com.br\/index.php\/2023\/09\/01\/ceo-da-rede-alpha-fitness-recebe-homenagem-na-assembleia-legislativa-da-bahia-nesta-sexta-01\/","og_site_name":"Portal MF","article_author":"https:\/\/www.facebook.com\/portalmfoficial","article_published_time":"2023-09-01T18:21:06+00:00","article_modified_time":"2023-09-01T18:21:12+00:00","og_image":[{"width":1200,"height":865,"url":"https:\/\/portalmf.com.br\/wp-content\/uploads\/2023\/09\/WhatsApp-Image-2023-09-01-at-14.54.29.jpeg","type":"image\/jpeg"}],"author":"Reda\u00e7\u00e3o Portal MF","twitter_card":"summary_large_image","twitter_creator":"@https:\/\/x.com\/portalmfoficial","twitter_misc":{"Escrito por":"Reda\u00e7\u00e3o Portal MF","Est. tempo de leitura":"1 minuto"},"schema":{"@context":"https:\/\/schema.org","@graph":[{"@type":"WebPage","@id":"https:\/\/portalmf.com.br\/index.php\/2023\/09\/01\/ceo-da-rede-alpha-fitness-recebe-homenagem-na-assembleia-legislativa-da-bahia-nesta-sexta-01\/","url":"https:\/\/portalmf.com.br\/index.php\/2023\/09\/01\/ceo-da-rede-alpha-fitness-recebe-homenagem-na-assembleia-legislativa-da-bahia-nesta-sexta-01\/","name":"CEO da Rede Alpha Fitness recebe homenagem na Assembleia Legislativa da Bahia nesta sexta (01) - Portal MF","isPartOf":{"@id":"https:\/\/portalmf.com.br\/#website"},"primaryImageOfPage":{"@id":"https:\/\/portalmf.com.br\/index.php\/2023\/09\/01\/ceo-da-rede-alpha-fitness-recebe-homenagem-na-assembleia-legislativa-da-bahia-nesta-sexta-01\/#primaryimage"},"image":{"@id":"https:\/\/portalmf.com.br\/index.php\/2023\/09\/01\/ceo-da-rede-alpha-fitness-recebe-homenagem-na-assembleia-legislativa-da-bahia-nesta-sexta-01\/#primaryimage"},"thumbnailUrl":"https:\/\/portalmf.com.br\/wp-content\/uploads\/2023\/09\/WhatsApp-Image-2023-09-01-at-14.54.29.jpeg","datePublished":"2023-09-01T18:21:06+00:00","dateModified":"2023-09-01T18:21:12+00:00","author":{"@id":"https:\/\/portalmf.com.br\/#\/schema\/person\/9ec101baf56233e53520c26de5d6f6f0"},"breadcrumb":{"@id":"https:\/\/portalmf.com.br\/index.php\/2023\/09\/01\/ceo-da-rede-alpha-fitness-recebe-homenagem-na-assembleia-legislativa-da-bahia-nesta-sexta-01\/#breadcrumb"},"inLanguage":"pt-BR","potentialAction":[{"@type":"ReadAction","target":["https:\/\/portalmf.com.br\/index.php\/2023\/09\/01\/ceo-da-rede-alpha-fitness-recebe-homenagem-na-assembleia-legislativa-da-bahia-nesta-sexta-01\/"]}]},{"@type":"ImageObject","inLanguage":"pt-BR","@id":"https:\/\/portalmf.com.br\/index.php\/2023\/09\/01\/ceo-da-rede-alpha-fitness-recebe-homenagem-na-assembleia-legislativa-da-bahia-nesta-sexta-01\/#primaryimage","url":"https:\/\/portalmf.com.br\/wp-content\/uploads\/2023\/09\/WhatsApp-Image-2023-09-01-at-14.54.29.jpeg","contentUrl":"https:\/\/portalmf.com.br\/wp-content\/uploads\/2023\/09\/WhatsApp-Image-2023-09-01-at-14.54.29.jpeg","width":1200,"height":865},{"@type":"BreadcrumbList","@id":"https:\/\/portalmf.com.br\/index.php\/2023\/09\/01\/ceo-da-rede-alpha-fitness-recebe-homenagem-na-assembleia-legislativa-da-bahia-nesta-sexta-01\/#breadcrumb","itemListElement":[{"@type":"ListItem","position":1,"name":"In\u00edcio","item":"https:\/\/portalmf.com.br\/"},{"@type":"ListItem","position":2,"name":"CEO da Rede Alpha Fitness recebe homenagem na Assembleia Legislativa da Bahia nesta sexta (01)"}]},{"@type":"WebSite","@id":"https:\/\/portalmf.com.br\/#website","url":"https:\/\/portalmf.com.br\/","name":"Portal MF","description":"Voc\u00ea conectado com a informa\u00e7\u00e3o","potentialAction":[{"@type":"SearchAction","target":{"@type":"EntryPoint","urlTemplate":"https:\/\/portalmf.com.br\/?s={search_term_string}"},"query-input":"required name=search_term_string"}],"inLanguage":"pt-BR"},{"@type":"Person","@id":"https:\/\/portalmf.com.br\/#\/schema\/person\/9ec101baf56233e53520c26de5d6f6f0","name":"Reda\u00e7\u00e3o Portal MF","image":{"@type":"ImageObject","inLanguage":"pt-BR","@id":"https:\/\/portalmf.com.br\/#\/schema\/person\/image\/","url":"https:\/\/secure.gravatar.com\/avatar\/41b9aaeb2100835f7c64362330f74c7f?s=96&d=mm&r=g","contentUrl":"https:\/\/secure.gravatar.com\/avatar\/41b9aaeb2100835f7c64362330f74c7f?s=96&d=mm&r=g","caption":"Reda\u00e7\u00e3o Portal MF"},"description":"Sejam bem-vindos o portal de informa\u00e7\u00f5es de entretenimento de Feira de Santana, desde 2006 realiza coberturas dos principais eventos com entrevistas exclusivas com as principais personalidades mundiais. Fique conectado tamb\u00e9m nas redes sociais.","sameAs":["http:\/\/www.portalmf.com.br\/","https:\/\/www.facebook.com\/portalmfoficial","https:\/\/www.instagram.com\/portalmf\/","https:\/\/x.com\/https:\/\/x.com\/portalmfoficial","https:\/\/www.youtube.com\/@portalmfoficial"],"url":"https:\/\/portalmf.com.br\/index.php\/author\/junior\/"}]}},"_links":{"self":[{"href":"https:\/\/portalmf.com.br\/index.php\/wp-json\/wp\/v2\/posts\/17108"}],"collection":[{"href":"https:\/\/portalmf.com.br\/index.php\/wp-json\/wp\/v2\/posts"}],"about":[{"href":"https:\/\/portalmf.com.br\/index.php\/wp-json\/wp\/v2\/types\/post"}],"author":[{"embeddable":true,"href":"https:\/\/portalmf.com.br\/index.php\/wp-json\/wp\/v2\/users\/3"}],"replies":[{"embeddable":true,"href":"https:\/\/portalmf.com.br\/index.php\/wp-json\/wp\/v2\/comments?post=17108"}],"version-history":[{"count":1,"href":"https:\/\/portalmf.com.br\/index.php\/wp-json\/wp\/v2\/posts\/17108\/revisions"}],"predecessor-version":[{"id":17110,"href":"https:\/\/portalmf.com.br\/index.php\/wp-json\/wp\/v2\/posts\/17108\/revisions\/17110"}],"wp:featuredmedia":[{"embeddable":true,"href":"https:\/\/portalmf.com.br\/index.php\/wp-json\/wp\/v2\/media\/17109"}],"wp:attachment":[{"href":"https:\/\/portalmf.com.br\/index.php\/wp-json\/wp\/v2\/media?parent=17108"}],"wp:term":[{"taxonomy":"category","embeddable":true,"href":"https:\/\/portalmf.com.br\/index.php\/wp-json\/wp\/v2\/categories?post=17108"},{"taxonomy":"post_tag","embeddable":true,"href":"https:\/\/portalmf.com.br\/index.php\/wp-json\/wp\/v2\/tags?post=17108"}],"curies":[{"name":"wp","href":"https:\/\/api.w.org\/{rel}","templated":true}]}}