{"id":16762,"date":"2023-08-25T12:39:00","date_gmt":"2023-08-25T15:39:00","guid":{"rendered":"https:\/\/portalmf.com.br\/?p=16762"},"modified":"2023-08-25T17:41:37","modified_gmt":"2023-08-25T20:41:37","slug":"pt-indica-robinson-como-pre-candidato-para-salvador","status":"publish","type":"post","link":"https:\/\/portalmf.com.br\/index.php\/2023\/08\/25\/pt-indica-robinson-como-pre-candidato-para-salvador\/","title":{"rendered":"PT indica Robinson como pr\u00e9-candidato para Salvador"},"content":{"rendered":"\n<p>O Diret\u00f3rio Municipal do Partido dos Trabalhadores de Salvador aprovou por maioria, em reuni\u00e3o na noite desta quinta-feira (24), a indica\u00e7\u00e3o do nome do deputado estadual Robinson Almeida para disputar a prefeitura da capital nas elei\u00e7\u00f5es de 2024. A reuni\u00e3o foi conduzida pela presidenta da sigla, Cema Mosil, e contou com a participa\u00e7\u00e3o de lideran\u00e7as e dirigentes de v\u00e1rias tend\u00eancias do partido.<\/p>\n\n\n\n<p>L\u00edder da Federa\u00e7\u00e3o PT, PC Do B e PV na Assembleia Legislativa, Robinson conquistou o apoio da maioria das correntes internas e da milit\u00e2ncia petista depois de disponibilizar seu nome no processo e defender uma candidatura pr\u00f3pria do PT, com a constru\u00e7\u00e3o e apresenta\u00e7\u00e3o de um programa para a cidade que esteja alinhado com os projetos liderados pelo presidente Lula e pelo governador Jer\u00f4nimo Rodrigues.<\/p>\n\n\n\n<p>Em julho, em reuni\u00e3o da executiva municipal, o PT j\u00e1 tinha aprovado, em decis\u00e3o consensual dos membros do Diret\u00f3rio, a candidatura pr\u00f3pria do partido para a Prefeitura de Salvador em 2024, advogando a for\u00e7a do 13 na cidade. Nos \u00faltimos 30 dias, os di\u00e1logos foram conduzidos para a defini\u00e7\u00e3o do nome. Cema MoSil parabenizou a lembran\u00e7a, por dirigentes e militantes, dos nomes da soci\u00f3loga Vilma Reis e da vereadora licenciada Maria Marighella, e tamb\u00e9m parabenizou o militante social Rodrigo Pereira, que colocou seu nomes \u00e0 disposi\u00e7\u00e3o do partido em abril. Ela destacou que o Partido dos Trabalhadores mostrou, mais uma vez, sua for\u00e7a democr\u00e1tica, com a participa\u00e7\u00e3o de toda sua base social no processo, e que o desafio agora \u00e9 pensar Salvador.<\/p>\n\n\n\n<p><em>\u201cNesse per\u00edodo fizemos v\u00e1rios di\u00e1logos da comiss\u00e3o executiva e dos seus grupos de trabalho, ouvindo as tend\u00eancias, os dirigentes e toda a milit\u00e2ncia. Agora, tamb\u00e9m atrav\u00e9s de uma decis\u00e3o democr\u00e1tica da maioria, chegamos a um consenso em torno do nome do companheiro Robinson Almeida. Essa \u00e9 uma decis\u00e3o madura e, portanto, muito importante para o Partido dos Trabalhadores. Agora vamos pensar Salvador, apresentar um programa, um modelo de gest\u00e3o que cuide melhor de nossa gente\u201d<\/em>, afirmou Cema.<\/p>\n\n\n\n<p>O l\u00edder do PT na C\u00e2mara de Vereadores, Tiago Ferreira, destacou a necessidade de Salvador ter uma gest\u00e3o alinhada com a Bahia e o Brasil que cuide de gente.<\/p>\n\n\n\n<p><em>\u201cAgora vamos apresentar o nome do PT, do companheiro Robinson Almeida, a Federa\u00e7\u00e3o, ao governador Jer\u00f4nimo Rodrigues, ao conselho pol\u00edtico da base aliada e construir uma alian\u00e7a program\u00e1tica por Salvador, que precisa cuidar melhor de gente e estar alinhada com a Bahia e o Brasil\u201d,<\/em> destacou Tiago.<\/p>\n","protected":false},"excerpt":{"rendered":"<p>O Diret\u00f3rio Municipal do Partido dos Trabalhadores de Salvador aprovou por maioria, em reuni\u00e3o na noite desta quinta-feira (24), a indica\u00e7\u00e3o do nome do deputado estadual Robinson Almeida para disputar a prefeitura da capital nas elei\u00e7\u00f5es de 2024. A reuni\u00e3o foi conduzida pela presidenta da sigla, Cema Mosil, e contou com a participa\u00e7\u00e3o de lideran\u00e7as [&hellip;]<\/p>\n","protected":false},"author":3,"featured_media":16763,"comment_status":"open","ping_status":"open","sticky":false,"template":"","format":"standard","meta":{"_monsterinsights_skip_tracking":false,"_monsterinsights_sitenote_active":false,"_monsterinsights_sitenote_note":"","_monsterinsights_sitenote_category":0,"footnotes":""},"categories":[301,34],"tags":[],"yoast_head":"<!-- This site is optimized with the Yoast SEO plugin v22.9 - https:\/\/yoast.com\/wordpress\/plugins\/seo\/ -->\n<title>PT indica Robinson como pr\u00e9-candidato para Salvador - Portal MF<\/title>\n<meta name=\"robots\" content=\"index, follow, max-snippet:-1, max-image-preview:large, max-video-preview:-1\" \/>\n<link rel=\"canonical\" href=\"https:\/\/portalmf.com.br\/index.php\/2023\/08\/25\/pt-indica-robinson-como-pre-candidato-para-salvador\/\" \/>\n<meta property=\"og:locale\" content=\"pt_BR\" \/>\n<meta property=\"og:type\" content=\"article\" \/>\n<meta property=\"og:title\" content=\"PT indica Robinson como pr\u00e9-candidato para Salvador - Portal MF\" \/>\n<meta property=\"og:description\" content=\"O Diret\u00f3rio Municipal do Partido dos Trabalhadores de Salvador aprovou por maioria, em reuni\u00e3o na noite desta quinta-feira (24), a indica\u00e7\u00e3o do nome do deputado estadual Robinson Almeida para disputar a prefeitura da capital nas elei\u00e7\u00f5es de 2024. A reuni\u00e3o foi conduzida pela presidenta da sigla, Cema Mosil, e contou com a participa\u00e7\u00e3o de lideran\u00e7as [&hellip;]\" \/>\n<meta property=\"og:url\" content=\"https:\/\/portalmf.com.br\/index.php\/2023\/08\/25\/pt-indica-robinson-como-pre-candidato-para-salvador\/\" \/>\n<meta property=\"og:site_name\" content=\"Portal MF\" \/>\n<meta property=\"article:author\" content=\"https:\/\/www.facebook.com\/portalmfoficial\" \/>\n<meta property=\"article:published_time\" content=\"2023-08-25T15:39:00+00:00\" \/>\n<meta property=\"article:modified_time\" content=\"2023-08-25T20:41:37+00:00\" \/>\n<meta property=\"og:image\" content=\"https:\/\/portalmf.com.br\/wp-content\/uploads\/2023\/08\/Thiago-Robinson-e-Cema.jpeg\" \/>\n\t<meta property=\"og:image:width\" content=\"1600\" \/>\n\t<meta property=\"og:image:height\" content=\"1200\" \/>\n\t<meta property=\"og:image:type\" content=\"image\/jpeg\" \/>\n<meta name=\"author\" content=\"Reda\u00e7\u00e3o Portal MF\" \/>\n<meta name=\"twitter:card\" content=\"summary_large_image\" \/>\n<meta name=\"twitter:creator\" content=\"@https:\/\/x.com\/portalmfoficial\" \/>\n<meta name=\"twitter:label1\" content=\"Escrito por\" \/>\n\t<meta name=\"twitter:data1\" content=\"Reda\u00e7\u00e3o Portal MF\" \/>\n\t<meta name=\"twitter:label2\" content=\"Est. tempo de leitura\" \/>\n\t<meta name=\"twitter:data2\" content=\"3 minutos\" \/>\n<script type=\"application\/ld+json\" class=\"yoast-schema-graph\">{\"@context\":\"https:\/\/schema.org\",\"@graph\":[{\"@type\":\"WebPage\",\"@id\":\"https:\/\/portalmf.com.br\/index.php\/2023\/08\/25\/pt-indica-robinson-como-pre-candidato-para-salvador\/\",\"url\":\"https:\/\/portalmf.com.br\/index.php\/2023\/08\/25\/pt-indica-robinson-como-pre-candidato-para-salvador\/\",\"name\":\"PT indica Robinson como pr\u00e9-candidato para Salvador - Portal MF\",\"isPartOf\":{\"@id\":\"https:\/\/portalmf.com.br\/#website\"},\"primaryImageOfPage\":{\"@id\":\"https:\/\/portalmf.com.br\/index.php\/2023\/08\/25\/pt-indica-robinson-como-pre-candidato-para-salvador\/#primaryimage\"},\"image\":{\"@id\":\"https:\/\/portalmf.com.br\/index.php\/2023\/08\/25\/pt-indica-robinson-como-pre-candidato-para-salvador\/#primaryimage\"},\"thumbnailUrl\":\"https:\/\/portalmf.com.br\/wp-content\/uploads\/2023\/08\/Thiago-Robinson-e-Cema.jpeg\",\"datePublished\":\"2023-08-25T15:39:00+00:00\",\"dateModified\":\"2023-08-25T20:41:37+00:00\",\"author\":{\"@id\":\"https:\/\/portalmf.com.br\/#\/schema\/person\/9ec101baf56233e53520c26de5d6f6f0\"},\"breadcrumb\":{\"@id\":\"https:\/\/portalmf.com.br\/index.php\/2023\/08\/25\/pt-indica-robinson-como-pre-candidato-para-salvador\/#breadcrumb\"},\"inLanguage\":\"pt-BR\",\"potentialAction\":[{\"@type\":\"ReadAction\",\"target\":[\"https:\/\/portalmf.com.br\/index.php\/2023\/08\/25\/pt-indica-robinson-como-pre-candidato-para-salvador\/\"]}]},{\"@type\":\"ImageObject\",\"inLanguage\":\"pt-BR\",\"@id\":\"https:\/\/portalmf.com.br\/index.php\/2023\/08\/25\/pt-indica-robinson-como-pre-candidato-para-salvador\/#primaryimage\",\"url\":\"https:\/\/portalmf.com.br\/wp-content\/uploads\/2023\/08\/Thiago-Robinson-e-Cema.jpeg\",\"contentUrl\":\"https:\/\/portalmf.com.br\/wp-content\/uploads\/2023\/08\/Thiago-Robinson-e-Cema.jpeg\",\"width\":1600,\"height\":1200},{\"@type\":\"BreadcrumbList\",\"@id\":\"https:\/\/portalmf.com.br\/index.php\/2023\/08\/25\/pt-indica-robinson-como-pre-candidato-para-salvador\/#breadcrumb\",\"itemListElement\":[{\"@type\":\"ListItem\",\"position\":1,\"name\":\"In\u00edcio\",\"item\":\"https:\/\/portalmf.com.br\/\"},{\"@type\":\"ListItem\",\"position\":2,\"name\":\"PT indica Robinson como pr\u00e9-candidato para Salvador\"}]},{\"@type\":\"WebSite\",\"@id\":\"https:\/\/portalmf.com.br\/#website\",\"url\":\"https:\/\/portalmf.com.br\/\",\"name\":\"Portal MF\",\"description\":\"Voc\u00ea conectado com a informa\u00e7\u00e3o\",\"potentialAction\":[{\"@type\":\"SearchAction\",\"target\":{\"@type\":\"EntryPoint\",\"urlTemplate\":\"https:\/\/portalmf.com.br\/?s={search_term_string}\"},\"query-input\":\"required name=search_term_string\"}],\"inLanguage\":\"pt-BR\"},{\"@type\":\"Person\",\"@id\":\"https:\/\/portalmf.com.br\/#\/schema\/person\/9ec101baf56233e53520c26de5d6f6f0\",\"name\":\"Reda\u00e7\u00e3o Portal MF\",\"image\":{\"@type\":\"ImageObject\",\"inLanguage\":\"pt-BR\",\"@id\":\"https:\/\/portalmf.com.br\/#\/schema\/person\/image\/\",\"url\":\"https:\/\/secure.gravatar.com\/avatar\/41b9aaeb2100835f7c64362330f74c7f?s=96&d=mm&r=g\",\"contentUrl\":\"https:\/\/secure.gravatar.com\/avatar\/41b9aaeb2100835f7c64362330f74c7f?s=96&d=mm&r=g\",\"caption\":\"Reda\u00e7\u00e3o Portal MF\"},\"description\":\"Sejam bem-vindos o portal de informa\u00e7\u00f5es de entretenimento de Feira de Santana, desde 2006 realiza coberturas dos principais eventos com entrevistas exclusivas com as principais personalidades mundiais. Fique conectado tamb\u00e9m nas redes sociais.\",\"sameAs\":[\"http:\/\/www.portalmf.com.br\/\",\"https:\/\/www.facebook.com\/portalmfoficial\",\"https:\/\/www.instagram.com\/portalmf\/\",\"https:\/\/x.com\/https:\/\/x.com\/portalmfoficial\",\"https:\/\/www.youtube.com\/@portalmfoficial\"],\"url\":\"https:\/\/portalmf.com.br\/index.php\/author\/junior\/\"}]}<\/script>\n<!-- \/ Yoast SEO plugin. -->","yoast_head_json":{"title":"PT indica Robinson como pr\u00e9-candidato para Salvador - Portal MF","robots":{"index":"index","follow":"follow","max-snippet":"max-snippet:-1","max-image-preview":"max-image-preview:large","max-video-preview":"max-video-preview:-1"},"canonical":"https:\/\/portalmf.com.br\/index.php\/2023\/08\/25\/pt-indica-robinson-como-pre-candidato-para-salvador\/","og_locale":"pt_BR","og_type":"article","og_title":"PT indica Robinson como pr\u00e9-candidato para Salvador - Portal MF","og_description":"O Diret\u00f3rio Municipal do Partido dos Trabalhadores de Salvador aprovou por maioria, em reuni\u00e3o na noite desta quinta-feira (24), a indica\u00e7\u00e3o do nome do deputado estadual Robinson Almeida para disputar a prefeitura da capital nas elei\u00e7\u00f5es de 2024. A reuni\u00e3o foi conduzida pela presidenta da sigla, Cema Mosil, e contou com a participa\u00e7\u00e3o de lideran\u00e7as [&hellip;]","og_url":"https:\/\/portalmf.com.br\/index.php\/2023\/08\/25\/pt-indica-robinson-como-pre-candidato-para-salvador\/","og_site_name":"Portal MF","article_author":"https:\/\/www.facebook.com\/portalmfoficial","article_published_time":"2023-08-25T15:39:00+00:00","article_modified_time":"2023-08-25T20:41:37+00:00","og_image":[{"width":1600,"height":1200,"url":"https:\/\/portalmf.com.br\/wp-content\/uploads\/2023\/08\/Thiago-Robinson-e-Cema.jpeg","type":"image\/jpeg"}],"author":"Reda\u00e7\u00e3o Portal MF","twitter_card":"summary_large_image","twitter_creator":"@https:\/\/x.com\/portalmfoficial","twitter_misc":{"Escrito por":"Reda\u00e7\u00e3o Portal MF","Est. tempo de leitura":"3 minutos"},"schema":{"@context":"https:\/\/schema.org","@graph":[{"@type":"WebPage","@id":"https:\/\/portalmf.com.br\/index.php\/2023\/08\/25\/pt-indica-robinson-como-pre-candidato-para-salvador\/","url":"https:\/\/portalmf.com.br\/index.php\/2023\/08\/25\/pt-indica-robinson-como-pre-candidato-para-salvador\/","name":"PT indica Robinson como pr\u00e9-candidato para Salvador - Portal MF","isPartOf":{"@id":"https:\/\/portalmf.com.br\/#website"},"primaryImageOfPage":{"@id":"https:\/\/portalmf.com.br\/index.php\/2023\/08\/25\/pt-indica-robinson-como-pre-candidato-para-salvador\/#primaryimage"},"image":{"@id":"https:\/\/portalmf.com.br\/index.php\/2023\/08\/25\/pt-indica-robinson-como-pre-candidato-para-salvador\/#primaryimage"},"thumbnailUrl":"https:\/\/portalmf.com.br\/wp-content\/uploads\/2023\/08\/Thiago-Robinson-e-Cema.jpeg","datePublished":"2023-08-25T15:39:00+00:00","dateModified":"2023-08-25T20:41:37+00:00","author":{"@id":"https:\/\/portalmf.com.br\/#\/schema\/person\/9ec101baf56233e53520c26de5d6f6f0"},"breadcrumb":{"@id":"https:\/\/portalmf.com.br\/index.php\/2023\/08\/25\/pt-indica-robinson-como-pre-candidato-para-salvador\/#breadcrumb"},"inLanguage":"pt-BR","potentialAction":[{"@type":"ReadAction","target":["https:\/\/portalmf.com.br\/index.php\/2023\/08\/25\/pt-indica-robinson-como-pre-candidato-para-salvador\/"]}]},{"@type":"ImageObject","inLanguage":"pt-BR","@id":"https:\/\/portalmf.com.br\/index.php\/2023\/08\/25\/pt-indica-robinson-como-pre-candidato-para-salvador\/#primaryimage","url":"https:\/\/portalmf.com.br\/wp-content\/uploads\/2023\/08\/Thiago-Robinson-e-Cema.jpeg","contentUrl":"https:\/\/portalmf.com.br\/wp-content\/uploads\/2023\/08\/Thiago-Robinson-e-Cema.jpeg","width":1600,"height":1200},{"@type":"BreadcrumbList","@id":"https:\/\/portalmf.com.br\/index.php\/2023\/08\/25\/pt-indica-robinson-como-pre-candidato-para-salvador\/#breadcrumb","itemListElement":[{"@type":"ListItem","position":1,"name":"In\u00edcio","item":"https:\/\/portalmf.com.br\/"},{"@type":"ListItem","position":2,"name":"PT indica Robinson como pr\u00e9-candidato para Salvador"}]},{"@type":"WebSite","@id":"https:\/\/portalmf.com.br\/#website","url":"https:\/\/portalmf.com.br\/","name":"Portal MF","description":"Voc\u00ea conectado com a informa\u00e7\u00e3o","potentialAction":[{"@type":"SearchAction","target":{"@type":"EntryPoint","urlTemplate":"https:\/\/portalmf.com.br\/?s={search_term_string}"},"query-input":"required name=search_term_string"}],"inLanguage":"pt-BR"},{"@type":"Person","@id":"https:\/\/portalmf.com.br\/#\/schema\/person\/9ec101baf56233e53520c26de5d6f6f0","name":"Reda\u00e7\u00e3o Portal MF","image":{"@type":"ImageObject","inLanguage":"pt-BR","@id":"https:\/\/portalmf.com.br\/#\/schema\/person\/image\/","url":"https:\/\/secure.gravatar.com\/avatar\/41b9aaeb2100835f7c64362330f74c7f?s=96&d=mm&r=g","contentUrl":"https:\/\/secure.gravatar.com\/avatar\/41b9aaeb2100835f7c64362330f74c7f?s=96&d=mm&r=g","caption":"Reda\u00e7\u00e3o Portal MF"},"description":"Sejam bem-vindos o portal de informa\u00e7\u00f5es de entretenimento de Feira de Santana, desde 2006 realiza coberturas dos principais eventos com entrevistas exclusivas com as principais personalidades mundiais. Fique conectado tamb\u00e9m nas redes sociais.","sameAs":["http:\/\/www.portalmf.com.br\/","https:\/\/www.facebook.com\/portalmfoficial","https:\/\/www.instagram.com\/portalmf\/","https:\/\/x.com\/https:\/\/x.com\/portalmfoficial","https:\/\/www.youtube.com\/@portalmfoficial"],"url":"https:\/\/portalmf.com.br\/index.php\/author\/junior\/"}]}},"_links":{"self":[{"href":"https:\/\/portalmf.com.br\/index.php\/wp-json\/wp\/v2\/posts\/16762"}],"collection":[{"href":"https:\/\/portalmf.com.br\/index.php\/wp-json\/wp\/v2\/posts"}],"about":[{"href":"https:\/\/portalmf.com.br\/index.php\/wp-json\/wp\/v2\/types\/post"}],"author":[{"embeddable":true,"href":"https:\/\/portalmf.com.br\/index.php\/wp-json\/wp\/v2\/users\/3"}],"replies":[{"embeddable":true,"href":"https:\/\/portalmf.com.br\/index.php\/wp-json\/wp\/v2\/comments?post=16762"}],"version-history":[{"count":1,"href":"https:\/\/portalmf.com.br\/index.php\/wp-json\/wp\/v2\/posts\/16762\/revisions"}],"predecessor-version":[{"id":16764,"href":"https:\/\/portalmf.com.br\/index.php\/wp-json\/wp\/v2\/posts\/16762\/revisions\/16764"}],"wp:featuredmedia":[{"embeddable":true,"href":"https:\/\/portalmf.com.br\/index.php\/wp-json\/wp\/v2\/media\/16763"}],"wp:attachment":[{"href":"https:\/\/portalmf.com.br\/index.php\/wp-json\/wp\/v2\/media?parent=16762"}],"wp:term":[{"taxonomy":"category","embeddable":true,"href":"https:\/\/portalmf.com.br\/index.php\/wp-json\/wp\/v2\/categories?post=16762"},{"taxonomy":"post_tag","embeddable":true,"href":"https:\/\/portalmf.com.br\/index.php\/wp-json\/wp\/v2\/tags?post=16762"}],"curies":[{"name":"wp","href":"https:\/\/api.w.org\/{rel}","templated":true}]}}