{"id":16536,"date":"2023-08-21T18:30:59","date_gmt":"2023-08-21T21:30:59","guid":{"rendered":"https:\/\/portalmf.com.br\/?p=16536"},"modified":"2023-08-21T18:34:11","modified_gmt":"2023-08-21T21:34:11","slug":"jornalistas-produzem-conteudo-celebrando-a-diversidade-e-belezas-do-brasil","status":"publish","type":"post","link":"https:\/\/portalmf.com.br\/index.php\/2023\/08\/21\/jornalistas-produzem-conteudo-celebrando-a-diversidade-e-belezas-do-brasil\/","title":{"rendered":"Jornalistas produzem conte\u00fado celebrando a diversidade e belezas do Brasil"},"content":{"rendered":"\n<p>Uma nova e empolgante iniciativa, intitulada &#8220;<em>Cada Canto Desse Lugar&#8221;,<\/em> lan\u00e7ada por dois jornalistas baianos, Edielle Carvalho e Matheus da Silva, est\u00e1 ganhando destaque ao explorar e compartilhar as riquezas culturais, paisagens deslumbrantes e experi\u00eancias que o Brasil tem a oferecer. Unindo sua paix\u00e3o pelo jornalismo e viagens, a dupla est\u00e1 empenhada em criar um espa\u00e7o que celebra a diversidade do pa\u00eds por meio de hist\u00f3rias aut\u00eanticas e dicas de passeios.<\/p>\n\n\n\n<p>A iniciativ<em>a &#8220;Cada Canto Desse Lugar&#8221;<\/em> nasceu do desejo compartilhado de Edielle Carvalho e Matheus da Silva de explorar cada canto do Brasil e oferecer aos seus seguidores uma vis\u00e3o \u00fanica e inspiradora do pa\u00eds. Com um enfoque especial na Bahia, eles produzem conte\u00fado que destaca as maravilhas naturais, patrim\u00f4nio cultural e experi\u00eancias enriquecedoras que o estado oferece.<\/p>\n\n\n\n<p>Desde o seu lan\u00e7amento, h\u00e1 apenas tr\u00eas meses, a conta no Instagram do projeto j\u00e1 conquistou uma significativa base de seguidores, atingindo a marca de 12 mil admiradores do projeto. O conte\u00fado diversificado, repleto de hist\u00f3rias cativantes, dicas de viagem e informa\u00e7\u00f5es sobre os lugares visitados, rapidamente capturou a aten\u00e7\u00e3o do p\u00fablico e se espalhou viralmente, e j\u00e1 tem v\u00eddeo atingindo a marca de 1 milh\u00e3o de visualiza\u00e7\u00f5es.<\/p>\n\n\n\n<p>Uma das caracter\u00edsticas diferenciadas do &#8220;Cada Canto Desse Lugar&#8221; \u00e9 a produ\u00e7\u00e3o de temporadas de v\u00eddeos que abrangem diferentes partes do Brasil. Esses v\u00eddeos n\u00e3o apenas destacam as belezas naturais e culturais de diferentes regi\u00f5es, mas tamb\u00e9m ressaltam a import\u00e2ncia de preservar e compartilhar o patrim\u00f4nio do pa\u00eds.<\/p>\n\n\n\n<figure class=\"wp-block-image size-full is-resized\"><img fetchpriority=\"high\" decoding=\"async\" src=\"https:\/\/portalmf.com.br\/wp-content\/uploads\/2023\/08\/foto-ascom-6-horz.jpg\" alt=\"\" class=\"wp-image-16539\" width=\"776\" height=\"517\" srcset=\"https:\/\/portalmf.com.br\/wp-content\/uploads\/2023\/08\/foto-ascom-6-horz.jpg 600w, https:\/\/portalmf.com.br\/wp-content\/uploads\/2023\/08\/foto-ascom-6-horz-300x200.jpg 300w, https:\/\/portalmf.com.br\/wp-content\/uploads\/2023\/08\/foto-ascom-6-horz-585x390.jpg 585w, https:\/\/portalmf.com.br\/wp-content\/uploads\/2023\/08\/foto-ascom-6-horz-263x175.jpg 263w\" sizes=\"(max-width: 776px) 100vw, 776px\" \/><\/figure>\n\n\n\n<p>Edielle Carvalho e Matheus da Silva expressaram toda sua gratid\u00e3o, satisfa\u00e7\u00e3o e felicidade pela resposta positiva que receberam at\u00e9 agora e compartilharam seu entusiasmo em continuar a explorar e compartilhar novos destinos e experi\u00eancias por meio do projeto. Eles acreditam que a jornada de descoberta do Brasil est\u00e1 apenas come\u00e7ando e est\u00e3o empenhados em proporcionar aos seus seguidores uma vis\u00e3o aut\u00eantica e inspiradora de cada canto desse pa\u00eds t\u00e3o diverso.<\/p>\n\n\n\n<p>Se voc\u00ea est\u00e1 em busca de inspira\u00e7\u00e3o para suas pr\u00f3ximas aventuras ou deseja conhecer mais sobre as maravilhas da Bahia e do Brasil, siga &#8220;Cada Canto Desse Lugar&#8221; no Instagram para se juntar a essa jornada emocionante de descoberta.<\/p>\n","protected":false},"excerpt":{"rendered":"<p>Uma nova e empolgante iniciativa, intitulada &#8220;Cada Canto Desse Lugar&#8221;, lan\u00e7ada por dois jornalistas baianos, Edielle Carvalho e Matheus da Silva, est\u00e1 ganhando destaque ao explorar e compartilhar as riquezas culturais, paisagens deslumbrantes e experi\u00eancias que o Brasil tem a oferecer. Unindo sua paix\u00e3o pelo jornalismo e viagens, a dupla est\u00e1 empenhada em criar um [&hellip;]<\/p>\n","protected":false},"author":3,"featured_media":16537,"comment_status":"open","ping_status":"open","sticky":false,"template":"","format":"standard","meta":{"_monsterinsights_skip_tracking":false,"_monsterinsights_sitenote_active":false,"_monsterinsights_sitenote_note":"","_monsterinsights_sitenote_category":0,"footnotes":""},"categories":[48,295],"tags":[],"yoast_head":"<!-- This site is optimized with the Yoast SEO plugin v22.9 - https:\/\/yoast.com\/wordpress\/plugins\/seo\/ -->\n<title>Jornalistas produzem conte\u00fado celebrando a diversidade e belezas do Brasil - Portal MF<\/title>\n<meta name=\"robots\" content=\"index, follow, max-snippet:-1, max-image-preview:large, max-video-preview:-1\" \/>\n<link rel=\"canonical\" href=\"https:\/\/portalmf.com.br\/index.php\/2023\/08\/21\/jornalistas-produzem-conteudo-celebrando-a-diversidade-e-belezas-do-brasil\/\" \/>\n<meta property=\"og:locale\" content=\"pt_BR\" \/>\n<meta property=\"og:type\" content=\"article\" \/>\n<meta property=\"og:title\" content=\"Jornalistas produzem conte\u00fado celebrando a diversidade e belezas do Brasil - Portal MF\" \/>\n<meta property=\"og:description\" content=\"Uma nova e empolgante iniciativa, intitulada &#8220;Cada Canto Desse Lugar&#8221;, lan\u00e7ada por dois jornalistas baianos, Edielle Carvalho e Matheus da Silva, est\u00e1 ganhando destaque ao explorar e compartilhar as riquezas culturais, paisagens deslumbrantes e experi\u00eancias que o Brasil tem a oferecer. Unindo sua paix\u00e3o pelo jornalismo e viagens, a dupla est\u00e1 empenhada em criar um [&hellip;]\" \/>\n<meta property=\"og:url\" content=\"https:\/\/portalmf.com.br\/index.php\/2023\/08\/21\/jornalistas-produzem-conteudo-celebrando-a-diversidade-e-belezas-do-brasil\/\" \/>\n<meta property=\"og:site_name\" content=\"Portal MF\" \/>\n<meta property=\"article:author\" content=\"https:\/\/www.facebook.com\/portalmfoficial\" \/>\n<meta property=\"article:published_time\" content=\"2023-08-21T21:30:59+00:00\" \/>\n<meta property=\"article:modified_time\" content=\"2023-08-21T21:34:11+00:00\" \/>\n<meta property=\"og:image\" content=\"https:\/\/portalmf.com.br\/wp-content\/uploads\/2023\/08\/foto-ascom-1-scaled.jpg\" \/>\n\t<meta property=\"og:image:width\" content=\"2560\" \/>\n\t<meta property=\"og:image:height\" content=\"2179\" \/>\n\t<meta property=\"og:image:type\" content=\"image\/jpeg\" \/>\n<meta name=\"author\" content=\"Reda\u00e7\u00e3o Portal MF\" \/>\n<meta name=\"twitter:card\" content=\"summary_large_image\" \/>\n<meta name=\"twitter:creator\" content=\"@https:\/\/x.com\/portalmfoficial\" \/>\n<meta name=\"twitter:label1\" content=\"Escrito por\" \/>\n\t<meta name=\"twitter:data1\" content=\"Reda\u00e7\u00e3o Portal MF\" \/>\n\t<meta name=\"twitter:label2\" content=\"Est. tempo de leitura\" \/>\n\t<meta name=\"twitter:data2\" content=\"3 minutos\" \/>\n<script type=\"application\/ld+json\" class=\"yoast-schema-graph\">{\"@context\":\"https:\/\/schema.org\",\"@graph\":[{\"@type\":\"WebPage\",\"@id\":\"https:\/\/portalmf.com.br\/index.php\/2023\/08\/21\/jornalistas-produzem-conteudo-celebrando-a-diversidade-e-belezas-do-brasil\/\",\"url\":\"https:\/\/portalmf.com.br\/index.php\/2023\/08\/21\/jornalistas-produzem-conteudo-celebrando-a-diversidade-e-belezas-do-brasil\/\",\"name\":\"Jornalistas produzem conte\u00fado celebrando a diversidade e belezas do Brasil - Portal MF\",\"isPartOf\":{\"@id\":\"https:\/\/portalmf.com.br\/#website\"},\"primaryImageOfPage\":{\"@id\":\"https:\/\/portalmf.com.br\/index.php\/2023\/08\/21\/jornalistas-produzem-conteudo-celebrando-a-diversidade-e-belezas-do-brasil\/#primaryimage\"},\"image\":{\"@id\":\"https:\/\/portalmf.com.br\/index.php\/2023\/08\/21\/jornalistas-produzem-conteudo-celebrando-a-diversidade-e-belezas-do-brasil\/#primaryimage\"},\"thumbnailUrl\":\"https:\/\/portalmf.com.br\/wp-content\/uploads\/2023\/08\/foto-ascom-1-scaled.jpg\",\"datePublished\":\"2023-08-21T21:30:59+00:00\",\"dateModified\":\"2023-08-21T21:34:11+00:00\",\"author\":{\"@id\":\"https:\/\/portalmf.com.br\/#\/schema\/person\/9ec101baf56233e53520c26de5d6f6f0\"},\"breadcrumb\":{\"@id\":\"https:\/\/portalmf.com.br\/index.php\/2023\/08\/21\/jornalistas-produzem-conteudo-celebrando-a-diversidade-e-belezas-do-brasil\/#breadcrumb\"},\"inLanguage\":\"pt-BR\",\"potentialAction\":[{\"@type\":\"ReadAction\",\"target\":[\"https:\/\/portalmf.com.br\/index.php\/2023\/08\/21\/jornalistas-produzem-conteudo-celebrando-a-diversidade-e-belezas-do-brasil\/\"]}]},{\"@type\":\"ImageObject\",\"inLanguage\":\"pt-BR\",\"@id\":\"https:\/\/portalmf.com.br\/index.php\/2023\/08\/21\/jornalistas-produzem-conteudo-celebrando-a-diversidade-e-belezas-do-brasil\/#primaryimage\",\"url\":\"https:\/\/portalmf.com.br\/wp-content\/uploads\/2023\/08\/foto-ascom-1-scaled.jpg\",\"contentUrl\":\"https:\/\/portalmf.com.br\/wp-content\/uploads\/2023\/08\/foto-ascom-1-scaled.jpg\",\"width\":2560,\"height\":2179},{\"@type\":\"BreadcrumbList\",\"@id\":\"https:\/\/portalmf.com.br\/index.php\/2023\/08\/21\/jornalistas-produzem-conteudo-celebrando-a-diversidade-e-belezas-do-brasil\/#breadcrumb\",\"itemListElement\":[{\"@type\":\"ListItem\",\"position\":1,\"name\":\"In\u00edcio\",\"item\":\"https:\/\/portalmf.com.br\/\"},{\"@type\":\"ListItem\",\"position\":2,\"name\":\"Jornalistas produzem conte\u00fado celebrando a diversidade e belezas do Brasil\"}]},{\"@type\":\"WebSite\",\"@id\":\"https:\/\/portalmf.com.br\/#website\",\"url\":\"https:\/\/portalmf.com.br\/\",\"name\":\"Portal MF\",\"description\":\"Voc\u00ea conectado com a informa\u00e7\u00e3o\",\"potentialAction\":[{\"@type\":\"SearchAction\",\"target\":{\"@type\":\"EntryPoint\",\"urlTemplate\":\"https:\/\/portalmf.com.br\/?s={search_term_string}\"},\"query-input\":\"required name=search_term_string\"}],\"inLanguage\":\"pt-BR\"},{\"@type\":\"Person\",\"@id\":\"https:\/\/portalmf.com.br\/#\/schema\/person\/9ec101baf56233e53520c26de5d6f6f0\",\"name\":\"Reda\u00e7\u00e3o Portal MF\",\"image\":{\"@type\":\"ImageObject\",\"inLanguage\":\"pt-BR\",\"@id\":\"https:\/\/portalmf.com.br\/#\/schema\/person\/image\/\",\"url\":\"https:\/\/secure.gravatar.com\/avatar\/41b9aaeb2100835f7c64362330f74c7f?s=96&d=mm&r=g\",\"contentUrl\":\"https:\/\/secure.gravatar.com\/avatar\/41b9aaeb2100835f7c64362330f74c7f?s=96&d=mm&r=g\",\"caption\":\"Reda\u00e7\u00e3o Portal MF\"},\"description\":\"Sejam bem-vindos o portal de informa\u00e7\u00f5es de entretenimento de Feira de Santana, desde 2006 realiza coberturas dos principais eventos com entrevistas exclusivas com as principais personalidades mundiais. Fique conectado tamb\u00e9m nas redes sociais.\",\"sameAs\":[\"http:\/\/www.portalmf.com.br\/\",\"https:\/\/www.facebook.com\/portalmfoficial\",\"https:\/\/www.instagram.com\/portalmf\/\",\"https:\/\/x.com\/https:\/\/x.com\/portalmfoficial\",\"https:\/\/www.youtube.com\/@portalmfoficial\"],\"url\":\"https:\/\/portalmf.com.br\/index.php\/author\/junior\/\"}]}<\/script>\n<!-- \/ Yoast SEO plugin. -->","yoast_head_json":{"title":"Jornalistas produzem conte\u00fado celebrando a diversidade e belezas do Brasil - Portal MF","robots":{"index":"index","follow":"follow","max-snippet":"max-snippet:-1","max-image-preview":"max-image-preview:large","max-video-preview":"max-video-preview:-1"},"canonical":"https:\/\/portalmf.com.br\/index.php\/2023\/08\/21\/jornalistas-produzem-conteudo-celebrando-a-diversidade-e-belezas-do-brasil\/","og_locale":"pt_BR","og_type":"article","og_title":"Jornalistas produzem conte\u00fado celebrando a diversidade e belezas do Brasil - Portal MF","og_description":"Uma nova e empolgante iniciativa, intitulada &#8220;Cada Canto Desse Lugar&#8221;, lan\u00e7ada por dois jornalistas baianos, Edielle Carvalho e Matheus da Silva, est\u00e1 ganhando destaque ao explorar e compartilhar as riquezas culturais, paisagens deslumbrantes e experi\u00eancias que o Brasil tem a oferecer. Unindo sua paix\u00e3o pelo jornalismo e viagens, a dupla est\u00e1 empenhada em criar um [&hellip;]","og_url":"https:\/\/portalmf.com.br\/index.php\/2023\/08\/21\/jornalistas-produzem-conteudo-celebrando-a-diversidade-e-belezas-do-brasil\/","og_site_name":"Portal MF","article_author":"https:\/\/www.facebook.com\/portalmfoficial","article_published_time":"2023-08-21T21:30:59+00:00","article_modified_time":"2023-08-21T21:34:11+00:00","og_image":[{"width":2560,"height":2179,"url":"https:\/\/portalmf.com.br\/wp-content\/uploads\/2023\/08\/foto-ascom-1-scaled.jpg","type":"image\/jpeg"}],"author":"Reda\u00e7\u00e3o Portal MF","twitter_card":"summary_large_image","twitter_creator":"@https:\/\/x.com\/portalmfoficial","twitter_misc":{"Escrito por":"Reda\u00e7\u00e3o Portal MF","Est. tempo de leitura":"3 minutos"},"schema":{"@context":"https:\/\/schema.org","@graph":[{"@type":"WebPage","@id":"https:\/\/portalmf.com.br\/index.php\/2023\/08\/21\/jornalistas-produzem-conteudo-celebrando-a-diversidade-e-belezas-do-brasil\/","url":"https:\/\/portalmf.com.br\/index.php\/2023\/08\/21\/jornalistas-produzem-conteudo-celebrando-a-diversidade-e-belezas-do-brasil\/","name":"Jornalistas produzem conte\u00fado celebrando a diversidade e belezas do Brasil - Portal MF","isPartOf":{"@id":"https:\/\/portalmf.com.br\/#website"},"primaryImageOfPage":{"@id":"https:\/\/portalmf.com.br\/index.php\/2023\/08\/21\/jornalistas-produzem-conteudo-celebrando-a-diversidade-e-belezas-do-brasil\/#primaryimage"},"image":{"@id":"https:\/\/portalmf.com.br\/index.php\/2023\/08\/21\/jornalistas-produzem-conteudo-celebrando-a-diversidade-e-belezas-do-brasil\/#primaryimage"},"thumbnailUrl":"https:\/\/portalmf.com.br\/wp-content\/uploads\/2023\/08\/foto-ascom-1-scaled.jpg","datePublished":"2023-08-21T21:30:59+00:00","dateModified":"2023-08-21T21:34:11+00:00","author":{"@id":"https:\/\/portalmf.com.br\/#\/schema\/person\/9ec101baf56233e53520c26de5d6f6f0"},"breadcrumb":{"@id":"https:\/\/portalmf.com.br\/index.php\/2023\/08\/21\/jornalistas-produzem-conteudo-celebrando-a-diversidade-e-belezas-do-brasil\/#breadcrumb"},"inLanguage":"pt-BR","potentialAction":[{"@type":"ReadAction","target":["https:\/\/portalmf.com.br\/index.php\/2023\/08\/21\/jornalistas-produzem-conteudo-celebrando-a-diversidade-e-belezas-do-brasil\/"]}]},{"@type":"ImageObject","inLanguage":"pt-BR","@id":"https:\/\/portalmf.com.br\/index.php\/2023\/08\/21\/jornalistas-produzem-conteudo-celebrando-a-diversidade-e-belezas-do-brasil\/#primaryimage","url":"https:\/\/portalmf.com.br\/wp-content\/uploads\/2023\/08\/foto-ascom-1-scaled.jpg","contentUrl":"https:\/\/portalmf.com.br\/wp-content\/uploads\/2023\/08\/foto-ascom-1-scaled.jpg","width":2560,"height":2179},{"@type":"BreadcrumbList","@id":"https:\/\/portalmf.com.br\/index.php\/2023\/08\/21\/jornalistas-produzem-conteudo-celebrando-a-diversidade-e-belezas-do-brasil\/#breadcrumb","itemListElement":[{"@type":"ListItem","position":1,"name":"In\u00edcio","item":"https:\/\/portalmf.com.br\/"},{"@type":"ListItem","position":2,"name":"Jornalistas produzem conte\u00fado celebrando a diversidade e belezas do Brasil"}]},{"@type":"WebSite","@id":"https:\/\/portalmf.com.br\/#website","url":"https:\/\/portalmf.com.br\/","name":"Portal MF","description":"Voc\u00ea conectado com a informa\u00e7\u00e3o","potentialAction":[{"@type":"SearchAction","target":{"@type":"EntryPoint","urlTemplate":"https:\/\/portalmf.com.br\/?s={search_term_string}"},"query-input":"required name=search_term_string"}],"inLanguage":"pt-BR"},{"@type":"Person","@id":"https:\/\/portalmf.com.br\/#\/schema\/person\/9ec101baf56233e53520c26de5d6f6f0","name":"Reda\u00e7\u00e3o Portal MF","image":{"@type":"ImageObject","inLanguage":"pt-BR","@id":"https:\/\/portalmf.com.br\/#\/schema\/person\/image\/","url":"https:\/\/secure.gravatar.com\/avatar\/41b9aaeb2100835f7c64362330f74c7f?s=96&d=mm&r=g","contentUrl":"https:\/\/secure.gravatar.com\/avatar\/41b9aaeb2100835f7c64362330f74c7f?s=96&d=mm&r=g","caption":"Reda\u00e7\u00e3o Portal MF"},"description":"Sejam bem-vindos o portal de informa\u00e7\u00f5es de entretenimento de Feira de Santana, desde 2006 realiza coberturas dos principais eventos com entrevistas exclusivas com as principais personalidades mundiais. Fique conectado tamb\u00e9m nas redes sociais.","sameAs":["http:\/\/www.portalmf.com.br\/","https:\/\/www.facebook.com\/portalmfoficial","https:\/\/www.instagram.com\/portalmf\/","https:\/\/x.com\/https:\/\/x.com\/portalmfoficial","https:\/\/www.youtube.com\/@portalmfoficial"],"url":"https:\/\/portalmf.com.br\/index.php\/author\/junior\/"}]}},"_links":{"self":[{"href":"https:\/\/portalmf.com.br\/index.php\/wp-json\/wp\/v2\/posts\/16536"}],"collection":[{"href":"https:\/\/portalmf.com.br\/index.php\/wp-json\/wp\/v2\/posts"}],"about":[{"href":"https:\/\/portalmf.com.br\/index.php\/wp-json\/wp\/v2\/types\/post"}],"author":[{"embeddable":true,"href":"https:\/\/portalmf.com.br\/index.php\/wp-json\/wp\/v2\/users\/3"}],"replies":[{"embeddable":true,"href":"https:\/\/portalmf.com.br\/index.php\/wp-json\/wp\/v2\/comments?post=16536"}],"version-history":[{"count":2,"href":"https:\/\/portalmf.com.br\/index.php\/wp-json\/wp\/v2\/posts\/16536\/revisions"}],"predecessor-version":[{"id":16541,"href":"https:\/\/portalmf.com.br\/index.php\/wp-json\/wp\/v2\/posts\/16536\/revisions\/16541"}],"wp:featuredmedia":[{"embeddable":true,"href":"https:\/\/portalmf.com.br\/index.php\/wp-json\/wp\/v2\/media\/16537"}],"wp:attachment":[{"href":"https:\/\/portalmf.com.br\/index.php\/wp-json\/wp\/v2\/media?parent=16536"}],"wp:term":[{"taxonomy":"category","embeddable":true,"href":"https:\/\/portalmf.com.br\/index.php\/wp-json\/wp\/v2\/categories?post=16536"},{"taxonomy":"post_tag","embeddable":true,"href":"https:\/\/portalmf.com.br\/index.php\/wp-json\/wp\/v2\/tags?post=16536"}],"curies":[{"name":"wp","href":"https:\/\/api.w.org\/{rel}","templated":true}]}}