{"id":16065,"date":"2023-08-10T16:52:22","date_gmt":"2023-08-10T19:52:22","guid":{"rendered":"https:\/\/portalmf.com.br\/?p=16065"},"modified":"2023-08-10T16:52:23","modified_gmt":"2023-08-10T19:52:23","slug":"shopping-cidade-das-compras-tem-mix-de-presentes-para-o-dia-dos-pais","status":"publish","type":"post","link":"https:\/\/portalmf.com.br\/index.php\/2023\/08\/10\/shopping-cidade-das-compras-tem-mix-de-presentes-para-o-dia-dos-pais\/","title":{"rendered":"Shopping Cidade das Compras tem mix de presentes para o Dia dos Pais"},"content":{"rendered":"\n<p>O Dia dos Pais \u00e9 comemorado neste domingo (13) e a procura por presentes j\u00e1 movimenta o Shopping Popular Cidade das Compras. Entre as op\u00e7\u00f5es mais desejadas se destacam roupas, cal\u00e7ados, bon\u00e9s e eletr\u00f4nicos. Os itens podem ser encontrados no entreposto comercial custando a partir de R$ 35.<\/p>\n\n\n\n<p>Os \u00f3culos de sol e arma\u00e7\u00f5es de grau s\u00e3o a aposta do lojista Valnei Rodrigues, da Estter \u00d3culos e Arma\u00e7\u00f5es, que diz estar otimista com as vendas.&nbsp;Os modelos solares podem ser encontrados custando a partir de R$ 50 e os de grau a partir de R$ 60. A loja tamb\u00e9m oferece lentes para corre\u00e7\u00e3o de grau multifocal e vis\u00e3o simples.<\/p>\n\n\n\n<p>De acordo com o lojista, o modelo mais vendido \u00e9 o Ray-Ban aviador e todos os \u00f3culos esportivos possuem prote\u00e7\u00e3o UV 400.<\/p>\n\n\n\n<figure class=\"wp-block-image\"><img decoding=\"async\" src=\"https:\/\/www.feiradesantana.ba.gov.br\/fts_secom\/fts\/images\/SHOPPING%20COMPRAS%20DIA%20DOS%20PAIS%20FOTO%20VALDENIR%20LIMA%20(3)(1).JPG\" alt=\"\"\/><figcaption class=\"wp-element-caption\"><strong>Foto: Valdenir Lima<\/strong><\/figcaption><\/figure>\n\n\n\n<blockquote class=\"wp-block-quote\">\n<p><em>&#8220;Aqui tem op\u00e7\u00f5es variadas de presentes, espa\u00e7o amplo e estacionamento para mais comodidade do cliente. Chamo todos para conhecer o Shopping Popular&#8221;, convidou.<\/em><\/p>\n<\/blockquote>\n\n\n\n<p>Para os clientes que deixam para comprar na \u00faltima hora, o comerciante oferece ainda a op\u00e7\u00e3o de vale presente. &#8220;<em>Essa op\u00e7\u00e3o deixa o consumidor despreocupado em escolher um modelo que agrade. Ele estabelece o valor da compra e o presenteado pode vir escolher o modelo que deseja<\/em>&#8220;, explica Valnei.<\/p>\n\n\n\n<p>Pai de dois, o propriet\u00e1rio de restaurante Jo\u00e3o Esmeraldo (foto da capa) nem esperou receber o presente dos filhos e presenteou a si mesmo com \u00f3culos de sol.<\/p>\n\n\n\n<blockquote class=\"wp-block-quote\">\n<p>&#8220;Sempre que passo aqui fa\u00e7o quest\u00e3o de dar uma olhadinha pois sou apaixonado por \u00f3culos. Sou um pai moderno, estou me presenteando e tenho certeza que eles v\u00e3o me presentear com algo parecido, seja roupas ou cal\u00e7ados. Fico feliz por celebrar a data com sa\u00fade e ao lado dos meus filhos&#8221;, comenta o cliente.<\/p>\n<\/blockquote>\n\n\n\n<p>Para os papais que gostam de beber cerveja, o copo Stanley \u00e9 a op\u00e7\u00e3o ideal pois mant\u00e9m a bebida gelada at\u00e9 o \u00faltimo gole.&nbsp;Na loja AR Variedades o item custa a partir de R$ 25. Ainda \u00e9 poss\u00edvel personaliz\u00e1-lo com grava\u00e7\u00e3o do nome ou s\u00edmbolo do time.<\/p>\n\n\n\n<figure class=\"wp-block-image\"><img decoding=\"async\" src=\"https:\/\/www.feiradesantana.ba.gov.br\/fts_secom\/fts\/images\/SHOPPING%20COMPRAS%20DIA%20DOS%20PAIS%20FOTO%20VALDENIR%20LIMA%20(33).JPG\" alt=\"\"\/><figcaption class=\"wp-element-caption\"><strong>Foto: Valdenir Lima<\/strong><\/figcaption><\/figure>\n\n\n\n<blockquote class=\"wp-block-quote\">\n<p>&#8220;A procura est\u00e1 muito boa, sai bastante este modelo de copo. E com a chegada do Dia dos Pais a tend\u00eancia \u00e9 alavancar as vendas. Ainda tem caixinha de som, m\u00e1quina para cortar cabelo, fone de ouvido e capas para celular&#8221;, afirma Jeison Rodrigues.<\/p>\n<\/blockquote>\n\n\n\n<p>Outra op\u00e7\u00e3o bastante procurada no Shopping Cidade da Compras s\u00e3o as camisas de time. Na loja BAxVI sai por R$ 35. Mas tem conversa: com a pechincha o cliente leva por R$ 30.<\/p>\n\n\n\n<p>Ainda no segmento de confec\u00e7\u00f5es, os papais que gostam de andar na moda podem ficar ainda mais estilosos com as pe\u00e7as da L A Fashion.&nbsp;A bermuda \u00e9 a pe\u00e7a mais vendida e custa entre R$ 35 e R$ 45. Com mais uns trocados, o filho pode completar o look do papai com camisa, bon\u00e9 ou pochete por menos de R$ 100.<\/p>\n\n\n\n<figure class=\"wp-block-image\"><img decoding=\"async\" src=\"https:\/\/www.feiradesantana.ba.gov.br\/fts_secom\/fts\/images\/SHOPPING%20COMPRAS%20DIA%20DOS%20PAIS%20FOTO%20VALDENIR%20LIMA%20(23).JPG\" alt=\"\"\/><figcaption class=\"wp-element-caption\">Foto: Valdenir Lima<\/figcaption><\/figure>\n\n\n\n<p>O Shopping Popular Cidade das Compras fica no cruzamento das ruas Ol\u00edmpio Vital e Manuel Mathias. \u00c9 o maior centro de atacado do Nordeste e possui estacionamento com mais de 600 vagas.<\/p>\n\n\n\n<p>Com informa\u00e7\u00f5es da Secom<\/p>\n","protected":false},"excerpt":{"rendered":"<p>O Dia dos Pais \u00e9 comemorado neste domingo (13) e a procura por presentes j\u00e1 movimenta o Shopping Popular Cidade das Compras. Entre as op\u00e7\u00f5es mais desejadas se destacam roupas, cal\u00e7ados, bon\u00e9s e eletr\u00f4nicos. Os itens podem ser encontrados no entreposto comercial custando a partir de R$ 35. Os \u00f3culos de sol e arma\u00e7\u00f5es de [&hellip;]<\/p>\n","protected":false},"author":3,"featured_media":5925,"comment_status":"open","ping_status":"open","sticky":false,"template":"","format":"standard","meta":{"_monsterinsights_skip_tracking":false,"_monsterinsights_sitenote_active":false,"_monsterinsights_sitenote_note":"","_monsterinsights_sitenote_category":0,"footnotes":""},"categories":[48,295],"tags":[],"yoast_head":"<!-- This site is optimized with the Yoast SEO plugin v22.9 - https:\/\/yoast.com\/wordpress\/plugins\/seo\/ -->\n<title>Shopping Cidade das Compras tem mix de presentes para o Dia dos Pais - Portal MF<\/title>\n<meta name=\"robots\" content=\"index, follow, max-snippet:-1, max-image-preview:large, max-video-preview:-1\" \/>\n<link rel=\"canonical\" href=\"https:\/\/portalmf.com.br\/index.php\/2023\/08\/10\/shopping-cidade-das-compras-tem-mix-de-presentes-para-o-dia-dos-pais\/\" \/>\n<meta property=\"og:locale\" content=\"pt_BR\" \/>\n<meta property=\"og:type\" content=\"article\" \/>\n<meta property=\"og:title\" content=\"Shopping Cidade das Compras tem mix de presentes para o Dia dos Pais - Portal MF\" \/>\n<meta property=\"og:description\" content=\"O Dia dos Pais \u00e9 comemorado neste domingo (13) e a procura por presentes j\u00e1 movimenta o Shopping Popular Cidade das Compras. Entre as op\u00e7\u00f5es mais desejadas se destacam roupas, cal\u00e7ados, bon\u00e9s e eletr\u00f4nicos. Os itens podem ser encontrados no entreposto comercial custando a partir de R$ 35. Os \u00f3culos de sol e arma\u00e7\u00f5es de [&hellip;]\" \/>\n<meta property=\"og:url\" content=\"https:\/\/portalmf.com.br\/index.php\/2023\/08\/10\/shopping-cidade-das-compras-tem-mix-de-presentes-para-o-dia-dos-pais\/\" \/>\n<meta property=\"og:site_name\" content=\"Portal MF\" \/>\n<meta property=\"article:author\" content=\"https:\/\/www.facebook.com\/portalmfoficial\" \/>\n<meta property=\"article:published_time\" content=\"2023-08-10T19:52:22+00:00\" \/>\n<meta property=\"article:modified_time\" content=\"2023-08-10T19:52:23+00:00\" \/>\n<meta property=\"og:image\" content=\"https:\/\/portalmf.com.br\/wp-content\/uploads\/2022\/11\/Shopping-Popular-cidade-das-compras-Feira-de-Santana-foto-prefeitura.jpg\" \/>\n\t<meta property=\"og:image:width\" content=\"600\" \/>\n\t<meta property=\"og:image:height\" content=\"328\" \/>\n\t<meta property=\"og:image:type\" content=\"image\/jpeg\" \/>\n<meta name=\"author\" content=\"Reda\u00e7\u00e3o Portal MF\" \/>\n<meta name=\"twitter:card\" content=\"summary_large_image\" \/>\n<meta name=\"twitter:creator\" content=\"@https:\/\/x.com\/portalmfoficial\" \/>\n<meta name=\"twitter:label1\" content=\"Escrito por\" \/>\n\t<meta name=\"twitter:data1\" content=\"Reda\u00e7\u00e3o Portal MF\" \/>\n\t<meta name=\"twitter:label2\" content=\"Est. tempo de leitura\" \/>\n\t<meta name=\"twitter:data2\" content=\"3 minutos\" \/>\n<script type=\"application\/ld+json\" class=\"yoast-schema-graph\">{\"@context\":\"https:\/\/schema.org\",\"@graph\":[{\"@type\":\"WebPage\",\"@id\":\"https:\/\/portalmf.com.br\/index.php\/2023\/08\/10\/shopping-cidade-das-compras-tem-mix-de-presentes-para-o-dia-dos-pais\/\",\"url\":\"https:\/\/portalmf.com.br\/index.php\/2023\/08\/10\/shopping-cidade-das-compras-tem-mix-de-presentes-para-o-dia-dos-pais\/\",\"name\":\"Shopping Cidade das Compras tem mix de presentes para o Dia dos Pais - Portal MF\",\"isPartOf\":{\"@id\":\"https:\/\/portalmf.com.br\/#website\"},\"primaryImageOfPage\":{\"@id\":\"https:\/\/portalmf.com.br\/index.php\/2023\/08\/10\/shopping-cidade-das-compras-tem-mix-de-presentes-para-o-dia-dos-pais\/#primaryimage\"},\"image\":{\"@id\":\"https:\/\/portalmf.com.br\/index.php\/2023\/08\/10\/shopping-cidade-das-compras-tem-mix-de-presentes-para-o-dia-dos-pais\/#primaryimage\"},\"thumbnailUrl\":\"https:\/\/portalmf.com.br\/wp-content\/uploads\/2022\/11\/Shopping-Popular-cidade-das-compras-Feira-de-Santana-foto-prefeitura.jpg\",\"datePublished\":\"2023-08-10T19:52:22+00:00\",\"dateModified\":\"2023-08-10T19:52:23+00:00\",\"author\":{\"@id\":\"https:\/\/portalmf.com.br\/#\/schema\/person\/9ec101baf56233e53520c26de5d6f6f0\"},\"breadcrumb\":{\"@id\":\"https:\/\/portalmf.com.br\/index.php\/2023\/08\/10\/shopping-cidade-das-compras-tem-mix-de-presentes-para-o-dia-dos-pais\/#breadcrumb\"},\"inLanguage\":\"pt-BR\",\"potentialAction\":[{\"@type\":\"ReadAction\",\"target\":[\"https:\/\/portalmf.com.br\/index.php\/2023\/08\/10\/shopping-cidade-das-compras-tem-mix-de-presentes-para-o-dia-dos-pais\/\"]}]},{\"@type\":\"ImageObject\",\"inLanguage\":\"pt-BR\",\"@id\":\"https:\/\/portalmf.com.br\/index.php\/2023\/08\/10\/shopping-cidade-das-compras-tem-mix-de-presentes-para-o-dia-dos-pais\/#primaryimage\",\"url\":\"https:\/\/portalmf.com.br\/wp-content\/uploads\/2022\/11\/Shopping-Popular-cidade-das-compras-Feira-de-Santana-foto-prefeitura.jpg\",\"contentUrl\":\"https:\/\/portalmf.com.br\/wp-content\/uploads\/2022\/11\/Shopping-Popular-cidade-das-compras-Feira-de-Santana-foto-prefeitura.jpg\",\"width\":600,\"height\":328},{\"@type\":\"BreadcrumbList\",\"@id\":\"https:\/\/portalmf.com.br\/index.php\/2023\/08\/10\/shopping-cidade-das-compras-tem-mix-de-presentes-para-o-dia-dos-pais\/#breadcrumb\",\"itemListElement\":[{\"@type\":\"ListItem\",\"position\":1,\"name\":\"In\u00edcio\",\"item\":\"https:\/\/portalmf.com.br\/\"},{\"@type\":\"ListItem\",\"position\":2,\"name\":\"Shopping Cidade das Compras tem mix de presentes para o Dia dos Pais\"}]},{\"@type\":\"WebSite\",\"@id\":\"https:\/\/portalmf.com.br\/#website\",\"url\":\"https:\/\/portalmf.com.br\/\",\"name\":\"Portal MF\",\"description\":\"Voc\u00ea conectado com a informa\u00e7\u00e3o\",\"potentialAction\":[{\"@type\":\"SearchAction\",\"target\":{\"@type\":\"EntryPoint\",\"urlTemplate\":\"https:\/\/portalmf.com.br\/?s={search_term_string}\"},\"query-input\":\"required name=search_term_string\"}],\"inLanguage\":\"pt-BR\"},{\"@type\":\"Person\",\"@id\":\"https:\/\/portalmf.com.br\/#\/schema\/person\/9ec101baf56233e53520c26de5d6f6f0\",\"name\":\"Reda\u00e7\u00e3o Portal MF\",\"image\":{\"@type\":\"ImageObject\",\"inLanguage\":\"pt-BR\",\"@id\":\"https:\/\/portalmf.com.br\/#\/schema\/person\/image\/\",\"url\":\"https:\/\/secure.gravatar.com\/avatar\/41b9aaeb2100835f7c64362330f74c7f?s=96&d=mm&r=g\",\"contentUrl\":\"https:\/\/secure.gravatar.com\/avatar\/41b9aaeb2100835f7c64362330f74c7f?s=96&d=mm&r=g\",\"caption\":\"Reda\u00e7\u00e3o Portal MF\"},\"description\":\"Sejam bem-vindos o portal de informa\u00e7\u00f5es de entretenimento de Feira de Santana, desde 2006 realiza coberturas dos principais eventos com entrevistas exclusivas com as principais personalidades mundiais. Fique conectado tamb\u00e9m nas redes sociais.\",\"sameAs\":[\"http:\/\/www.portalmf.com.br\/\",\"https:\/\/www.facebook.com\/portalmfoficial\",\"https:\/\/www.instagram.com\/portalmf\/\",\"https:\/\/x.com\/https:\/\/x.com\/portalmfoficial\",\"https:\/\/www.youtube.com\/@portalmfoficial\"],\"url\":\"https:\/\/portalmf.com.br\/index.php\/author\/junior\/\"}]}<\/script>\n<!-- \/ Yoast SEO plugin. -->","yoast_head_json":{"title":"Shopping Cidade das Compras tem mix de presentes para o Dia dos Pais - Portal MF","robots":{"index":"index","follow":"follow","max-snippet":"max-snippet:-1","max-image-preview":"max-image-preview:large","max-video-preview":"max-video-preview:-1"},"canonical":"https:\/\/portalmf.com.br\/index.php\/2023\/08\/10\/shopping-cidade-das-compras-tem-mix-de-presentes-para-o-dia-dos-pais\/","og_locale":"pt_BR","og_type":"article","og_title":"Shopping Cidade das Compras tem mix de presentes para o Dia dos Pais - Portal MF","og_description":"O Dia dos Pais \u00e9 comemorado neste domingo (13) e a procura por presentes j\u00e1 movimenta o Shopping Popular Cidade das Compras. Entre as op\u00e7\u00f5es mais desejadas se destacam roupas, cal\u00e7ados, bon\u00e9s e eletr\u00f4nicos. Os itens podem ser encontrados no entreposto comercial custando a partir de R$ 35. Os \u00f3culos de sol e arma\u00e7\u00f5es de [&hellip;]","og_url":"https:\/\/portalmf.com.br\/index.php\/2023\/08\/10\/shopping-cidade-das-compras-tem-mix-de-presentes-para-o-dia-dos-pais\/","og_site_name":"Portal MF","article_author":"https:\/\/www.facebook.com\/portalmfoficial","article_published_time":"2023-08-10T19:52:22+00:00","article_modified_time":"2023-08-10T19:52:23+00:00","og_image":[{"width":600,"height":328,"url":"https:\/\/portalmf.com.br\/wp-content\/uploads\/2022\/11\/Shopping-Popular-cidade-das-compras-Feira-de-Santana-foto-prefeitura.jpg","type":"image\/jpeg"}],"author":"Reda\u00e7\u00e3o Portal MF","twitter_card":"summary_large_image","twitter_creator":"@https:\/\/x.com\/portalmfoficial","twitter_misc":{"Escrito por":"Reda\u00e7\u00e3o Portal MF","Est. tempo de leitura":"3 minutos"},"schema":{"@context":"https:\/\/schema.org","@graph":[{"@type":"WebPage","@id":"https:\/\/portalmf.com.br\/index.php\/2023\/08\/10\/shopping-cidade-das-compras-tem-mix-de-presentes-para-o-dia-dos-pais\/","url":"https:\/\/portalmf.com.br\/index.php\/2023\/08\/10\/shopping-cidade-das-compras-tem-mix-de-presentes-para-o-dia-dos-pais\/","name":"Shopping Cidade das Compras tem mix de presentes para o Dia dos Pais - Portal MF","isPartOf":{"@id":"https:\/\/portalmf.com.br\/#website"},"primaryImageOfPage":{"@id":"https:\/\/portalmf.com.br\/index.php\/2023\/08\/10\/shopping-cidade-das-compras-tem-mix-de-presentes-para-o-dia-dos-pais\/#primaryimage"},"image":{"@id":"https:\/\/portalmf.com.br\/index.php\/2023\/08\/10\/shopping-cidade-das-compras-tem-mix-de-presentes-para-o-dia-dos-pais\/#primaryimage"},"thumbnailUrl":"https:\/\/portalmf.com.br\/wp-content\/uploads\/2022\/11\/Shopping-Popular-cidade-das-compras-Feira-de-Santana-foto-prefeitura.jpg","datePublished":"2023-08-10T19:52:22+00:00","dateModified":"2023-08-10T19:52:23+00:00","author":{"@id":"https:\/\/portalmf.com.br\/#\/schema\/person\/9ec101baf56233e53520c26de5d6f6f0"},"breadcrumb":{"@id":"https:\/\/portalmf.com.br\/index.php\/2023\/08\/10\/shopping-cidade-das-compras-tem-mix-de-presentes-para-o-dia-dos-pais\/#breadcrumb"},"inLanguage":"pt-BR","potentialAction":[{"@type":"ReadAction","target":["https:\/\/portalmf.com.br\/index.php\/2023\/08\/10\/shopping-cidade-das-compras-tem-mix-de-presentes-para-o-dia-dos-pais\/"]}]},{"@type":"ImageObject","inLanguage":"pt-BR","@id":"https:\/\/portalmf.com.br\/index.php\/2023\/08\/10\/shopping-cidade-das-compras-tem-mix-de-presentes-para-o-dia-dos-pais\/#primaryimage","url":"https:\/\/portalmf.com.br\/wp-content\/uploads\/2022\/11\/Shopping-Popular-cidade-das-compras-Feira-de-Santana-foto-prefeitura.jpg","contentUrl":"https:\/\/portalmf.com.br\/wp-content\/uploads\/2022\/11\/Shopping-Popular-cidade-das-compras-Feira-de-Santana-foto-prefeitura.jpg","width":600,"height":328},{"@type":"BreadcrumbList","@id":"https:\/\/portalmf.com.br\/index.php\/2023\/08\/10\/shopping-cidade-das-compras-tem-mix-de-presentes-para-o-dia-dos-pais\/#breadcrumb","itemListElement":[{"@type":"ListItem","position":1,"name":"In\u00edcio","item":"https:\/\/portalmf.com.br\/"},{"@type":"ListItem","position":2,"name":"Shopping Cidade das Compras tem mix de presentes para o Dia dos Pais"}]},{"@type":"WebSite","@id":"https:\/\/portalmf.com.br\/#website","url":"https:\/\/portalmf.com.br\/","name":"Portal MF","description":"Voc\u00ea conectado com a informa\u00e7\u00e3o","potentialAction":[{"@type":"SearchAction","target":{"@type":"EntryPoint","urlTemplate":"https:\/\/portalmf.com.br\/?s={search_term_string}"},"query-input":"required name=search_term_string"}],"inLanguage":"pt-BR"},{"@type":"Person","@id":"https:\/\/portalmf.com.br\/#\/schema\/person\/9ec101baf56233e53520c26de5d6f6f0","name":"Reda\u00e7\u00e3o Portal MF","image":{"@type":"ImageObject","inLanguage":"pt-BR","@id":"https:\/\/portalmf.com.br\/#\/schema\/person\/image\/","url":"https:\/\/secure.gravatar.com\/avatar\/41b9aaeb2100835f7c64362330f74c7f?s=96&d=mm&r=g","contentUrl":"https:\/\/secure.gravatar.com\/avatar\/41b9aaeb2100835f7c64362330f74c7f?s=96&d=mm&r=g","caption":"Reda\u00e7\u00e3o Portal MF"},"description":"Sejam bem-vindos o portal de informa\u00e7\u00f5es de entretenimento de Feira de Santana, desde 2006 realiza coberturas dos principais eventos com entrevistas exclusivas com as principais personalidades mundiais. Fique conectado tamb\u00e9m nas redes sociais.","sameAs":["http:\/\/www.portalmf.com.br\/","https:\/\/www.facebook.com\/portalmfoficial","https:\/\/www.instagram.com\/portalmf\/","https:\/\/x.com\/https:\/\/x.com\/portalmfoficial","https:\/\/www.youtube.com\/@portalmfoficial"],"url":"https:\/\/portalmf.com.br\/index.php\/author\/junior\/"}]}},"_links":{"self":[{"href":"https:\/\/portalmf.com.br\/index.php\/wp-json\/wp\/v2\/posts\/16065"}],"collection":[{"href":"https:\/\/portalmf.com.br\/index.php\/wp-json\/wp\/v2\/posts"}],"about":[{"href":"https:\/\/portalmf.com.br\/index.php\/wp-json\/wp\/v2\/types\/post"}],"author":[{"embeddable":true,"href":"https:\/\/portalmf.com.br\/index.php\/wp-json\/wp\/v2\/users\/3"}],"replies":[{"embeddable":true,"href":"https:\/\/portalmf.com.br\/index.php\/wp-json\/wp\/v2\/comments?post=16065"}],"version-history":[{"count":1,"href":"https:\/\/portalmf.com.br\/index.php\/wp-json\/wp\/v2\/posts\/16065\/revisions"}],"predecessor-version":[{"id":16066,"href":"https:\/\/portalmf.com.br\/index.php\/wp-json\/wp\/v2\/posts\/16065\/revisions\/16066"}],"wp:featuredmedia":[{"embeddable":true,"href":"https:\/\/portalmf.com.br\/index.php\/wp-json\/wp\/v2\/media\/5925"}],"wp:attachment":[{"href":"https:\/\/portalmf.com.br\/index.php\/wp-json\/wp\/v2\/media?parent=16065"}],"wp:term":[{"taxonomy":"category","embeddable":true,"href":"https:\/\/portalmf.com.br\/index.php\/wp-json\/wp\/v2\/categories?post=16065"},{"taxonomy":"post_tag","embeddable":true,"href":"https:\/\/portalmf.com.br\/index.php\/wp-json\/wp\/v2\/tags?post=16065"}],"curies":[{"name":"wp","href":"https:\/\/api.w.org\/{rel}","templated":true}]}}