{"id":15569,"date":"2023-08-01T19:04:30","date_gmt":"2023-08-01T22:04:30","guid":{"rendered":"https:\/\/portalmf.com.br\/?p=15569"},"modified":"2023-08-01T19:04:36","modified_gmt":"2023-08-01T22:04:36","slug":"blue-praia-bar-vai-ganhar-ponto-de-observatorio-das-baleias-jubarte","status":"publish","type":"post","link":"https:\/\/portalmf.com.br\/index.php\/2023\/08\/01\/blue-praia-bar-vai-ganhar-ponto-de-observatorio-das-baleias-jubarte\/","title":{"rendered":"Blue Praia Bar vai ganhar ponto de observat\u00f3rio das baleias jubarte"},"content":{"rendered":"\n<p>Neste s\u00e1bado (5), das 9h \u00e0s 18h, o Blue Praia Bar montar\u00e1 um observat\u00f3rio dedicado ao monitoramento das baleias jubarte para preserva\u00e7\u00e3o da esp\u00e9cie. As baleias jubarte s\u00e3o animais migrat\u00f3rios e percorrem grandes dist\u00e2ncias partindo dos mares ant\u00e1rticos para se reproduzir ao longo do litoral brasileiro. A localiza\u00e7\u00e3o privilegiada do Blue, pr\u00f3xima \u00e0 costa, oferece uma vista favor\u00e1vel dos mam\u00edferos marinhos durante a temporada, que se estende at\u00e9 o final de setembro, tornando o cen\u00e1rio da famosa Praia do Burac\u00e3o ainda mais especial.<\/p>\n\n\n\n<p>O observat\u00f3rio contar\u00e1 com a participa\u00e7\u00e3o do Projeto Baleia Jubarte, que monitora esses animais h\u00e1 mais de 30 anos. Os visitantes ter\u00e3o acesso a informa\u00e7\u00f5es sobre a biologia das baleias, conserva\u00e7\u00e3o da esp\u00e9cie e todas as pesquisas realizadas pelo projeto. Al\u00e9m do observat\u00f3rio, o p\u00fablico poder\u00e1 desfrutar da experi\u00eancia completa oferecida pelo Day Use do Blue, incluindo acesso aos lounges, DJ, chuveiros de \u00e1gua doce e guarda-s\u00f3is pr\u00f3ximos ao mar.<\/p>\n\n\n\n<p>SERVI\u00c7O<br>Observat\u00f3rio Baleias Jubarte<br>Local: Blue Praia Bar<br>Data: 05 de agosto a 30 de setembro<br>Hor\u00e1rio: 9h \u00e0s 18h<\/p>\n","protected":false},"excerpt":{"rendered":"<p>Neste s\u00e1bado (5), das 9h \u00e0s 18h, o Blue Praia Bar montar\u00e1 um observat\u00f3rio dedicado ao monitoramento das baleias jubarte para preserva\u00e7\u00e3o da esp\u00e9cie. As baleias jubarte s\u00e3o animais migrat\u00f3rios e percorrem grandes dist\u00e2ncias partindo dos mares ant\u00e1rticos para se reproduzir ao longo do litoral brasileiro. A localiza\u00e7\u00e3o privilegiada do Blue, pr\u00f3xima \u00e0 costa, oferece [&hellip;]<\/p>\n","protected":false},"author":3,"featured_media":15570,"comment_status":"open","ping_status":"open","sticky":false,"template":"","format":"standard","meta":{"_monsterinsights_skip_tracking":false,"_monsterinsights_sitenote_active":false,"_monsterinsights_sitenote_note":"","_monsterinsights_sitenote_category":0,"footnotes":""},"categories":[295],"tags":[],"yoast_head":"<!-- This site is optimized with the Yoast SEO plugin v22.9 - https:\/\/yoast.com\/wordpress\/plugins\/seo\/ -->\n<title>Blue Praia Bar vai ganhar ponto de observat\u00f3rio das baleias jubarte - Portal MF<\/title>\n<meta name=\"robots\" content=\"index, follow, max-snippet:-1, max-image-preview:large, max-video-preview:-1\" \/>\n<link rel=\"canonical\" href=\"https:\/\/portalmf.com.br\/index.php\/2023\/08\/01\/blue-praia-bar-vai-ganhar-ponto-de-observatorio-das-baleias-jubarte\/\" \/>\n<meta property=\"og:locale\" content=\"pt_BR\" \/>\n<meta property=\"og:type\" content=\"article\" \/>\n<meta property=\"og:title\" content=\"Blue Praia Bar vai ganhar ponto de observat\u00f3rio das baleias jubarte - Portal MF\" \/>\n<meta property=\"og:description\" content=\"Neste s\u00e1bado (5), das 9h \u00e0s 18h, o Blue Praia Bar montar\u00e1 um observat\u00f3rio dedicado ao monitoramento das baleias jubarte para preserva\u00e7\u00e3o da esp\u00e9cie. As baleias jubarte s\u00e3o animais migrat\u00f3rios e percorrem grandes dist\u00e2ncias partindo dos mares ant\u00e1rticos para se reproduzir ao longo do litoral brasileiro. A localiza\u00e7\u00e3o privilegiada do Blue, pr\u00f3xima \u00e0 costa, oferece [&hellip;]\" \/>\n<meta property=\"og:url\" content=\"https:\/\/portalmf.com.br\/index.php\/2023\/08\/01\/blue-praia-bar-vai-ganhar-ponto-de-observatorio-das-baleias-jubarte\/\" \/>\n<meta property=\"og:site_name\" content=\"Portal MF\" \/>\n<meta property=\"article:author\" content=\"https:\/\/www.facebook.com\/portalmfoficial\" \/>\n<meta property=\"article:published_time\" content=\"2023-08-01T22:04:30+00:00\" \/>\n<meta property=\"article:modified_time\" content=\"2023-08-01T22:04:36+00:00\" \/>\n<meta property=\"og:image\" content=\"https:\/\/portalmf.com.br\/wp-content\/uploads\/2023\/08\/Blue-Praia-Bar-vai-ganhar-ponto-de-observatorio-das-baleias-jubarte.jpeg\" \/>\n\t<meta property=\"og:image:width\" content=\"1024\" \/>\n\t<meta property=\"og:image:height\" content=\"576\" \/>\n\t<meta property=\"og:image:type\" content=\"image\/jpeg\" \/>\n<meta name=\"author\" content=\"Reda\u00e7\u00e3o Portal MF\" \/>\n<meta name=\"twitter:card\" content=\"summary_large_image\" \/>\n<meta name=\"twitter:creator\" content=\"@https:\/\/x.com\/portalmfoficial\" \/>\n<meta name=\"twitter:label1\" content=\"Escrito por\" \/>\n\t<meta name=\"twitter:data1\" content=\"Reda\u00e7\u00e3o Portal MF\" \/>\n\t<meta name=\"twitter:label2\" content=\"Est. tempo de leitura\" \/>\n\t<meta name=\"twitter:data2\" content=\"1 minuto\" \/>\n<script type=\"application\/ld+json\" class=\"yoast-schema-graph\">{\"@context\":\"https:\/\/schema.org\",\"@graph\":[{\"@type\":\"WebPage\",\"@id\":\"https:\/\/portalmf.com.br\/index.php\/2023\/08\/01\/blue-praia-bar-vai-ganhar-ponto-de-observatorio-das-baleias-jubarte\/\",\"url\":\"https:\/\/portalmf.com.br\/index.php\/2023\/08\/01\/blue-praia-bar-vai-ganhar-ponto-de-observatorio-das-baleias-jubarte\/\",\"name\":\"Blue Praia Bar vai ganhar ponto de observat\u00f3rio das baleias jubarte - Portal MF\",\"isPartOf\":{\"@id\":\"https:\/\/portalmf.com.br\/#website\"},\"primaryImageOfPage\":{\"@id\":\"https:\/\/portalmf.com.br\/index.php\/2023\/08\/01\/blue-praia-bar-vai-ganhar-ponto-de-observatorio-das-baleias-jubarte\/#primaryimage\"},\"image\":{\"@id\":\"https:\/\/portalmf.com.br\/index.php\/2023\/08\/01\/blue-praia-bar-vai-ganhar-ponto-de-observatorio-das-baleias-jubarte\/#primaryimage\"},\"thumbnailUrl\":\"https:\/\/portalmf.com.br\/wp-content\/uploads\/2023\/08\/Blue-Praia-Bar-vai-ganhar-ponto-de-observatorio-das-baleias-jubarte.jpeg\",\"datePublished\":\"2023-08-01T22:04:30+00:00\",\"dateModified\":\"2023-08-01T22:04:36+00:00\",\"author\":{\"@id\":\"https:\/\/portalmf.com.br\/#\/schema\/person\/9ec101baf56233e53520c26de5d6f6f0\"},\"breadcrumb\":{\"@id\":\"https:\/\/portalmf.com.br\/index.php\/2023\/08\/01\/blue-praia-bar-vai-ganhar-ponto-de-observatorio-das-baleias-jubarte\/#breadcrumb\"},\"inLanguage\":\"pt-BR\",\"potentialAction\":[{\"@type\":\"ReadAction\",\"target\":[\"https:\/\/portalmf.com.br\/index.php\/2023\/08\/01\/blue-praia-bar-vai-ganhar-ponto-de-observatorio-das-baleias-jubarte\/\"]}]},{\"@type\":\"ImageObject\",\"inLanguage\":\"pt-BR\",\"@id\":\"https:\/\/portalmf.com.br\/index.php\/2023\/08\/01\/blue-praia-bar-vai-ganhar-ponto-de-observatorio-das-baleias-jubarte\/#primaryimage\",\"url\":\"https:\/\/portalmf.com.br\/wp-content\/uploads\/2023\/08\/Blue-Praia-Bar-vai-ganhar-ponto-de-observatorio-das-baleias-jubarte.jpeg\",\"contentUrl\":\"https:\/\/portalmf.com.br\/wp-content\/uploads\/2023\/08\/Blue-Praia-Bar-vai-ganhar-ponto-de-observatorio-das-baleias-jubarte.jpeg\",\"width\":1024,\"height\":576},{\"@type\":\"BreadcrumbList\",\"@id\":\"https:\/\/portalmf.com.br\/index.php\/2023\/08\/01\/blue-praia-bar-vai-ganhar-ponto-de-observatorio-das-baleias-jubarte\/#breadcrumb\",\"itemListElement\":[{\"@type\":\"ListItem\",\"position\":1,\"name\":\"In\u00edcio\",\"item\":\"https:\/\/portalmf.com.br\/\"},{\"@type\":\"ListItem\",\"position\":2,\"name\":\"Blue Praia Bar vai ganhar ponto de observat\u00f3rio das baleias jubarte\"}]},{\"@type\":\"WebSite\",\"@id\":\"https:\/\/portalmf.com.br\/#website\",\"url\":\"https:\/\/portalmf.com.br\/\",\"name\":\"Portal MF\",\"description\":\"Voc\u00ea conectado com a informa\u00e7\u00e3o\",\"potentialAction\":[{\"@type\":\"SearchAction\",\"target\":{\"@type\":\"EntryPoint\",\"urlTemplate\":\"https:\/\/portalmf.com.br\/?s={search_term_string}\"},\"query-input\":\"required name=search_term_string\"}],\"inLanguage\":\"pt-BR\"},{\"@type\":\"Person\",\"@id\":\"https:\/\/portalmf.com.br\/#\/schema\/person\/9ec101baf56233e53520c26de5d6f6f0\",\"name\":\"Reda\u00e7\u00e3o Portal MF\",\"image\":{\"@type\":\"ImageObject\",\"inLanguage\":\"pt-BR\",\"@id\":\"https:\/\/portalmf.com.br\/#\/schema\/person\/image\/\",\"url\":\"https:\/\/secure.gravatar.com\/avatar\/41b9aaeb2100835f7c64362330f74c7f?s=96&d=mm&r=g\",\"contentUrl\":\"https:\/\/secure.gravatar.com\/avatar\/41b9aaeb2100835f7c64362330f74c7f?s=96&d=mm&r=g\",\"caption\":\"Reda\u00e7\u00e3o Portal MF\"},\"description\":\"Sejam bem-vindos o portal de informa\u00e7\u00f5es de entretenimento de Feira de Santana, desde 2006 realiza coberturas dos principais eventos com entrevistas exclusivas com as principais personalidades mundiais. Fique conectado tamb\u00e9m nas redes sociais.\",\"sameAs\":[\"http:\/\/www.portalmf.com.br\/\",\"https:\/\/www.facebook.com\/portalmfoficial\",\"https:\/\/www.instagram.com\/portalmf\/\",\"https:\/\/x.com\/https:\/\/x.com\/portalmfoficial\",\"https:\/\/www.youtube.com\/@portalmfoficial\"],\"url\":\"https:\/\/portalmf.com.br\/index.php\/author\/junior\/\"}]}<\/script>\n<!-- \/ Yoast SEO plugin. -->","yoast_head_json":{"title":"Blue Praia Bar vai ganhar ponto de observat\u00f3rio das baleias jubarte - Portal MF","robots":{"index":"index","follow":"follow","max-snippet":"max-snippet:-1","max-image-preview":"max-image-preview:large","max-video-preview":"max-video-preview:-1"},"canonical":"https:\/\/portalmf.com.br\/index.php\/2023\/08\/01\/blue-praia-bar-vai-ganhar-ponto-de-observatorio-das-baleias-jubarte\/","og_locale":"pt_BR","og_type":"article","og_title":"Blue Praia Bar vai ganhar ponto de observat\u00f3rio das baleias jubarte - Portal MF","og_description":"Neste s\u00e1bado (5), das 9h \u00e0s 18h, o Blue Praia Bar montar\u00e1 um observat\u00f3rio dedicado ao monitoramento das baleias jubarte para preserva\u00e7\u00e3o da esp\u00e9cie. As baleias jubarte s\u00e3o animais migrat\u00f3rios e percorrem grandes dist\u00e2ncias partindo dos mares ant\u00e1rticos para se reproduzir ao longo do litoral brasileiro. A localiza\u00e7\u00e3o privilegiada do Blue, pr\u00f3xima \u00e0 costa, oferece [&hellip;]","og_url":"https:\/\/portalmf.com.br\/index.php\/2023\/08\/01\/blue-praia-bar-vai-ganhar-ponto-de-observatorio-das-baleias-jubarte\/","og_site_name":"Portal MF","article_author":"https:\/\/www.facebook.com\/portalmfoficial","article_published_time":"2023-08-01T22:04:30+00:00","article_modified_time":"2023-08-01T22:04:36+00:00","og_image":[{"width":1024,"height":576,"url":"https:\/\/portalmf.com.br\/wp-content\/uploads\/2023\/08\/Blue-Praia-Bar-vai-ganhar-ponto-de-observatorio-das-baleias-jubarte.jpeg","type":"image\/jpeg"}],"author":"Reda\u00e7\u00e3o Portal MF","twitter_card":"summary_large_image","twitter_creator":"@https:\/\/x.com\/portalmfoficial","twitter_misc":{"Escrito por":"Reda\u00e7\u00e3o Portal MF","Est. tempo de leitura":"1 minuto"},"schema":{"@context":"https:\/\/schema.org","@graph":[{"@type":"WebPage","@id":"https:\/\/portalmf.com.br\/index.php\/2023\/08\/01\/blue-praia-bar-vai-ganhar-ponto-de-observatorio-das-baleias-jubarte\/","url":"https:\/\/portalmf.com.br\/index.php\/2023\/08\/01\/blue-praia-bar-vai-ganhar-ponto-de-observatorio-das-baleias-jubarte\/","name":"Blue Praia Bar vai ganhar ponto de observat\u00f3rio das baleias jubarte - Portal MF","isPartOf":{"@id":"https:\/\/portalmf.com.br\/#website"},"primaryImageOfPage":{"@id":"https:\/\/portalmf.com.br\/index.php\/2023\/08\/01\/blue-praia-bar-vai-ganhar-ponto-de-observatorio-das-baleias-jubarte\/#primaryimage"},"image":{"@id":"https:\/\/portalmf.com.br\/index.php\/2023\/08\/01\/blue-praia-bar-vai-ganhar-ponto-de-observatorio-das-baleias-jubarte\/#primaryimage"},"thumbnailUrl":"https:\/\/portalmf.com.br\/wp-content\/uploads\/2023\/08\/Blue-Praia-Bar-vai-ganhar-ponto-de-observatorio-das-baleias-jubarte.jpeg","datePublished":"2023-08-01T22:04:30+00:00","dateModified":"2023-08-01T22:04:36+00:00","author":{"@id":"https:\/\/portalmf.com.br\/#\/schema\/person\/9ec101baf56233e53520c26de5d6f6f0"},"breadcrumb":{"@id":"https:\/\/portalmf.com.br\/index.php\/2023\/08\/01\/blue-praia-bar-vai-ganhar-ponto-de-observatorio-das-baleias-jubarte\/#breadcrumb"},"inLanguage":"pt-BR","potentialAction":[{"@type":"ReadAction","target":["https:\/\/portalmf.com.br\/index.php\/2023\/08\/01\/blue-praia-bar-vai-ganhar-ponto-de-observatorio-das-baleias-jubarte\/"]}]},{"@type":"ImageObject","inLanguage":"pt-BR","@id":"https:\/\/portalmf.com.br\/index.php\/2023\/08\/01\/blue-praia-bar-vai-ganhar-ponto-de-observatorio-das-baleias-jubarte\/#primaryimage","url":"https:\/\/portalmf.com.br\/wp-content\/uploads\/2023\/08\/Blue-Praia-Bar-vai-ganhar-ponto-de-observatorio-das-baleias-jubarte.jpeg","contentUrl":"https:\/\/portalmf.com.br\/wp-content\/uploads\/2023\/08\/Blue-Praia-Bar-vai-ganhar-ponto-de-observatorio-das-baleias-jubarte.jpeg","width":1024,"height":576},{"@type":"BreadcrumbList","@id":"https:\/\/portalmf.com.br\/index.php\/2023\/08\/01\/blue-praia-bar-vai-ganhar-ponto-de-observatorio-das-baleias-jubarte\/#breadcrumb","itemListElement":[{"@type":"ListItem","position":1,"name":"In\u00edcio","item":"https:\/\/portalmf.com.br\/"},{"@type":"ListItem","position":2,"name":"Blue Praia Bar vai ganhar ponto de observat\u00f3rio das baleias jubarte"}]},{"@type":"WebSite","@id":"https:\/\/portalmf.com.br\/#website","url":"https:\/\/portalmf.com.br\/","name":"Portal MF","description":"Voc\u00ea conectado com a informa\u00e7\u00e3o","potentialAction":[{"@type":"SearchAction","target":{"@type":"EntryPoint","urlTemplate":"https:\/\/portalmf.com.br\/?s={search_term_string}"},"query-input":"required name=search_term_string"}],"inLanguage":"pt-BR"},{"@type":"Person","@id":"https:\/\/portalmf.com.br\/#\/schema\/person\/9ec101baf56233e53520c26de5d6f6f0","name":"Reda\u00e7\u00e3o Portal MF","image":{"@type":"ImageObject","inLanguage":"pt-BR","@id":"https:\/\/portalmf.com.br\/#\/schema\/person\/image\/","url":"https:\/\/secure.gravatar.com\/avatar\/41b9aaeb2100835f7c64362330f74c7f?s=96&d=mm&r=g","contentUrl":"https:\/\/secure.gravatar.com\/avatar\/41b9aaeb2100835f7c64362330f74c7f?s=96&d=mm&r=g","caption":"Reda\u00e7\u00e3o Portal MF"},"description":"Sejam bem-vindos o portal de informa\u00e7\u00f5es de entretenimento de Feira de Santana, desde 2006 realiza coberturas dos principais eventos com entrevistas exclusivas com as principais personalidades mundiais. Fique conectado tamb\u00e9m nas redes sociais.","sameAs":["http:\/\/www.portalmf.com.br\/","https:\/\/www.facebook.com\/portalmfoficial","https:\/\/www.instagram.com\/portalmf\/","https:\/\/x.com\/https:\/\/x.com\/portalmfoficial","https:\/\/www.youtube.com\/@portalmfoficial"],"url":"https:\/\/portalmf.com.br\/index.php\/author\/junior\/"}]}},"_links":{"self":[{"href":"https:\/\/portalmf.com.br\/index.php\/wp-json\/wp\/v2\/posts\/15569"}],"collection":[{"href":"https:\/\/portalmf.com.br\/index.php\/wp-json\/wp\/v2\/posts"}],"about":[{"href":"https:\/\/portalmf.com.br\/index.php\/wp-json\/wp\/v2\/types\/post"}],"author":[{"embeddable":true,"href":"https:\/\/portalmf.com.br\/index.php\/wp-json\/wp\/v2\/users\/3"}],"replies":[{"embeddable":true,"href":"https:\/\/portalmf.com.br\/index.php\/wp-json\/wp\/v2\/comments?post=15569"}],"version-history":[{"count":1,"href":"https:\/\/portalmf.com.br\/index.php\/wp-json\/wp\/v2\/posts\/15569\/revisions"}],"predecessor-version":[{"id":15571,"href":"https:\/\/portalmf.com.br\/index.php\/wp-json\/wp\/v2\/posts\/15569\/revisions\/15571"}],"wp:featuredmedia":[{"embeddable":true,"href":"https:\/\/portalmf.com.br\/index.php\/wp-json\/wp\/v2\/media\/15570"}],"wp:attachment":[{"href":"https:\/\/portalmf.com.br\/index.php\/wp-json\/wp\/v2\/media?parent=15569"}],"wp:term":[{"taxonomy":"category","embeddable":true,"href":"https:\/\/portalmf.com.br\/index.php\/wp-json\/wp\/v2\/categories?post=15569"},{"taxonomy":"post_tag","embeddable":true,"href":"https:\/\/portalmf.com.br\/index.php\/wp-json\/wp\/v2\/tags?post=15569"}],"curies":[{"name":"wp","href":"https:\/\/api.w.org\/{rel}","templated":true}]}}