{"id":14860,"date":"2023-07-17T15:19:20","date_gmt":"2023-07-17T18:19:20","guid":{"rendered":"https:\/\/portalmf.com.br\/?p=14860"},"modified":"2023-07-17T15:19:27","modified_gmt":"2023-07-17T18:19:27","slug":"boulevard-feira-apresenta-nova-superintendente-e-novo-gerente-de-marketing","status":"publish","type":"post","link":"https:\/\/portalmf.com.br\/index.php\/2023\/07\/17\/boulevard-feira-apresenta-nova-superintendente-e-novo-gerente-de-marketing\/","title":{"rendered":"Boulevard Feira apresenta nova superintendente e novo gerente de marketing"},"content":{"rendered":"\n<p>O Boulevard Shopping est\u00e1 sob novo comando. Sete anos depois de sair de Feira para assumir a superintend\u00eancia do Boulevard Shopping em Bel\u00e9m do Par\u00e1, a executiva Vivianne Freire retorna \u00e0 Princesa do Sert\u00e3o com grandes desafios pela frente.&nbsp;&nbsp;<\/p>\n\n\n\n<p>Ela reassume a cadeira de superintendente do Boulevard Feira, com o desafio de seguir com as a\u00e7\u00f5es de&nbsp;retrofit&nbsp;e atualiza\u00e7\u00e3o estrutural do equipamento e renova\u00e7\u00e3o do seu mix com novas opera\u00e7\u00f5es, amplia\u00e7\u00f5es e reformas. Destaque para as aguardadas Tommy Hilfiger e&nbsp;Brooksfield.&nbsp;<\/p>\n\n\n\n<p><em>&#8220;Me sinto honrada n\u00e3o apenas pelo desafio, mas pela confian\u00e7a da Aliansce\u00a0Sonae+brMalls\u00a0e tamb\u00e9m dos empreendedores do Boulevard Shopping. Ter sido escolhida para renovar o Boulevard \u00e9 um desafio que vou abra\u00e7ar com toda energia e amor que tenho por essa cidade. Feira merece e n\u00f3s faremos isso acontecer junto com empres\u00e1rios, colaboradores e os parceiros da sociedade feirense&#8221;,<\/em> celebra Vivianne.\u00a0<\/p>\n\n\n\n<p><strong>MARKETING \u2013 <\/strong>Na ger\u00eancia de marketing, o empreendimento passa a contar com a lideran\u00e7a do publicit\u00e1rio Andr\u00e9 Serra, que foi promovido ao cargo ap\u00f3s cinco anos atuando no marketing do Shopping da Bahia, em Salvador, que tamb\u00e9m faz parte da rede\u00a0AliansceSonae+brMalls.\u00a0\u00a0<\/p>\n\n\n\n<p><em>\u201cChego com muito entusiasmo a Feira, depois de uma verdadeira escola que foi estar no Shopping da Bahia nos \u00faltimos anos. O Boulevard \u00e9 um shopping muito querido pela cidade, que pensa sempre em trazer o melhor para o feirense, sem esquecer de valorizar aquilo que \u00e9 da terra. Tenho certeza de que posso ajudar nessa hist\u00f3ria de amor entre o shopping e os feirenses\u201d,<\/em> avalia Serra. Andr\u00e9 tem MBA em Gest\u00e3o Comercial pela Funda\u00e7\u00e3o Get\u00falio Vargas (FGV) e certifica\u00e7\u00e3o internacional em marketing digital pela ESPM e Digital Marketing\u00a0Institute.\u00a0\u00a0<\/p>\n\n\n\n<p>Al\u00e9m do SDB, Serra teve passagens em ag\u00eancias de publicidade em Salvador e em S\u00e3o Paulo. Ele chega para substituir o feirense Jo\u00e3o Almeida, que segue para novos desafios no Rio Anil Shopping, em S\u00e3o Lu\u00eds, no Maranh\u00e3o.&nbsp;<\/p>\n","protected":false},"excerpt":{"rendered":"<p>O Boulevard Shopping est\u00e1 sob novo comando. Sete anos depois de sair de Feira para assumir a superintend\u00eancia do Boulevard Shopping em Bel\u00e9m do Par\u00e1, a executiva Vivianne Freire retorna \u00e0 Princesa do Sert\u00e3o com grandes desafios pela frente.&nbsp;&nbsp; Ela reassume a cadeira de superintendente do Boulevard Feira, com o desafio de seguir com as [&hellip;]<\/p>\n","protected":false},"author":3,"featured_media":14861,"comment_status":"open","ping_status":"open","sticky":false,"template":"","format":"standard","meta":{"_monsterinsights_skip_tracking":false,"_monsterinsights_sitenote_active":false,"_monsterinsights_sitenote_note":"","_monsterinsights_sitenote_category":0,"footnotes":""},"categories":[295],"tags":[],"yoast_head":"<!-- This site is optimized with the Yoast SEO plugin v22.9 - https:\/\/yoast.com\/wordpress\/plugins\/seo\/ -->\n<title>Boulevard Feira apresenta nova superintendente e novo gerente de marketing - Portal MF<\/title>\n<meta name=\"robots\" content=\"index, follow, max-snippet:-1, max-image-preview:large, max-video-preview:-1\" \/>\n<link rel=\"canonical\" href=\"https:\/\/portalmf.com.br\/index.php\/2023\/07\/17\/boulevard-feira-apresenta-nova-superintendente-e-novo-gerente-de-marketing\/\" \/>\n<meta property=\"og:locale\" content=\"pt_BR\" \/>\n<meta property=\"og:type\" content=\"article\" \/>\n<meta property=\"og:title\" content=\"Boulevard Feira apresenta nova superintendente e novo gerente de marketing - Portal MF\" \/>\n<meta property=\"og:description\" content=\"O Boulevard Shopping est\u00e1 sob novo comando. Sete anos depois de sair de Feira para assumir a superintend\u00eancia do Boulevard Shopping em Bel\u00e9m do Par\u00e1, a executiva Vivianne Freire retorna \u00e0 Princesa do Sert\u00e3o com grandes desafios pela frente.&nbsp;&nbsp; Ela reassume a cadeira de superintendente do Boulevard Feira, com o desafio de seguir com as [&hellip;]\" \/>\n<meta property=\"og:url\" content=\"https:\/\/portalmf.com.br\/index.php\/2023\/07\/17\/boulevard-feira-apresenta-nova-superintendente-e-novo-gerente-de-marketing\/\" \/>\n<meta property=\"og:site_name\" content=\"Portal MF\" \/>\n<meta property=\"article:author\" content=\"https:\/\/www.facebook.com\/portalmfoficial\" \/>\n<meta property=\"article:published_time\" content=\"2023-07-17T18:19:20+00:00\" \/>\n<meta property=\"article:modified_time\" content=\"2023-07-17T18:19:27+00:00\" \/>\n<meta property=\"og:image\" content=\"https:\/\/portalmf.com.br\/wp-content\/uploads\/2023\/07\/BOULEVARD-FEIRA-APRESENTA-NOVA-SUPERINTENDENTE-E-NOVO-GERENTE-DE-MARKETING.jpg\" \/>\n\t<meta property=\"og:image:width\" content=\"1200\" \/>\n\t<meta property=\"og:image:height\" content=\"944\" \/>\n\t<meta property=\"og:image:type\" content=\"image\/jpeg\" \/>\n<meta name=\"author\" content=\"Reda\u00e7\u00e3o Portal MF\" \/>\n<meta name=\"twitter:card\" content=\"summary_large_image\" \/>\n<meta name=\"twitter:creator\" content=\"@https:\/\/x.com\/portalmfoficial\" \/>\n<meta name=\"twitter:label1\" content=\"Escrito por\" \/>\n\t<meta name=\"twitter:data1\" content=\"Reda\u00e7\u00e3o Portal MF\" \/>\n\t<meta name=\"twitter:label2\" content=\"Est. tempo de leitura\" \/>\n\t<meta name=\"twitter:data2\" content=\"2 minutos\" \/>\n<script type=\"application\/ld+json\" class=\"yoast-schema-graph\">{\"@context\":\"https:\/\/schema.org\",\"@graph\":[{\"@type\":\"WebPage\",\"@id\":\"https:\/\/portalmf.com.br\/index.php\/2023\/07\/17\/boulevard-feira-apresenta-nova-superintendente-e-novo-gerente-de-marketing\/\",\"url\":\"https:\/\/portalmf.com.br\/index.php\/2023\/07\/17\/boulevard-feira-apresenta-nova-superintendente-e-novo-gerente-de-marketing\/\",\"name\":\"Boulevard Feira apresenta nova superintendente e novo gerente de marketing - Portal MF\",\"isPartOf\":{\"@id\":\"https:\/\/portalmf.com.br\/#website\"},\"primaryImageOfPage\":{\"@id\":\"https:\/\/portalmf.com.br\/index.php\/2023\/07\/17\/boulevard-feira-apresenta-nova-superintendente-e-novo-gerente-de-marketing\/#primaryimage\"},\"image\":{\"@id\":\"https:\/\/portalmf.com.br\/index.php\/2023\/07\/17\/boulevard-feira-apresenta-nova-superintendente-e-novo-gerente-de-marketing\/#primaryimage\"},\"thumbnailUrl\":\"https:\/\/portalmf.com.br\/wp-content\/uploads\/2023\/07\/BOULEVARD-FEIRA-APRESENTA-NOVA-SUPERINTENDENTE-E-NOVO-GERENTE-DE-MARKETING.jpg\",\"datePublished\":\"2023-07-17T18:19:20+00:00\",\"dateModified\":\"2023-07-17T18:19:27+00:00\",\"author\":{\"@id\":\"https:\/\/portalmf.com.br\/#\/schema\/person\/9ec101baf56233e53520c26de5d6f6f0\"},\"breadcrumb\":{\"@id\":\"https:\/\/portalmf.com.br\/index.php\/2023\/07\/17\/boulevard-feira-apresenta-nova-superintendente-e-novo-gerente-de-marketing\/#breadcrumb\"},\"inLanguage\":\"pt-BR\",\"potentialAction\":[{\"@type\":\"ReadAction\",\"target\":[\"https:\/\/portalmf.com.br\/index.php\/2023\/07\/17\/boulevard-feira-apresenta-nova-superintendente-e-novo-gerente-de-marketing\/\"]}]},{\"@type\":\"ImageObject\",\"inLanguage\":\"pt-BR\",\"@id\":\"https:\/\/portalmf.com.br\/index.php\/2023\/07\/17\/boulevard-feira-apresenta-nova-superintendente-e-novo-gerente-de-marketing\/#primaryimage\",\"url\":\"https:\/\/portalmf.com.br\/wp-content\/uploads\/2023\/07\/BOULEVARD-FEIRA-APRESENTA-NOVA-SUPERINTENDENTE-E-NOVO-GERENTE-DE-MARKETING.jpg\",\"contentUrl\":\"https:\/\/portalmf.com.br\/wp-content\/uploads\/2023\/07\/BOULEVARD-FEIRA-APRESENTA-NOVA-SUPERINTENDENTE-E-NOVO-GERENTE-DE-MARKETING.jpg\",\"width\":1200,\"height\":944},{\"@type\":\"BreadcrumbList\",\"@id\":\"https:\/\/portalmf.com.br\/index.php\/2023\/07\/17\/boulevard-feira-apresenta-nova-superintendente-e-novo-gerente-de-marketing\/#breadcrumb\",\"itemListElement\":[{\"@type\":\"ListItem\",\"position\":1,\"name\":\"In\u00edcio\",\"item\":\"https:\/\/portalmf.com.br\/\"},{\"@type\":\"ListItem\",\"position\":2,\"name\":\"Boulevard Feira apresenta nova superintendente e novo gerente de marketing\"}]},{\"@type\":\"WebSite\",\"@id\":\"https:\/\/portalmf.com.br\/#website\",\"url\":\"https:\/\/portalmf.com.br\/\",\"name\":\"Portal MF\",\"description\":\"Voc\u00ea conectado com a informa\u00e7\u00e3o\",\"potentialAction\":[{\"@type\":\"SearchAction\",\"target\":{\"@type\":\"EntryPoint\",\"urlTemplate\":\"https:\/\/portalmf.com.br\/?s={search_term_string}\"},\"query-input\":\"required name=search_term_string\"}],\"inLanguage\":\"pt-BR\"},{\"@type\":\"Person\",\"@id\":\"https:\/\/portalmf.com.br\/#\/schema\/person\/9ec101baf56233e53520c26de5d6f6f0\",\"name\":\"Reda\u00e7\u00e3o Portal MF\",\"image\":{\"@type\":\"ImageObject\",\"inLanguage\":\"pt-BR\",\"@id\":\"https:\/\/portalmf.com.br\/#\/schema\/person\/image\/\",\"url\":\"https:\/\/secure.gravatar.com\/avatar\/41b9aaeb2100835f7c64362330f74c7f?s=96&d=mm&r=g\",\"contentUrl\":\"https:\/\/secure.gravatar.com\/avatar\/41b9aaeb2100835f7c64362330f74c7f?s=96&d=mm&r=g\",\"caption\":\"Reda\u00e7\u00e3o Portal MF\"},\"description\":\"Sejam bem-vindos o portal de informa\u00e7\u00f5es de entretenimento de Feira de Santana, desde 2006 realiza coberturas dos principais eventos com entrevistas exclusivas com as principais personalidades mundiais. Fique conectado tamb\u00e9m nas redes sociais.\",\"sameAs\":[\"http:\/\/www.portalmf.com.br\/\",\"https:\/\/www.facebook.com\/portalmfoficial\",\"https:\/\/www.instagram.com\/portalmf\/\",\"https:\/\/x.com\/https:\/\/x.com\/portalmfoficial\",\"https:\/\/www.youtube.com\/@portalmfoficial\"],\"url\":\"https:\/\/portalmf.com.br\/index.php\/author\/junior\/\"}]}<\/script>\n<!-- \/ Yoast SEO plugin. -->","yoast_head_json":{"title":"Boulevard Feira apresenta nova superintendente e novo gerente de marketing - Portal MF","robots":{"index":"index","follow":"follow","max-snippet":"max-snippet:-1","max-image-preview":"max-image-preview:large","max-video-preview":"max-video-preview:-1"},"canonical":"https:\/\/portalmf.com.br\/index.php\/2023\/07\/17\/boulevard-feira-apresenta-nova-superintendente-e-novo-gerente-de-marketing\/","og_locale":"pt_BR","og_type":"article","og_title":"Boulevard Feira apresenta nova superintendente e novo gerente de marketing - Portal MF","og_description":"O Boulevard Shopping est\u00e1 sob novo comando. Sete anos depois de sair de Feira para assumir a superintend\u00eancia do Boulevard Shopping em Bel\u00e9m do Par\u00e1, a executiva Vivianne Freire retorna \u00e0 Princesa do Sert\u00e3o com grandes desafios pela frente.&nbsp;&nbsp; Ela reassume a cadeira de superintendente do Boulevard Feira, com o desafio de seguir com as [&hellip;]","og_url":"https:\/\/portalmf.com.br\/index.php\/2023\/07\/17\/boulevard-feira-apresenta-nova-superintendente-e-novo-gerente-de-marketing\/","og_site_name":"Portal MF","article_author":"https:\/\/www.facebook.com\/portalmfoficial","article_published_time":"2023-07-17T18:19:20+00:00","article_modified_time":"2023-07-17T18:19:27+00:00","og_image":[{"width":1200,"height":944,"url":"https:\/\/portalmf.com.br\/wp-content\/uploads\/2023\/07\/BOULEVARD-FEIRA-APRESENTA-NOVA-SUPERINTENDENTE-E-NOVO-GERENTE-DE-MARKETING.jpg","type":"image\/jpeg"}],"author":"Reda\u00e7\u00e3o Portal MF","twitter_card":"summary_large_image","twitter_creator":"@https:\/\/x.com\/portalmfoficial","twitter_misc":{"Escrito por":"Reda\u00e7\u00e3o Portal MF","Est. tempo de leitura":"2 minutos"},"schema":{"@context":"https:\/\/schema.org","@graph":[{"@type":"WebPage","@id":"https:\/\/portalmf.com.br\/index.php\/2023\/07\/17\/boulevard-feira-apresenta-nova-superintendente-e-novo-gerente-de-marketing\/","url":"https:\/\/portalmf.com.br\/index.php\/2023\/07\/17\/boulevard-feira-apresenta-nova-superintendente-e-novo-gerente-de-marketing\/","name":"Boulevard Feira apresenta nova superintendente e novo gerente de marketing - Portal MF","isPartOf":{"@id":"https:\/\/portalmf.com.br\/#website"},"primaryImageOfPage":{"@id":"https:\/\/portalmf.com.br\/index.php\/2023\/07\/17\/boulevard-feira-apresenta-nova-superintendente-e-novo-gerente-de-marketing\/#primaryimage"},"image":{"@id":"https:\/\/portalmf.com.br\/index.php\/2023\/07\/17\/boulevard-feira-apresenta-nova-superintendente-e-novo-gerente-de-marketing\/#primaryimage"},"thumbnailUrl":"https:\/\/portalmf.com.br\/wp-content\/uploads\/2023\/07\/BOULEVARD-FEIRA-APRESENTA-NOVA-SUPERINTENDENTE-E-NOVO-GERENTE-DE-MARKETING.jpg","datePublished":"2023-07-17T18:19:20+00:00","dateModified":"2023-07-17T18:19:27+00:00","author":{"@id":"https:\/\/portalmf.com.br\/#\/schema\/person\/9ec101baf56233e53520c26de5d6f6f0"},"breadcrumb":{"@id":"https:\/\/portalmf.com.br\/index.php\/2023\/07\/17\/boulevard-feira-apresenta-nova-superintendente-e-novo-gerente-de-marketing\/#breadcrumb"},"inLanguage":"pt-BR","potentialAction":[{"@type":"ReadAction","target":["https:\/\/portalmf.com.br\/index.php\/2023\/07\/17\/boulevard-feira-apresenta-nova-superintendente-e-novo-gerente-de-marketing\/"]}]},{"@type":"ImageObject","inLanguage":"pt-BR","@id":"https:\/\/portalmf.com.br\/index.php\/2023\/07\/17\/boulevard-feira-apresenta-nova-superintendente-e-novo-gerente-de-marketing\/#primaryimage","url":"https:\/\/portalmf.com.br\/wp-content\/uploads\/2023\/07\/BOULEVARD-FEIRA-APRESENTA-NOVA-SUPERINTENDENTE-E-NOVO-GERENTE-DE-MARKETING.jpg","contentUrl":"https:\/\/portalmf.com.br\/wp-content\/uploads\/2023\/07\/BOULEVARD-FEIRA-APRESENTA-NOVA-SUPERINTENDENTE-E-NOVO-GERENTE-DE-MARKETING.jpg","width":1200,"height":944},{"@type":"BreadcrumbList","@id":"https:\/\/portalmf.com.br\/index.php\/2023\/07\/17\/boulevard-feira-apresenta-nova-superintendente-e-novo-gerente-de-marketing\/#breadcrumb","itemListElement":[{"@type":"ListItem","position":1,"name":"In\u00edcio","item":"https:\/\/portalmf.com.br\/"},{"@type":"ListItem","position":2,"name":"Boulevard Feira apresenta nova superintendente e novo gerente de marketing"}]},{"@type":"WebSite","@id":"https:\/\/portalmf.com.br\/#website","url":"https:\/\/portalmf.com.br\/","name":"Portal MF","description":"Voc\u00ea conectado com a informa\u00e7\u00e3o","potentialAction":[{"@type":"SearchAction","target":{"@type":"EntryPoint","urlTemplate":"https:\/\/portalmf.com.br\/?s={search_term_string}"},"query-input":"required name=search_term_string"}],"inLanguage":"pt-BR"},{"@type":"Person","@id":"https:\/\/portalmf.com.br\/#\/schema\/person\/9ec101baf56233e53520c26de5d6f6f0","name":"Reda\u00e7\u00e3o Portal MF","image":{"@type":"ImageObject","inLanguage":"pt-BR","@id":"https:\/\/portalmf.com.br\/#\/schema\/person\/image\/","url":"https:\/\/secure.gravatar.com\/avatar\/41b9aaeb2100835f7c64362330f74c7f?s=96&d=mm&r=g","contentUrl":"https:\/\/secure.gravatar.com\/avatar\/41b9aaeb2100835f7c64362330f74c7f?s=96&d=mm&r=g","caption":"Reda\u00e7\u00e3o Portal MF"},"description":"Sejam bem-vindos o portal de informa\u00e7\u00f5es de entretenimento de Feira de Santana, desde 2006 realiza coberturas dos principais eventos com entrevistas exclusivas com as principais personalidades mundiais. Fique conectado tamb\u00e9m nas redes sociais.","sameAs":["http:\/\/www.portalmf.com.br\/","https:\/\/www.facebook.com\/portalmfoficial","https:\/\/www.instagram.com\/portalmf\/","https:\/\/x.com\/https:\/\/x.com\/portalmfoficial","https:\/\/www.youtube.com\/@portalmfoficial"],"url":"https:\/\/portalmf.com.br\/index.php\/author\/junior\/"}]}},"_links":{"self":[{"href":"https:\/\/portalmf.com.br\/index.php\/wp-json\/wp\/v2\/posts\/14860"}],"collection":[{"href":"https:\/\/portalmf.com.br\/index.php\/wp-json\/wp\/v2\/posts"}],"about":[{"href":"https:\/\/portalmf.com.br\/index.php\/wp-json\/wp\/v2\/types\/post"}],"author":[{"embeddable":true,"href":"https:\/\/portalmf.com.br\/index.php\/wp-json\/wp\/v2\/users\/3"}],"replies":[{"embeddable":true,"href":"https:\/\/portalmf.com.br\/index.php\/wp-json\/wp\/v2\/comments?post=14860"}],"version-history":[{"count":1,"href":"https:\/\/portalmf.com.br\/index.php\/wp-json\/wp\/v2\/posts\/14860\/revisions"}],"predecessor-version":[{"id":14862,"href":"https:\/\/portalmf.com.br\/index.php\/wp-json\/wp\/v2\/posts\/14860\/revisions\/14862"}],"wp:featuredmedia":[{"embeddable":true,"href":"https:\/\/portalmf.com.br\/index.php\/wp-json\/wp\/v2\/media\/14861"}],"wp:attachment":[{"href":"https:\/\/portalmf.com.br\/index.php\/wp-json\/wp\/v2\/media?parent=14860"}],"wp:term":[{"taxonomy":"category","embeddable":true,"href":"https:\/\/portalmf.com.br\/index.php\/wp-json\/wp\/v2\/categories?post=14860"},{"taxonomy":"post_tag","embeddable":true,"href":"https:\/\/portalmf.com.br\/index.php\/wp-json\/wp\/v2\/tags?post=14860"}],"curies":[{"name":"wp","href":"https:\/\/api.w.org\/{rel}","templated":true}]}}