{"id":14771,"date":"2023-07-13T17:03:40","date_gmt":"2023-07-13T20:03:40","guid":{"rendered":"https:\/\/portalmf.com.br\/?p=14771"},"modified":"2023-07-13T17:03:41","modified_gmt":"2023-07-13T20:03:41","slug":"bombril-traz-reynaldo-gianecchini-de-volta-para-nova-campanha-de-mon-bijou","status":"publish","type":"post","link":"https:\/\/portalmf.com.br\/index.php\/2023\/07\/13\/bombril-traz-reynaldo-gianecchini-de-volta-para-nova-campanha-de-mon-bijou\/","title":{"rendered":"Bombril traz Reynaldo Gianecchini de volta para nova campanha de Mon Bijou"},"content":{"rendered":"\n<p>Entre as campanhas publicit\u00e1rias que Reynaldo Gianecchini estrelou em 2007, estava a do amaciante Mon Bijou. Exatos 16 anos depois, o gal\u00e3 volta a emprestar o seu carisma \u00e0 publicidade da marca.\u00a0 A nova campanha engloba todos os produtos da linha Mon Bijou, que vai desde a pr\u00e9-lavagem das roupas at\u00e9 a finaliza\u00e7\u00e3o. Mon Bijou \u00e9 uma marca que faz parte da fam\u00edlia de produtos da Bombril, empresa brasileira que completou 75 anos. <\/p>\n\n\n\n<p><em>&#8220;Eu adorei o convite da Bombril pra voltar a fazer uma campanha pra Mon Bijou. A \u00faltima que fiz, h\u00e1 16 anos, foi um sucesso e uma das minhas preferidas, porque fala de um produto t\u00e3o familiar, que esteve sempre em nossas casas, de um modo afetuoso, divertido, criativo. A cara da marca! E essa atual vai ser ainda melhor, com uma fam\u00edlia maior de produtos e muita inspira\u00e7\u00e3o! Fizemos um trabalho incr\u00edvel (e divertido) na capta\u00e7\u00e3o e eu j\u00e1 quero ver logo o resultado (sim, teve musiquinha e dancinha! hehe). Que bom fazer parte desse momento da empresa. A Bombril com todas as suas linhas est\u00e1 na casa dos brasileiros e fazer parte dessa fam\u00edlia\u00a0\u00e9\u00a0um\u00a0prazer!&#8221;,<\/em> contou o ator.<br><br><em>\u201cO Gianecchini marcou bastante durante a primeira campanha de Mon Bijou e foi muito natural pensarmos nele para mostrar como a marca se consolidou e a fam\u00edlia de produtos cresceu de l\u00e1 para c\u00e1. Hoje, al\u00e9m de amaciante regular, Mon Bijou tamb\u00e9m tem amaciante concentrado e tira manchas. Estamos presentes em toda a rotina de cuidado com as roupas, desde a pr\u00e9-lavagem at\u00e9 a limpeza da m\u00e1quina de lavar. E ningu\u00e9m melhor do que o pr\u00f3prio Gianechini para seguir comunicando, com esse mood bem-humorado e alegre que sempre fez parte da Bombril\u201d, explica Gustavo Amaral, Diretor de Marketing da Bombril. Gustavo explica o momento especial da marca: \u201cestamos relan\u00e7ando 100% da linha. Buscamos ainda mais inova\u00e7\u00e3o para os produtos, que j\u00e1 s\u00e3o reconhecidos por sua boa qualidade. O resultado \u00e9 uma marca antenada com os novos perfis de consumo\u201d<\/em>, conta.<\/p>\n\n\n\n<p>Um dos objetivos da campanha \u00e9 levar a Bombril para os jovens, atrav\u00e9s de uma presen\u00e7a mais forte no ambiente digital e do di\u00e1logo que ele proporciona. <em>\u201cMon Bijou \u00e9 uma marca que est\u00e1 nos lares dos brasileiros e queremos conversar tamb\u00e9m com os mais jovens. Por isso, a necessidade de modernizar e de estar mais presente no digital\u201d, explica Gustavo.<br><\/em><br><strong>Sobre a empresa<\/strong>\u00a0\u2013 A Bombril \u00e9 uma empresa brasileira, que nasceu com um produto revolucion\u00e1rio, soube conquistar a confian\u00e7a do mercado, com 75 anos de atividade na ind\u00fastria de higiene e limpeza. Detentora de 16 marcas, dentre elas Limpol, Mon Bijou, Sap\u00f3lio Radium, Kalipto, Pinho Bril, For\u00e7a Azul e Bom Bril, tornou o seu principal produto, a l\u00e3 de a\u00e7o, sin\u00f4nimo de categoria e l\u00edder absoluta no mercado brasileiro. O portf\u00f3lio possui cerca de 240 \u201cSKUs\u201d, contam com posi\u00e7\u00f5es muito relevantes de mercado e carregam valores que simbolizam respeito pelo consumidor, excelente rela\u00e7\u00e3o qualidade\/pre\u00e7o e grande versatilidade. Com mais de 2.300 colaboradores distribu\u00eddos em 3 f\u00e1bricas localizadas em S\u00e3o Bernardo do Campo (SP), Abreu e Lima (PE) e em Sete Lagoas (MG), a marca est\u00e1 presente em praticamente 100% dos lares brasileiros, al\u00e9m de exportar seus produtos para v\u00e1rios pa\u00edses.\u00a0<a href=\"https:\/\/www.bombril.com.br\/\" target=\"_blank\" rel=\"noreferrer noopener\">https:\/\/www.bombril.com.br\/<\/a>.<\/p>\n","protected":false},"excerpt":{"rendered":"<p>Entre as campanhas publicit\u00e1rias que Reynaldo Gianecchini estrelou em 2007, estava a do amaciante Mon Bijou. Exatos 16 anos depois, o gal\u00e3 volta a emprestar o seu carisma \u00e0 publicidade da marca.\u00a0 A nova campanha engloba todos os produtos da linha Mon Bijou, que vai desde a pr\u00e9-lavagem das roupas at\u00e9 a finaliza\u00e7\u00e3o. Mon Bijou [&hellip;]<\/p>\n","protected":false},"author":3,"featured_media":14772,"comment_status":"open","ping_status":"open","sticky":false,"template":"","format":"standard","meta":{"_monsterinsights_skip_tracking":false,"_monsterinsights_sitenote_active":false,"_monsterinsights_sitenote_note":"","_monsterinsights_sitenote_category":0,"footnotes":""},"categories":[295],"tags":[],"yoast_head":"<!-- This site is optimized with the Yoast SEO plugin v22.9 - https:\/\/yoast.com\/wordpress\/plugins\/seo\/ -->\n<title>Bombril traz Reynaldo Gianecchini de volta para nova campanha de Mon Bijou - Portal MF<\/title>\n<meta name=\"robots\" content=\"index, follow, max-snippet:-1, max-image-preview:large, max-video-preview:-1\" \/>\n<link rel=\"canonical\" href=\"https:\/\/portalmf.com.br\/index.php\/2023\/07\/13\/bombril-traz-reynaldo-gianecchini-de-volta-para-nova-campanha-de-mon-bijou\/\" \/>\n<meta property=\"og:locale\" content=\"pt_BR\" \/>\n<meta property=\"og:type\" content=\"article\" \/>\n<meta property=\"og:title\" content=\"Bombril traz Reynaldo Gianecchini de volta para nova campanha de Mon Bijou - Portal MF\" \/>\n<meta property=\"og:description\" content=\"Entre as campanhas publicit\u00e1rias que Reynaldo Gianecchini estrelou em 2007, estava a do amaciante Mon Bijou. Exatos 16 anos depois, o gal\u00e3 volta a emprestar o seu carisma \u00e0 publicidade da marca.\u00a0 A nova campanha engloba todos os produtos da linha Mon Bijou, que vai desde a pr\u00e9-lavagem das roupas at\u00e9 a finaliza\u00e7\u00e3o. Mon Bijou [&hellip;]\" \/>\n<meta property=\"og:url\" content=\"https:\/\/portalmf.com.br\/index.php\/2023\/07\/13\/bombril-traz-reynaldo-gianecchini-de-volta-para-nova-campanha-de-mon-bijou\/\" \/>\n<meta property=\"og:site_name\" content=\"Portal MF\" \/>\n<meta property=\"article:author\" content=\"https:\/\/www.facebook.com\/portalmfoficial\" \/>\n<meta property=\"article:published_time\" content=\"2023-07-13T20:03:40+00:00\" \/>\n<meta property=\"article:modified_time\" content=\"2023-07-13T20:03:41+00:00\" \/>\n<meta property=\"og:image\" content=\"https:\/\/portalmf.com.br\/wp-content\/uploads\/2023\/07\/Bombril-traz-Reynaldo-Gianecchini-de-volta-para-nova-campanha-de-Mon-Bijou.jpg\" \/>\n\t<meta property=\"og:image:width\" content=\"800\" \/>\n\t<meta property=\"og:image:height\" content=\"662\" \/>\n\t<meta property=\"og:image:type\" content=\"image\/jpeg\" \/>\n<meta name=\"author\" content=\"Reda\u00e7\u00e3o Portal MF\" \/>\n<meta name=\"twitter:card\" content=\"summary_large_image\" \/>\n<meta name=\"twitter:creator\" content=\"@https:\/\/x.com\/portalmfoficial\" \/>\n<meta name=\"twitter:label1\" content=\"Escrito por\" \/>\n\t<meta name=\"twitter:data1\" content=\"Reda\u00e7\u00e3o Portal MF\" \/>\n\t<meta name=\"twitter:label2\" content=\"Est. tempo de leitura\" \/>\n\t<meta name=\"twitter:data2\" content=\"3 minutos\" \/>\n<script type=\"application\/ld+json\" class=\"yoast-schema-graph\">{\"@context\":\"https:\/\/schema.org\",\"@graph\":[{\"@type\":\"WebPage\",\"@id\":\"https:\/\/portalmf.com.br\/index.php\/2023\/07\/13\/bombril-traz-reynaldo-gianecchini-de-volta-para-nova-campanha-de-mon-bijou\/\",\"url\":\"https:\/\/portalmf.com.br\/index.php\/2023\/07\/13\/bombril-traz-reynaldo-gianecchini-de-volta-para-nova-campanha-de-mon-bijou\/\",\"name\":\"Bombril traz Reynaldo Gianecchini de volta para nova campanha de Mon Bijou - Portal MF\",\"isPartOf\":{\"@id\":\"https:\/\/portalmf.com.br\/#website\"},\"primaryImageOfPage\":{\"@id\":\"https:\/\/portalmf.com.br\/index.php\/2023\/07\/13\/bombril-traz-reynaldo-gianecchini-de-volta-para-nova-campanha-de-mon-bijou\/#primaryimage\"},\"image\":{\"@id\":\"https:\/\/portalmf.com.br\/index.php\/2023\/07\/13\/bombril-traz-reynaldo-gianecchini-de-volta-para-nova-campanha-de-mon-bijou\/#primaryimage\"},\"thumbnailUrl\":\"https:\/\/portalmf.com.br\/wp-content\/uploads\/2023\/07\/Bombril-traz-Reynaldo-Gianecchini-de-volta-para-nova-campanha-de-Mon-Bijou.jpg\",\"datePublished\":\"2023-07-13T20:03:40+00:00\",\"dateModified\":\"2023-07-13T20:03:41+00:00\",\"author\":{\"@id\":\"https:\/\/portalmf.com.br\/#\/schema\/person\/9ec101baf56233e53520c26de5d6f6f0\"},\"breadcrumb\":{\"@id\":\"https:\/\/portalmf.com.br\/index.php\/2023\/07\/13\/bombril-traz-reynaldo-gianecchini-de-volta-para-nova-campanha-de-mon-bijou\/#breadcrumb\"},\"inLanguage\":\"pt-BR\",\"potentialAction\":[{\"@type\":\"ReadAction\",\"target\":[\"https:\/\/portalmf.com.br\/index.php\/2023\/07\/13\/bombril-traz-reynaldo-gianecchini-de-volta-para-nova-campanha-de-mon-bijou\/\"]}]},{\"@type\":\"ImageObject\",\"inLanguage\":\"pt-BR\",\"@id\":\"https:\/\/portalmf.com.br\/index.php\/2023\/07\/13\/bombril-traz-reynaldo-gianecchini-de-volta-para-nova-campanha-de-mon-bijou\/#primaryimage\",\"url\":\"https:\/\/portalmf.com.br\/wp-content\/uploads\/2023\/07\/Bombril-traz-Reynaldo-Gianecchini-de-volta-para-nova-campanha-de-Mon-Bijou.jpg\",\"contentUrl\":\"https:\/\/portalmf.com.br\/wp-content\/uploads\/2023\/07\/Bombril-traz-Reynaldo-Gianecchini-de-volta-para-nova-campanha-de-Mon-Bijou.jpg\",\"width\":800,\"height\":662},{\"@type\":\"BreadcrumbList\",\"@id\":\"https:\/\/portalmf.com.br\/index.php\/2023\/07\/13\/bombril-traz-reynaldo-gianecchini-de-volta-para-nova-campanha-de-mon-bijou\/#breadcrumb\",\"itemListElement\":[{\"@type\":\"ListItem\",\"position\":1,\"name\":\"In\u00edcio\",\"item\":\"https:\/\/portalmf.com.br\/\"},{\"@type\":\"ListItem\",\"position\":2,\"name\":\"Bombril traz Reynaldo Gianecchini de volta para nova campanha de Mon Bijou\"}]},{\"@type\":\"WebSite\",\"@id\":\"https:\/\/portalmf.com.br\/#website\",\"url\":\"https:\/\/portalmf.com.br\/\",\"name\":\"Portal MF\",\"description\":\"Voc\u00ea conectado com a informa\u00e7\u00e3o\",\"potentialAction\":[{\"@type\":\"SearchAction\",\"target\":{\"@type\":\"EntryPoint\",\"urlTemplate\":\"https:\/\/portalmf.com.br\/?s={search_term_string}\"},\"query-input\":\"required name=search_term_string\"}],\"inLanguage\":\"pt-BR\"},{\"@type\":\"Person\",\"@id\":\"https:\/\/portalmf.com.br\/#\/schema\/person\/9ec101baf56233e53520c26de5d6f6f0\",\"name\":\"Reda\u00e7\u00e3o Portal MF\",\"image\":{\"@type\":\"ImageObject\",\"inLanguage\":\"pt-BR\",\"@id\":\"https:\/\/portalmf.com.br\/#\/schema\/person\/image\/\",\"url\":\"https:\/\/secure.gravatar.com\/avatar\/41b9aaeb2100835f7c64362330f74c7f?s=96&d=mm&r=g\",\"contentUrl\":\"https:\/\/secure.gravatar.com\/avatar\/41b9aaeb2100835f7c64362330f74c7f?s=96&d=mm&r=g\",\"caption\":\"Reda\u00e7\u00e3o Portal MF\"},\"description\":\"Sejam bem-vindos o portal de informa\u00e7\u00f5es de entretenimento de Feira de Santana, desde 2006 realiza coberturas dos principais eventos com entrevistas exclusivas com as principais personalidades mundiais. Fique conectado tamb\u00e9m nas redes sociais.\",\"sameAs\":[\"http:\/\/www.portalmf.com.br\/\",\"https:\/\/www.facebook.com\/portalmfoficial\",\"https:\/\/www.instagram.com\/portalmf\/\",\"https:\/\/x.com\/https:\/\/x.com\/portalmfoficial\",\"https:\/\/www.youtube.com\/@portalmfoficial\"],\"url\":\"https:\/\/portalmf.com.br\/index.php\/author\/junior\/\"}]}<\/script>\n<!-- \/ Yoast SEO plugin. -->","yoast_head_json":{"title":"Bombril traz Reynaldo Gianecchini de volta para nova campanha de Mon Bijou - Portal MF","robots":{"index":"index","follow":"follow","max-snippet":"max-snippet:-1","max-image-preview":"max-image-preview:large","max-video-preview":"max-video-preview:-1"},"canonical":"https:\/\/portalmf.com.br\/index.php\/2023\/07\/13\/bombril-traz-reynaldo-gianecchini-de-volta-para-nova-campanha-de-mon-bijou\/","og_locale":"pt_BR","og_type":"article","og_title":"Bombril traz Reynaldo Gianecchini de volta para nova campanha de Mon Bijou - Portal MF","og_description":"Entre as campanhas publicit\u00e1rias que Reynaldo Gianecchini estrelou em 2007, estava a do amaciante Mon Bijou. Exatos 16 anos depois, o gal\u00e3 volta a emprestar o seu carisma \u00e0 publicidade da marca.\u00a0 A nova campanha engloba todos os produtos da linha Mon Bijou, que vai desde a pr\u00e9-lavagem das roupas at\u00e9 a finaliza\u00e7\u00e3o. Mon Bijou [&hellip;]","og_url":"https:\/\/portalmf.com.br\/index.php\/2023\/07\/13\/bombril-traz-reynaldo-gianecchini-de-volta-para-nova-campanha-de-mon-bijou\/","og_site_name":"Portal MF","article_author":"https:\/\/www.facebook.com\/portalmfoficial","article_published_time":"2023-07-13T20:03:40+00:00","article_modified_time":"2023-07-13T20:03:41+00:00","og_image":[{"width":800,"height":662,"url":"https:\/\/portalmf.com.br\/wp-content\/uploads\/2023\/07\/Bombril-traz-Reynaldo-Gianecchini-de-volta-para-nova-campanha-de-Mon-Bijou.jpg","type":"image\/jpeg"}],"author":"Reda\u00e7\u00e3o Portal MF","twitter_card":"summary_large_image","twitter_creator":"@https:\/\/x.com\/portalmfoficial","twitter_misc":{"Escrito por":"Reda\u00e7\u00e3o Portal MF","Est. tempo de leitura":"3 minutos"},"schema":{"@context":"https:\/\/schema.org","@graph":[{"@type":"WebPage","@id":"https:\/\/portalmf.com.br\/index.php\/2023\/07\/13\/bombril-traz-reynaldo-gianecchini-de-volta-para-nova-campanha-de-mon-bijou\/","url":"https:\/\/portalmf.com.br\/index.php\/2023\/07\/13\/bombril-traz-reynaldo-gianecchini-de-volta-para-nova-campanha-de-mon-bijou\/","name":"Bombril traz Reynaldo Gianecchini de volta para nova campanha de Mon Bijou - Portal MF","isPartOf":{"@id":"https:\/\/portalmf.com.br\/#website"},"primaryImageOfPage":{"@id":"https:\/\/portalmf.com.br\/index.php\/2023\/07\/13\/bombril-traz-reynaldo-gianecchini-de-volta-para-nova-campanha-de-mon-bijou\/#primaryimage"},"image":{"@id":"https:\/\/portalmf.com.br\/index.php\/2023\/07\/13\/bombril-traz-reynaldo-gianecchini-de-volta-para-nova-campanha-de-mon-bijou\/#primaryimage"},"thumbnailUrl":"https:\/\/portalmf.com.br\/wp-content\/uploads\/2023\/07\/Bombril-traz-Reynaldo-Gianecchini-de-volta-para-nova-campanha-de-Mon-Bijou.jpg","datePublished":"2023-07-13T20:03:40+00:00","dateModified":"2023-07-13T20:03:41+00:00","author":{"@id":"https:\/\/portalmf.com.br\/#\/schema\/person\/9ec101baf56233e53520c26de5d6f6f0"},"breadcrumb":{"@id":"https:\/\/portalmf.com.br\/index.php\/2023\/07\/13\/bombril-traz-reynaldo-gianecchini-de-volta-para-nova-campanha-de-mon-bijou\/#breadcrumb"},"inLanguage":"pt-BR","potentialAction":[{"@type":"ReadAction","target":["https:\/\/portalmf.com.br\/index.php\/2023\/07\/13\/bombril-traz-reynaldo-gianecchini-de-volta-para-nova-campanha-de-mon-bijou\/"]}]},{"@type":"ImageObject","inLanguage":"pt-BR","@id":"https:\/\/portalmf.com.br\/index.php\/2023\/07\/13\/bombril-traz-reynaldo-gianecchini-de-volta-para-nova-campanha-de-mon-bijou\/#primaryimage","url":"https:\/\/portalmf.com.br\/wp-content\/uploads\/2023\/07\/Bombril-traz-Reynaldo-Gianecchini-de-volta-para-nova-campanha-de-Mon-Bijou.jpg","contentUrl":"https:\/\/portalmf.com.br\/wp-content\/uploads\/2023\/07\/Bombril-traz-Reynaldo-Gianecchini-de-volta-para-nova-campanha-de-Mon-Bijou.jpg","width":800,"height":662},{"@type":"BreadcrumbList","@id":"https:\/\/portalmf.com.br\/index.php\/2023\/07\/13\/bombril-traz-reynaldo-gianecchini-de-volta-para-nova-campanha-de-mon-bijou\/#breadcrumb","itemListElement":[{"@type":"ListItem","position":1,"name":"In\u00edcio","item":"https:\/\/portalmf.com.br\/"},{"@type":"ListItem","position":2,"name":"Bombril traz Reynaldo Gianecchini de volta para nova campanha de Mon Bijou"}]},{"@type":"WebSite","@id":"https:\/\/portalmf.com.br\/#website","url":"https:\/\/portalmf.com.br\/","name":"Portal MF","description":"Voc\u00ea conectado com a informa\u00e7\u00e3o","potentialAction":[{"@type":"SearchAction","target":{"@type":"EntryPoint","urlTemplate":"https:\/\/portalmf.com.br\/?s={search_term_string}"},"query-input":"required name=search_term_string"}],"inLanguage":"pt-BR"},{"@type":"Person","@id":"https:\/\/portalmf.com.br\/#\/schema\/person\/9ec101baf56233e53520c26de5d6f6f0","name":"Reda\u00e7\u00e3o Portal MF","image":{"@type":"ImageObject","inLanguage":"pt-BR","@id":"https:\/\/portalmf.com.br\/#\/schema\/person\/image\/","url":"https:\/\/secure.gravatar.com\/avatar\/41b9aaeb2100835f7c64362330f74c7f?s=96&d=mm&r=g","contentUrl":"https:\/\/secure.gravatar.com\/avatar\/41b9aaeb2100835f7c64362330f74c7f?s=96&d=mm&r=g","caption":"Reda\u00e7\u00e3o Portal MF"},"description":"Sejam bem-vindos o portal de informa\u00e7\u00f5es de entretenimento de Feira de Santana, desde 2006 realiza coberturas dos principais eventos com entrevistas exclusivas com as principais personalidades mundiais. Fique conectado tamb\u00e9m nas redes sociais.","sameAs":["http:\/\/www.portalmf.com.br\/","https:\/\/www.facebook.com\/portalmfoficial","https:\/\/www.instagram.com\/portalmf\/","https:\/\/x.com\/https:\/\/x.com\/portalmfoficial","https:\/\/www.youtube.com\/@portalmfoficial"],"url":"https:\/\/portalmf.com.br\/index.php\/author\/junior\/"}]}},"_links":{"self":[{"href":"https:\/\/portalmf.com.br\/index.php\/wp-json\/wp\/v2\/posts\/14771"}],"collection":[{"href":"https:\/\/portalmf.com.br\/index.php\/wp-json\/wp\/v2\/posts"}],"about":[{"href":"https:\/\/portalmf.com.br\/index.php\/wp-json\/wp\/v2\/types\/post"}],"author":[{"embeddable":true,"href":"https:\/\/portalmf.com.br\/index.php\/wp-json\/wp\/v2\/users\/3"}],"replies":[{"embeddable":true,"href":"https:\/\/portalmf.com.br\/index.php\/wp-json\/wp\/v2\/comments?post=14771"}],"version-history":[{"count":1,"href":"https:\/\/portalmf.com.br\/index.php\/wp-json\/wp\/v2\/posts\/14771\/revisions"}],"predecessor-version":[{"id":14773,"href":"https:\/\/portalmf.com.br\/index.php\/wp-json\/wp\/v2\/posts\/14771\/revisions\/14773"}],"wp:featuredmedia":[{"embeddable":true,"href":"https:\/\/portalmf.com.br\/index.php\/wp-json\/wp\/v2\/media\/14772"}],"wp:attachment":[{"href":"https:\/\/portalmf.com.br\/index.php\/wp-json\/wp\/v2\/media?parent=14771"}],"wp:term":[{"taxonomy":"category","embeddable":true,"href":"https:\/\/portalmf.com.br\/index.php\/wp-json\/wp\/v2\/categories?post=14771"},{"taxonomy":"post_tag","embeddable":true,"href":"https:\/\/portalmf.com.br\/index.php\/wp-json\/wp\/v2\/tags?post=14771"}],"curies":[{"name":"wp","href":"https:\/\/api.w.org\/{rel}","templated":true}]}}