{"id":14672,"date":"2023-07-12T14:31:20","date_gmt":"2023-07-12T17:31:20","guid":{"rendered":"https:\/\/portalmf.com.br\/?p=14672"},"modified":"2023-07-12T14:31:27","modified_gmt":"2023-07-12T17:31:27","slug":"de-portugal-para-a-bahia-especialista-em-imoveis-de-luxo-desembarca-para-temporada-profissional","status":"publish","type":"post","link":"https:\/\/portalmf.com.br\/index.php\/2023\/07\/12\/de-portugal-para-a-bahia-especialista-em-imoveis-de-luxo-desembarca-para-temporada-profissional\/","title":{"rendered":"De Portugal para a Bahia: especialista em im\u00f3veis de luxo desembarca para temporada profissional"},"content":{"rendered":"\n<p>Eliane Ribeiro, consultora imobili\u00e1ria internacionalmente premiada, com mais de 20 anos de experi\u00eancia no mercado, desembarca em Salvador neste m\u00eas de julho, para uma curta temporada, com compromissos na capital e em cidades que mais crescem na Bahia. Reconhecida por dois anos consecutivos (2020 e 2021), com o Luxury Lifestyle Award, pr\u00eamio global que celebra os melhores profissionais e servi\u00e7os de luxo em todo o mundo, Eliane vem ao Brasil a convite da RE\/MAX Grupo Bahia.<\/p>\n\n\n\n<p>Durante esse tempo, ela &#8211; que \u00e9 instrutora do National Association of REALTORS\u00ae\ufe0f (NAR), incluindo o CIPS (Certified International Property Specialist) &#8211; realizar\u00e1 palestras na Bahia com o apoio do CRECI-BA, para toda a classe de corretores de im\u00f3veis do Estado, com o tema \u201cDesafios e Tend\u00eancias Internacionais, Pensar Global e Agir Local\u201d. Ela vai, ainda, comandar treinamentos com corretores imobili\u00e1rios em Salvador, Feira de Santana, Porto Seguro, no extremo sul e Barreiras, no Oeste.<\/p>\n\n\n\n<p><em>\u201cSer\u00e1 uma oportunidade muito boa para colocar nossos corretores em contato com uma das maiores profissionais da atualidade. Eliane traz na bagagem dicas important\u00edssimas\u201d, <\/em>explica o Master Regional da RE\/MAX Grupo Bahia, Kerley Reis. Al\u00e9m de falar sobre mercado imobili\u00e1rio de luxo, Eliane tamb\u00e9m vai apresentar um case sobre<em> \u201cViver e Morar em Portugal<\/em>\u201d. As atividades em solo brasileiro come\u00e7am no pr\u00f3ximo dia 28 de julho e seguem at\u00e9 o dia 09 de agosto.<\/p>\n\n\n\n<p><strong>Mais sobre Eliane Ribeiro<\/strong><\/p>\n\n\n\n<p>Al\u00e9m de seu vasto conhecimento na \u00e1rea de im\u00f3veis, ela tamb\u00e9m \u00e9 especialista em Marketing, Comunica\u00e7\u00e3o, Networking, Forma\u00e7\u00e3o e Gest\u00e3o Comercial. Em 2022, Eliane foi reconhecida pela RE\/MAX a n\u00edvel mundial com o galard\u00e3o Circle of Legends, atribu\u00eddo somente a algumas dezenas de consultores desde a funda\u00e7\u00e3o da empresa h\u00e1 49 anos. Eliane \u00e9 a \u00fanica consultora imobili\u00e1ria em Portugal certificada pela National Association of REALTORS\u00ae\ufe0f como instrutora dos cursos NAR, incluindo o CIPS (Certified International Property Specialist), para pa\u00edses de l\u00edngua portuguesa. Al\u00e9m disso, ela \u00e9 embaixadora master do Clube de Mulheres de Neg\u00f3cios em l\u00edngua portuguesa CMNPT, e membro do Institute for Luxury Home Marketing. Eliane tamb\u00e9m foi reconhecida por dois anos consecutivos, em 2020 e 2021, com o prestigiado Luxury Lifestyle Award, um pr\u00eamio global que celebra os melhores profissionais e servi\u00e7os de luxo em todo o mundo. Ela tamb\u00e9m \u00e9 considerada a melhor broker imobili\u00e1ria de luxo de Portugal em 2021 e 2022.<\/p>\n","protected":false},"excerpt":{"rendered":"<p>Eliane Ribeiro, consultora imobili\u00e1ria internacionalmente premiada, com mais de 20 anos de experi\u00eancia no mercado, desembarca em Salvador neste m\u00eas de julho, para uma curta temporada, com compromissos na capital e em cidades que mais crescem na Bahia. Reconhecida por dois anos consecutivos (2020 e 2021), com o Luxury Lifestyle Award, pr\u00eamio global que celebra [&hellip;]<\/p>\n","protected":false},"author":3,"featured_media":14673,"comment_status":"open","ping_status":"open","sticky":false,"template":"","format":"standard","meta":{"_monsterinsights_skip_tracking":false,"_monsterinsights_sitenote_active":false,"_monsterinsights_sitenote_note":"","_monsterinsights_sitenote_category":0,"footnotes":""},"categories":[295],"tags":[],"yoast_head":"<!-- This site is optimized with the Yoast SEO plugin v22.9 - https:\/\/yoast.com\/wordpress\/plugins\/seo\/ -->\n<title>De Portugal para a Bahia: especialista em im\u00f3veis de luxo desembarca para temporada profissional - Portal MF<\/title>\n<meta name=\"robots\" content=\"index, follow, max-snippet:-1, max-image-preview:large, max-video-preview:-1\" \/>\n<link rel=\"canonical\" href=\"https:\/\/portalmf.com.br\/index.php\/2023\/07\/12\/de-portugal-para-a-bahia-especialista-em-imoveis-de-luxo-desembarca-para-temporada-profissional\/\" \/>\n<meta property=\"og:locale\" content=\"pt_BR\" \/>\n<meta property=\"og:type\" content=\"article\" \/>\n<meta property=\"og:title\" content=\"De Portugal para a Bahia: especialista em im\u00f3veis de luxo desembarca para temporada profissional - Portal MF\" \/>\n<meta property=\"og:description\" content=\"Eliane Ribeiro, consultora imobili\u00e1ria internacionalmente premiada, com mais de 20 anos de experi\u00eancia no mercado, desembarca em Salvador neste m\u00eas de julho, para uma curta temporada, com compromissos na capital e em cidades que mais crescem na Bahia. Reconhecida por dois anos consecutivos (2020 e 2021), com o Luxury Lifestyle Award, pr\u00eamio global que celebra [&hellip;]\" \/>\n<meta property=\"og:url\" content=\"https:\/\/portalmf.com.br\/index.php\/2023\/07\/12\/de-portugal-para-a-bahia-especialista-em-imoveis-de-luxo-desembarca-para-temporada-profissional\/\" \/>\n<meta property=\"og:site_name\" content=\"Portal MF\" \/>\n<meta property=\"article:author\" content=\"https:\/\/www.facebook.com\/portalmfoficial\" \/>\n<meta property=\"article:published_time\" content=\"2023-07-12T17:31:20+00:00\" \/>\n<meta property=\"article:modified_time\" content=\"2023-07-12T17:31:27+00:00\" \/>\n<meta property=\"og:image\" content=\"https:\/\/portalmf.com.br\/wp-content\/uploads\/2023\/07\/especialista-em-imoveis-de-luxo-desembarca-para-temporada-profissional.jpeg\" \/>\n\t<meta property=\"og:image:width\" content=\"670\" \/>\n\t<meta property=\"og:image:height\" content=\"604\" \/>\n\t<meta property=\"og:image:type\" content=\"image\/jpeg\" \/>\n<meta name=\"author\" content=\"Reda\u00e7\u00e3o Portal MF\" \/>\n<meta name=\"twitter:card\" content=\"summary_large_image\" \/>\n<meta name=\"twitter:creator\" content=\"@https:\/\/x.com\/portalmfoficial\" \/>\n<meta name=\"twitter:label1\" content=\"Escrito por\" \/>\n\t<meta name=\"twitter:data1\" content=\"Reda\u00e7\u00e3o Portal MF\" \/>\n\t<meta name=\"twitter:label2\" content=\"Est. tempo de leitura\" \/>\n\t<meta name=\"twitter:data2\" content=\"3 minutos\" \/>\n<script type=\"application\/ld+json\" class=\"yoast-schema-graph\">{\"@context\":\"https:\/\/schema.org\",\"@graph\":[{\"@type\":\"WebPage\",\"@id\":\"https:\/\/portalmf.com.br\/index.php\/2023\/07\/12\/de-portugal-para-a-bahia-especialista-em-imoveis-de-luxo-desembarca-para-temporada-profissional\/\",\"url\":\"https:\/\/portalmf.com.br\/index.php\/2023\/07\/12\/de-portugal-para-a-bahia-especialista-em-imoveis-de-luxo-desembarca-para-temporada-profissional\/\",\"name\":\"De Portugal para a Bahia: especialista em im\u00f3veis de luxo desembarca para temporada profissional - Portal MF\",\"isPartOf\":{\"@id\":\"https:\/\/portalmf.com.br\/#website\"},\"primaryImageOfPage\":{\"@id\":\"https:\/\/portalmf.com.br\/index.php\/2023\/07\/12\/de-portugal-para-a-bahia-especialista-em-imoveis-de-luxo-desembarca-para-temporada-profissional\/#primaryimage\"},\"image\":{\"@id\":\"https:\/\/portalmf.com.br\/index.php\/2023\/07\/12\/de-portugal-para-a-bahia-especialista-em-imoveis-de-luxo-desembarca-para-temporada-profissional\/#primaryimage\"},\"thumbnailUrl\":\"https:\/\/portalmf.com.br\/wp-content\/uploads\/2023\/07\/especialista-em-imoveis-de-luxo-desembarca-para-temporada-profissional.jpeg\",\"datePublished\":\"2023-07-12T17:31:20+00:00\",\"dateModified\":\"2023-07-12T17:31:27+00:00\",\"author\":{\"@id\":\"https:\/\/portalmf.com.br\/#\/schema\/person\/9ec101baf56233e53520c26de5d6f6f0\"},\"breadcrumb\":{\"@id\":\"https:\/\/portalmf.com.br\/index.php\/2023\/07\/12\/de-portugal-para-a-bahia-especialista-em-imoveis-de-luxo-desembarca-para-temporada-profissional\/#breadcrumb\"},\"inLanguage\":\"pt-BR\",\"potentialAction\":[{\"@type\":\"ReadAction\",\"target\":[\"https:\/\/portalmf.com.br\/index.php\/2023\/07\/12\/de-portugal-para-a-bahia-especialista-em-imoveis-de-luxo-desembarca-para-temporada-profissional\/\"]}]},{\"@type\":\"ImageObject\",\"inLanguage\":\"pt-BR\",\"@id\":\"https:\/\/portalmf.com.br\/index.php\/2023\/07\/12\/de-portugal-para-a-bahia-especialista-em-imoveis-de-luxo-desembarca-para-temporada-profissional\/#primaryimage\",\"url\":\"https:\/\/portalmf.com.br\/wp-content\/uploads\/2023\/07\/especialista-em-imoveis-de-luxo-desembarca-para-temporada-profissional.jpeg\",\"contentUrl\":\"https:\/\/portalmf.com.br\/wp-content\/uploads\/2023\/07\/especialista-em-imoveis-de-luxo-desembarca-para-temporada-profissional.jpeg\",\"width\":670,\"height\":604},{\"@type\":\"BreadcrumbList\",\"@id\":\"https:\/\/portalmf.com.br\/index.php\/2023\/07\/12\/de-portugal-para-a-bahia-especialista-em-imoveis-de-luxo-desembarca-para-temporada-profissional\/#breadcrumb\",\"itemListElement\":[{\"@type\":\"ListItem\",\"position\":1,\"name\":\"In\u00edcio\",\"item\":\"https:\/\/portalmf.com.br\/\"},{\"@type\":\"ListItem\",\"position\":2,\"name\":\"De Portugal para a Bahia: especialista em im\u00f3veis de luxo desembarca para temporada profissional\"}]},{\"@type\":\"WebSite\",\"@id\":\"https:\/\/portalmf.com.br\/#website\",\"url\":\"https:\/\/portalmf.com.br\/\",\"name\":\"Portal MF\",\"description\":\"Voc\u00ea conectado com a informa\u00e7\u00e3o\",\"potentialAction\":[{\"@type\":\"SearchAction\",\"target\":{\"@type\":\"EntryPoint\",\"urlTemplate\":\"https:\/\/portalmf.com.br\/?s={search_term_string}\"},\"query-input\":\"required name=search_term_string\"}],\"inLanguage\":\"pt-BR\"},{\"@type\":\"Person\",\"@id\":\"https:\/\/portalmf.com.br\/#\/schema\/person\/9ec101baf56233e53520c26de5d6f6f0\",\"name\":\"Reda\u00e7\u00e3o Portal MF\",\"image\":{\"@type\":\"ImageObject\",\"inLanguage\":\"pt-BR\",\"@id\":\"https:\/\/portalmf.com.br\/#\/schema\/person\/image\/\",\"url\":\"https:\/\/secure.gravatar.com\/avatar\/41b9aaeb2100835f7c64362330f74c7f?s=96&d=mm&r=g\",\"contentUrl\":\"https:\/\/secure.gravatar.com\/avatar\/41b9aaeb2100835f7c64362330f74c7f?s=96&d=mm&r=g\",\"caption\":\"Reda\u00e7\u00e3o Portal MF\"},\"description\":\"Sejam bem-vindos o portal de informa\u00e7\u00f5es de entretenimento de Feira de Santana, desde 2006 realiza coberturas dos principais eventos com entrevistas exclusivas com as principais personalidades mundiais. Fique conectado tamb\u00e9m nas redes sociais.\",\"sameAs\":[\"http:\/\/www.portalmf.com.br\/\",\"https:\/\/www.facebook.com\/portalmfoficial\",\"https:\/\/www.instagram.com\/portalmf\/\",\"https:\/\/x.com\/https:\/\/x.com\/portalmfoficial\",\"https:\/\/www.youtube.com\/@portalmfoficial\"],\"url\":\"https:\/\/portalmf.com.br\/index.php\/author\/junior\/\"}]}<\/script>\n<!-- \/ Yoast SEO plugin. -->","yoast_head_json":{"title":"De Portugal para a Bahia: especialista em im\u00f3veis de luxo desembarca para temporada profissional - Portal MF","robots":{"index":"index","follow":"follow","max-snippet":"max-snippet:-1","max-image-preview":"max-image-preview:large","max-video-preview":"max-video-preview:-1"},"canonical":"https:\/\/portalmf.com.br\/index.php\/2023\/07\/12\/de-portugal-para-a-bahia-especialista-em-imoveis-de-luxo-desembarca-para-temporada-profissional\/","og_locale":"pt_BR","og_type":"article","og_title":"De Portugal para a Bahia: especialista em im\u00f3veis de luxo desembarca para temporada profissional - Portal MF","og_description":"Eliane Ribeiro, consultora imobili\u00e1ria internacionalmente premiada, com mais de 20 anos de experi\u00eancia no mercado, desembarca em Salvador neste m\u00eas de julho, para uma curta temporada, com compromissos na capital e em cidades que mais crescem na Bahia. Reconhecida por dois anos consecutivos (2020 e 2021), com o Luxury Lifestyle Award, pr\u00eamio global que celebra [&hellip;]","og_url":"https:\/\/portalmf.com.br\/index.php\/2023\/07\/12\/de-portugal-para-a-bahia-especialista-em-imoveis-de-luxo-desembarca-para-temporada-profissional\/","og_site_name":"Portal MF","article_author":"https:\/\/www.facebook.com\/portalmfoficial","article_published_time":"2023-07-12T17:31:20+00:00","article_modified_time":"2023-07-12T17:31:27+00:00","og_image":[{"width":670,"height":604,"url":"https:\/\/portalmf.com.br\/wp-content\/uploads\/2023\/07\/especialista-em-imoveis-de-luxo-desembarca-para-temporada-profissional.jpeg","type":"image\/jpeg"}],"author":"Reda\u00e7\u00e3o Portal MF","twitter_card":"summary_large_image","twitter_creator":"@https:\/\/x.com\/portalmfoficial","twitter_misc":{"Escrito por":"Reda\u00e7\u00e3o Portal MF","Est. tempo de leitura":"3 minutos"},"schema":{"@context":"https:\/\/schema.org","@graph":[{"@type":"WebPage","@id":"https:\/\/portalmf.com.br\/index.php\/2023\/07\/12\/de-portugal-para-a-bahia-especialista-em-imoveis-de-luxo-desembarca-para-temporada-profissional\/","url":"https:\/\/portalmf.com.br\/index.php\/2023\/07\/12\/de-portugal-para-a-bahia-especialista-em-imoveis-de-luxo-desembarca-para-temporada-profissional\/","name":"De Portugal para a Bahia: especialista em im\u00f3veis de luxo desembarca para temporada profissional - Portal MF","isPartOf":{"@id":"https:\/\/portalmf.com.br\/#website"},"primaryImageOfPage":{"@id":"https:\/\/portalmf.com.br\/index.php\/2023\/07\/12\/de-portugal-para-a-bahia-especialista-em-imoveis-de-luxo-desembarca-para-temporada-profissional\/#primaryimage"},"image":{"@id":"https:\/\/portalmf.com.br\/index.php\/2023\/07\/12\/de-portugal-para-a-bahia-especialista-em-imoveis-de-luxo-desembarca-para-temporada-profissional\/#primaryimage"},"thumbnailUrl":"https:\/\/portalmf.com.br\/wp-content\/uploads\/2023\/07\/especialista-em-imoveis-de-luxo-desembarca-para-temporada-profissional.jpeg","datePublished":"2023-07-12T17:31:20+00:00","dateModified":"2023-07-12T17:31:27+00:00","author":{"@id":"https:\/\/portalmf.com.br\/#\/schema\/person\/9ec101baf56233e53520c26de5d6f6f0"},"breadcrumb":{"@id":"https:\/\/portalmf.com.br\/index.php\/2023\/07\/12\/de-portugal-para-a-bahia-especialista-em-imoveis-de-luxo-desembarca-para-temporada-profissional\/#breadcrumb"},"inLanguage":"pt-BR","potentialAction":[{"@type":"ReadAction","target":["https:\/\/portalmf.com.br\/index.php\/2023\/07\/12\/de-portugal-para-a-bahia-especialista-em-imoveis-de-luxo-desembarca-para-temporada-profissional\/"]}]},{"@type":"ImageObject","inLanguage":"pt-BR","@id":"https:\/\/portalmf.com.br\/index.php\/2023\/07\/12\/de-portugal-para-a-bahia-especialista-em-imoveis-de-luxo-desembarca-para-temporada-profissional\/#primaryimage","url":"https:\/\/portalmf.com.br\/wp-content\/uploads\/2023\/07\/especialista-em-imoveis-de-luxo-desembarca-para-temporada-profissional.jpeg","contentUrl":"https:\/\/portalmf.com.br\/wp-content\/uploads\/2023\/07\/especialista-em-imoveis-de-luxo-desembarca-para-temporada-profissional.jpeg","width":670,"height":604},{"@type":"BreadcrumbList","@id":"https:\/\/portalmf.com.br\/index.php\/2023\/07\/12\/de-portugal-para-a-bahia-especialista-em-imoveis-de-luxo-desembarca-para-temporada-profissional\/#breadcrumb","itemListElement":[{"@type":"ListItem","position":1,"name":"In\u00edcio","item":"https:\/\/portalmf.com.br\/"},{"@type":"ListItem","position":2,"name":"De Portugal para a Bahia: especialista em im\u00f3veis de luxo desembarca para temporada profissional"}]},{"@type":"WebSite","@id":"https:\/\/portalmf.com.br\/#website","url":"https:\/\/portalmf.com.br\/","name":"Portal MF","description":"Voc\u00ea conectado com a informa\u00e7\u00e3o","potentialAction":[{"@type":"SearchAction","target":{"@type":"EntryPoint","urlTemplate":"https:\/\/portalmf.com.br\/?s={search_term_string}"},"query-input":"required name=search_term_string"}],"inLanguage":"pt-BR"},{"@type":"Person","@id":"https:\/\/portalmf.com.br\/#\/schema\/person\/9ec101baf56233e53520c26de5d6f6f0","name":"Reda\u00e7\u00e3o Portal MF","image":{"@type":"ImageObject","inLanguage":"pt-BR","@id":"https:\/\/portalmf.com.br\/#\/schema\/person\/image\/","url":"https:\/\/secure.gravatar.com\/avatar\/41b9aaeb2100835f7c64362330f74c7f?s=96&d=mm&r=g","contentUrl":"https:\/\/secure.gravatar.com\/avatar\/41b9aaeb2100835f7c64362330f74c7f?s=96&d=mm&r=g","caption":"Reda\u00e7\u00e3o Portal MF"},"description":"Sejam bem-vindos o portal de informa\u00e7\u00f5es de entretenimento de Feira de Santana, desde 2006 realiza coberturas dos principais eventos com entrevistas exclusivas com as principais personalidades mundiais. Fique conectado tamb\u00e9m nas redes sociais.","sameAs":["http:\/\/www.portalmf.com.br\/","https:\/\/www.facebook.com\/portalmfoficial","https:\/\/www.instagram.com\/portalmf\/","https:\/\/x.com\/https:\/\/x.com\/portalmfoficial","https:\/\/www.youtube.com\/@portalmfoficial"],"url":"https:\/\/portalmf.com.br\/index.php\/author\/junior\/"}]}},"_links":{"self":[{"href":"https:\/\/portalmf.com.br\/index.php\/wp-json\/wp\/v2\/posts\/14672"}],"collection":[{"href":"https:\/\/portalmf.com.br\/index.php\/wp-json\/wp\/v2\/posts"}],"about":[{"href":"https:\/\/portalmf.com.br\/index.php\/wp-json\/wp\/v2\/types\/post"}],"author":[{"embeddable":true,"href":"https:\/\/portalmf.com.br\/index.php\/wp-json\/wp\/v2\/users\/3"}],"replies":[{"embeddable":true,"href":"https:\/\/portalmf.com.br\/index.php\/wp-json\/wp\/v2\/comments?post=14672"}],"version-history":[{"count":1,"href":"https:\/\/portalmf.com.br\/index.php\/wp-json\/wp\/v2\/posts\/14672\/revisions"}],"predecessor-version":[{"id":14674,"href":"https:\/\/portalmf.com.br\/index.php\/wp-json\/wp\/v2\/posts\/14672\/revisions\/14674"}],"wp:featuredmedia":[{"embeddable":true,"href":"https:\/\/portalmf.com.br\/index.php\/wp-json\/wp\/v2\/media\/14673"}],"wp:attachment":[{"href":"https:\/\/portalmf.com.br\/index.php\/wp-json\/wp\/v2\/media?parent=14672"}],"wp:term":[{"taxonomy":"category","embeddable":true,"href":"https:\/\/portalmf.com.br\/index.php\/wp-json\/wp\/v2\/categories?post=14672"},{"taxonomy":"post_tag","embeddable":true,"href":"https:\/\/portalmf.com.br\/index.php\/wp-json\/wp\/v2\/tags?post=14672"}],"curies":[{"name":"wp","href":"https:\/\/api.w.org\/{rel}","templated":true}]}}