{"id":13910,"date":"2023-06-27T14:16:42","date_gmt":"2023-06-27T17:16:42","guid":{"rendered":"https:\/\/portalmf.com.br\/?p=13910"},"modified":"2023-06-27T14:16:42","modified_gmt":"2023-06-27T17:16:42","slug":"resgatando-memoria-dos-folioes-aviva-apresenta-circuito-sauipe-na-bahia","status":"publish","type":"post","link":"https:\/\/portalmf.com.br\/index.php\/2023\/06\/27\/resgatando-memoria-dos-folioes-aviva-apresenta-circuito-sauipe-na-bahia\/","title":{"rendered":"Resgatando mem\u00f3ria dos foli\u00f5es, Aviva apresenta Circuito Sau\u00edpe, na Bahia"},"content":{"rendered":"\n<p>Depois de apresentar ao mercado o novo Grand Premium Brisa, seu resort de mais alto padr\u00e3o reposicionado,&nbsp;<strong>Costa do Sau\u00edpe<\/strong>&nbsp;confirmou a volta dos grandes shows no destino baiano, com o lan\u00e7amento do&nbsp;<strong>Circuito Sau\u00edpe<\/strong>, plataforma de festivais e eventos esportivos que vai movimentar o calend\u00e1rio de entretenimento do complexo.<\/p>\n\n\n\n<p>O primeiro evento ser\u00e1 o&nbsp;<strong>Sau\u00edpe Weekend, de 7 a 9 de setembro<\/strong>&nbsp;deste ano, que promete ser o maior festival de m\u00fasica baiana do Brasil. Os tr\u00eas dias de festa, em tom de saudosismo, relembrando o auge dos grandes eventos no Litoral Norte da Bahia, reunir\u00e1 nomes como Bell Marques, Durval Lellys, Timbalada e Banda Eva.<\/p>\n\n\n\n<p>Este primeiro projeto \u00e9 uma parceria entre as produtoras baianas Oquei Entretenimento e NA Entretenimento, respons\u00e1veis por grandes festas de n\u00edvel nacional no Estado. Elas fechar\u00e3o o complexo de hot\u00e9is no per\u00edodo do evento, resgatando na mem\u00f3ria dos foli\u00f5es de todo o Brasil momentos de alegria e festa no destino.<\/p>\n\n\n\n<p><strong>Vendas Sau\u00edpe Weekend<\/strong><\/p>\n\n\n\n<p>Os pacotes exclusivos contemplando hospedagem em modelos de quartos duplo, triplo e qu\u00e1druplo, com direito ao acesso \u00e0 programa\u00e7\u00e3o do Sau\u00edpe Weekend j\u00e1 est\u00e3o \u00e0 venda no site&nbsp;<strong><a href=\"http:\/\/www.sauipeweekend.com.br\/\" target=\"_blank\" rel=\"noreferrer noopener\">www.sauipeweekend.com.br\/<\/a><\/strong>. O sistema All Inclusive nos hot\u00e9is do complexo funcionar\u00e1 normalmente para os clientes hospedados, inclusive nos shows exclusivos na \u00e1rea da piscina, mas, dentro do espa\u00e7o dos shows, na Arena de Eventos e no circuito Eventos e Terra, o consumo ser\u00e1 \u00e0 parte.<\/p>\n","protected":false},"excerpt":{"rendered":"<p>Depois de apresentar ao mercado o novo Grand Premium Brisa, seu resort de mais alto padr\u00e3o reposicionado,&nbsp;Costa do Sau\u00edpe&nbsp;confirmou a volta dos grandes shows no destino baiano, com o lan\u00e7amento do&nbsp;Circuito Sau\u00edpe, plataforma de festivais e eventos esportivos que vai movimentar o calend\u00e1rio de entretenimento do complexo. O primeiro evento ser\u00e1 o&nbsp;Sau\u00edpe Weekend, de 7 [&hellip;]<\/p>\n","protected":false},"author":3,"featured_media":13911,"comment_status":"open","ping_status":"open","sticky":false,"template":"","format":"standard","meta":{"_monsterinsights_skip_tracking":false,"_monsterinsights_sitenote_active":false,"_monsterinsights_sitenote_note":"","_monsterinsights_sitenote_category":0,"footnotes":""},"categories":[295],"tags":[],"yoast_head":"<!-- This site is optimized with the Yoast SEO plugin v22.9 - https:\/\/yoast.com\/wordpress\/plugins\/seo\/ -->\n<title>Resgatando mem\u00f3ria dos foli\u00f5es, Aviva apresenta Circuito Sau\u00edpe, na Bahia - Portal MF<\/title>\n<meta name=\"robots\" content=\"index, follow, max-snippet:-1, max-image-preview:large, max-video-preview:-1\" \/>\n<link rel=\"canonical\" href=\"https:\/\/portalmf.com.br\/index.php\/2023\/06\/27\/resgatando-memoria-dos-folioes-aviva-apresenta-circuito-sauipe-na-bahia\/\" \/>\n<meta property=\"og:locale\" content=\"pt_BR\" \/>\n<meta property=\"og:type\" content=\"article\" \/>\n<meta property=\"og:title\" content=\"Resgatando mem\u00f3ria dos foli\u00f5es, Aviva apresenta Circuito Sau\u00edpe, na Bahia - Portal MF\" \/>\n<meta property=\"og:description\" content=\"Depois de apresentar ao mercado o novo Grand Premium Brisa, seu resort de mais alto padr\u00e3o reposicionado,&nbsp;Costa do Sau\u00edpe&nbsp;confirmou a volta dos grandes shows no destino baiano, com o lan\u00e7amento do&nbsp;Circuito Sau\u00edpe, plataforma de festivais e eventos esportivos que vai movimentar o calend\u00e1rio de entretenimento do complexo. O primeiro evento ser\u00e1 o&nbsp;Sau\u00edpe Weekend, de 7 [&hellip;]\" \/>\n<meta property=\"og:url\" content=\"https:\/\/portalmf.com.br\/index.php\/2023\/06\/27\/resgatando-memoria-dos-folioes-aviva-apresenta-circuito-sauipe-na-bahia\/\" \/>\n<meta property=\"og:site_name\" content=\"Portal MF\" \/>\n<meta property=\"article:author\" content=\"https:\/\/www.facebook.com\/portalmfoficial\" \/>\n<meta property=\"article:published_time\" content=\"2023-06-27T17:16:42+00:00\" \/>\n<meta property=\"og:image\" content=\"https:\/\/portalmf.com.br\/wp-content\/uploads\/2023\/06\/Costa-do-Sauipe-Divulgacao-2.jpg\" \/>\n\t<meta property=\"og:image:width\" content=\"1000\" \/>\n\t<meta property=\"og:image:height\" content=\"666\" \/>\n\t<meta property=\"og:image:type\" content=\"image\/jpeg\" \/>\n<meta name=\"author\" content=\"Reda\u00e7\u00e3o Portal MF\" \/>\n<meta name=\"twitter:card\" content=\"summary_large_image\" \/>\n<meta name=\"twitter:creator\" content=\"@https:\/\/x.com\/portalmfoficial\" \/>\n<meta name=\"twitter:label1\" content=\"Escrito por\" \/>\n\t<meta name=\"twitter:data1\" content=\"Reda\u00e7\u00e3o Portal MF\" \/>\n\t<meta name=\"twitter:label2\" content=\"Est. tempo de leitura\" \/>\n\t<meta name=\"twitter:data2\" content=\"2 minutos\" \/>\n<script type=\"application\/ld+json\" class=\"yoast-schema-graph\">{\"@context\":\"https:\/\/schema.org\",\"@graph\":[{\"@type\":\"WebPage\",\"@id\":\"https:\/\/portalmf.com.br\/index.php\/2023\/06\/27\/resgatando-memoria-dos-folioes-aviva-apresenta-circuito-sauipe-na-bahia\/\",\"url\":\"https:\/\/portalmf.com.br\/index.php\/2023\/06\/27\/resgatando-memoria-dos-folioes-aviva-apresenta-circuito-sauipe-na-bahia\/\",\"name\":\"Resgatando mem\u00f3ria dos foli\u00f5es, Aviva apresenta Circuito Sau\u00edpe, na Bahia - Portal MF\",\"isPartOf\":{\"@id\":\"https:\/\/portalmf.com.br\/#website\"},\"primaryImageOfPage\":{\"@id\":\"https:\/\/portalmf.com.br\/index.php\/2023\/06\/27\/resgatando-memoria-dos-folioes-aviva-apresenta-circuito-sauipe-na-bahia\/#primaryimage\"},\"image\":{\"@id\":\"https:\/\/portalmf.com.br\/index.php\/2023\/06\/27\/resgatando-memoria-dos-folioes-aviva-apresenta-circuito-sauipe-na-bahia\/#primaryimage\"},\"thumbnailUrl\":\"https:\/\/portalmf.com.br\/wp-content\/uploads\/2023\/06\/Costa-do-Sauipe-Divulgacao-2.jpg\",\"datePublished\":\"2023-06-27T17:16:42+00:00\",\"dateModified\":\"2023-06-27T17:16:42+00:00\",\"author\":{\"@id\":\"https:\/\/portalmf.com.br\/#\/schema\/person\/9ec101baf56233e53520c26de5d6f6f0\"},\"breadcrumb\":{\"@id\":\"https:\/\/portalmf.com.br\/index.php\/2023\/06\/27\/resgatando-memoria-dos-folioes-aviva-apresenta-circuito-sauipe-na-bahia\/#breadcrumb\"},\"inLanguage\":\"pt-BR\",\"potentialAction\":[{\"@type\":\"ReadAction\",\"target\":[\"https:\/\/portalmf.com.br\/index.php\/2023\/06\/27\/resgatando-memoria-dos-folioes-aviva-apresenta-circuito-sauipe-na-bahia\/\"]}]},{\"@type\":\"ImageObject\",\"inLanguage\":\"pt-BR\",\"@id\":\"https:\/\/portalmf.com.br\/index.php\/2023\/06\/27\/resgatando-memoria-dos-folioes-aviva-apresenta-circuito-sauipe-na-bahia\/#primaryimage\",\"url\":\"https:\/\/portalmf.com.br\/wp-content\/uploads\/2023\/06\/Costa-do-Sauipe-Divulgacao-2.jpg\",\"contentUrl\":\"https:\/\/portalmf.com.br\/wp-content\/uploads\/2023\/06\/Costa-do-Sauipe-Divulgacao-2.jpg\",\"width\":1000,\"height\":666},{\"@type\":\"BreadcrumbList\",\"@id\":\"https:\/\/portalmf.com.br\/index.php\/2023\/06\/27\/resgatando-memoria-dos-folioes-aviva-apresenta-circuito-sauipe-na-bahia\/#breadcrumb\",\"itemListElement\":[{\"@type\":\"ListItem\",\"position\":1,\"name\":\"In\u00edcio\",\"item\":\"https:\/\/portalmf.com.br\/\"},{\"@type\":\"ListItem\",\"position\":2,\"name\":\"Resgatando mem\u00f3ria dos foli\u00f5es, Aviva apresenta Circuito Sau\u00edpe, na Bahia\"}]},{\"@type\":\"WebSite\",\"@id\":\"https:\/\/portalmf.com.br\/#website\",\"url\":\"https:\/\/portalmf.com.br\/\",\"name\":\"Portal MF\",\"description\":\"Voc\u00ea conectado com a informa\u00e7\u00e3o\",\"potentialAction\":[{\"@type\":\"SearchAction\",\"target\":{\"@type\":\"EntryPoint\",\"urlTemplate\":\"https:\/\/portalmf.com.br\/?s={search_term_string}\"},\"query-input\":\"required name=search_term_string\"}],\"inLanguage\":\"pt-BR\"},{\"@type\":\"Person\",\"@id\":\"https:\/\/portalmf.com.br\/#\/schema\/person\/9ec101baf56233e53520c26de5d6f6f0\",\"name\":\"Reda\u00e7\u00e3o Portal MF\",\"image\":{\"@type\":\"ImageObject\",\"inLanguage\":\"pt-BR\",\"@id\":\"https:\/\/portalmf.com.br\/#\/schema\/person\/image\/\",\"url\":\"https:\/\/secure.gravatar.com\/avatar\/41b9aaeb2100835f7c64362330f74c7f?s=96&d=mm&r=g\",\"contentUrl\":\"https:\/\/secure.gravatar.com\/avatar\/41b9aaeb2100835f7c64362330f74c7f?s=96&d=mm&r=g\",\"caption\":\"Reda\u00e7\u00e3o Portal MF\"},\"description\":\"Sejam bem-vindos o portal de informa\u00e7\u00f5es de entretenimento de Feira de Santana, desde 2006 realiza coberturas dos principais eventos com entrevistas exclusivas com as principais personalidades mundiais. Fique conectado tamb\u00e9m nas redes sociais.\",\"sameAs\":[\"http:\/\/www.portalmf.com.br\/\",\"https:\/\/www.facebook.com\/portalmfoficial\",\"https:\/\/www.instagram.com\/portalmf\/\",\"https:\/\/x.com\/https:\/\/x.com\/portalmfoficial\",\"https:\/\/www.youtube.com\/@portalmfoficial\"],\"url\":\"https:\/\/portalmf.com.br\/index.php\/author\/junior\/\"}]}<\/script>\n<!-- \/ Yoast SEO plugin. -->","yoast_head_json":{"title":"Resgatando mem\u00f3ria dos foli\u00f5es, Aviva apresenta Circuito Sau\u00edpe, na Bahia - Portal MF","robots":{"index":"index","follow":"follow","max-snippet":"max-snippet:-1","max-image-preview":"max-image-preview:large","max-video-preview":"max-video-preview:-1"},"canonical":"https:\/\/portalmf.com.br\/index.php\/2023\/06\/27\/resgatando-memoria-dos-folioes-aviva-apresenta-circuito-sauipe-na-bahia\/","og_locale":"pt_BR","og_type":"article","og_title":"Resgatando mem\u00f3ria dos foli\u00f5es, Aviva apresenta Circuito Sau\u00edpe, na Bahia - Portal MF","og_description":"Depois de apresentar ao mercado o novo Grand Premium Brisa, seu resort de mais alto padr\u00e3o reposicionado,&nbsp;Costa do Sau\u00edpe&nbsp;confirmou a volta dos grandes shows no destino baiano, com o lan\u00e7amento do&nbsp;Circuito Sau\u00edpe, plataforma de festivais e eventos esportivos que vai movimentar o calend\u00e1rio de entretenimento do complexo. O primeiro evento ser\u00e1 o&nbsp;Sau\u00edpe Weekend, de 7 [&hellip;]","og_url":"https:\/\/portalmf.com.br\/index.php\/2023\/06\/27\/resgatando-memoria-dos-folioes-aviva-apresenta-circuito-sauipe-na-bahia\/","og_site_name":"Portal MF","article_author":"https:\/\/www.facebook.com\/portalmfoficial","article_published_time":"2023-06-27T17:16:42+00:00","og_image":[{"width":1000,"height":666,"url":"https:\/\/portalmf.com.br\/wp-content\/uploads\/2023\/06\/Costa-do-Sauipe-Divulgacao-2.jpg","type":"image\/jpeg"}],"author":"Reda\u00e7\u00e3o Portal MF","twitter_card":"summary_large_image","twitter_creator":"@https:\/\/x.com\/portalmfoficial","twitter_misc":{"Escrito por":"Reda\u00e7\u00e3o Portal MF","Est. tempo de leitura":"2 minutos"},"schema":{"@context":"https:\/\/schema.org","@graph":[{"@type":"WebPage","@id":"https:\/\/portalmf.com.br\/index.php\/2023\/06\/27\/resgatando-memoria-dos-folioes-aviva-apresenta-circuito-sauipe-na-bahia\/","url":"https:\/\/portalmf.com.br\/index.php\/2023\/06\/27\/resgatando-memoria-dos-folioes-aviva-apresenta-circuito-sauipe-na-bahia\/","name":"Resgatando mem\u00f3ria dos foli\u00f5es, Aviva apresenta Circuito Sau\u00edpe, na Bahia - Portal MF","isPartOf":{"@id":"https:\/\/portalmf.com.br\/#website"},"primaryImageOfPage":{"@id":"https:\/\/portalmf.com.br\/index.php\/2023\/06\/27\/resgatando-memoria-dos-folioes-aviva-apresenta-circuito-sauipe-na-bahia\/#primaryimage"},"image":{"@id":"https:\/\/portalmf.com.br\/index.php\/2023\/06\/27\/resgatando-memoria-dos-folioes-aviva-apresenta-circuito-sauipe-na-bahia\/#primaryimage"},"thumbnailUrl":"https:\/\/portalmf.com.br\/wp-content\/uploads\/2023\/06\/Costa-do-Sauipe-Divulgacao-2.jpg","datePublished":"2023-06-27T17:16:42+00:00","dateModified":"2023-06-27T17:16:42+00:00","author":{"@id":"https:\/\/portalmf.com.br\/#\/schema\/person\/9ec101baf56233e53520c26de5d6f6f0"},"breadcrumb":{"@id":"https:\/\/portalmf.com.br\/index.php\/2023\/06\/27\/resgatando-memoria-dos-folioes-aviva-apresenta-circuito-sauipe-na-bahia\/#breadcrumb"},"inLanguage":"pt-BR","potentialAction":[{"@type":"ReadAction","target":["https:\/\/portalmf.com.br\/index.php\/2023\/06\/27\/resgatando-memoria-dos-folioes-aviva-apresenta-circuito-sauipe-na-bahia\/"]}]},{"@type":"ImageObject","inLanguage":"pt-BR","@id":"https:\/\/portalmf.com.br\/index.php\/2023\/06\/27\/resgatando-memoria-dos-folioes-aviva-apresenta-circuito-sauipe-na-bahia\/#primaryimage","url":"https:\/\/portalmf.com.br\/wp-content\/uploads\/2023\/06\/Costa-do-Sauipe-Divulgacao-2.jpg","contentUrl":"https:\/\/portalmf.com.br\/wp-content\/uploads\/2023\/06\/Costa-do-Sauipe-Divulgacao-2.jpg","width":1000,"height":666},{"@type":"BreadcrumbList","@id":"https:\/\/portalmf.com.br\/index.php\/2023\/06\/27\/resgatando-memoria-dos-folioes-aviva-apresenta-circuito-sauipe-na-bahia\/#breadcrumb","itemListElement":[{"@type":"ListItem","position":1,"name":"In\u00edcio","item":"https:\/\/portalmf.com.br\/"},{"@type":"ListItem","position":2,"name":"Resgatando mem\u00f3ria dos foli\u00f5es, Aviva apresenta Circuito Sau\u00edpe, na Bahia"}]},{"@type":"WebSite","@id":"https:\/\/portalmf.com.br\/#website","url":"https:\/\/portalmf.com.br\/","name":"Portal MF","description":"Voc\u00ea conectado com a informa\u00e7\u00e3o","potentialAction":[{"@type":"SearchAction","target":{"@type":"EntryPoint","urlTemplate":"https:\/\/portalmf.com.br\/?s={search_term_string}"},"query-input":"required name=search_term_string"}],"inLanguage":"pt-BR"},{"@type":"Person","@id":"https:\/\/portalmf.com.br\/#\/schema\/person\/9ec101baf56233e53520c26de5d6f6f0","name":"Reda\u00e7\u00e3o Portal MF","image":{"@type":"ImageObject","inLanguage":"pt-BR","@id":"https:\/\/portalmf.com.br\/#\/schema\/person\/image\/","url":"https:\/\/secure.gravatar.com\/avatar\/41b9aaeb2100835f7c64362330f74c7f?s=96&d=mm&r=g","contentUrl":"https:\/\/secure.gravatar.com\/avatar\/41b9aaeb2100835f7c64362330f74c7f?s=96&d=mm&r=g","caption":"Reda\u00e7\u00e3o Portal MF"},"description":"Sejam bem-vindos o portal de informa\u00e7\u00f5es de entretenimento de Feira de Santana, desde 2006 realiza coberturas dos principais eventos com entrevistas exclusivas com as principais personalidades mundiais. Fique conectado tamb\u00e9m nas redes sociais.","sameAs":["http:\/\/www.portalmf.com.br\/","https:\/\/www.facebook.com\/portalmfoficial","https:\/\/www.instagram.com\/portalmf\/","https:\/\/x.com\/https:\/\/x.com\/portalmfoficial","https:\/\/www.youtube.com\/@portalmfoficial"],"url":"https:\/\/portalmf.com.br\/index.php\/author\/junior\/"}]}},"_links":{"self":[{"href":"https:\/\/portalmf.com.br\/index.php\/wp-json\/wp\/v2\/posts\/13910"}],"collection":[{"href":"https:\/\/portalmf.com.br\/index.php\/wp-json\/wp\/v2\/posts"}],"about":[{"href":"https:\/\/portalmf.com.br\/index.php\/wp-json\/wp\/v2\/types\/post"}],"author":[{"embeddable":true,"href":"https:\/\/portalmf.com.br\/index.php\/wp-json\/wp\/v2\/users\/3"}],"replies":[{"embeddable":true,"href":"https:\/\/portalmf.com.br\/index.php\/wp-json\/wp\/v2\/comments?post=13910"}],"version-history":[{"count":1,"href":"https:\/\/portalmf.com.br\/index.php\/wp-json\/wp\/v2\/posts\/13910\/revisions"}],"predecessor-version":[{"id":13912,"href":"https:\/\/portalmf.com.br\/index.php\/wp-json\/wp\/v2\/posts\/13910\/revisions\/13912"}],"wp:featuredmedia":[{"embeddable":true,"href":"https:\/\/portalmf.com.br\/index.php\/wp-json\/wp\/v2\/media\/13911"}],"wp:attachment":[{"href":"https:\/\/portalmf.com.br\/index.php\/wp-json\/wp\/v2\/media?parent=13910"}],"wp:term":[{"taxonomy":"category","embeddable":true,"href":"https:\/\/portalmf.com.br\/index.php\/wp-json\/wp\/v2\/categories?post=13910"},{"taxonomy":"post_tag","embeddable":true,"href":"https:\/\/portalmf.com.br\/index.php\/wp-json\/wp\/v2\/tags?post=13910"}],"curies":[{"name":"wp","href":"https:\/\/api.w.org\/{rel}","templated":true}]}}