{"id":13223,"date":"2023-06-16T15:10:55","date_gmt":"2023-06-16T18:10:55","guid":{"rendered":"https:\/\/portalmf.com.br\/?p=13223"},"modified":"2023-06-16T15:11:02","modified_gmt":"2023-06-16T18:11:02","slug":"soul-dila-aproveita-sao-joao-para-celebrar-os-encourados-de-pedrao","status":"publish","type":"post","link":"https:\/\/portalmf.com.br\/index.php\/2023\/06\/16\/soul-dila-aproveita-sao-joao-para-celebrar-os-encourados-de-pedrao\/","title":{"rendered":"Soul Dila aproveita S\u00e3o Jo\u00e3o para celebrar os &#8220;Encourados de Pedr\u00e3o&#8221;"},"content":{"rendered":"\n<p>Com forte DNA baiano e orgulho de ter nascido no Nordeste, a&nbsp;<strong>Soul Dila<\/strong>&nbsp;n\u00e3o poderia deixar de celebrar o&nbsp;<strong>S\u00e3o Jo\u00e3o<\/strong>&nbsp;com pe\u00e7as especiais que fortalecem o clima junino e d\u00e1 continuidade \u00e0&nbsp;<strong>homenagem da marca ao Bicenten\u00e1rio da Independ\u00eancia da Bahia<\/strong>, celebrado em 2023.<\/p>\n\n\n\n<p>Depois de homenagear a for\u00e7a feminina da luta com a cole\u00e7\u00e3o &#8220;Marias, Joanas e Lu\u00edsas&#8221; e a figura materna das Rendeiras de Saubara, com a linha \u201cContos de Renda\u201d, o m\u00eas de junho chegou com&nbsp;<strong>homenagem aos Encourados de Pedr\u00e3o<\/strong>, figuras importantes na luta da independ\u00eancia.<\/p>\n\n\n\n<p>Os personagens formavam um grupo de vaqueiros de Pedr\u00e3o, a 122 km de Salvador, que sa\u00edram em seus cavalos rumo a Cachoeira, no Rec\u00f4ncavo baiano, com seus trajes de couro resistentes. Eles s\u00e3o lembrados nas camisetas &#8220;Chap\u00e9u de Couro&#8221; e &#8220;Berrante&#8221;, dispon\u00edveis nas lojas f\u00edsicas da marca e no e-commerce.<\/p>\n\n\n\n<figure class=\"wp-block-gallery has-nested-images columns-default is-cropped wp-block-gallery-1 is-layout-flex wp-block-gallery-is-layout-flex\">\n<figure class=\"wp-block-image size-large\"><img fetchpriority=\"high\" decoding=\"async\" width=\"683\" height=\"1024\" data-id=\"13225\" src=\"https:\/\/portalmf.com.br\/wp-content\/uploads\/2023\/06\/Soul-Dila-Cabra-da-Peste-683x1024.jpg\" alt=\"\" class=\"wp-image-13225\" srcset=\"https:\/\/portalmf.com.br\/wp-content\/uploads\/2023\/06\/Soul-Dila-Cabra-da-Peste-683x1024.jpg 683w, https:\/\/portalmf.com.br\/wp-content\/uploads\/2023\/06\/Soul-Dila-Cabra-da-Peste-200x300.jpg 200w, https:\/\/portalmf.com.br\/wp-content\/uploads\/2023\/06\/Soul-Dila-Cabra-da-Peste-768x1151.jpg 768w, https:\/\/portalmf.com.br\/wp-content\/uploads\/2023\/06\/Soul-Dila-Cabra-da-Peste-585x877.jpg 585w, https:\/\/portalmf.com.br\/wp-content\/uploads\/2023\/06\/Soul-Dila-Cabra-da-Peste.jpg 854w\" sizes=\"(max-width: 683px) 100vw, 683px\" \/><\/figure>\n\n\n\n<figure class=\"wp-block-image size-large\"><img decoding=\"async\" width=\"683\" height=\"1024\" data-id=\"13227\" src=\"https:\/\/portalmf.com.br\/wp-content\/uploads\/2023\/06\/Soul-Dila-Sao-Joao-do-Nordeste-683x1024.jpg\" alt=\"\" class=\"wp-image-13227\" srcset=\"https:\/\/portalmf.com.br\/wp-content\/uploads\/2023\/06\/Soul-Dila-Sao-Joao-do-Nordeste-683x1024.jpg 683w, https:\/\/portalmf.com.br\/wp-content\/uploads\/2023\/06\/Soul-Dila-Sao-Joao-do-Nordeste-200x300.jpg 200w, https:\/\/portalmf.com.br\/wp-content\/uploads\/2023\/06\/Soul-Dila-Sao-Joao-do-Nordeste-768x1151.jpg 768w, https:\/\/portalmf.com.br\/wp-content\/uploads\/2023\/06\/Soul-Dila-Sao-Joao-do-Nordeste-585x877.jpg 585w, https:\/\/portalmf.com.br\/wp-content\/uploads\/2023\/06\/Soul-Dila-Sao-Joao-do-Nordeste.jpg 854w\" sizes=\"(max-width: 683px) 100vw, 683px\" \/><\/figure>\n\n\n\n<figure class=\"wp-block-image size-large\"><img decoding=\"async\" width=\"683\" height=\"1024\" data-id=\"13226\" src=\"https:\/\/portalmf.com.br\/wp-content\/uploads\/2023\/06\/Soul-Dila-Forrozear-683x1024.jpg\" alt=\"\" class=\"wp-image-13226\" srcset=\"https:\/\/portalmf.com.br\/wp-content\/uploads\/2023\/06\/Soul-Dila-Forrozear-683x1024.jpg 683w, https:\/\/portalmf.com.br\/wp-content\/uploads\/2023\/06\/Soul-Dila-Forrozear-200x300.jpg 200w, https:\/\/portalmf.com.br\/wp-content\/uploads\/2023\/06\/Soul-Dila-Forrozear-768x1151.jpg 768w, https:\/\/portalmf.com.br\/wp-content\/uploads\/2023\/06\/Soul-Dila-Forrozear-585x877.jpg 585w, https:\/\/portalmf.com.br\/wp-content\/uploads\/2023\/06\/Soul-Dila-Forrozear.jpg 854w\" sizes=\"(max-width: 683px) 100vw, 683px\" \/><\/figure>\n\n\n\n<figure class=\"wp-block-image size-large\"><img loading=\"lazy\" decoding=\"async\" width=\"683\" height=\"1024\" data-id=\"13228\" src=\"https:\/\/portalmf.com.br\/wp-content\/uploads\/2023\/06\/Soul-Dila-Sao-Joao-683x1024.jpg\" alt=\"\" class=\"wp-image-13228\" srcset=\"https:\/\/portalmf.com.br\/wp-content\/uploads\/2023\/06\/Soul-Dila-Sao-Joao-683x1024.jpg 683w, https:\/\/portalmf.com.br\/wp-content\/uploads\/2023\/06\/Soul-Dila-Sao-Joao-200x300.jpg 200w, https:\/\/portalmf.com.br\/wp-content\/uploads\/2023\/06\/Soul-Dila-Sao-Joao-768x1151.jpg 768w, https:\/\/portalmf.com.br\/wp-content\/uploads\/2023\/06\/Soul-Dila-Sao-Joao-585x877.jpg 585w, https:\/\/portalmf.com.br\/wp-content\/uploads\/2023\/06\/Soul-Dila-Sao-Joao.jpg 854w\" sizes=\"(max-width: 683px) 100vw, 683px\" \/><\/figure>\n\n\n\n<figure class=\"wp-block-image size-large\"><img loading=\"lazy\" decoding=\"async\" width=\"1024\" height=\"1024\" data-id=\"13224\" src=\"https:\/\/portalmf.com.br\/wp-content\/uploads\/2023\/06\/Soul-Dila-Chapeu-de-Couro-1024x1024.jpg\" alt=\"\" class=\"wp-image-13224\" srcset=\"https:\/\/portalmf.com.br\/wp-content\/uploads\/2023\/06\/Soul-Dila-Chapeu-de-Couro-1024x1024.jpg 1024w, https:\/\/portalmf.com.br\/wp-content\/uploads\/2023\/06\/Soul-Dila-Chapeu-de-Couro-300x300.jpg 300w, https:\/\/portalmf.com.br\/wp-content\/uploads\/2023\/06\/Soul-Dila-Chapeu-de-Couro-150x150.jpg 150w, https:\/\/portalmf.com.br\/wp-content\/uploads\/2023\/06\/Soul-Dila-Chapeu-de-Couro-768x768.jpg 768w, https:\/\/portalmf.com.br\/wp-content\/uploads\/2023\/06\/Soul-Dila-Chapeu-de-Couro-1536x1536.jpg 1536w, https:\/\/portalmf.com.br\/wp-content\/uploads\/2023\/06\/Soul-Dila-Chapeu-de-Couro-1170x1170.jpg 1170w, https:\/\/portalmf.com.br\/wp-content\/uploads\/2023\/06\/Soul-Dila-Chapeu-de-Couro-585x585.jpg 585w, https:\/\/portalmf.com.br\/wp-content\/uploads\/2023\/06\/Soul-Dila-Chapeu-de-Couro.jpg 1600w\" sizes=\"(max-width: 1024px) 100vw, 1024px\" \/><\/figure>\n\n\n\n<figure class=\"wp-block-image size-large\"><img loading=\"lazy\" decoding=\"async\" width=\"1024\" height=\"1024\" data-id=\"13229\" src=\"https:\/\/portalmf.com.br\/wp-content\/uploads\/2023\/06\/Soul-Dila-Berrante-1024x1024.jpg\" alt=\"\" class=\"wp-image-13229\" srcset=\"https:\/\/portalmf.com.br\/wp-content\/uploads\/2023\/06\/Soul-Dila-Berrante-1024x1024.jpg 1024w, https:\/\/portalmf.com.br\/wp-content\/uploads\/2023\/06\/Soul-Dila-Berrante-300x300.jpg 300w, https:\/\/portalmf.com.br\/wp-content\/uploads\/2023\/06\/Soul-Dila-Berrante-150x150.jpg 150w, https:\/\/portalmf.com.br\/wp-content\/uploads\/2023\/06\/Soul-Dila-Berrante-768x768.jpg 768w, https:\/\/portalmf.com.br\/wp-content\/uploads\/2023\/06\/Soul-Dila-Berrante-1536x1536.jpg 1536w, https:\/\/portalmf.com.br\/wp-content\/uploads\/2023\/06\/Soul-Dila-Berrante-1170x1170.jpg 1170w, https:\/\/portalmf.com.br\/wp-content\/uploads\/2023\/06\/Soul-Dila-Berrante-585x585.jpg 585w, https:\/\/portalmf.com.br\/wp-content\/uploads\/2023\/06\/Soul-Dila-Berrante.jpg 1600w\" sizes=\"(max-width: 1024px) 100vw, 1024px\" \/><\/figure>\n\n\n\n<figure class=\"wp-block-image size-large\"><img loading=\"lazy\" decoding=\"async\" width=\"683\" height=\"1024\" data-id=\"13230\" src=\"https:\/\/portalmf.com.br\/wp-content\/uploads\/2023\/06\/Soul-Dila-Um-Xero-683x1024.jpg\" alt=\"\" class=\"wp-image-13230\" srcset=\"https:\/\/portalmf.com.br\/wp-content\/uploads\/2023\/06\/Soul-Dila-Um-Xero-683x1024.jpg 683w, https:\/\/portalmf.com.br\/wp-content\/uploads\/2023\/06\/Soul-Dila-Um-Xero-200x300.jpg 200w, https:\/\/portalmf.com.br\/wp-content\/uploads\/2023\/06\/Soul-Dila-Um-Xero-768x1151.jpg 768w, https:\/\/portalmf.com.br\/wp-content\/uploads\/2023\/06\/Soul-Dila-Um-Xero-585x877.jpg 585w, https:\/\/portalmf.com.br\/wp-content\/uploads\/2023\/06\/Soul-Dila-Um-Xero.jpg 854w\" sizes=\"(max-width: 683px) 100vw, 683px\" \/><\/figure>\n<\/figure>\n","protected":false},"excerpt":{"rendered":"<p>Com forte DNA baiano e orgulho de ter nascido no Nordeste, a&nbsp;Soul Dila&nbsp;n\u00e3o poderia deixar de celebrar o&nbsp;S\u00e3o Jo\u00e3o&nbsp;com pe\u00e7as especiais que fortalecem o clima junino e d\u00e1 continuidade \u00e0&nbsp;homenagem da marca ao Bicenten\u00e1rio da Independ\u00eancia da Bahia, celebrado em 2023. Depois de homenagear a for\u00e7a feminina da luta com a cole\u00e7\u00e3o &#8220;Marias, Joanas e [&hellip;]<\/p>\n","protected":false},"author":3,"featured_media":13227,"comment_status":"open","ping_status":"open","sticky":false,"template":"","format":"standard","meta":{"_monsterinsights_skip_tracking":false,"_monsterinsights_sitenote_active":false,"_monsterinsights_sitenote_note":"","_monsterinsights_sitenote_category":0,"footnotes":""},"categories":[295],"tags":[],"yoast_head":"<!-- This site is optimized with the Yoast SEO plugin v22.9 - https:\/\/yoast.com\/wordpress\/plugins\/seo\/ -->\n<title>Soul Dila aproveita S\u00e3o Jo\u00e3o para celebrar os &quot;Encourados de Pedr\u00e3o&quot; - Portal MF<\/title>\n<meta name=\"robots\" content=\"index, follow, max-snippet:-1, max-image-preview:large, max-video-preview:-1\" \/>\n<link rel=\"canonical\" href=\"https:\/\/portalmf.com.br\/index.php\/2023\/06\/16\/soul-dila-aproveita-sao-joao-para-celebrar-os-encourados-de-pedrao\/\" \/>\n<meta property=\"og:locale\" content=\"pt_BR\" \/>\n<meta property=\"og:type\" content=\"article\" \/>\n<meta property=\"og:title\" content=\"Soul Dila aproveita S\u00e3o Jo\u00e3o para celebrar os &quot;Encourados de Pedr\u00e3o&quot; - Portal MF\" \/>\n<meta property=\"og:description\" content=\"Com forte DNA baiano e orgulho de ter nascido no Nordeste, a&nbsp;Soul Dila&nbsp;n\u00e3o poderia deixar de celebrar o&nbsp;S\u00e3o Jo\u00e3o&nbsp;com pe\u00e7as especiais que fortalecem o clima junino e d\u00e1 continuidade \u00e0&nbsp;homenagem da marca ao Bicenten\u00e1rio da Independ\u00eancia da Bahia, celebrado em 2023. Depois de homenagear a for\u00e7a feminina da luta com a cole\u00e7\u00e3o &#8220;Marias, Joanas e [&hellip;]\" \/>\n<meta property=\"og:url\" content=\"https:\/\/portalmf.com.br\/index.php\/2023\/06\/16\/soul-dila-aproveita-sao-joao-para-celebrar-os-encourados-de-pedrao\/\" \/>\n<meta property=\"og:site_name\" content=\"Portal MF\" \/>\n<meta property=\"article:author\" content=\"https:\/\/www.facebook.com\/portalmfoficial\" \/>\n<meta property=\"article:published_time\" content=\"2023-06-16T18:10:55+00:00\" \/>\n<meta property=\"article:modified_time\" content=\"2023-06-16T18:11:02+00:00\" \/>\n<meta property=\"og:image\" content=\"https:\/\/portalmf.com.br\/wp-content\/uploads\/2023\/06\/Soul-Dila-Sao-Joao-do-Nordeste.jpg\" \/>\n\t<meta property=\"og:image:width\" content=\"854\" \/>\n\t<meta property=\"og:image:height\" content=\"1280\" \/>\n\t<meta property=\"og:image:type\" content=\"image\/jpeg\" \/>\n<meta name=\"author\" content=\"Reda\u00e7\u00e3o Portal MF\" \/>\n<meta name=\"twitter:card\" content=\"summary_large_image\" \/>\n<meta name=\"twitter:creator\" content=\"@https:\/\/x.com\/portalmfoficial\" \/>\n<meta name=\"twitter:label1\" content=\"Escrito por\" \/>\n\t<meta name=\"twitter:data1\" content=\"Reda\u00e7\u00e3o Portal MF\" \/>\n\t<meta name=\"twitter:label2\" content=\"Est. tempo de leitura\" \/>\n\t<meta name=\"twitter:data2\" content=\"3 minutos\" \/>\n<script type=\"application\/ld+json\" class=\"yoast-schema-graph\">{\"@context\":\"https:\/\/schema.org\",\"@graph\":[{\"@type\":\"WebPage\",\"@id\":\"https:\/\/portalmf.com.br\/index.php\/2023\/06\/16\/soul-dila-aproveita-sao-joao-para-celebrar-os-encourados-de-pedrao\/\",\"url\":\"https:\/\/portalmf.com.br\/index.php\/2023\/06\/16\/soul-dila-aproveita-sao-joao-para-celebrar-os-encourados-de-pedrao\/\",\"name\":\"Soul Dila aproveita S\u00e3o Jo\u00e3o para celebrar os \\\"Encourados de Pedr\u00e3o\\\" - Portal MF\",\"isPartOf\":{\"@id\":\"https:\/\/portalmf.com.br\/#website\"},\"primaryImageOfPage\":{\"@id\":\"https:\/\/portalmf.com.br\/index.php\/2023\/06\/16\/soul-dila-aproveita-sao-joao-para-celebrar-os-encourados-de-pedrao\/#primaryimage\"},\"image\":{\"@id\":\"https:\/\/portalmf.com.br\/index.php\/2023\/06\/16\/soul-dila-aproveita-sao-joao-para-celebrar-os-encourados-de-pedrao\/#primaryimage\"},\"thumbnailUrl\":\"https:\/\/portalmf.com.br\/wp-content\/uploads\/2023\/06\/Soul-Dila-Sao-Joao-do-Nordeste.jpg\",\"datePublished\":\"2023-06-16T18:10:55+00:00\",\"dateModified\":\"2023-06-16T18:11:02+00:00\",\"author\":{\"@id\":\"https:\/\/portalmf.com.br\/#\/schema\/person\/9ec101baf56233e53520c26de5d6f6f0\"},\"breadcrumb\":{\"@id\":\"https:\/\/portalmf.com.br\/index.php\/2023\/06\/16\/soul-dila-aproveita-sao-joao-para-celebrar-os-encourados-de-pedrao\/#breadcrumb\"},\"inLanguage\":\"pt-BR\",\"potentialAction\":[{\"@type\":\"ReadAction\",\"target\":[\"https:\/\/portalmf.com.br\/index.php\/2023\/06\/16\/soul-dila-aproveita-sao-joao-para-celebrar-os-encourados-de-pedrao\/\"]}]},{\"@type\":\"ImageObject\",\"inLanguage\":\"pt-BR\",\"@id\":\"https:\/\/portalmf.com.br\/index.php\/2023\/06\/16\/soul-dila-aproveita-sao-joao-para-celebrar-os-encourados-de-pedrao\/#primaryimage\",\"url\":\"https:\/\/portalmf.com.br\/wp-content\/uploads\/2023\/06\/Soul-Dila-Sao-Joao-do-Nordeste.jpg\",\"contentUrl\":\"https:\/\/portalmf.com.br\/wp-content\/uploads\/2023\/06\/Soul-Dila-Sao-Joao-do-Nordeste.jpg\",\"width\":854,\"height\":1280},{\"@type\":\"BreadcrumbList\",\"@id\":\"https:\/\/portalmf.com.br\/index.php\/2023\/06\/16\/soul-dila-aproveita-sao-joao-para-celebrar-os-encourados-de-pedrao\/#breadcrumb\",\"itemListElement\":[{\"@type\":\"ListItem\",\"position\":1,\"name\":\"In\u00edcio\",\"item\":\"https:\/\/portalmf.com.br\/\"},{\"@type\":\"ListItem\",\"position\":2,\"name\":\"Soul Dila aproveita S\u00e3o Jo\u00e3o para celebrar os &#8220;Encourados de Pedr\u00e3o&#8221;\"}]},{\"@type\":\"WebSite\",\"@id\":\"https:\/\/portalmf.com.br\/#website\",\"url\":\"https:\/\/portalmf.com.br\/\",\"name\":\"Portal MF\",\"description\":\"Voc\u00ea conectado com a informa\u00e7\u00e3o\",\"potentialAction\":[{\"@type\":\"SearchAction\",\"target\":{\"@type\":\"EntryPoint\",\"urlTemplate\":\"https:\/\/portalmf.com.br\/?s={search_term_string}\"},\"query-input\":\"required name=search_term_string\"}],\"inLanguage\":\"pt-BR\"},{\"@type\":\"Person\",\"@id\":\"https:\/\/portalmf.com.br\/#\/schema\/person\/9ec101baf56233e53520c26de5d6f6f0\",\"name\":\"Reda\u00e7\u00e3o Portal MF\",\"image\":{\"@type\":\"ImageObject\",\"inLanguage\":\"pt-BR\",\"@id\":\"https:\/\/portalmf.com.br\/#\/schema\/person\/image\/\",\"url\":\"https:\/\/secure.gravatar.com\/avatar\/41b9aaeb2100835f7c64362330f74c7f?s=96&d=mm&r=g\",\"contentUrl\":\"https:\/\/secure.gravatar.com\/avatar\/41b9aaeb2100835f7c64362330f74c7f?s=96&d=mm&r=g\",\"caption\":\"Reda\u00e7\u00e3o Portal MF\"},\"description\":\"Sejam bem-vindos o portal de informa\u00e7\u00f5es de entretenimento de Feira de Santana, desde 2006 realiza coberturas dos principais eventos com entrevistas exclusivas com as principais personalidades mundiais. Fique conectado tamb\u00e9m nas redes sociais.\",\"sameAs\":[\"http:\/\/www.portalmf.com.br\/\",\"https:\/\/www.facebook.com\/portalmfoficial\",\"https:\/\/www.instagram.com\/portalmf\/\",\"https:\/\/x.com\/https:\/\/x.com\/portalmfoficial\",\"https:\/\/www.youtube.com\/@portalmfoficial\"],\"url\":\"https:\/\/portalmf.com.br\/index.php\/author\/junior\/\"}]}<\/script>\n<!-- \/ Yoast SEO plugin. -->","yoast_head_json":{"title":"Soul Dila aproveita S\u00e3o Jo\u00e3o para celebrar os \"Encourados de Pedr\u00e3o\" - Portal MF","robots":{"index":"index","follow":"follow","max-snippet":"max-snippet:-1","max-image-preview":"max-image-preview:large","max-video-preview":"max-video-preview:-1"},"canonical":"https:\/\/portalmf.com.br\/index.php\/2023\/06\/16\/soul-dila-aproveita-sao-joao-para-celebrar-os-encourados-de-pedrao\/","og_locale":"pt_BR","og_type":"article","og_title":"Soul Dila aproveita S\u00e3o Jo\u00e3o para celebrar os \"Encourados de Pedr\u00e3o\" - Portal MF","og_description":"Com forte DNA baiano e orgulho de ter nascido no Nordeste, a&nbsp;Soul Dila&nbsp;n\u00e3o poderia deixar de celebrar o&nbsp;S\u00e3o Jo\u00e3o&nbsp;com pe\u00e7as especiais que fortalecem o clima junino e d\u00e1 continuidade \u00e0&nbsp;homenagem da marca ao Bicenten\u00e1rio da Independ\u00eancia da Bahia, celebrado em 2023. Depois de homenagear a for\u00e7a feminina da luta com a cole\u00e7\u00e3o &#8220;Marias, Joanas e [&hellip;]","og_url":"https:\/\/portalmf.com.br\/index.php\/2023\/06\/16\/soul-dila-aproveita-sao-joao-para-celebrar-os-encourados-de-pedrao\/","og_site_name":"Portal MF","article_author":"https:\/\/www.facebook.com\/portalmfoficial","article_published_time":"2023-06-16T18:10:55+00:00","article_modified_time":"2023-06-16T18:11:02+00:00","og_image":[{"width":854,"height":1280,"url":"https:\/\/portalmf.com.br\/wp-content\/uploads\/2023\/06\/Soul-Dila-Sao-Joao-do-Nordeste.jpg","type":"image\/jpeg"}],"author":"Reda\u00e7\u00e3o Portal MF","twitter_card":"summary_large_image","twitter_creator":"@https:\/\/x.com\/portalmfoficial","twitter_misc":{"Escrito por":"Reda\u00e7\u00e3o Portal MF","Est. tempo de leitura":"3 minutos"},"schema":{"@context":"https:\/\/schema.org","@graph":[{"@type":"WebPage","@id":"https:\/\/portalmf.com.br\/index.php\/2023\/06\/16\/soul-dila-aproveita-sao-joao-para-celebrar-os-encourados-de-pedrao\/","url":"https:\/\/portalmf.com.br\/index.php\/2023\/06\/16\/soul-dila-aproveita-sao-joao-para-celebrar-os-encourados-de-pedrao\/","name":"Soul Dila aproveita S\u00e3o Jo\u00e3o para celebrar os \"Encourados de Pedr\u00e3o\" - Portal MF","isPartOf":{"@id":"https:\/\/portalmf.com.br\/#website"},"primaryImageOfPage":{"@id":"https:\/\/portalmf.com.br\/index.php\/2023\/06\/16\/soul-dila-aproveita-sao-joao-para-celebrar-os-encourados-de-pedrao\/#primaryimage"},"image":{"@id":"https:\/\/portalmf.com.br\/index.php\/2023\/06\/16\/soul-dila-aproveita-sao-joao-para-celebrar-os-encourados-de-pedrao\/#primaryimage"},"thumbnailUrl":"https:\/\/portalmf.com.br\/wp-content\/uploads\/2023\/06\/Soul-Dila-Sao-Joao-do-Nordeste.jpg","datePublished":"2023-06-16T18:10:55+00:00","dateModified":"2023-06-16T18:11:02+00:00","author":{"@id":"https:\/\/portalmf.com.br\/#\/schema\/person\/9ec101baf56233e53520c26de5d6f6f0"},"breadcrumb":{"@id":"https:\/\/portalmf.com.br\/index.php\/2023\/06\/16\/soul-dila-aproveita-sao-joao-para-celebrar-os-encourados-de-pedrao\/#breadcrumb"},"inLanguage":"pt-BR","potentialAction":[{"@type":"ReadAction","target":["https:\/\/portalmf.com.br\/index.php\/2023\/06\/16\/soul-dila-aproveita-sao-joao-para-celebrar-os-encourados-de-pedrao\/"]}]},{"@type":"ImageObject","inLanguage":"pt-BR","@id":"https:\/\/portalmf.com.br\/index.php\/2023\/06\/16\/soul-dila-aproveita-sao-joao-para-celebrar-os-encourados-de-pedrao\/#primaryimage","url":"https:\/\/portalmf.com.br\/wp-content\/uploads\/2023\/06\/Soul-Dila-Sao-Joao-do-Nordeste.jpg","contentUrl":"https:\/\/portalmf.com.br\/wp-content\/uploads\/2023\/06\/Soul-Dila-Sao-Joao-do-Nordeste.jpg","width":854,"height":1280},{"@type":"BreadcrumbList","@id":"https:\/\/portalmf.com.br\/index.php\/2023\/06\/16\/soul-dila-aproveita-sao-joao-para-celebrar-os-encourados-de-pedrao\/#breadcrumb","itemListElement":[{"@type":"ListItem","position":1,"name":"In\u00edcio","item":"https:\/\/portalmf.com.br\/"},{"@type":"ListItem","position":2,"name":"Soul Dila aproveita S\u00e3o Jo\u00e3o para celebrar os &#8220;Encourados de Pedr\u00e3o&#8221;"}]},{"@type":"WebSite","@id":"https:\/\/portalmf.com.br\/#website","url":"https:\/\/portalmf.com.br\/","name":"Portal MF","description":"Voc\u00ea conectado com a informa\u00e7\u00e3o","potentialAction":[{"@type":"SearchAction","target":{"@type":"EntryPoint","urlTemplate":"https:\/\/portalmf.com.br\/?s={search_term_string}"},"query-input":"required name=search_term_string"}],"inLanguage":"pt-BR"},{"@type":"Person","@id":"https:\/\/portalmf.com.br\/#\/schema\/person\/9ec101baf56233e53520c26de5d6f6f0","name":"Reda\u00e7\u00e3o Portal MF","image":{"@type":"ImageObject","inLanguage":"pt-BR","@id":"https:\/\/portalmf.com.br\/#\/schema\/person\/image\/","url":"https:\/\/secure.gravatar.com\/avatar\/41b9aaeb2100835f7c64362330f74c7f?s=96&d=mm&r=g","contentUrl":"https:\/\/secure.gravatar.com\/avatar\/41b9aaeb2100835f7c64362330f74c7f?s=96&d=mm&r=g","caption":"Reda\u00e7\u00e3o Portal MF"},"description":"Sejam bem-vindos o portal de informa\u00e7\u00f5es de entretenimento de Feira de Santana, desde 2006 realiza coberturas dos principais eventos com entrevistas exclusivas com as principais personalidades mundiais. Fique conectado tamb\u00e9m nas redes sociais.","sameAs":["http:\/\/www.portalmf.com.br\/","https:\/\/www.facebook.com\/portalmfoficial","https:\/\/www.instagram.com\/portalmf\/","https:\/\/x.com\/https:\/\/x.com\/portalmfoficial","https:\/\/www.youtube.com\/@portalmfoficial"],"url":"https:\/\/portalmf.com.br\/index.php\/author\/junior\/"}]}},"_links":{"self":[{"href":"https:\/\/portalmf.com.br\/index.php\/wp-json\/wp\/v2\/posts\/13223"}],"collection":[{"href":"https:\/\/portalmf.com.br\/index.php\/wp-json\/wp\/v2\/posts"}],"about":[{"href":"https:\/\/portalmf.com.br\/index.php\/wp-json\/wp\/v2\/types\/post"}],"author":[{"embeddable":true,"href":"https:\/\/portalmf.com.br\/index.php\/wp-json\/wp\/v2\/users\/3"}],"replies":[{"embeddable":true,"href":"https:\/\/portalmf.com.br\/index.php\/wp-json\/wp\/v2\/comments?post=13223"}],"version-history":[{"count":1,"href":"https:\/\/portalmf.com.br\/index.php\/wp-json\/wp\/v2\/posts\/13223\/revisions"}],"predecessor-version":[{"id":13231,"href":"https:\/\/portalmf.com.br\/index.php\/wp-json\/wp\/v2\/posts\/13223\/revisions\/13231"}],"wp:featuredmedia":[{"embeddable":true,"href":"https:\/\/portalmf.com.br\/index.php\/wp-json\/wp\/v2\/media\/13227"}],"wp:attachment":[{"href":"https:\/\/portalmf.com.br\/index.php\/wp-json\/wp\/v2\/media?parent=13223"}],"wp:term":[{"taxonomy":"category","embeddable":true,"href":"https:\/\/portalmf.com.br\/index.php\/wp-json\/wp\/v2\/categories?post=13223"},{"taxonomy":"post_tag","embeddable":true,"href":"https:\/\/portalmf.com.br\/index.php\/wp-json\/wp\/v2\/tags?post=13223"}],"curies":[{"name":"wp","href":"https:\/\/api.w.org\/{rel}","templated":true}]}}