{"id":12911,"date":"2023-06-09T15:45:34","date_gmt":"2023-06-09T18:45:34","guid":{"rendered":"https:\/\/portalmf.com.br\/?p=12911"},"modified":"2023-06-09T15:45:35","modified_gmt":"2023-06-09T18:45:35","slug":"primor-patrocina-sao-joao-de-campina-grande-e-acoes-em-caruaru","status":"publish","type":"post","link":"https:\/\/portalmf.com.br\/index.php\/2023\/06\/09\/primor-patrocina-sao-joao-de-campina-grande-e-acoes-em-caruaru\/","title":{"rendered":"Primor patrocina S\u00e3o Jo\u00e3o de Campina Grande e a\u00e7\u00f5es em Caruaru"},"content":{"rendered":"\n<p>Sin\u00f4nimo de tradi\u00e7\u00e3o, divers\u00e3o e muito sabor, a Primor, a margarina mais lembrada e consumida no Nordeste, patrocina mais uma vez o S\u00e3o Jo\u00e3o de Campina Grande, considerado um dos maiores do mundo. J\u00e1 em Caruaru (PE) a marca vai estar presente em diversos eventos durante o m\u00eas de junho. Al\u00e9m disso, estar\u00e1 presente tamb\u00e9m nas festas de Santo Ant\u00f4nio de Jesus (BA), Mossor\u00f3 (RN), Maracana\u00fa (CE) e S\u00e3o Lu\u00eds (MA).<\/p>\n\n\n\n<p>Al\u00e9m da presen\u00e7a nos dias oficiais das festividades, as ativa\u00e7\u00f5es para a \u00e9poca mais aguardada pelos nordestinos v\u00e3o desde a embalagem com design exclusivo composto de elementos que remetem \u00e0 cultura local, at\u00e9 o patroc\u00ednio cultural nos eventos do Circuito Comidas Gigantes de Caruaru e no Casamento Coletivo em Campina Grande.<\/p>\n\n\n\n<p>Para contar as hist\u00f3rias juninas primorosas e de um jeito especial, o poeta Br\u00e1ulio Bessa foi convidado para comandar a Webs\u00e9rie Primorosa nas redes sociais. Al\u00e9m disso, um time de influenciadores digitais completa a iniciativa com cria\u00e7\u00e3o de conte\u00fado contando como s\u00e3o as festas juninas nos nove estados.<\/p>\n\n\n\n<p>De acordo com Michele Srour, diretora de Marketing de Seara Margarinas da Primor, o projeto tem o objetivo de manter viva as tradi\u00e7\u00f5es regionais com o princ\u00edpio de valorizar as hist\u00f3rias, as receitas, mas principalmente, as pessoas.<\/p>\n\n\n\n<p>\u201cN\u00e3o existe S\u00e3o Jo\u00e3o sem Primor. A marca faz parte da hist\u00f3ria das fam\u00edlias nordestinas h\u00e1 mais de 50 anos e temos muito orgulho disso. A qualidade e dedica\u00e7\u00e3o com que desenvolvemos cada um dos nossos produtos combina com o carinho que a popula\u00e7\u00e3o prepara cada detalhe do S\u00e3o Jo\u00e3o nessas duas cidades\u201d, conta.&nbsp;<\/p>\n\n\n\n<p>Ainda segundo a diretora, o reconhecimento \u00e9 reflexo da forte rela\u00e7\u00e3o estabelecida com os consumidores. \u201cO S\u00e3o Jo\u00e3o \u00e9 a festa ideal para traduzir o conceito da nossa marca e interagir com nosso p\u00fablico, tanto pela variedade gastron\u00f4mica da festa, quanto pela dedica\u00e7\u00e3o e amor de quem prepara as receitas, assim como fazemos com os nossos produtos, que deixam tudo ainda mais saboroso&#8221;, complementa Michele.<\/p>\n\n\n\n<p><strong>Comidas Gigantes&nbsp;<\/strong><\/p>\n\n\n\n<p>Realizada h\u00e1 mais de 20 anos, o festival de Comidas Gigantes \u00e9 parte importante do S\u00e3o Jo\u00e3o de Caruaru. A Primor \u00e9 mais uma vez a margarina oficial na festa do Maior P\u00e9 de Moleque do Mundo da dona Maria (09\/06), do Cuscuz Gigante do seu Augusto (11\/06) e do Bolo de Rolo Gigante da Dona Alda (17\/06), pratos apresentados durante o circuito, trazendo ainda mais sabor e textura para os preparos. Ainda em Caruaru e para homenagear o evento, vai ser poss\u00edvel conferir um caminh\u00e3o com uma margarina gigante passeando pelas ruas da cidade.<\/p>\n\n\n\n<p><strong>Casamento Coletivo&nbsp;<\/strong><\/p>\n\n\n\n<p>J\u00e1 em Campina Grande, a marca mais uma vez chega junto da realiza\u00e7\u00e3o do emocionante Casamento Coletivo da cidade que acontece no dia 12 de junho, dia dos namorados. Este ano ser\u00e1 a 33\u00aa edi\u00e7\u00e3o do evento por onde j\u00e1 passaram cerca de 2,5 mil casais que disseram o grande \u201csim\u201d na tradicional Pir\u00e2mide do Parque do Povo.<\/p>\n\n\n\n<p>Este ano cem casais v\u00e3o ser beneficiados com a uni\u00e3o civil. Os custos envolvendo papeladas no cart\u00f3rio, decora\u00e7\u00e3o da cerim\u00f4nia, produ\u00e7\u00e3o do evento e at\u00e9 vestidos das noivas e a roupa dos noivos s\u00e3o disponibilizados de gra\u00e7a.<\/p>\n\n\n\n<p><strong>Sobre Primor<\/strong><\/p>\n\n\n\n<p>Presente h\u00e1 mais de 60 anos na mesa da fam\u00edlia brasileira, Primor se consolidou l\u00edder de vendas no Nordeste. Adquirida em 2020 pela JBS, Primor passou a integrar a Seara Margarinas, que investe para manter a marca entre os principais players do pa\u00eds, sempre voltada aos pilares de inova\u00e7\u00e3o e qualidade em produtos. Em 2022, a marca foi eleita pela 12\u00aa vez Top Of Mind Nordeste pela Folha de S.Paulo, o que consolidou Primor n\u00e3o s\u00f3 como a margarina l\u00edder em vendas na regi\u00e3o, mas tamb\u00e9m como a marca mais lembrada pelos nordestinos.<\/p>\n","protected":false},"excerpt":{"rendered":"<p>Sin\u00f4nimo de tradi\u00e7\u00e3o, divers\u00e3o e muito sabor, a Primor, a margarina mais lembrada e consumida no Nordeste, patrocina mais uma vez o S\u00e3o Jo\u00e3o de Campina Grande, considerado um dos maiores do mundo. J\u00e1 em Caruaru (PE) a marca vai estar presente em diversos eventos durante o m\u00eas de junho. Al\u00e9m disso, estar\u00e1 presente tamb\u00e9m [&hellip;]<\/p>\n","protected":false},"author":3,"featured_media":12912,"comment_status":"open","ping_status":"open","sticky":false,"template":"","format":"standard","meta":{"_monsterinsights_skip_tracking":false,"_monsterinsights_sitenote_active":false,"_monsterinsights_sitenote_note":"","_monsterinsights_sitenote_category":0,"footnotes":""},"categories":[295],"tags":[],"yoast_head":"<!-- This site is optimized with the Yoast SEO plugin v22.9 - https:\/\/yoast.com\/wordpress\/plugins\/seo\/ -->\n<title>Primor patrocina S\u00e3o Jo\u00e3o de Campina Grande e a\u00e7\u00f5es em Caruaru - Portal MF<\/title>\n<meta name=\"robots\" content=\"index, follow, max-snippet:-1, max-image-preview:large, max-video-preview:-1\" \/>\n<link rel=\"canonical\" href=\"https:\/\/portalmf.com.br\/index.php\/2023\/06\/09\/primor-patrocina-sao-joao-de-campina-grande-e-acoes-em-caruaru\/\" \/>\n<meta property=\"og:locale\" content=\"pt_BR\" \/>\n<meta property=\"og:type\" content=\"article\" \/>\n<meta property=\"og:title\" content=\"Primor patrocina S\u00e3o Jo\u00e3o de Campina Grande e a\u00e7\u00f5es em Caruaru - Portal MF\" \/>\n<meta property=\"og:description\" content=\"Sin\u00f4nimo de tradi\u00e7\u00e3o, divers\u00e3o e muito sabor, a Primor, a margarina mais lembrada e consumida no Nordeste, patrocina mais uma vez o S\u00e3o Jo\u00e3o de Campina Grande, considerado um dos maiores do mundo. J\u00e1 em Caruaru (PE) a marca vai estar presente em diversos eventos durante o m\u00eas de junho. Al\u00e9m disso, estar\u00e1 presente tamb\u00e9m [&hellip;]\" \/>\n<meta property=\"og:url\" content=\"https:\/\/portalmf.com.br\/index.php\/2023\/06\/09\/primor-patrocina-sao-joao-de-campina-grande-e-acoes-em-caruaru\/\" \/>\n<meta property=\"og:site_name\" content=\"Portal MF\" \/>\n<meta property=\"article:author\" content=\"https:\/\/www.facebook.com\/portalmfoficial\" \/>\n<meta property=\"article:published_time\" content=\"2023-06-09T18:45:34+00:00\" \/>\n<meta property=\"article:modified_time\" content=\"2023-06-09T18:45:35+00:00\" \/>\n<meta property=\"og:image\" content=\"https:\/\/portalmf.com.br\/wp-content\/uploads\/2023\/06\/primor.jpeg\" \/>\n\t<meta property=\"og:image:width\" content=\"1600\" \/>\n\t<meta property=\"og:image:height\" content=\"898\" \/>\n\t<meta property=\"og:image:type\" content=\"image\/jpeg\" \/>\n<meta name=\"author\" content=\"Reda\u00e7\u00e3o Portal MF\" \/>\n<meta name=\"twitter:card\" content=\"summary_large_image\" \/>\n<meta name=\"twitter:creator\" content=\"@https:\/\/x.com\/portalmfoficial\" \/>\n<meta name=\"twitter:label1\" content=\"Escrito por\" \/>\n\t<meta name=\"twitter:data1\" content=\"Reda\u00e7\u00e3o Portal MF\" \/>\n\t<meta name=\"twitter:label2\" content=\"Est. tempo de leitura\" \/>\n\t<meta name=\"twitter:data2\" content=\"4 minutos\" \/>\n<script type=\"application\/ld+json\" class=\"yoast-schema-graph\">{\"@context\":\"https:\/\/schema.org\",\"@graph\":[{\"@type\":\"WebPage\",\"@id\":\"https:\/\/portalmf.com.br\/index.php\/2023\/06\/09\/primor-patrocina-sao-joao-de-campina-grande-e-acoes-em-caruaru\/\",\"url\":\"https:\/\/portalmf.com.br\/index.php\/2023\/06\/09\/primor-patrocina-sao-joao-de-campina-grande-e-acoes-em-caruaru\/\",\"name\":\"Primor patrocina S\u00e3o Jo\u00e3o de Campina Grande e a\u00e7\u00f5es em Caruaru - Portal MF\",\"isPartOf\":{\"@id\":\"https:\/\/portalmf.com.br\/#website\"},\"primaryImageOfPage\":{\"@id\":\"https:\/\/portalmf.com.br\/index.php\/2023\/06\/09\/primor-patrocina-sao-joao-de-campina-grande-e-acoes-em-caruaru\/#primaryimage\"},\"image\":{\"@id\":\"https:\/\/portalmf.com.br\/index.php\/2023\/06\/09\/primor-patrocina-sao-joao-de-campina-grande-e-acoes-em-caruaru\/#primaryimage\"},\"thumbnailUrl\":\"https:\/\/portalmf.com.br\/wp-content\/uploads\/2023\/06\/primor.jpeg\",\"datePublished\":\"2023-06-09T18:45:34+00:00\",\"dateModified\":\"2023-06-09T18:45:35+00:00\",\"author\":{\"@id\":\"https:\/\/portalmf.com.br\/#\/schema\/person\/9ec101baf56233e53520c26de5d6f6f0\"},\"breadcrumb\":{\"@id\":\"https:\/\/portalmf.com.br\/index.php\/2023\/06\/09\/primor-patrocina-sao-joao-de-campina-grande-e-acoes-em-caruaru\/#breadcrumb\"},\"inLanguage\":\"pt-BR\",\"potentialAction\":[{\"@type\":\"ReadAction\",\"target\":[\"https:\/\/portalmf.com.br\/index.php\/2023\/06\/09\/primor-patrocina-sao-joao-de-campina-grande-e-acoes-em-caruaru\/\"]}]},{\"@type\":\"ImageObject\",\"inLanguage\":\"pt-BR\",\"@id\":\"https:\/\/portalmf.com.br\/index.php\/2023\/06\/09\/primor-patrocina-sao-joao-de-campina-grande-e-acoes-em-caruaru\/#primaryimage\",\"url\":\"https:\/\/portalmf.com.br\/wp-content\/uploads\/2023\/06\/primor.jpeg\",\"contentUrl\":\"https:\/\/portalmf.com.br\/wp-content\/uploads\/2023\/06\/primor.jpeg\",\"width\":1600,\"height\":898},{\"@type\":\"BreadcrumbList\",\"@id\":\"https:\/\/portalmf.com.br\/index.php\/2023\/06\/09\/primor-patrocina-sao-joao-de-campina-grande-e-acoes-em-caruaru\/#breadcrumb\",\"itemListElement\":[{\"@type\":\"ListItem\",\"position\":1,\"name\":\"In\u00edcio\",\"item\":\"https:\/\/portalmf.com.br\/\"},{\"@type\":\"ListItem\",\"position\":2,\"name\":\"Primor patrocina S\u00e3o Jo\u00e3o de Campina Grande e a\u00e7\u00f5es em Caruaru\"}]},{\"@type\":\"WebSite\",\"@id\":\"https:\/\/portalmf.com.br\/#website\",\"url\":\"https:\/\/portalmf.com.br\/\",\"name\":\"Portal MF\",\"description\":\"Voc\u00ea conectado com a informa\u00e7\u00e3o\",\"potentialAction\":[{\"@type\":\"SearchAction\",\"target\":{\"@type\":\"EntryPoint\",\"urlTemplate\":\"https:\/\/portalmf.com.br\/?s={search_term_string}\"},\"query-input\":\"required name=search_term_string\"}],\"inLanguage\":\"pt-BR\"},{\"@type\":\"Person\",\"@id\":\"https:\/\/portalmf.com.br\/#\/schema\/person\/9ec101baf56233e53520c26de5d6f6f0\",\"name\":\"Reda\u00e7\u00e3o Portal MF\",\"image\":{\"@type\":\"ImageObject\",\"inLanguage\":\"pt-BR\",\"@id\":\"https:\/\/portalmf.com.br\/#\/schema\/person\/image\/\",\"url\":\"https:\/\/secure.gravatar.com\/avatar\/41b9aaeb2100835f7c64362330f74c7f?s=96&d=mm&r=g\",\"contentUrl\":\"https:\/\/secure.gravatar.com\/avatar\/41b9aaeb2100835f7c64362330f74c7f?s=96&d=mm&r=g\",\"caption\":\"Reda\u00e7\u00e3o Portal MF\"},\"description\":\"Sejam bem-vindos o portal de informa\u00e7\u00f5es de entretenimento de Feira de Santana, desde 2006 realiza coberturas dos principais eventos com entrevistas exclusivas com as principais personalidades mundiais. Fique conectado tamb\u00e9m nas redes sociais.\",\"sameAs\":[\"http:\/\/www.portalmf.com.br\/\",\"https:\/\/www.facebook.com\/portalmfoficial\",\"https:\/\/www.instagram.com\/portalmf\/\",\"https:\/\/x.com\/https:\/\/x.com\/portalmfoficial\",\"https:\/\/www.youtube.com\/@portalmfoficial\"],\"url\":\"https:\/\/portalmf.com.br\/index.php\/author\/junior\/\"}]}<\/script>\n<!-- \/ Yoast SEO plugin. -->","yoast_head_json":{"title":"Primor patrocina S\u00e3o Jo\u00e3o de Campina Grande e a\u00e7\u00f5es em Caruaru - Portal MF","robots":{"index":"index","follow":"follow","max-snippet":"max-snippet:-1","max-image-preview":"max-image-preview:large","max-video-preview":"max-video-preview:-1"},"canonical":"https:\/\/portalmf.com.br\/index.php\/2023\/06\/09\/primor-patrocina-sao-joao-de-campina-grande-e-acoes-em-caruaru\/","og_locale":"pt_BR","og_type":"article","og_title":"Primor patrocina S\u00e3o Jo\u00e3o de Campina Grande e a\u00e7\u00f5es em Caruaru - Portal MF","og_description":"Sin\u00f4nimo de tradi\u00e7\u00e3o, divers\u00e3o e muito sabor, a Primor, a margarina mais lembrada e consumida no Nordeste, patrocina mais uma vez o S\u00e3o Jo\u00e3o de Campina Grande, considerado um dos maiores do mundo. J\u00e1 em Caruaru (PE) a marca vai estar presente em diversos eventos durante o m\u00eas de junho. Al\u00e9m disso, estar\u00e1 presente tamb\u00e9m [&hellip;]","og_url":"https:\/\/portalmf.com.br\/index.php\/2023\/06\/09\/primor-patrocina-sao-joao-de-campina-grande-e-acoes-em-caruaru\/","og_site_name":"Portal MF","article_author":"https:\/\/www.facebook.com\/portalmfoficial","article_published_time":"2023-06-09T18:45:34+00:00","article_modified_time":"2023-06-09T18:45:35+00:00","og_image":[{"width":1600,"height":898,"url":"https:\/\/portalmf.com.br\/wp-content\/uploads\/2023\/06\/primor.jpeg","type":"image\/jpeg"}],"author":"Reda\u00e7\u00e3o Portal MF","twitter_card":"summary_large_image","twitter_creator":"@https:\/\/x.com\/portalmfoficial","twitter_misc":{"Escrito por":"Reda\u00e7\u00e3o Portal MF","Est. tempo de leitura":"4 minutos"},"schema":{"@context":"https:\/\/schema.org","@graph":[{"@type":"WebPage","@id":"https:\/\/portalmf.com.br\/index.php\/2023\/06\/09\/primor-patrocina-sao-joao-de-campina-grande-e-acoes-em-caruaru\/","url":"https:\/\/portalmf.com.br\/index.php\/2023\/06\/09\/primor-patrocina-sao-joao-de-campina-grande-e-acoes-em-caruaru\/","name":"Primor patrocina S\u00e3o Jo\u00e3o de Campina Grande e a\u00e7\u00f5es em Caruaru - Portal MF","isPartOf":{"@id":"https:\/\/portalmf.com.br\/#website"},"primaryImageOfPage":{"@id":"https:\/\/portalmf.com.br\/index.php\/2023\/06\/09\/primor-patrocina-sao-joao-de-campina-grande-e-acoes-em-caruaru\/#primaryimage"},"image":{"@id":"https:\/\/portalmf.com.br\/index.php\/2023\/06\/09\/primor-patrocina-sao-joao-de-campina-grande-e-acoes-em-caruaru\/#primaryimage"},"thumbnailUrl":"https:\/\/portalmf.com.br\/wp-content\/uploads\/2023\/06\/primor.jpeg","datePublished":"2023-06-09T18:45:34+00:00","dateModified":"2023-06-09T18:45:35+00:00","author":{"@id":"https:\/\/portalmf.com.br\/#\/schema\/person\/9ec101baf56233e53520c26de5d6f6f0"},"breadcrumb":{"@id":"https:\/\/portalmf.com.br\/index.php\/2023\/06\/09\/primor-patrocina-sao-joao-de-campina-grande-e-acoes-em-caruaru\/#breadcrumb"},"inLanguage":"pt-BR","potentialAction":[{"@type":"ReadAction","target":["https:\/\/portalmf.com.br\/index.php\/2023\/06\/09\/primor-patrocina-sao-joao-de-campina-grande-e-acoes-em-caruaru\/"]}]},{"@type":"ImageObject","inLanguage":"pt-BR","@id":"https:\/\/portalmf.com.br\/index.php\/2023\/06\/09\/primor-patrocina-sao-joao-de-campina-grande-e-acoes-em-caruaru\/#primaryimage","url":"https:\/\/portalmf.com.br\/wp-content\/uploads\/2023\/06\/primor.jpeg","contentUrl":"https:\/\/portalmf.com.br\/wp-content\/uploads\/2023\/06\/primor.jpeg","width":1600,"height":898},{"@type":"BreadcrumbList","@id":"https:\/\/portalmf.com.br\/index.php\/2023\/06\/09\/primor-patrocina-sao-joao-de-campina-grande-e-acoes-em-caruaru\/#breadcrumb","itemListElement":[{"@type":"ListItem","position":1,"name":"In\u00edcio","item":"https:\/\/portalmf.com.br\/"},{"@type":"ListItem","position":2,"name":"Primor patrocina S\u00e3o Jo\u00e3o de Campina Grande e a\u00e7\u00f5es em Caruaru"}]},{"@type":"WebSite","@id":"https:\/\/portalmf.com.br\/#website","url":"https:\/\/portalmf.com.br\/","name":"Portal MF","description":"Voc\u00ea conectado com a informa\u00e7\u00e3o","potentialAction":[{"@type":"SearchAction","target":{"@type":"EntryPoint","urlTemplate":"https:\/\/portalmf.com.br\/?s={search_term_string}"},"query-input":"required name=search_term_string"}],"inLanguage":"pt-BR"},{"@type":"Person","@id":"https:\/\/portalmf.com.br\/#\/schema\/person\/9ec101baf56233e53520c26de5d6f6f0","name":"Reda\u00e7\u00e3o Portal MF","image":{"@type":"ImageObject","inLanguage":"pt-BR","@id":"https:\/\/portalmf.com.br\/#\/schema\/person\/image\/","url":"https:\/\/secure.gravatar.com\/avatar\/41b9aaeb2100835f7c64362330f74c7f?s=96&d=mm&r=g","contentUrl":"https:\/\/secure.gravatar.com\/avatar\/41b9aaeb2100835f7c64362330f74c7f?s=96&d=mm&r=g","caption":"Reda\u00e7\u00e3o Portal MF"},"description":"Sejam bem-vindos o portal de informa\u00e7\u00f5es de entretenimento de Feira de Santana, desde 2006 realiza coberturas dos principais eventos com entrevistas exclusivas com as principais personalidades mundiais. Fique conectado tamb\u00e9m nas redes sociais.","sameAs":["http:\/\/www.portalmf.com.br\/","https:\/\/www.facebook.com\/portalmfoficial","https:\/\/www.instagram.com\/portalmf\/","https:\/\/x.com\/https:\/\/x.com\/portalmfoficial","https:\/\/www.youtube.com\/@portalmfoficial"],"url":"https:\/\/portalmf.com.br\/index.php\/author\/junior\/"}]}},"_links":{"self":[{"href":"https:\/\/portalmf.com.br\/index.php\/wp-json\/wp\/v2\/posts\/12911"}],"collection":[{"href":"https:\/\/portalmf.com.br\/index.php\/wp-json\/wp\/v2\/posts"}],"about":[{"href":"https:\/\/portalmf.com.br\/index.php\/wp-json\/wp\/v2\/types\/post"}],"author":[{"embeddable":true,"href":"https:\/\/portalmf.com.br\/index.php\/wp-json\/wp\/v2\/users\/3"}],"replies":[{"embeddable":true,"href":"https:\/\/portalmf.com.br\/index.php\/wp-json\/wp\/v2\/comments?post=12911"}],"version-history":[{"count":1,"href":"https:\/\/portalmf.com.br\/index.php\/wp-json\/wp\/v2\/posts\/12911\/revisions"}],"predecessor-version":[{"id":12913,"href":"https:\/\/portalmf.com.br\/index.php\/wp-json\/wp\/v2\/posts\/12911\/revisions\/12913"}],"wp:featuredmedia":[{"embeddable":true,"href":"https:\/\/portalmf.com.br\/index.php\/wp-json\/wp\/v2\/media\/12912"}],"wp:attachment":[{"href":"https:\/\/portalmf.com.br\/index.php\/wp-json\/wp\/v2\/media?parent=12911"}],"wp:term":[{"taxonomy":"category","embeddable":true,"href":"https:\/\/portalmf.com.br\/index.php\/wp-json\/wp\/v2\/categories?post=12911"},{"taxonomy":"post_tag","embeddable":true,"href":"https:\/\/portalmf.com.br\/index.php\/wp-json\/wp\/v2\/tags?post=12911"}],"curies":[{"name":"wp","href":"https:\/\/api.w.org\/{rel}","templated":true}]}}