{"id":12877,"date":"2023-06-09T14:50:25","date_gmt":"2023-06-09T17:50:25","guid":{"rendered":"https:\/\/portalmf.com.br\/?p=12877"},"modified":"2023-06-09T14:50:27","modified_gmt":"2023-06-09T17:50:27","slug":"projeto-boulevard-sustentavel-e-referencia-em-sustentabilidade-e-desenvolvimento-social-em-feira-de-santana","status":"publish","type":"post","link":"https:\/\/portalmf.com.br\/index.php\/2023\/06\/09\/projeto-boulevard-sustentavel-e-referencia-em-sustentabilidade-e-desenvolvimento-social-em-feira-de-santana\/","title":{"rendered":"Projeto Boulevard Sustent\u00e1vel \u00e9 refer\u00eancia em sustentabilidade e desenvolvimento social em Feira de Santana"},"content":{"rendered":"\n<p>Pensar iniciativas sustent\u00e1veis tem se tornado um ponto importante para qualquer neg\u00f3cio. Atrav\u00e9s do projeto Boulevard Sustent\u00e1vel, o Shopping Boulevard Feira de Santana passou a adotar uma s\u00e9rie de iniciativas que buscam contribuir para a preserva\u00e7\u00e3o do meio ambiente e o desenvolvimento sustent\u00e1vel, desde a\u00e7\u00f5es pr\u00e1ticas de reciclagem e reaproveitamento da \u00e1gua at\u00e9 apoio a iniciativas amigas do meio ambiente.&nbsp;&nbsp;<\/p>\n\n\n\n<p>No ano passado, o centro de compras atingiu&nbsp;uma importante&nbsp;marca: o status de Aterro Zero. Isso quer dizer que 100% dos res\u00edduos gerados pelo shopping s\u00e3o encaminhados para destina\u00e7\u00f5es adequadas, seja por meio de reuso ou atrav\u00e9s do coprocessamento, sem qualquer envio para aterros sanit\u00e1rios. No Brasil, o manejo dos res\u00edduos s\u00f3lidos \u00e9 regulamentado pela Pol\u00edtica Nacional de Res\u00edduos S\u00f3lidos (PNRS), sancionada em 2010, e que busca possibilitar o enfrentamento dos principais problemas ambientais, sociais e econ\u00f4micas que surgem como consequ\u00eancia do descarte inadequado dos res\u00edduos s\u00f3lidos.&nbsp;<\/p>\n\n\n\n<p>Para o Boulevard Shopping, promover a\u00e7\u00f5es sustent\u00e1veis \u00e9 a melhor forma comemorar o Dia Mundial do Meio Ambiente, que acontece hoje, 05 de junho. Em termos de n\u00fameros absolutos, s\u00e3o cerca de 4 toneladas de res\u00edduos org\u00e2nicos recolhidos para compostagem e em m\u00e9dia mais de 42 toneladas por m\u00eas de res\u00edduos reciclados. Os materiais org\u00e2nicos s\u00e3o encaminhados para a compostagem na Universidade Estadual de Feira de Santana (Uefs) e os demais res\u00edduos do shopping s\u00e3o incinerados por meio de coprocessamento, com as cinzas resultantes sendo utilizadas como mat\u00e9ria-prima na fabrica\u00e7\u00e3o de cer\u00e2mica.&nbsp;&nbsp;&nbsp;<\/p>\n\n\n\n<p><em>\u201cO Boulevard entendeu que mais do que um modelo de neg\u00f3cio, a\u00e7\u00f5es sustent\u00e1veis s\u00e3o formas concretas de cuidar do meio ambiente. Acreditamos que a sustentabilidade \u00e9 uma responsabilidade compartilhada e por isso fazemos a nossa parte e proporcionamos meios para que os nossos clientes tamb\u00e9m participem ativamente das a\u00e7\u00f5es\u201d,<\/em> conta Jo\u00e3o Almeida, Gerente de Marketing do Boulevard.\u00a0\u00a0\u00a0<\/p>\n\n\n\n<p>Por isso, o centro de compras vem criando e apoiando a\u00e7\u00f5es sustent\u00e1veis, com metas pioneiras em Feira de Santana, como a central de triagem de res\u00edduos recicl\u00e1veis e o ecoponto de entrega de recicl\u00e1veis, localizado em um dos estacionamentos do shopping. Al\u00e9m disso, outras a\u00e7\u00f5es merecem o destaque, como: recebimento de \u00f3leo de cozinha usado em troca de um detergente como brinde; reuso da \u00e1gua da chuva e do sistema de ar-condicionado nos banheiros; ilumina\u00e7\u00e3o com l\u00e2mpadas do tipo LED; coleta de tampinhas para doa\u00e7\u00e3o; campanha de doa\u00e7\u00e3o de pets e vagas exclusivas para carros el\u00e9tricos.&nbsp;<\/p>\n\n\n\n<p>Uma das mais recentes a\u00e7\u00f5es do Boulevard \u00e9 o projeto Repense Reuse, em parceria com a Humana Brasil, focado na doa\u00e7\u00e3o e descarte adequado de roupas. Esse \u00e9 um excelente exemplo de como a\u00e7\u00f5es do projeto Boulevard Sustent\u00e1vel podem impactar no enfrentamento de problemas ambientais, sociais e econ\u00f4micos. A iniciativa envolve tr\u00eas importantes pilares: o ambiental, promovendo a economia circular ao dar uma segunda vida ao t\u00eaxtil; o econ\u00f4mico, gerando empregos e recursos com a revenda das roupas; e o de desenvolvimento social, promovendo projetos comunit\u00e1rios que trabalham com desenvolvimento sustent\u00e1vel em diversos seguimentos.&nbsp;<\/p>\n\n\n\n<p>E novas a\u00e7\u00f5es j\u00e1 est\u00e3o sendo pensadas. <em>\u201cVamos continuar trazendo ideias, atrav\u00e9s do Boulevard Sustent\u00e1vel, que nos levem nesse caminho em dire\u00e7\u00e3o a um futuro sustent\u00e1vel e que nos permita participar da constru\u00e7\u00e3o de um mundo melhor\u201d, <\/em>garante o Gerente de Marketing do shopping.\u00a0\u00a0<\/p>\n","protected":false},"excerpt":{"rendered":"<p>Pensar iniciativas sustent\u00e1veis tem se tornado um ponto importante para qualquer neg\u00f3cio. Atrav\u00e9s do projeto Boulevard Sustent\u00e1vel, o Shopping Boulevard Feira de Santana passou a adotar uma s\u00e9rie de iniciativas que buscam contribuir para a preserva\u00e7\u00e3o do meio ambiente e o desenvolvimento sustent\u00e1vel, desde a\u00e7\u00f5es pr\u00e1ticas de reciclagem e reaproveitamento da \u00e1gua at\u00e9 apoio a [&hellip;]<\/p>\n","protected":false},"author":3,"featured_media":12878,"comment_status":"open","ping_status":"open","sticky":false,"template":"","format":"standard","meta":{"_monsterinsights_skip_tracking":false,"_monsterinsights_sitenote_active":false,"_monsterinsights_sitenote_note":"","_monsterinsights_sitenote_category":0,"footnotes":""},"categories":[295],"tags":[],"yoast_head":"<!-- This site is optimized with the Yoast SEO plugin v22.9 - https:\/\/yoast.com\/wordpress\/plugins\/seo\/ -->\n<title>Projeto Boulevard Sustent\u00e1vel \u00e9 refer\u00eancia em sustentabilidade e desenvolvimento social em Feira de Santana - Portal MF<\/title>\n<meta name=\"robots\" content=\"index, follow, max-snippet:-1, max-image-preview:large, max-video-preview:-1\" \/>\n<link rel=\"canonical\" href=\"https:\/\/portalmf.com.br\/index.php\/2023\/06\/09\/projeto-boulevard-sustentavel-e-referencia-em-sustentabilidade-e-desenvolvimento-social-em-feira-de-santana\/\" \/>\n<meta property=\"og:locale\" content=\"pt_BR\" \/>\n<meta property=\"og:type\" content=\"article\" \/>\n<meta property=\"og:title\" content=\"Projeto Boulevard Sustent\u00e1vel \u00e9 refer\u00eancia em sustentabilidade e desenvolvimento social em Feira de Santana - Portal MF\" \/>\n<meta property=\"og:description\" content=\"Pensar iniciativas sustent\u00e1veis tem se tornado um ponto importante para qualquer neg\u00f3cio. Atrav\u00e9s do projeto Boulevard Sustent\u00e1vel, o Shopping Boulevard Feira de Santana passou a adotar uma s\u00e9rie de iniciativas que buscam contribuir para a preserva\u00e7\u00e3o do meio ambiente e o desenvolvimento sustent\u00e1vel, desde a\u00e7\u00f5es pr\u00e1ticas de reciclagem e reaproveitamento da \u00e1gua at\u00e9 apoio a [&hellip;]\" \/>\n<meta property=\"og:url\" content=\"https:\/\/portalmf.com.br\/index.php\/2023\/06\/09\/projeto-boulevard-sustentavel-e-referencia-em-sustentabilidade-e-desenvolvimento-social-em-feira-de-santana\/\" \/>\n<meta property=\"og:site_name\" content=\"Portal MF\" \/>\n<meta property=\"article:author\" content=\"https:\/\/www.facebook.com\/portalmfoficial\" \/>\n<meta property=\"article:published_time\" content=\"2023-06-09T17:50:25+00:00\" \/>\n<meta property=\"article:modified_time\" content=\"2023-06-09T17:50:27+00:00\" \/>\n<meta property=\"og:image\" content=\"https:\/\/portalmf.com.br\/wp-content\/uploads\/2023\/06\/Projeto-Boulevard-Sustentavel-e-referencia-em-sustentabilidade-e-desenvolvimento-social-em-Feira-de-Santana.jpeg\" \/>\n\t<meta property=\"og:image:width\" content=\"1600\" \/>\n\t<meta property=\"og:image:height\" content=\"1066\" \/>\n\t<meta property=\"og:image:type\" content=\"image\/jpeg\" \/>\n<meta name=\"author\" content=\"Reda\u00e7\u00e3o Portal MF\" \/>\n<meta name=\"twitter:card\" content=\"summary_large_image\" \/>\n<meta name=\"twitter:creator\" content=\"@https:\/\/x.com\/portalmfoficial\" \/>\n<meta name=\"twitter:label1\" content=\"Escrito por\" \/>\n\t<meta name=\"twitter:data1\" content=\"Reda\u00e7\u00e3o Portal MF\" \/>\n\t<meta name=\"twitter:label2\" content=\"Est. tempo de leitura\" \/>\n\t<meta name=\"twitter:data2\" content=\"3 minutos\" \/>\n<script type=\"application\/ld+json\" class=\"yoast-schema-graph\">{\"@context\":\"https:\/\/schema.org\",\"@graph\":[{\"@type\":\"WebPage\",\"@id\":\"https:\/\/portalmf.com.br\/index.php\/2023\/06\/09\/projeto-boulevard-sustentavel-e-referencia-em-sustentabilidade-e-desenvolvimento-social-em-feira-de-santana\/\",\"url\":\"https:\/\/portalmf.com.br\/index.php\/2023\/06\/09\/projeto-boulevard-sustentavel-e-referencia-em-sustentabilidade-e-desenvolvimento-social-em-feira-de-santana\/\",\"name\":\"Projeto Boulevard Sustent\u00e1vel \u00e9 refer\u00eancia em sustentabilidade e desenvolvimento social em Feira de Santana - Portal MF\",\"isPartOf\":{\"@id\":\"https:\/\/portalmf.com.br\/#website\"},\"primaryImageOfPage\":{\"@id\":\"https:\/\/portalmf.com.br\/index.php\/2023\/06\/09\/projeto-boulevard-sustentavel-e-referencia-em-sustentabilidade-e-desenvolvimento-social-em-feira-de-santana\/#primaryimage\"},\"image\":{\"@id\":\"https:\/\/portalmf.com.br\/index.php\/2023\/06\/09\/projeto-boulevard-sustentavel-e-referencia-em-sustentabilidade-e-desenvolvimento-social-em-feira-de-santana\/#primaryimage\"},\"thumbnailUrl\":\"https:\/\/portalmf.com.br\/wp-content\/uploads\/2023\/06\/Projeto-Boulevard-Sustentavel-e-referencia-em-sustentabilidade-e-desenvolvimento-social-em-Feira-de-Santana.jpeg\",\"datePublished\":\"2023-06-09T17:50:25+00:00\",\"dateModified\":\"2023-06-09T17:50:27+00:00\",\"author\":{\"@id\":\"https:\/\/portalmf.com.br\/#\/schema\/person\/9ec101baf56233e53520c26de5d6f6f0\"},\"breadcrumb\":{\"@id\":\"https:\/\/portalmf.com.br\/index.php\/2023\/06\/09\/projeto-boulevard-sustentavel-e-referencia-em-sustentabilidade-e-desenvolvimento-social-em-feira-de-santana\/#breadcrumb\"},\"inLanguage\":\"pt-BR\",\"potentialAction\":[{\"@type\":\"ReadAction\",\"target\":[\"https:\/\/portalmf.com.br\/index.php\/2023\/06\/09\/projeto-boulevard-sustentavel-e-referencia-em-sustentabilidade-e-desenvolvimento-social-em-feira-de-santana\/\"]}]},{\"@type\":\"ImageObject\",\"inLanguage\":\"pt-BR\",\"@id\":\"https:\/\/portalmf.com.br\/index.php\/2023\/06\/09\/projeto-boulevard-sustentavel-e-referencia-em-sustentabilidade-e-desenvolvimento-social-em-feira-de-santana\/#primaryimage\",\"url\":\"https:\/\/portalmf.com.br\/wp-content\/uploads\/2023\/06\/Projeto-Boulevard-Sustentavel-e-referencia-em-sustentabilidade-e-desenvolvimento-social-em-Feira-de-Santana.jpeg\",\"contentUrl\":\"https:\/\/portalmf.com.br\/wp-content\/uploads\/2023\/06\/Projeto-Boulevard-Sustentavel-e-referencia-em-sustentabilidade-e-desenvolvimento-social-em-Feira-de-Santana.jpeg\",\"width\":1600,\"height\":1066},{\"@type\":\"BreadcrumbList\",\"@id\":\"https:\/\/portalmf.com.br\/index.php\/2023\/06\/09\/projeto-boulevard-sustentavel-e-referencia-em-sustentabilidade-e-desenvolvimento-social-em-feira-de-santana\/#breadcrumb\",\"itemListElement\":[{\"@type\":\"ListItem\",\"position\":1,\"name\":\"In\u00edcio\",\"item\":\"https:\/\/portalmf.com.br\/\"},{\"@type\":\"ListItem\",\"position\":2,\"name\":\"Projeto Boulevard Sustent\u00e1vel \u00e9 refer\u00eancia em sustentabilidade e desenvolvimento social em Feira de Santana\"}]},{\"@type\":\"WebSite\",\"@id\":\"https:\/\/portalmf.com.br\/#website\",\"url\":\"https:\/\/portalmf.com.br\/\",\"name\":\"Portal MF\",\"description\":\"Voc\u00ea conectado com a informa\u00e7\u00e3o\",\"potentialAction\":[{\"@type\":\"SearchAction\",\"target\":{\"@type\":\"EntryPoint\",\"urlTemplate\":\"https:\/\/portalmf.com.br\/?s={search_term_string}\"},\"query-input\":\"required name=search_term_string\"}],\"inLanguage\":\"pt-BR\"},{\"@type\":\"Person\",\"@id\":\"https:\/\/portalmf.com.br\/#\/schema\/person\/9ec101baf56233e53520c26de5d6f6f0\",\"name\":\"Reda\u00e7\u00e3o Portal MF\",\"image\":{\"@type\":\"ImageObject\",\"inLanguage\":\"pt-BR\",\"@id\":\"https:\/\/portalmf.com.br\/#\/schema\/person\/image\/\",\"url\":\"https:\/\/secure.gravatar.com\/avatar\/41b9aaeb2100835f7c64362330f74c7f?s=96&d=mm&r=g\",\"contentUrl\":\"https:\/\/secure.gravatar.com\/avatar\/41b9aaeb2100835f7c64362330f74c7f?s=96&d=mm&r=g\",\"caption\":\"Reda\u00e7\u00e3o Portal MF\"},\"description\":\"Sejam bem-vindos o portal de informa\u00e7\u00f5es de entretenimento de Feira de Santana, desde 2006 realiza coberturas dos principais eventos com entrevistas exclusivas com as principais personalidades mundiais. Fique conectado tamb\u00e9m nas redes sociais.\",\"sameAs\":[\"http:\/\/www.portalmf.com.br\/\",\"https:\/\/www.facebook.com\/portalmfoficial\",\"https:\/\/www.instagram.com\/portalmf\/\",\"https:\/\/x.com\/https:\/\/x.com\/portalmfoficial\",\"https:\/\/www.youtube.com\/@portalmfoficial\"],\"url\":\"https:\/\/portalmf.com.br\/index.php\/author\/junior\/\"}]}<\/script>\n<!-- \/ Yoast SEO plugin. -->","yoast_head_json":{"title":"Projeto Boulevard Sustent\u00e1vel \u00e9 refer\u00eancia em sustentabilidade e desenvolvimento social em Feira de Santana - Portal MF","robots":{"index":"index","follow":"follow","max-snippet":"max-snippet:-1","max-image-preview":"max-image-preview:large","max-video-preview":"max-video-preview:-1"},"canonical":"https:\/\/portalmf.com.br\/index.php\/2023\/06\/09\/projeto-boulevard-sustentavel-e-referencia-em-sustentabilidade-e-desenvolvimento-social-em-feira-de-santana\/","og_locale":"pt_BR","og_type":"article","og_title":"Projeto Boulevard Sustent\u00e1vel \u00e9 refer\u00eancia em sustentabilidade e desenvolvimento social em Feira de Santana - Portal MF","og_description":"Pensar iniciativas sustent\u00e1veis tem se tornado um ponto importante para qualquer neg\u00f3cio. Atrav\u00e9s do projeto Boulevard Sustent\u00e1vel, o Shopping Boulevard Feira de Santana passou a adotar uma s\u00e9rie de iniciativas que buscam contribuir para a preserva\u00e7\u00e3o do meio ambiente e o desenvolvimento sustent\u00e1vel, desde a\u00e7\u00f5es pr\u00e1ticas de reciclagem e reaproveitamento da \u00e1gua at\u00e9 apoio a [&hellip;]","og_url":"https:\/\/portalmf.com.br\/index.php\/2023\/06\/09\/projeto-boulevard-sustentavel-e-referencia-em-sustentabilidade-e-desenvolvimento-social-em-feira-de-santana\/","og_site_name":"Portal MF","article_author":"https:\/\/www.facebook.com\/portalmfoficial","article_published_time":"2023-06-09T17:50:25+00:00","article_modified_time":"2023-06-09T17:50:27+00:00","og_image":[{"width":1600,"height":1066,"url":"https:\/\/portalmf.com.br\/wp-content\/uploads\/2023\/06\/Projeto-Boulevard-Sustentavel-e-referencia-em-sustentabilidade-e-desenvolvimento-social-em-Feira-de-Santana.jpeg","type":"image\/jpeg"}],"author":"Reda\u00e7\u00e3o Portal MF","twitter_card":"summary_large_image","twitter_creator":"@https:\/\/x.com\/portalmfoficial","twitter_misc":{"Escrito por":"Reda\u00e7\u00e3o Portal MF","Est. tempo de leitura":"3 minutos"},"schema":{"@context":"https:\/\/schema.org","@graph":[{"@type":"WebPage","@id":"https:\/\/portalmf.com.br\/index.php\/2023\/06\/09\/projeto-boulevard-sustentavel-e-referencia-em-sustentabilidade-e-desenvolvimento-social-em-feira-de-santana\/","url":"https:\/\/portalmf.com.br\/index.php\/2023\/06\/09\/projeto-boulevard-sustentavel-e-referencia-em-sustentabilidade-e-desenvolvimento-social-em-feira-de-santana\/","name":"Projeto Boulevard Sustent\u00e1vel \u00e9 refer\u00eancia em sustentabilidade e desenvolvimento social em Feira de Santana - Portal MF","isPartOf":{"@id":"https:\/\/portalmf.com.br\/#website"},"primaryImageOfPage":{"@id":"https:\/\/portalmf.com.br\/index.php\/2023\/06\/09\/projeto-boulevard-sustentavel-e-referencia-em-sustentabilidade-e-desenvolvimento-social-em-feira-de-santana\/#primaryimage"},"image":{"@id":"https:\/\/portalmf.com.br\/index.php\/2023\/06\/09\/projeto-boulevard-sustentavel-e-referencia-em-sustentabilidade-e-desenvolvimento-social-em-feira-de-santana\/#primaryimage"},"thumbnailUrl":"https:\/\/portalmf.com.br\/wp-content\/uploads\/2023\/06\/Projeto-Boulevard-Sustentavel-e-referencia-em-sustentabilidade-e-desenvolvimento-social-em-Feira-de-Santana.jpeg","datePublished":"2023-06-09T17:50:25+00:00","dateModified":"2023-06-09T17:50:27+00:00","author":{"@id":"https:\/\/portalmf.com.br\/#\/schema\/person\/9ec101baf56233e53520c26de5d6f6f0"},"breadcrumb":{"@id":"https:\/\/portalmf.com.br\/index.php\/2023\/06\/09\/projeto-boulevard-sustentavel-e-referencia-em-sustentabilidade-e-desenvolvimento-social-em-feira-de-santana\/#breadcrumb"},"inLanguage":"pt-BR","potentialAction":[{"@type":"ReadAction","target":["https:\/\/portalmf.com.br\/index.php\/2023\/06\/09\/projeto-boulevard-sustentavel-e-referencia-em-sustentabilidade-e-desenvolvimento-social-em-feira-de-santana\/"]}]},{"@type":"ImageObject","inLanguage":"pt-BR","@id":"https:\/\/portalmf.com.br\/index.php\/2023\/06\/09\/projeto-boulevard-sustentavel-e-referencia-em-sustentabilidade-e-desenvolvimento-social-em-feira-de-santana\/#primaryimage","url":"https:\/\/portalmf.com.br\/wp-content\/uploads\/2023\/06\/Projeto-Boulevard-Sustentavel-e-referencia-em-sustentabilidade-e-desenvolvimento-social-em-Feira-de-Santana.jpeg","contentUrl":"https:\/\/portalmf.com.br\/wp-content\/uploads\/2023\/06\/Projeto-Boulevard-Sustentavel-e-referencia-em-sustentabilidade-e-desenvolvimento-social-em-Feira-de-Santana.jpeg","width":1600,"height":1066},{"@type":"BreadcrumbList","@id":"https:\/\/portalmf.com.br\/index.php\/2023\/06\/09\/projeto-boulevard-sustentavel-e-referencia-em-sustentabilidade-e-desenvolvimento-social-em-feira-de-santana\/#breadcrumb","itemListElement":[{"@type":"ListItem","position":1,"name":"In\u00edcio","item":"https:\/\/portalmf.com.br\/"},{"@type":"ListItem","position":2,"name":"Projeto Boulevard Sustent\u00e1vel \u00e9 refer\u00eancia em sustentabilidade e desenvolvimento social em Feira de Santana"}]},{"@type":"WebSite","@id":"https:\/\/portalmf.com.br\/#website","url":"https:\/\/portalmf.com.br\/","name":"Portal MF","description":"Voc\u00ea conectado com a informa\u00e7\u00e3o","potentialAction":[{"@type":"SearchAction","target":{"@type":"EntryPoint","urlTemplate":"https:\/\/portalmf.com.br\/?s={search_term_string}"},"query-input":"required name=search_term_string"}],"inLanguage":"pt-BR"},{"@type":"Person","@id":"https:\/\/portalmf.com.br\/#\/schema\/person\/9ec101baf56233e53520c26de5d6f6f0","name":"Reda\u00e7\u00e3o Portal MF","image":{"@type":"ImageObject","inLanguage":"pt-BR","@id":"https:\/\/portalmf.com.br\/#\/schema\/person\/image\/","url":"https:\/\/secure.gravatar.com\/avatar\/41b9aaeb2100835f7c64362330f74c7f?s=96&d=mm&r=g","contentUrl":"https:\/\/secure.gravatar.com\/avatar\/41b9aaeb2100835f7c64362330f74c7f?s=96&d=mm&r=g","caption":"Reda\u00e7\u00e3o Portal MF"},"description":"Sejam bem-vindos o portal de informa\u00e7\u00f5es de entretenimento de Feira de Santana, desde 2006 realiza coberturas dos principais eventos com entrevistas exclusivas com as principais personalidades mundiais. Fique conectado tamb\u00e9m nas redes sociais.","sameAs":["http:\/\/www.portalmf.com.br\/","https:\/\/www.facebook.com\/portalmfoficial","https:\/\/www.instagram.com\/portalmf\/","https:\/\/x.com\/https:\/\/x.com\/portalmfoficial","https:\/\/www.youtube.com\/@portalmfoficial"],"url":"https:\/\/portalmf.com.br\/index.php\/author\/junior\/"}]}},"_links":{"self":[{"href":"https:\/\/portalmf.com.br\/index.php\/wp-json\/wp\/v2\/posts\/12877"}],"collection":[{"href":"https:\/\/portalmf.com.br\/index.php\/wp-json\/wp\/v2\/posts"}],"about":[{"href":"https:\/\/portalmf.com.br\/index.php\/wp-json\/wp\/v2\/types\/post"}],"author":[{"embeddable":true,"href":"https:\/\/portalmf.com.br\/index.php\/wp-json\/wp\/v2\/users\/3"}],"replies":[{"embeddable":true,"href":"https:\/\/portalmf.com.br\/index.php\/wp-json\/wp\/v2\/comments?post=12877"}],"version-history":[{"count":1,"href":"https:\/\/portalmf.com.br\/index.php\/wp-json\/wp\/v2\/posts\/12877\/revisions"}],"predecessor-version":[{"id":12879,"href":"https:\/\/portalmf.com.br\/index.php\/wp-json\/wp\/v2\/posts\/12877\/revisions\/12879"}],"wp:featuredmedia":[{"embeddable":true,"href":"https:\/\/portalmf.com.br\/index.php\/wp-json\/wp\/v2\/media\/12878"}],"wp:attachment":[{"href":"https:\/\/portalmf.com.br\/index.php\/wp-json\/wp\/v2\/media?parent=12877"}],"wp:term":[{"taxonomy":"category","embeddable":true,"href":"https:\/\/portalmf.com.br\/index.php\/wp-json\/wp\/v2\/categories?post=12877"},{"taxonomy":"post_tag","embeddable":true,"href":"https:\/\/portalmf.com.br\/index.php\/wp-json\/wp\/v2\/tags?post=12877"}],"curies":[{"name":"wp","href":"https:\/\/api.w.org\/{rel}","templated":true}]}}