{"id":12797,"date":"2023-06-02T16:21:28","date_gmt":"2023-06-02T19:21:28","guid":{"rendered":"https:\/\/portalmf.com.br\/?p=12797"},"modified":"2023-06-06T16:28:11","modified_gmt":"2023-06-06T19:28:11","slug":"love-is-in-the-air-seen-feira-de-santana-tem-programacao-especial-para-o-dia-dos-namorados","status":"publish","type":"post","link":"https:\/\/portalmf.com.br\/index.php\/2023\/06\/02\/love-is-in-the-air-seen-feira-de-santana-tem-programacao-especial-para-o-dia-dos-namorados\/","title":{"rendered":"\u201cLove is in the air:\u201d Seen Feira de Santana tem programa\u00e7\u00e3o especial para o Dia dos Namorados"},"content":{"rendered":"\n<p>Uma s\u00e9rie de experi\u00eancias para comemorar o Dia dos Namorados em grande estilo. Essa \u00e9 a proposta do Seen Restaurant &amp; Bar &#8211; Feira de Santana, que preparou uma programa\u00e7\u00e3o especial para a data. Al\u00e9m do menu exclusivo assinado pelo chefpreneur Olivier da Costa, tamb\u00e9m com op\u00e7\u00e3o vegana, o p\u00fablico poder\u00e1 aproveitar o ambiente cool e descontra\u00eddo, diante de uma vista bel\u00edssima da noite feirense, no ponto mais alto da cidade.<\/p>\n\n\n\n<p>\u201cLove is in the air&#8230;\u201d A experi\u00eancia proporcionada pelo Seen ser\u00e1 como na can\u00e7\u00e3o de George Young e Harry Vanda que diz que \u201cO amor est\u00e1 no ar! Em todo lugar que eu olho ao redor\u201d. No ambiente, no som e tamb\u00e9m no menu exclusivo para Dia dos Namorados, que leva o nome da m\u00fasica.<\/p>\n\n\n\n<p>Como op\u00e7\u00f5es para a experi\u00eancia gastron\u00f4mica em 5 tempos, o Seen oferece: amousse \u2013 brusqueta de avocado com camar\u00e3o ou croquete de cordeiro; seguido da entrada \u2013 carpaccio marinado de kobe, mix de folhas e raspas de lim\u00e3o siciliano ou carpaccio de polvo; prato principal peixe \u2013 robalo com creme de mandioca e molho de cogumelo&nbsp; ou moqueca de camar\u00e3o, arroz branco, mix de piment\u00f5es, tomate, leite de coco e coentro; prato principal carne &#8211; ancho grelhado com aligot de batatas e farofa de cebola ou fil\u00e9 do chef; e sobremesa \u2013 bomba merengue ou petit gateau de doce de leite com sorvete de nata com goibada.<\/p>\n\n\n\n<p>J\u00e1 o menu vegano \u00e9 composto por: amousse \u2013 bruscheta de avocado com tomate assado e gergelim; entrada \u2013 carpaccio de palmito, manga, avocado e mix de folha com azeite de siciliano; prato principal 1 \u2013 moqueca de palmito, mix de piment\u00f5es, tomate, coentro e farofa ou couve-flor empanada, aligot, farofa de cebola e vegetais grelhados; prato principal 2 \u2013 mac n\u2019cheese ao molho de castanha de caju e cogumelos; e sobremesa \u2013 frutas laminadas<\/p>\n\n\n\n<p>Para aproveitar a programa\u00e7\u00e3o do Dia dos Namorados no Seen, \u00e9 necess\u00e1rio fazer reserva antecipada pelo WhatsApp: + 55 75 99967-7011.<\/p>\n\n\n\n<p><strong>Mais sobre o Seen<\/strong><\/p>\n\n\n\n<p>Como parte do NH Hotels, o Seen Restaurant &amp; Bar fica no 31\u00ba andar do edif\u00edcio Charmant, o que garante uma vista panor\u00e2mica da cidade. Tem menu assinado pelo chefpreneur Olivier da Costa, franco-portugu\u00eas com 20 anos de carreira na Europa; o ambiente cool se completa com a arquitetura assinada por Sidney Quintela e um bar com drinks cl\u00e1ssicos e autorais, al\u00e9m de DJs variados.&nbsp;&nbsp;<\/p>\n\n\n\n<p>Sob o lema \u2018SIN and be SEEN\u2019, o restaurante apresenta um conceito cosmopolita e internacional criado por Olivier, cuidadosamente constru\u00eddo para se conectar a cada cidade em que est\u00e1 localizado. Al\u00e9m de S\u00e3o Paulo, primeira unidade da marca, criada em 2017, pode ser encontrado atualmente tamb\u00e9m em Lisboa, Roma, Nice e Bangkok, al\u00e9m de novos locais que ser\u00e3o lan\u00e7ados em breve, incluindo Tenerife e Dubai.<\/p>\n\n\n\n<p>Informa\u00e7\u00f5es e reservas Seen<\/p>\n\n\n\n<p>Funcionamento:<br>Dia 12 de junho | Jantar: das 19h30 \u00e0s 24h00<br>Tel.: + 55 75 3011 5800 \/ Whatsapp: + 55 75 99967 7011<br>Endere\u00e7o: Av. Gov. Jo\u00e3o Durval Carneiro, 3803 \/ 31 andar | Edif\u00edcio Charmant | Feira de Santana<\/p>\n","protected":false},"excerpt":{"rendered":"<p>Uma s\u00e9rie de experi\u00eancias para comemorar o Dia dos Namorados em grande estilo. Essa \u00e9 a proposta do Seen Restaurant &amp; Bar &#8211; Feira de Santana, que preparou uma programa\u00e7\u00e3o especial para a data. Al\u00e9m do menu exclusivo assinado pelo chefpreneur Olivier da Costa, tamb\u00e9m com op\u00e7\u00e3o vegana, o p\u00fablico poder\u00e1 aproveitar o ambiente cool [&hellip;]<\/p>\n","protected":false},"author":3,"featured_media":12798,"comment_status":"open","ping_status":"open","sticky":false,"template":"","format":"standard","meta":{"_monsterinsights_skip_tracking":false,"_monsterinsights_sitenote_active":false,"_monsterinsights_sitenote_note":"","_monsterinsights_sitenote_category":0,"footnotes":""},"categories":[295],"tags":[],"yoast_head":"<!-- This site is optimized with the Yoast SEO plugin v22.9 - https:\/\/yoast.com\/wordpress\/plugins\/seo\/ -->\n<title>\u201cLove is in the air:\u201d Seen Feira de Santana tem programa\u00e7\u00e3o especial para o Dia dos Namorados - Portal MF<\/title>\n<meta name=\"robots\" content=\"index, follow, max-snippet:-1, max-image-preview:large, max-video-preview:-1\" \/>\n<link rel=\"canonical\" href=\"https:\/\/portalmf.com.br\/index.php\/2023\/06\/02\/love-is-in-the-air-seen-feira-de-santana-tem-programacao-especial-para-o-dia-dos-namorados\/\" \/>\n<meta property=\"og:locale\" content=\"pt_BR\" \/>\n<meta property=\"og:type\" content=\"article\" \/>\n<meta property=\"og:title\" content=\"\u201cLove is in the air:\u201d Seen Feira de Santana tem programa\u00e7\u00e3o especial para o Dia dos Namorados - Portal MF\" \/>\n<meta property=\"og:description\" content=\"Uma s\u00e9rie de experi\u00eancias para comemorar o Dia dos Namorados em grande estilo. Essa \u00e9 a proposta do Seen Restaurant &amp; Bar &#8211; Feira de Santana, que preparou uma programa\u00e7\u00e3o especial para a data. Al\u00e9m do menu exclusivo assinado pelo chefpreneur Olivier da Costa, tamb\u00e9m com op\u00e7\u00e3o vegana, o p\u00fablico poder\u00e1 aproveitar o ambiente cool [&hellip;]\" \/>\n<meta property=\"og:url\" content=\"https:\/\/portalmf.com.br\/index.php\/2023\/06\/02\/love-is-in-the-air-seen-feira-de-santana-tem-programacao-especial-para-o-dia-dos-namorados\/\" \/>\n<meta property=\"og:site_name\" content=\"Portal MF\" \/>\n<meta property=\"article:author\" content=\"https:\/\/www.facebook.com\/portalmfoficial\" \/>\n<meta property=\"article:published_time\" content=\"2023-06-02T19:21:28+00:00\" \/>\n<meta property=\"article:modified_time\" content=\"2023-06-06T19:28:11+00:00\" \/>\n<meta property=\"og:image\" content=\"https:\/\/portalmf.com.br\/wp-content\/uploads\/2023\/06\/Foto-Diogo-Brasileiro-3.jpeg\" \/>\n\t<meta property=\"og:image:width\" content=\"1600\" \/>\n\t<meta property=\"og:image:height\" content=\"1066\" \/>\n\t<meta property=\"og:image:type\" content=\"image\/jpeg\" \/>\n<meta name=\"author\" content=\"Reda\u00e7\u00e3o Portal MF\" \/>\n<meta name=\"twitter:card\" content=\"summary_large_image\" \/>\n<meta name=\"twitter:creator\" content=\"@https:\/\/x.com\/portalmfoficial\" \/>\n<meta name=\"twitter:label1\" content=\"Escrito por\" \/>\n\t<meta name=\"twitter:data1\" content=\"Reda\u00e7\u00e3o Portal MF\" \/>\n\t<meta name=\"twitter:label2\" content=\"Est. tempo de leitura\" \/>\n\t<meta name=\"twitter:data2\" content=\"3 minutos\" \/>\n<script type=\"application\/ld+json\" class=\"yoast-schema-graph\">{\"@context\":\"https:\/\/schema.org\",\"@graph\":[{\"@type\":\"WebPage\",\"@id\":\"https:\/\/portalmf.com.br\/index.php\/2023\/06\/02\/love-is-in-the-air-seen-feira-de-santana-tem-programacao-especial-para-o-dia-dos-namorados\/\",\"url\":\"https:\/\/portalmf.com.br\/index.php\/2023\/06\/02\/love-is-in-the-air-seen-feira-de-santana-tem-programacao-especial-para-o-dia-dos-namorados\/\",\"name\":\"\u201cLove is in the air:\u201d Seen Feira de Santana tem programa\u00e7\u00e3o especial para o Dia dos Namorados - Portal MF\",\"isPartOf\":{\"@id\":\"https:\/\/portalmf.com.br\/#website\"},\"primaryImageOfPage\":{\"@id\":\"https:\/\/portalmf.com.br\/index.php\/2023\/06\/02\/love-is-in-the-air-seen-feira-de-santana-tem-programacao-especial-para-o-dia-dos-namorados\/#primaryimage\"},\"image\":{\"@id\":\"https:\/\/portalmf.com.br\/index.php\/2023\/06\/02\/love-is-in-the-air-seen-feira-de-santana-tem-programacao-especial-para-o-dia-dos-namorados\/#primaryimage\"},\"thumbnailUrl\":\"https:\/\/portalmf.com.br\/wp-content\/uploads\/2023\/06\/Foto-Diogo-Brasileiro-3.jpeg\",\"datePublished\":\"2023-06-02T19:21:28+00:00\",\"dateModified\":\"2023-06-06T19:28:11+00:00\",\"author\":{\"@id\":\"https:\/\/portalmf.com.br\/#\/schema\/person\/9ec101baf56233e53520c26de5d6f6f0\"},\"breadcrumb\":{\"@id\":\"https:\/\/portalmf.com.br\/index.php\/2023\/06\/02\/love-is-in-the-air-seen-feira-de-santana-tem-programacao-especial-para-o-dia-dos-namorados\/#breadcrumb\"},\"inLanguage\":\"pt-BR\",\"potentialAction\":[{\"@type\":\"ReadAction\",\"target\":[\"https:\/\/portalmf.com.br\/index.php\/2023\/06\/02\/love-is-in-the-air-seen-feira-de-santana-tem-programacao-especial-para-o-dia-dos-namorados\/\"]}]},{\"@type\":\"ImageObject\",\"inLanguage\":\"pt-BR\",\"@id\":\"https:\/\/portalmf.com.br\/index.php\/2023\/06\/02\/love-is-in-the-air-seen-feira-de-santana-tem-programacao-especial-para-o-dia-dos-namorados\/#primaryimage\",\"url\":\"https:\/\/portalmf.com.br\/wp-content\/uploads\/2023\/06\/Foto-Diogo-Brasileiro-3.jpeg\",\"contentUrl\":\"https:\/\/portalmf.com.br\/wp-content\/uploads\/2023\/06\/Foto-Diogo-Brasileiro-3.jpeg\",\"width\":1600,\"height\":1066},{\"@type\":\"BreadcrumbList\",\"@id\":\"https:\/\/portalmf.com.br\/index.php\/2023\/06\/02\/love-is-in-the-air-seen-feira-de-santana-tem-programacao-especial-para-o-dia-dos-namorados\/#breadcrumb\",\"itemListElement\":[{\"@type\":\"ListItem\",\"position\":1,\"name\":\"In\u00edcio\",\"item\":\"https:\/\/portalmf.com.br\/\"},{\"@type\":\"ListItem\",\"position\":2,\"name\":\"\u201cLove is in the air:\u201d Seen Feira de Santana tem programa\u00e7\u00e3o especial para o Dia dos Namorados\"}]},{\"@type\":\"WebSite\",\"@id\":\"https:\/\/portalmf.com.br\/#website\",\"url\":\"https:\/\/portalmf.com.br\/\",\"name\":\"Portal MF\",\"description\":\"Voc\u00ea conectado com a informa\u00e7\u00e3o\",\"potentialAction\":[{\"@type\":\"SearchAction\",\"target\":{\"@type\":\"EntryPoint\",\"urlTemplate\":\"https:\/\/portalmf.com.br\/?s={search_term_string}\"},\"query-input\":\"required name=search_term_string\"}],\"inLanguage\":\"pt-BR\"},{\"@type\":\"Person\",\"@id\":\"https:\/\/portalmf.com.br\/#\/schema\/person\/9ec101baf56233e53520c26de5d6f6f0\",\"name\":\"Reda\u00e7\u00e3o Portal MF\",\"image\":{\"@type\":\"ImageObject\",\"inLanguage\":\"pt-BR\",\"@id\":\"https:\/\/portalmf.com.br\/#\/schema\/person\/image\/\",\"url\":\"https:\/\/secure.gravatar.com\/avatar\/41b9aaeb2100835f7c64362330f74c7f?s=96&d=mm&r=g\",\"contentUrl\":\"https:\/\/secure.gravatar.com\/avatar\/41b9aaeb2100835f7c64362330f74c7f?s=96&d=mm&r=g\",\"caption\":\"Reda\u00e7\u00e3o Portal MF\"},\"description\":\"Sejam bem-vindos o portal de informa\u00e7\u00f5es de entretenimento de Feira de Santana, desde 2006 realiza coberturas dos principais eventos com entrevistas exclusivas com as principais personalidades mundiais. Fique conectado tamb\u00e9m nas redes sociais.\",\"sameAs\":[\"http:\/\/www.portalmf.com.br\/\",\"https:\/\/www.facebook.com\/portalmfoficial\",\"https:\/\/www.instagram.com\/portalmf\/\",\"https:\/\/x.com\/https:\/\/x.com\/portalmfoficial\",\"https:\/\/www.youtube.com\/@portalmfoficial\"],\"url\":\"https:\/\/portalmf.com.br\/index.php\/author\/junior\/\"}]}<\/script>\n<!-- \/ Yoast SEO plugin. -->","yoast_head_json":{"title":"\u201cLove is in the air:\u201d Seen Feira de Santana tem programa\u00e7\u00e3o especial para o Dia dos Namorados - Portal MF","robots":{"index":"index","follow":"follow","max-snippet":"max-snippet:-1","max-image-preview":"max-image-preview:large","max-video-preview":"max-video-preview:-1"},"canonical":"https:\/\/portalmf.com.br\/index.php\/2023\/06\/02\/love-is-in-the-air-seen-feira-de-santana-tem-programacao-especial-para-o-dia-dos-namorados\/","og_locale":"pt_BR","og_type":"article","og_title":"\u201cLove is in the air:\u201d Seen Feira de Santana tem programa\u00e7\u00e3o especial para o Dia dos Namorados - Portal MF","og_description":"Uma s\u00e9rie de experi\u00eancias para comemorar o Dia dos Namorados em grande estilo. Essa \u00e9 a proposta do Seen Restaurant &amp; Bar &#8211; Feira de Santana, que preparou uma programa\u00e7\u00e3o especial para a data. Al\u00e9m do menu exclusivo assinado pelo chefpreneur Olivier da Costa, tamb\u00e9m com op\u00e7\u00e3o vegana, o p\u00fablico poder\u00e1 aproveitar o ambiente cool [&hellip;]","og_url":"https:\/\/portalmf.com.br\/index.php\/2023\/06\/02\/love-is-in-the-air-seen-feira-de-santana-tem-programacao-especial-para-o-dia-dos-namorados\/","og_site_name":"Portal MF","article_author":"https:\/\/www.facebook.com\/portalmfoficial","article_published_time":"2023-06-02T19:21:28+00:00","article_modified_time":"2023-06-06T19:28:11+00:00","og_image":[{"width":1600,"height":1066,"url":"https:\/\/portalmf.com.br\/wp-content\/uploads\/2023\/06\/Foto-Diogo-Brasileiro-3.jpeg","type":"image\/jpeg"}],"author":"Reda\u00e7\u00e3o Portal MF","twitter_card":"summary_large_image","twitter_creator":"@https:\/\/x.com\/portalmfoficial","twitter_misc":{"Escrito por":"Reda\u00e7\u00e3o Portal MF","Est. tempo de leitura":"3 minutos"},"schema":{"@context":"https:\/\/schema.org","@graph":[{"@type":"WebPage","@id":"https:\/\/portalmf.com.br\/index.php\/2023\/06\/02\/love-is-in-the-air-seen-feira-de-santana-tem-programacao-especial-para-o-dia-dos-namorados\/","url":"https:\/\/portalmf.com.br\/index.php\/2023\/06\/02\/love-is-in-the-air-seen-feira-de-santana-tem-programacao-especial-para-o-dia-dos-namorados\/","name":"\u201cLove is in the air:\u201d Seen Feira de Santana tem programa\u00e7\u00e3o especial para o Dia dos Namorados - Portal MF","isPartOf":{"@id":"https:\/\/portalmf.com.br\/#website"},"primaryImageOfPage":{"@id":"https:\/\/portalmf.com.br\/index.php\/2023\/06\/02\/love-is-in-the-air-seen-feira-de-santana-tem-programacao-especial-para-o-dia-dos-namorados\/#primaryimage"},"image":{"@id":"https:\/\/portalmf.com.br\/index.php\/2023\/06\/02\/love-is-in-the-air-seen-feira-de-santana-tem-programacao-especial-para-o-dia-dos-namorados\/#primaryimage"},"thumbnailUrl":"https:\/\/portalmf.com.br\/wp-content\/uploads\/2023\/06\/Foto-Diogo-Brasileiro-3.jpeg","datePublished":"2023-06-02T19:21:28+00:00","dateModified":"2023-06-06T19:28:11+00:00","author":{"@id":"https:\/\/portalmf.com.br\/#\/schema\/person\/9ec101baf56233e53520c26de5d6f6f0"},"breadcrumb":{"@id":"https:\/\/portalmf.com.br\/index.php\/2023\/06\/02\/love-is-in-the-air-seen-feira-de-santana-tem-programacao-especial-para-o-dia-dos-namorados\/#breadcrumb"},"inLanguage":"pt-BR","potentialAction":[{"@type":"ReadAction","target":["https:\/\/portalmf.com.br\/index.php\/2023\/06\/02\/love-is-in-the-air-seen-feira-de-santana-tem-programacao-especial-para-o-dia-dos-namorados\/"]}]},{"@type":"ImageObject","inLanguage":"pt-BR","@id":"https:\/\/portalmf.com.br\/index.php\/2023\/06\/02\/love-is-in-the-air-seen-feira-de-santana-tem-programacao-especial-para-o-dia-dos-namorados\/#primaryimage","url":"https:\/\/portalmf.com.br\/wp-content\/uploads\/2023\/06\/Foto-Diogo-Brasileiro-3.jpeg","contentUrl":"https:\/\/portalmf.com.br\/wp-content\/uploads\/2023\/06\/Foto-Diogo-Brasileiro-3.jpeg","width":1600,"height":1066},{"@type":"BreadcrumbList","@id":"https:\/\/portalmf.com.br\/index.php\/2023\/06\/02\/love-is-in-the-air-seen-feira-de-santana-tem-programacao-especial-para-o-dia-dos-namorados\/#breadcrumb","itemListElement":[{"@type":"ListItem","position":1,"name":"In\u00edcio","item":"https:\/\/portalmf.com.br\/"},{"@type":"ListItem","position":2,"name":"\u201cLove is in the air:\u201d Seen Feira de Santana tem programa\u00e7\u00e3o especial para o Dia dos Namorados"}]},{"@type":"WebSite","@id":"https:\/\/portalmf.com.br\/#website","url":"https:\/\/portalmf.com.br\/","name":"Portal MF","description":"Voc\u00ea conectado com a informa\u00e7\u00e3o","potentialAction":[{"@type":"SearchAction","target":{"@type":"EntryPoint","urlTemplate":"https:\/\/portalmf.com.br\/?s={search_term_string}"},"query-input":"required name=search_term_string"}],"inLanguage":"pt-BR"},{"@type":"Person","@id":"https:\/\/portalmf.com.br\/#\/schema\/person\/9ec101baf56233e53520c26de5d6f6f0","name":"Reda\u00e7\u00e3o Portal MF","image":{"@type":"ImageObject","inLanguage":"pt-BR","@id":"https:\/\/portalmf.com.br\/#\/schema\/person\/image\/","url":"https:\/\/secure.gravatar.com\/avatar\/41b9aaeb2100835f7c64362330f74c7f?s=96&d=mm&r=g","contentUrl":"https:\/\/secure.gravatar.com\/avatar\/41b9aaeb2100835f7c64362330f74c7f?s=96&d=mm&r=g","caption":"Reda\u00e7\u00e3o Portal MF"},"description":"Sejam bem-vindos o portal de informa\u00e7\u00f5es de entretenimento de Feira de Santana, desde 2006 realiza coberturas dos principais eventos com entrevistas exclusivas com as principais personalidades mundiais. Fique conectado tamb\u00e9m nas redes sociais.","sameAs":["http:\/\/www.portalmf.com.br\/","https:\/\/www.facebook.com\/portalmfoficial","https:\/\/www.instagram.com\/portalmf\/","https:\/\/x.com\/https:\/\/x.com\/portalmfoficial","https:\/\/www.youtube.com\/@portalmfoficial"],"url":"https:\/\/portalmf.com.br\/index.php\/author\/junior\/"}]}},"_links":{"self":[{"href":"https:\/\/portalmf.com.br\/index.php\/wp-json\/wp\/v2\/posts\/12797"}],"collection":[{"href":"https:\/\/portalmf.com.br\/index.php\/wp-json\/wp\/v2\/posts"}],"about":[{"href":"https:\/\/portalmf.com.br\/index.php\/wp-json\/wp\/v2\/types\/post"}],"author":[{"embeddable":true,"href":"https:\/\/portalmf.com.br\/index.php\/wp-json\/wp\/v2\/users\/3"}],"replies":[{"embeddable":true,"href":"https:\/\/portalmf.com.br\/index.php\/wp-json\/wp\/v2\/comments?post=12797"}],"version-history":[{"count":1,"href":"https:\/\/portalmf.com.br\/index.php\/wp-json\/wp\/v2\/posts\/12797\/revisions"}],"predecessor-version":[{"id":12799,"href":"https:\/\/portalmf.com.br\/index.php\/wp-json\/wp\/v2\/posts\/12797\/revisions\/12799"}],"wp:featuredmedia":[{"embeddable":true,"href":"https:\/\/portalmf.com.br\/index.php\/wp-json\/wp\/v2\/media\/12798"}],"wp:attachment":[{"href":"https:\/\/portalmf.com.br\/index.php\/wp-json\/wp\/v2\/media?parent=12797"}],"wp:term":[{"taxonomy":"category","embeddable":true,"href":"https:\/\/portalmf.com.br\/index.php\/wp-json\/wp\/v2\/categories?post=12797"},{"taxonomy":"post_tag","embeddable":true,"href":"https:\/\/portalmf.com.br\/index.php\/wp-json\/wp\/v2\/tags?post=12797"}],"curies":[{"name":"wp","href":"https:\/\/api.w.org\/{rel}","templated":true}]}}