{"id":12750,"date":"2023-06-05T17:02:21","date_gmt":"2023-06-05T20:02:21","guid":{"rendered":"https:\/\/portalmf.com.br\/?p=12750"},"modified":"2023-06-05T17:02:23","modified_gmt":"2023-06-05T20:02:23","slug":"rede-alpha-fitness-anuncia-nova-etapa-da-expansao-no-interior-baiano-com-unidade-em-feira-de-santana","status":"publish","type":"post","link":"https:\/\/portalmf.com.br\/index.php\/2023\/06\/05\/rede-alpha-fitness-anuncia-nova-etapa-da-expansao-no-interior-baiano-com-unidade-em-feira-de-santana\/","title":{"rendered":"Rede Alpha Fitness anuncia nova etapa da expans\u00e3o no interior baiano, com unidade em Feira de Santana"},"content":{"rendered":"\n<p>O ano de 2023,\u00a0com certeza,\u00a0j\u00e1\u00a0mostra que \u00e9 especial para\u00a0a Rede Alpha Fitness. Ap\u00f3s inaugurar a 2\u00aa sede em Vit\u00f3ria da Conquista e anunciar novas unidades em Bras\u00edlia e Aracaju, que ser\u00e3o inauguradas em breve, a Alpha Fitness\u00a0segue em expans\u00e3o e acaba de confirmar que chegar\u00e1 tamb\u00e9m na cidade de Feira de Santana.\u00a0A previs\u00e3o \u00e9 que o funcionamento comece em agosto\u00a0de 2023.<\/p>\n\n\n<div class=\"wp-block-image\">\n<figure class=\"alignleft size-large is-resized\"><img fetchpriority=\"high\" decoding=\"async\" src=\"https:\/\/portalmf.com.br\/wp-content\/uploads\/2023\/06\/Alpha-Fitness-Div3-Leandro-Cardoso_02-733x1024.jpg\" alt=\"\" class=\"wp-image-12752\" width=\"212\" height=\"296\" srcset=\"https:\/\/portalmf.com.br\/wp-content\/uploads\/2023\/06\/Alpha-Fitness-Div3-Leandro-Cardoso_02-733x1024.jpg 733w, https:\/\/portalmf.com.br\/wp-content\/uploads\/2023\/06\/Alpha-Fitness-Div3-Leandro-Cardoso_02-215x300.jpg 215w, https:\/\/portalmf.com.br\/wp-content\/uploads\/2023\/06\/Alpha-Fitness-Div3-Leandro-Cardoso_02-768x1073.jpg 768w, https:\/\/portalmf.com.br\/wp-content\/uploads\/2023\/06\/Alpha-Fitness-Div3-Leandro-Cardoso_02-1100x1536.jpg 1100w, https:\/\/portalmf.com.br\/wp-content\/uploads\/2023\/06\/Alpha-Fitness-Div3-Leandro-Cardoso_02-585x817.jpg 585w, https:\/\/portalmf.com.br\/wp-content\/uploads\/2023\/06\/Alpha-Fitness-Div3-Leandro-Cardoso_02.jpg 1127w\" sizes=\"(max-width: 212px) 100vw, 212px\" \/><\/figure><\/div>\n\n\n<p><em> &#8220;Estamos chegando a\u00a0Feira de Santana, a 2\u00aa maior cidade da Bahia, um polo\u00a0que s\u00f3 faz crescer economicamente.\u00a0Levaremos\u00a0o padr\u00e3o Alpha que vem dando certo ao longo desses mais de 10 anos de tanto trabalho e dedica\u00e7\u00e3o. Por l\u00e1, n\u00f3s esperamos impactar positivamente o p\u00fablico e contribuir para a promo\u00e7\u00e3o da sa\u00fade e do bem-estar&#8221;<\/em>, comenta Leandro Cardoso, CEO da rede. <\/p>\n\n\n\n<p>A nova unidade, localizada na Rua S\u00e3o Domingos, no bairro Santa M\u00f4nica, ter\u00e1 740\u00a0m2,\u00a0com equipamentos de muscula\u00e7\u00e3o de \u00faltima gera\u00e7\u00e3o, \u00e1rea de treinamento funcional, sala de gin\u00e1stica para diversas aulas e\u00a0espa\u00e7o 100% climatizado.<\/p>\n\n\n\n<p>A Rede Alpha Fitness&nbsp;se consolidou no mercado como sin\u00f4nimo de bons servi\u00e7os e uma valiosa marca e&nbsp;j\u00e1 atende a Bahia (capital e interior com&nbsp;duas unidades&nbsp;em Vit\u00f3ria da Conquista; e outras tr\u00eas em Lauro de Freitas),&nbsp;Sergipe, e em breve, Bras\u00edlia (a primeira fora do Nordeste).<\/p>\n","protected":false},"excerpt":{"rendered":"<p>O ano de 2023,\u00a0com certeza,\u00a0j\u00e1\u00a0mostra que \u00e9 especial para\u00a0a Rede Alpha Fitness. Ap\u00f3s inaugurar a 2\u00aa sede em Vit\u00f3ria da Conquista e anunciar novas unidades em Bras\u00edlia e Aracaju, que ser\u00e3o inauguradas em breve, a Alpha Fitness\u00a0segue em expans\u00e3o e acaba de confirmar que chegar\u00e1 tamb\u00e9m na cidade de Feira de Santana.\u00a0A previs\u00e3o \u00e9 que [&hellip;]<\/p>\n","protected":false},"author":3,"featured_media":12751,"comment_status":"open","ping_status":"open","sticky":false,"template":"","format":"standard","meta":{"_monsterinsights_skip_tracking":false,"_monsterinsights_sitenote_active":false,"_monsterinsights_sitenote_note":"","_monsterinsights_sitenote_category":0,"footnotes":""},"categories":[295],"tags":[],"yoast_head":"<!-- This site is optimized with the Yoast SEO plugin v22.9 - https:\/\/yoast.com\/wordpress\/plugins\/seo\/ -->\n<title>Rede Alpha Fitness anuncia nova etapa da expans\u00e3o no interior baiano, com unidade em Feira de Santana - Portal MF<\/title>\n<meta name=\"robots\" content=\"index, follow, max-snippet:-1, max-image-preview:large, max-video-preview:-1\" \/>\n<link rel=\"canonical\" href=\"https:\/\/portalmf.com.br\/index.php\/2023\/06\/05\/rede-alpha-fitness-anuncia-nova-etapa-da-expansao-no-interior-baiano-com-unidade-em-feira-de-santana\/\" \/>\n<meta property=\"og:locale\" content=\"pt_BR\" \/>\n<meta property=\"og:type\" content=\"article\" \/>\n<meta property=\"og:title\" content=\"Rede Alpha Fitness anuncia nova etapa da expans\u00e3o no interior baiano, com unidade em Feira de Santana - Portal MF\" \/>\n<meta property=\"og:description\" content=\"O ano de 2023,\u00a0com certeza,\u00a0j\u00e1\u00a0mostra que \u00e9 especial para\u00a0a Rede Alpha Fitness. Ap\u00f3s inaugurar a 2\u00aa sede em Vit\u00f3ria da Conquista e anunciar novas unidades em Bras\u00edlia e Aracaju, que ser\u00e3o inauguradas em breve, a Alpha Fitness\u00a0segue em expans\u00e3o e acaba de confirmar que chegar\u00e1 tamb\u00e9m na cidade de Feira de Santana.\u00a0A previs\u00e3o \u00e9 que [&hellip;]\" \/>\n<meta property=\"og:url\" content=\"https:\/\/portalmf.com.br\/index.php\/2023\/06\/05\/rede-alpha-fitness-anuncia-nova-etapa-da-expansao-no-interior-baiano-com-unidade-em-feira-de-santana\/\" \/>\n<meta property=\"og:site_name\" content=\"Portal MF\" \/>\n<meta property=\"article:author\" content=\"https:\/\/www.facebook.com\/portalmfoficial\" \/>\n<meta property=\"article:published_time\" content=\"2023-06-05T20:02:21+00:00\" \/>\n<meta property=\"article:modified_time\" content=\"2023-06-05T20:02:23+00:00\" \/>\n<meta property=\"og:image\" content=\"https:\/\/portalmf.com.br\/wp-content\/uploads\/2023\/06\/Alpha-Fitness-Div3.jpg\" \/>\n\t<meta property=\"og:image:width\" content=\"1600\" \/>\n\t<meta property=\"og:image:height\" content=\"1200\" \/>\n\t<meta property=\"og:image:type\" content=\"image\/jpeg\" \/>\n<meta name=\"author\" content=\"Reda\u00e7\u00e3o Portal MF\" \/>\n<meta name=\"twitter:card\" content=\"summary_large_image\" \/>\n<meta name=\"twitter:creator\" content=\"@https:\/\/x.com\/portalmfoficial\" \/>\n<meta name=\"twitter:label1\" content=\"Escrito por\" \/>\n\t<meta name=\"twitter:data1\" content=\"Reda\u00e7\u00e3o Portal MF\" \/>\n\t<meta name=\"twitter:label2\" content=\"Est. tempo de leitura\" \/>\n\t<meta name=\"twitter:data2\" content=\"2 minutos\" \/>\n<script type=\"application\/ld+json\" class=\"yoast-schema-graph\">{\"@context\":\"https:\/\/schema.org\",\"@graph\":[{\"@type\":\"WebPage\",\"@id\":\"https:\/\/portalmf.com.br\/index.php\/2023\/06\/05\/rede-alpha-fitness-anuncia-nova-etapa-da-expansao-no-interior-baiano-com-unidade-em-feira-de-santana\/\",\"url\":\"https:\/\/portalmf.com.br\/index.php\/2023\/06\/05\/rede-alpha-fitness-anuncia-nova-etapa-da-expansao-no-interior-baiano-com-unidade-em-feira-de-santana\/\",\"name\":\"Rede Alpha Fitness anuncia nova etapa da expans\u00e3o no interior baiano, com unidade em Feira de Santana - Portal MF\",\"isPartOf\":{\"@id\":\"https:\/\/portalmf.com.br\/#website\"},\"primaryImageOfPage\":{\"@id\":\"https:\/\/portalmf.com.br\/index.php\/2023\/06\/05\/rede-alpha-fitness-anuncia-nova-etapa-da-expansao-no-interior-baiano-com-unidade-em-feira-de-santana\/#primaryimage\"},\"image\":{\"@id\":\"https:\/\/portalmf.com.br\/index.php\/2023\/06\/05\/rede-alpha-fitness-anuncia-nova-etapa-da-expansao-no-interior-baiano-com-unidade-em-feira-de-santana\/#primaryimage\"},\"thumbnailUrl\":\"https:\/\/portalmf.com.br\/wp-content\/uploads\/2023\/06\/Alpha-Fitness-Div3.jpg\",\"datePublished\":\"2023-06-05T20:02:21+00:00\",\"dateModified\":\"2023-06-05T20:02:23+00:00\",\"author\":{\"@id\":\"https:\/\/portalmf.com.br\/#\/schema\/person\/9ec101baf56233e53520c26de5d6f6f0\"},\"breadcrumb\":{\"@id\":\"https:\/\/portalmf.com.br\/index.php\/2023\/06\/05\/rede-alpha-fitness-anuncia-nova-etapa-da-expansao-no-interior-baiano-com-unidade-em-feira-de-santana\/#breadcrumb\"},\"inLanguage\":\"pt-BR\",\"potentialAction\":[{\"@type\":\"ReadAction\",\"target\":[\"https:\/\/portalmf.com.br\/index.php\/2023\/06\/05\/rede-alpha-fitness-anuncia-nova-etapa-da-expansao-no-interior-baiano-com-unidade-em-feira-de-santana\/\"]}]},{\"@type\":\"ImageObject\",\"inLanguage\":\"pt-BR\",\"@id\":\"https:\/\/portalmf.com.br\/index.php\/2023\/06\/05\/rede-alpha-fitness-anuncia-nova-etapa-da-expansao-no-interior-baiano-com-unidade-em-feira-de-santana\/#primaryimage\",\"url\":\"https:\/\/portalmf.com.br\/wp-content\/uploads\/2023\/06\/Alpha-Fitness-Div3.jpg\",\"contentUrl\":\"https:\/\/portalmf.com.br\/wp-content\/uploads\/2023\/06\/Alpha-Fitness-Div3.jpg\",\"width\":1600,\"height\":1200},{\"@type\":\"BreadcrumbList\",\"@id\":\"https:\/\/portalmf.com.br\/index.php\/2023\/06\/05\/rede-alpha-fitness-anuncia-nova-etapa-da-expansao-no-interior-baiano-com-unidade-em-feira-de-santana\/#breadcrumb\",\"itemListElement\":[{\"@type\":\"ListItem\",\"position\":1,\"name\":\"In\u00edcio\",\"item\":\"https:\/\/portalmf.com.br\/\"},{\"@type\":\"ListItem\",\"position\":2,\"name\":\"Rede Alpha Fitness anuncia nova etapa da expans\u00e3o no interior baiano, com unidade em Feira de Santana\"}]},{\"@type\":\"WebSite\",\"@id\":\"https:\/\/portalmf.com.br\/#website\",\"url\":\"https:\/\/portalmf.com.br\/\",\"name\":\"Portal MF\",\"description\":\"Voc\u00ea conectado com a informa\u00e7\u00e3o\",\"potentialAction\":[{\"@type\":\"SearchAction\",\"target\":{\"@type\":\"EntryPoint\",\"urlTemplate\":\"https:\/\/portalmf.com.br\/?s={search_term_string}\"},\"query-input\":\"required name=search_term_string\"}],\"inLanguage\":\"pt-BR\"},{\"@type\":\"Person\",\"@id\":\"https:\/\/portalmf.com.br\/#\/schema\/person\/9ec101baf56233e53520c26de5d6f6f0\",\"name\":\"Reda\u00e7\u00e3o Portal MF\",\"image\":{\"@type\":\"ImageObject\",\"inLanguage\":\"pt-BR\",\"@id\":\"https:\/\/portalmf.com.br\/#\/schema\/person\/image\/\",\"url\":\"https:\/\/secure.gravatar.com\/avatar\/41b9aaeb2100835f7c64362330f74c7f?s=96&d=mm&r=g\",\"contentUrl\":\"https:\/\/secure.gravatar.com\/avatar\/41b9aaeb2100835f7c64362330f74c7f?s=96&d=mm&r=g\",\"caption\":\"Reda\u00e7\u00e3o Portal MF\"},\"description\":\"Sejam bem-vindos o portal de informa\u00e7\u00f5es de entretenimento de Feira de Santana, desde 2006 realiza coberturas dos principais eventos com entrevistas exclusivas com as principais personalidades mundiais. Fique conectado tamb\u00e9m nas redes sociais.\",\"sameAs\":[\"http:\/\/www.portalmf.com.br\/\",\"https:\/\/www.facebook.com\/portalmfoficial\",\"https:\/\/www.instagram.com\/portalmf\/\",\"https:\/\/x.com\/https:\/\/x.com\/portalmfoficial\",\"https:\/\/www.youtube.com\/@portalmfoficial\"],\"url\":\"https:\/\/portalmf.com.br\/index.php\/author\/junior\/\"}]}<\/script>\n<!-- \/ Yoast SEO plugin. -->","yoast_head_json":{"title":"Rede Alpha Fitness anuncia nova etapa da expans\u00e3o no interior baiano, com unidade em Feira de Santana - Portal MF","robots":{"index":"index","follow":"follow","max-snippet":"max-snippet:-1","max-image-preview":"max-image-preview:large","max-video-preview":"max-video-preview:-1"},"canonical":"https:\/\/portalmf.com.br\/index.php\/2023\/06\/05\/rede-alpha-fitness-anuncia-nova-etapa-da-expansao-no-interior-baiano-com-unidade-em-feira-de-santana\/","og_locale":"pt_BR","og_type":"article","og_title":"Rede Alpha Fitness anuncia nova etapa da expans\u00e3o no interior baiano, com unidade em Feira de Santana - Portal MF","og_description":"O ano de 2023,\u00a0com certeza,\u00a0j\u00e1\u00a0mostra que \u00e9 especial para\u00a0a Rede Alpha Fitness. Ap\u00f3s inaugurar a 2\u00aa sede em Vit\u00f3ria da Conquista e anunciar novas unidades em Bras\u00edlia e Aracaju, que ser\u00e3o inauguradas em breve, a Alpha Fitness\u00a0segue em expans\u00e3o e acaba de confirmar que chegar\u00e1 tamb\u00e9m na cidade de Feira de Santana.\u00a0A previs\u00e3o \u00e9 que [&hellip;]","og_url":"https:\/\/portalmf.com.br\/index.php\/2023\/06\/05\/rede-alpha-fitness-anuncia-nova-etapa-da-expansao-no-interior-baiano-com-unidade-em-feira-de-santana\/","og_site_name":"Portal MF","article_author":"https:\/\/www.facebook.com\/portalmfoficial","article_published_time":"2023-06-05T20:02:21+00:00","article_modified_time":"2023-06-05T20:02:23+00:00","og_image":[{"width":1600,"height":1200,"url":"https:\/\/portalmf.com.br\/wp-content\/uploads\/2023\/06\/Alpha-Fitness-Div3.jpg","type":"image\/jpeg"}],"author":"Reda\u00e7\u00e3o Portal MF","twitter_card":"summary_large_image","twitter_creator":"@https:\/\/x.com\/portalmfoficial","twitter_misc":{"Escrito por":"Reda\u00e7\u00e3o Portal MF","Est. tempo de leitura":"2 minutos"},"schema":{"@context":"https:\/\/schema.org","@graph":[{"@type":"WebPage","@id":"https:\/\/portalmf.com.br\/index.php\/2023\/06\/05\/rede-alpha-fitness-anuncia-nova-etapa-da-expansao-no-interior-baiano-com-unidade-em-feira-de-santana\/","url":"https:\/\/portalmf.com.br\/index.php\/2023\/06\/05\/rede-alpha-fitness-anuncia-nova-etapa-da-expansao-no-interior-baiano-com-unidade-em-feira-de-santana\/","name":"Rede Alpha Fitness anuncia nova etapa da expans\u00e3o no interior baiano, com unidade em Feira de Santana - Portal MF","isPartOf":{"@id":"https:\/\/portalmf.com.br\/#website"},"primaryImageOfPage":{"@id":"https:\/\/portalmf.com.br\/index.php\/2023\/06\/05\/rede-alpha-fitness-anuncia-nova-etapa-da-expansao-no-interior-baiano-com-unidade-em-feira-de-santana\/#primaryimage"},"image":{"@id":"https:\/\/portalmf.com.br\/index.php\/2023\/06\/05\/rede-alpha-fitness-anuncia-nova-etapa-da-expansao-no-interior-baiano-com-unidade-em-feira-de-santana\/#primaryimage"},"thumbnailUrl":"https:\/\/portalmf.com.br\/wp-content\/uploads\/2023\/06\/Alpha-Fitness-Div3.jpg","datePublished":"2023-06-05T20:02:21+00:00","dateModified":"2023-06-05T20:02:23+00:00","author":{"@id":"https:\/\/portalmf.com.br\/#\/schema\/person\/9ec101baf56233e53520c26de5d6f6f0"},"breadcrumb":{"@id":"https:\/\/portalmf.com.br\/index.php\/2023\/06\/05\/rede-alpha-fitness-anuncia-nova-etapa-da-expansao-no-interior-baiano-com-unidade-em-feira-de-santana\/#breadcrumb"},"inLanguage":"pt-BR","potentialAction":[{"@type":"ReadAction","target":["https:\/\/portalmf.com.br\/index.php\/2023\/06\/05\/rede-alpha-fitness-anuncia-nova-etapa-da-expansao-no-interior-baiano-com-unidade-em-feira-de-santana\/"]}]},{"@type":"ImageObject","inLanguage":"pt-BR","@id":"https:\/\/portalmf.com.br\/index.php\/2023\/06\/05\/rede-alpha-fitness-anuncia-nova-etapa-da-expansao-no-interior-baiano-com-unidade-em-feira-de-santana\/#primaryimage","url":"https:\/\/portalmf.com.br\/wp-content\/uploads\/2023\/06\/Alpha-Fitness-Div3.jpg","contentUrl":"https:\/\/portalmf.com.br\/wp-content\/uploads\/2023\/06\/Alpha-Fitness-Div3.jpg","width":1600,"height":1200},{"@type":"BreadcrumbList","@id":"https:\/\/portalmf.com.br\/index.php\/2023\/06\/05\/rede-alpha-fitness-anuncia-nova-etapa-da-expansao-no-interior-baiano-com-unidade-em-feira-de-santana\/#breadcrumb","itemListElement":[{"@type":"ListItem","position":1,"name":"In\u00edcio","item":"https:\/\/portalmf.com.br\/"},{"@type":"ListItem","position":2,"name":"Rede Alpha Fitness anuncia nova etapa da expans\u00e3o no interior baiano, com unidade em Feira de Santana"}]},{"@type":"WebSite","@id":"https:\/\/portalmf.com.br\/#website","url":"https:\/\/portalmf.com.br\/","name":"Portal MF","description":"Voc\u00ea conectado com a informa\u00e7\u00e3o","potentialAction":[{"@type":"SearchAction","target":{"@type":"EntryPoint","urlTemplate":"https:\/\/portalmf.com.br\/?s={search_term_string}"},"query-input":"required name=search_term_string"}],"inLanguage":"pt-BR"},{"@type":"Person","@id":"https:\/\/portalmf.com.br\/#\/schema\/person\/9ec101baf56233e53520c26de5d6f6f0","name":"Reda\u00e7\u00e3o Portal MF","image":{"@type":"ImageObject","inLanguage":"pt-BR","@id":"https:\/\/portalmf.com.br\/#\/schema\/person\/image\/","url":"https:\/\/secure.gravatar.com\/avatar\/41b9aaeb2100835f7c64362330f74c7f?s=96&d=mm&r=g","contentUrl":"https:\/\/secure.gravatar.com\/avatar\/41b9aaeb2100835f7c64362330f74c7f?s=96&d=mm&r=g","caption":"Reda\u00e7\u00e3o Portal MF"},"description":"Sejam bem-vindos o portal de informa\u00e7\u00f5es de entretenimento de Feira de Santana, desde 2006 realiza coberturas dos principais eventos com entrevistas exclusivas com as principais personalidades mundiais. Fique conectado tamb\u00e9m nas redes sociais.","sameAs":["http:\/\/www.portalmf.com.br\/","https:\/\/www.facebook.com\/portalmfoficial","https:\/\/www.instagram.com\/portalmf\/","https:\/\/x.com\/https:\/\/x.com\/portalmfoficial","https:\/\/www.youtube.com\/@portalmfoficial"],"url":"https:\/\/portalmf.com.br\/index.php\/author\/junior\/"}]}},"_links":{"self":[{"href":"https:\/\/portalmf.com.br\/index.php\/wp-json\/wp\/v2\/posts\/12750"}],"collection":[{"href":"https:\/\/portalmf.com.br\/index.php\/wp-json\/wp\/v2\/posts"}],"about":[{"href":"https:\/\/portalmf.com.br\/index.php\/wp-json\/wp\/v2\/types\/post"}],"author":[{"embeddable":true,"href":"https:\/\/portalmf.com.br\/index.php\/wp-json\/wp\/v2\/users\/3"}],"replies":[{"embeddable":true,"href":"https:\/\/portalmf.com.br\/index.php\/wp-json\/wp\/v2\/comments?post=12750"}],"version-history":[{"count":1,"href":"https:\/\/portalmf.com.br\/index.php\/wp-json\/wp\/v2\/posts\/12750\/revisions"}],"predecessor-version":[{"id":12753,"href":"https:\/\/portalmf.com.br\/index.php\/wp-json\/wp\/v2\/posts\/12750\/revisions\/12753"}],"wp:featuredmedia":[{"embeddable":true,"href":"https:\/\/portalmf.com.br\/index.php\/wp-json\/wp\/v2\/media\/12751"}],"wp:attachment":[{"href":"https:\/\/portalmf.com.br\/index.php\/wp-json\/wp\/v2\/media?parent=12750"}],"wp:term":[{"taxonomy":"category","embeddable":true,"href":"https:\/\/portalmf.com.br\/index.php\/wp-json\/wp\/v2\/categories?post=12750"},{"taxonomy":"post_tag","embeddable":true,"href":"https:\/\/portalmf.com.br\/index.php\/wp-json\/wp\/v2\/tags?post=12750"}],"curies":[{"name":"wp","href":"https:\/\/api.w.org\/{rel}","templated":true}]}}