{"id":12631,"date":"2023-06-02T09:03:00","date_gmt":"2023-06-02T12:03:00","guid":{"rendered":"https:\/\/portalmf.com.br\/?p=12631"},"modified":"2023-06-02T13:06:03","modified_gmt":"2023-06-02T16:06:03","slug":"empresarios-ousam-e-inauguram-a-ser-vinno-que-traz-para-salvador-o-conceito-wine-gastrobar","status":"publish","type":"post","link":"https:\/\/portalmf.com.br\/index.php\/2023\/06\/02\/empresarios-ousam-e-inauguram-a-ser-vinno-que-traz-para-salvador-o-conceito-wine-gastrobar\/","title":{"rendered":"Empres\u00e1rios ousam e inauguram a Ser Vinno, que traz para Salvador o conceito \u201cwine gastrobar\u201d"},"content":{"rendered":"\n<p>O Caminho das \u00c1rvores ganhou recentemente a Ser Vinno, que traz para Salvador o conceito de &#8220;wine gastrobar&#8221; &#8211; local onde os amantes de vinho podem adquirir diferentes r\u00f3tulos, al\u00e9m de usufruir de uma experi\u00eancia gastron\u00f4mica especialmente pensada para harmonizar com a bebida. Tudo isso com apresenta\u00e7\u00f5es de m\u00fasica ao vivo. A Casa foi inaugurada h\u00e1 alguns meses e promete proporcionar uma experi\u00eancia requintada, acolhedora e animada.<\/p>\n\n\n\n<p>A Ser Vinno tem como prop\u00f3sito oferecer um servi\u00e7o diferenciado, com r\u00f3tulos a pre\u00e7os acess\u00edveis &#8211; o pre\u00e7o do vinho na loja \u00e9 o mesmo pago no bar. Com uma adega de 110 r\u00f3tulos em seu portf\u00f3lio, a loja proporciona novas experi\u00eancias aos amantes do vinho, que ter\u00e3o a oportunidade de conhecer e adquirir os melhores vinhos selecionados, incluindo r\u00f3tulos premiados.<\/p>\n\n\n\n<p>Na Ser Vinno, os vinhos passam por uma curadoria antes de irem para a g\u00f4ndola. O s\u00f3cio e sommelier Rog\u00e9rio Matos faz uma sele\u00e7\u00e3o criteriosa dos r\u00f3tulos, degusta-os e somente ap\u00f3s certificar a qualidade do produto, ele \u00e9 aprovado e liberado para a comercializa\u00e7\u00e3o, tornando-se uma carta viva no wine gastrobar.<\/p>\n\n\n\n<p>Essa foi a ideia dos s\u00f3cios da Ser Vinno, o sommelier Rog\u00e9rio Matos, Marcos Carrilho Rosa e Aldenio Costa: trazer algo diferenciado para Salvador, reunindo essas propostas e criando um ambiente acolhedor, sofisticado e agrad\u00e1vel.<\/p>\n\n\n\n<p>Al\u00e9m de poder experimentar bons vinhos a pre\u00e7os acess\u00edveis, os amantes da bebida ter\u00e3o a oportunidade de vivenciar a atmosfera do wine gastrobar, que oferece uma gastronomia destinada a eles. T\u00e1buas de frios, tapas, empada argentina, salsich\u00e3o alem\u00e3o, massas e frutos do mar s\u00e3o algumas das iguarias que harmonizam com os diversos r\u00f3tulos oferecidos pela Ser Vinno.<\/p>\n\n\n\n<p>Tudo isso \u00e9 celebrado com m\u00fasica ao vivo de voz e viol\u00e3o para que as pessoas possam curtir, interagir e conversar, embaladas por uma boa gastronomia e um bom vinho. A m\u00fasica ao vivo pode ser apreciada de quinta a s\u00e1bado, a partir das 19h.<\/p>\n\n\n\n<p>A Ser Vinno est\u00e1 localizada na Alameda das Cajazeiras, 482c, no Caminho das \u00c1rvores, e funciona de ter\u00e7a a s\u00e1bado, a partir das 9h. Telefone: 71 9994 4546, Instagram: @ser.vinno.<\/p>\n","protected":false},"excerpt":{"rendered":"<p>O Caminho das \u00c1rvores ganhou recentemente a Ser Vinno, que traz para Salvador o conceito de &#8220;wine gastrobar&#8221; &#8211; local onde os amantes de vinho podem adquirir diferentes r\u00f3tulos, al\u00e9m de usufruir de uma experi\u00eancia gastron\u00f4mica especialmente pensada para harmonizar com a bebida. Tudo isso com apresenta\u00e7\u00f5es de m\u00fasica ao vivo. A Casa foi inaugurada [&hellip;]<\/p>\n","protected":false},"author":3,"featured_media":12632,"comment_status":"open","ping_status":"open","sticky":false,"template":"","format":"standard","meta":{"_monsterinsights_skip_tracking":false,"_monsterinsights_sitenote_active":false,"_monsterinsights_sitenote_note":"","_monsterinsights_sitenote_category":0,"footnotes":""},"categories":[295],"tags":[],"yoast_head":"<!-- This site is optimized with the Yoast SEO plugin v22.9 - https:\/\/yoast.com\/wordpress\/plugins\/seo\/ -->\n<title>Empres\u00e1rios ousam e inauguram a Ser Vinno, que traz para Salvador o conceito \u201cwine gastrobar\u201d - Portal MF<\/title>\n<meta name=\"robots\" content=\"index, follow, max-snippet:-1, max-image-preview:large, max-video-preview:-1\" \/>\n<link rel=\"canonical\" href=\"https:\/\/portalmf.com.br\/index.php\/2023\/06\/02\/empresarios-ousam-e-inauguram-a-ser-vinno-que-traz-para-salvador-o-conceito-wine-gastrobar\/\" \/>\n<meta property=\"og:locale\" content=\"pt_BR\" \/>\n<meta property=\"og:type\" content=\"article\" \/>\n<meta property=\"og:title\" content=\"Empres\u00e1rios ousam e inauguram a Ser Vinno, que traz para Salvador o conceito \u201cwine gastrobar\u201d - Portal MF\" \/>\n<meta property=\"og:description\" content=\"O Caminho das \u00c1rvores ganhou recentemente a Ser Vinno, que traz para Salvador o conceito de &#8220;wine gastrobar&#8221; &#8211; local onde os amantes de vinho podem adquirir diferentes r\u00f3tulos, al\u00e9m de usufruir de uma experi\u00eancia gastron\u00f4mica especialmente pensada para harmonizar com a bebida. Tudo isso com apresenta\u00e7\u00f5es de m\u00fasica ao vivo. A Casa foi inaugurada [&hellip;]\" \/>\n<meta property=\"og:url\" content=\"https:\/\/portalmf.com.br\/index.php\/2023\/06\/02\/empresarios-ousam-e-inauguram-a-ser-vinno-que-traz-para-salvador-o-conceito-wine-gastrobar\/\" \/>\n<meta property=\"og:site_name\" content=\"Portal MF\" \/>\n<meta property=\"article:author\" content=\"https:\/\/www.facebook.com\/portalmfoficial\" \/>\n<meta property=\"article:published_time\" content=\"2023-06-02T12:03:00+00:00\" \/>\n<meta property=\"article:modified_time\" content=\"2023-06-02T16:06:03+00:00\" \/>\n<meta property=\"og:image\" content=\"https:\/\/portalmf.com.br\/wp-content\/uploads\/2023\/06\/Empresarios-ousam-e-inauguram-a-Ser-Vinno-que-traz-para-Salvador-o-conceito-wine-gastrobar.jpeg\" \/>\n\t<meta property=\"og:image:width\" content=\"1600\" \/>\n\t<meta property=\"og:image:height\" content=\"1067\" \/>\n\t<meta property=\"og:image:type\" content=\"image\/jpeg\" \/>\n<meta name=\"author\" content=\"Reda\u00e7\u00e3o Portal MF\" \/>\n<meta name=\"twitter:card\" content=\"summary_large_image\" \/>\n<meta name=\"twitter:creator\" content=\"@https:\/\/x.com\/portalmfoficial\" \/>\n<meta name=\"twitter:label1\" content=\"Escrito por\" \/>\n\t<meta name=\"twitter:data1\" content=\"Reda\u00e7\u00e3o Portal MF\" \/>\n\t<meta name=\"twitter:label2\" content=\"Est. tempo de leitura\" \/>\n\t<meta name=\"twitter:data2\" content=\"2 minutos\" \/>\n<script type=\"application\/ld+json\" class=\"yoast-schema-graph\">{\"@context\":\"https:\/\/schema.org\",\"@graph\":[{\"@type\":\"WebPage\",\"@id\":\"https:\/\/portalmf.com.br\/index.php\/2023\/06\/02\/empresarios-ousam-e-inauguram-a-ser-vinno-que-traz-para-salvador-o-conceito-wine-gastrobar\/\",\"url\":\"https:\/\/portalmf.com.br\/index.php\/2023\/06\/02\/empresarios-ousam-e-inauguram-a-ser-vinno-que-traz-para-salvador-o-conceito-wine-gastrobar\/\",\"name\":\"Empres\u00e1rios ousam e inauguram a Ser Vinno, que traz para Salvador o conceito \u201cwine gastrobar\u201d - Portal MF\",\"isPartOf\":{\"@id\":\"https:\/\/portalmf.com.br\/#website\"},\"primaryImageOfPage\":{\"@id\":\"https:\/\/portalmf.com.br\/index.php\/2023\/06\/02\/empresarios-ousam-e-inauguram-a-ser-vinno-que-traz-para-salvador-o-conceito-wine-gastrobar\/#primaryimage\"},\"image\":{\"@id\":\"https:\/\/portalmf.com.br\/index.php\/2023\/06\/02\/empresarios-ousam-e-inauguram-a-ser-vinno-que-traz-para-salvador-o-conceito-wine-gastrobar\/#primaryimage\"},\"thumbnailUrl\":\"https:\/\/portalmf.com.br\/wp-content\/uploads\/2023\/06\/Empresarios-ousam-e-inauguram-a-Ser-Vinno-que-traz-para-Salvador-o-conceito-wine-gastrobar.jpeg\",\"datePublished\":\"2023-06-02T12:03:00+00:00\",\"dateModified\":\"2023-06-02T16:06:03+00:00\",\"author\":{\"@id\":\"https:\/\/portalmf.com.br\/#\/schema\/person\/9ec101baf56233e53520c26de5d6f6f0\"},\"breadcrumb\":{\"@id\":\"https:\/\/portalmf.com.br\/index.php\/2023\/06\/02\/empresarios-ousam-e-inauguram-a-ser-vinno-que-traz-para-salvador-o-conceito-wine-gastrobar\/#breadcrumb\"},\"inLanguage\":\"pt-BR\",\"potentialAction\":[{\"@type\":\"ReadAction\",\"target\":[\"https:\/\/portalmf.com.br\/index.php\/2023\/06\/02\/empresarios-ousam-e-inauguram-a-ser-vinno-que-traz-para-salvador-o-conceito-wine-gastrobar\/\"]}]},{\"@type\":\"ImageObject\",\"inLanguage\":\"pt-BR\",\"@id\":\"https:\/\/portalmf.com.br\/index.php\/2023\/06\/02\/empresarios-ousam-e-inauguram-a-ser-vinno-que-traz-para-salvador-o-conceito-wine-gastrobar\/#primaryimage\",\"url\":\"https:\/\/portalmf.com.br\/wp-content\/uploads\/2023\/06\/Empresarios-ousam-e-inauguram-a-Ser-Vinno-que-traz-para-Salvador-o-conceito-wine-gastrobar.jpeg\",\"contentUrl\":\"https:\/\/portalmf.com.br\/wp-content\/uploads\/2023\/06\/Empresarios-ousam-e-inauguram-a-Ser-Vinno-que-traz-para-Salvador-o-conceito-wine-gastrobar.jpeg\",\"width\":1600,\"height\":1067},{\"@type\":\"BreadcrumbList\",\"@id\":\"https:\/\/portalmf.com.br\/index.php\/2023\/06\/02\/empresarios-ousam-e-inauguram-a-ser-vinno-que-traz-para-salvador-o-conceito-wine-gastrobar\/#breadcrumb\",\"itemListElement\":[{\"@type\":\"ListItem\",\"position\":1,\"name\":\"In\u00edcio\",\"item\":\"https:\/\/portalmf.com.br\/\"},{\"@type\":\"ListItem\",\"position\":2,\"name\":\"Empres\u00e1rios ousam e inauguram a Ser Vinno, que traz para Salvador o conceito \u201cwine gastrobar\u201d\"}]},{\"@type\":\"WebSite\",\"@id\":\"https:\/\/portalmf.com.br\/#website\",\"url\":\"https:\/\/portalmf.com.br\/\",\"name\":\"Portal MF\",\"description\":\"Voc\u00ea conectado com a informa\u00e7\u00e3o\",\"potentialAction\":[{\"@type\":\"SearchAction\",\"target\":{\"@type\":\"EntryPoint\",\"urlTemplate\":\"https:\/\/portalmf.com.br\/?s={search_term_string}\"},\"query-input\":\"required name=search_term_string\"}],\"inLanguage\":\"pt-BR\"},{\"@type\":\"Person\",\"@id\":\"https:\/\/portalmf.com.br\/#\/schema\/person\/9ec101baf56233e53520c26de5d6f6f0\",\"name\":\"Reda\u00e7\u00e3o Portal MF\",\"image\":{\"@type\":\"ImageObject\",\"inLanguage\":\"pt-BR\",\"@id\":\"https:\/\/portalmf.com.br\/#\/schema\/person\/image\/\",\"url\":\"https:\/\/secure.gravatar.com\/avatar\/41b9aaeb2100835f7c64362330f74c7f?s=96&d=mm&r=g\",\"contentUrl\":\"https:\/\/secure.gravatar.com\/avatar\/41b9aaeb2100835f7c64362330f74c7f?s=96&d=mm&r=g\",\"caption\":\"Reda\u00e7\u00e3o Portal MF\"},\"description\":\"Sejam bem-vindos o portal de informa\u00e7\u00f5es de entretenimento de Feira de Santana, desde 2006 realiza coberturas dos principais eventos com entrevistas exclusivas com as principais personalidades mundiais. Fique conectado tamb\u00e9m nas redes sociais.\",\"sameAs\":[\"http:\/\/www.portalmf.com.br\/\",\"https:\/\/www.facebook.com\/portalmfoficial\",\"https:\/\/www.instagram.com\/portalmf\/\",\"https:\/\/x.com\/https:\/\/x.com\/portalmfoficial\",\"https:\/\/www.youtube.com\/@portalmfoficial\"],\"url\":\"https:\/\/portalmf.com.br\/index.php\/author\/junior\/\"}]}<\/script>\n<!-- \/ Yoast SEO plugin. -->","yoast_head_json":{"title":"Empres\u00e1rios ousam e inauguram a Ser Vinno, que traz para Salvador o conceito \u201cwine gastrobar\u201d - Portal MF","robots":{"index":"index","follow":"follow","max-snippet":"max-snippet:-1","max-image-preview":"max-image-preview:large","max-video-preview":"max-video-preview:-1"},"canonical":"https:\/\/portalmf.com.br\/index.php\/2023\/06\/02\/empresarios-ousam-e-inauguram-a-ser-vinno-que-traz-para-salvador-o-conceito-wine-gastrobar\/","og_locale":"pt_BR","og_type":"article","og_title":"Empres\u00e1rios ousam e inauguram a Ser Vinno, que traz para Salvador o conceito \u201cwine gastrobar\u201d - Portal MF","og_description":"O Caminho das \u00c1rvores ganhou recentemente a Ser Vinno, que traz para Salvador o conceito de &#8220;wine gastrobar&#8221; &#8211; local onde os amantes de vinho podem adquirir diferentes r\u00f3tulos, al\u00e9m de usufruir de uma experi\u00eancia gastron\u00f4mica especialmente pensada para harmonizar com a bebida. Tudo isso com apresenta\u00e7\u00f5es de m\u00fasica ao vivo. A Casa foi inaugurada [&hellip;]","og_url":"https:\/\/portalmf.com.br\/index.php\/2023\/06\/02\/empresarios-ousam-e-inauguram-a-ser-vinno-que-traz-para-salvador-o-conceito-wine-gastrobar\/","og_site_name":"Portal MF","article_author":"https:\/\/www.facebook.com\/portalmfoficial","article_published_time":"2023-06-02T12:03:00+00:00","article_modified_time":"2023-06-02T16:06:03+00:00","og_image":[{"width":1600,"height":1067,"url":"https:\/\/portalmf.com.br\/wp-content\/uploads\/2023\/06\/Empresarios-ousam-e-inauguram-a-Ser-Vinno-que-traz-para-Salvador-o-conceito-wine-gastrobar.jpeg","type":"image\/jpeg"}],"author":"Reda\u00e7\u00e3o Portal MF","twitter_card":"summary_large_image","twitter_creator":"@https:\/\/x.com\/portalmfoficial","twitter_misc":{"Escrito por":"Reda\u00e7\u00e3o Portal MF","Est. tempo de leitura":"2 minutos"},"schema":{"@context":"https:\/\/schema.org","@graph":[{"@type":"WebPage","@id":"https:\/\/portalmf.com.br\/index.php\/2023\/06\/02\/empresarios-ousam-e-inauguram-a-ser-vinno-que-traz-para-salvador-o-conceito-wine-gastrobar\/","url":"https:\/\/portalmf.com.br\/index.php\/2023\/06\/02\/empresarios-ousam-e-inauguram-a-ser-vinno-que-traz-para-salvador-o-conceito-wine-gastrobar\/","name":"Empres\u00e1rios ousam e inauguram a Ser Vinno, que traz para Salvador o conceito \u201cwine gastrobar\u201d - Portal MF","isPartOf":{"@id":"https:\/\/portalmf.com.br\/#website"},"primaryImageOfPage":{"@id":"https:\/\/portalmf.com.br\/index.php\/2023\/06\/02\/empresarios-ousam-e-inauguram-a-ser-vinno-que-traz-para-salvador-o-conceito-wine-gastrobar\/#primaryimage"},"image":{"@id":"https:\/\/portalmf.com.br\/index.php\/2023\/06\/02\/empresarios-ousam-e-inauguram-a-ser-vinno-que-traz-para-salvador-o-conceito-wine-gastrobar\/#primaryimage"},"thumbnailUrl":"https:\/\/portalmf.com.br\/wp-content\/uploads\/2023\/06\/Empresarios-ousam-e-inauguram-a-Ser-Vinno-que-traz-para-Salvador-o-conceito-wine-gastrobar.jpeg","datePublished":"2023-06-02T12:03:00+00:00","dateModified":"2023-06-02T16:06:03+00:00","author":{"@id":"https:\/\/portalmf.com.br\/#\/schema\/person\/9ec101baf56233e53520c26de5d6f6f0"},"breadcrumb":{"@id":"https:\/\/portalmf.com.br\/index.php\/2023\/06\/02\/empresarios-ousam-e-inauguram-a-ser-vinno-que-traz-para-salvador-o-conceito-wine-gastrobar\/#breadcrumb"},"inLanguage":"pt-BR","potentialAction":[{"@type":"ReadAction","target":["https:\/\/portalmf.com.br\/index.php\/2023\/06\/02\/empresarios-ousam-e-inauguram-a-ser-vinno-que-traz-para-salvador-o-conceito-wine-gastrobar\/"]}]},{"@type":"ImageObject","inLanguage":"pt-BR","@id":"https:\/\/portalmf.com.br\/index.php\/2023\/06\/02\/empresarios-ousam-e-inauguram-a-ser-vinno-que-traz-para-salvador-o-conceito-wine-gastrobar\/#primaryimage","url":"https:\/\/portalmf.com.br\/wp-content\/uploads\/2023\/06\/Empresarios-ousam-e-inauguram-a-Ser-Vinno-que-traz-para-Salvador-o-conceito-wine-gastrobar.jpeg","contentUrl":"https:\/\/portalmf.com.br\/wp-content\/uploads\/2023\/06\/Empresarios-ousam-e-inauguram-a-Ser-Vinno-que-traz-para-Salvador-o-conceito-wine-gastrobar.jpeg","width":1600,"height":1067},{"@type":"BreadcrumbList","@id":"https:\/\/portalmf.com.br\/index.php\/2023\/06\/02\/empresarios-ousam-e-inauguram-a-ser-vinno-que-traz-para-salvador-o-conceito-wine-gastrobar\/#breadcrumb","itemListElement":[{"@type":"ListItem","position":1,"name":"In\u00edcio","item":"https:\/\/portalmf.com.br\/"},{"@type":"ListItem","position":2,"name":"Empres\u00e1rios ousam e inauguram a Ser Vinno, que traz para Salvador o conceito \u201cwine gastrobar\u201d"}]},{"@type":"WebSite","@id":"https:\/\/portalmf.com.br\/#website","url":"https:\/\/portalmf.com.br\/","name":"Portal MF","description":"Voc\u00ea conectado com a informa\u00e7\u00e3o","potentialAction":[{"@type":"SearchAction","target":{"@type":"EntryPoint","urlTemplate":"https:\/\/portalmf.com.br\/?s={search_term_string}"},"query-input":"required name=search_term_string"}],"inLanguage":"pt-BR"},{"@type":"Person","@id":"https:\/\/portalmf.com.br\/#\/schema\/person\/9ec101baf56233e53520c26de5d6f6f0","name":"Reda\u00e7\u00e3o Portal MF","image":{"@type":"ImageObject","inLanguage":"pt-BR","@id":"https:\/\/portalmf.com.br\/#\/schema\/person\/image\/","url":"https:\/\/secure.gravatar.com\/avatar\/41b9aaeb2100835f7c64362330f74c7f?s=96&d=mm&r=g","contentUrl":"https:\/\/secure.gravatar.com\/avatar\/41b9aaeb2100835f7c64362330f74c7f?s=96&d=mm&r=g","caption":"Reda\u00e7\u00e3o Portal MF"},"description":"Sejam bem-vindos o portal de informa\u00e7\u00f5es de entretenimento de Feira de Santana, desde 2006 realiza coberturas dos principais eventos com entrevistas exclusivas com as principais personalidades mundiais. Fique conectado tamb\u00e9m nas redes sociais.","sameAs":["http:\/\/www.portalmf.com.br\/","https:\/\/www.facebook.com\/portalmfoficial","https:\/\/www.instagram.com\/portalmf\/","https:\/\/x.com\/https:\/\/x.com\/portalmfoficial","https:\/\/www.youtube.com\/@portalmfoficial"],"url":"https:\/\/portalmf.com.br\/index.php\/author\/junior\/"}]}},"_links":{"self":[{"href":"https:\/\/portalmf.com.br\/index.php\/wp-json\/wp\/v2\/posts\/12631"}],"collection":[{"href":"https:\/\/portalmf.com.br\/index.php\/wp-json\/wp\/v2\/posts"}],"about":[{"href":"https:\/\/portalmf.com.br\/index.php\/wp-json\/wp\/v2\/types\/post"}],"author":[{"embeddable":true,"href":"https:\/\/portalmf.com.br\/index.php\/wp-json\/wp\/v2\/users\/3"}],"replies":[{"embeddable":true,"href":"https:\/\/portalmf.com.br\/index.php\/wp-json\/wp\/v2\/comments?post=12631"}],"version-history":[{"count":1,"href":"https:\/\/portalmf.com.br\/index.php\/wp-json\/wp\/v2\/posts\/12631\/revisions"}],"predecessor-version":[{"id":12633,"href":"https:\/\/portalmf.com.br\/index.php\/wp-json\/wp\/v2\/posts\/12631\/revisions\/12633"}],"wp:featuredmedia":[{"embeddable":true,"href":"https:\/\/portalmf.com.br\/index.php\/wp-json\/wp\/v2\/media\/12632"}],"wp:attachment":[{"href":"https:\/\/portalmf.com.br\/index.php\/wp-json\/wp\/v2\/media?parent=12631"}],"wp:term":[{"taxonomy":"category","embeddable":true,"href":"https:\/\/portalmf.com.br\/index.php\/wp-json\/wp\/v2\/categories?post=12631"},{"taxonomy":"post_tag","embeddable":true,"href":"https:\/\/portalmf.com.br\/index.php\/wp-json\/wp\/v2\/tags?post=12631"}],"curies":[{"name":"wp","href":"https:\/\/api.w.org\/{rel}","templated":true}]}}