{"id":12575,"date":"2023-06-01T09:54:58","date_gmt":"2023-06-01T12:54:58","guid":{"rendered":"https:\/\/portalmf.com.br\/?p=12575"},"modified":"2023-06-01T09:55:05","modified_gmt":"2023-06-01T12:55:05","slug":"empresaria-baiana-anne-bastos-da-bastos-stores-foi-convidada-vip-da-14a-movel-brasil-em-balneario-camboriu-santa-catarina","status":"publish","type":"post","link":"https:\/\/portalmf.com.br\/index.php\/2023\/06\/01\/empresaria-baiana-anne-bastos-da-bastos-stores-foi-convidada-vip-da-14a-movel-brasil-em-balneario-camboriu-santa-catarina\/","title":{"rendered":"Empres\u00e1ria baiana Anne Bastos, da Bastos Stores, foi convidada vip da 14\u00aa M\u00f3vel Brasil, em Balne\u00e1rio Cambori\u00fa, Santa Catarina"},"content":{"rendered":"\n<p>A empres\u00e1ria Anne Bastos, CEO da Bastos Store, loja baiana de m\u00f3veis e decora\u00e7\u00e3o que acaba de completar 10 anos em franca expans\u00e3o, s\u00f3 tem tipo motivos para comemorar. Nesta \u00faltima semana, ela esteve em Santa Catarina ao lado do diretor da Bastos Store, Rodrigo Campos, e da Gerente de Marketing, Luana Rodrigues. Por la, nos dias 24 e 26 de maio, o trio participou da 14\u00aa M\u00f3vel Brasil, uma grande feira de m\u00f3veis e decora\u00e7\u00e3o, que aconteceu em Balne\u00e1rio Cambori\u00fa. <\/p>\n\n\n\n<p><em>\u201cFomos uma das empresas baianas convidadas a participar do evento! Que honra, ver que o crescimento da Bastos Store j\u00e1 est\u00e1 chegando em todas as partes do Brasil\u201d,<\/em> conta. <\/p>\n\n\n\n<p>Mas a programa\u00e7\u00e3o no sul n\u00e3o acabou por a\u00ed.<br>No dia 25 de maio, a equipe foi convidada para visitar a f\u00e1brica da Tironi M\u00f3veis, empresa de 41 anos de tradi\u00e7\u00e3o, sediada na cidade de Guaramirim, no interior de Santa Catarina. <\/p>\n\n\n\n<p><em>\u201cFora dias incr\u00edveis! E ser convidados VIPs nesses dois compromissos, \u00e9 muito gratificante. A Feira foi incr\u00edvel, apresentou novidades e tend\u00eancias, e focou muito nas oportunidades de neg\u00f3cios. J\u00e1 a visita \u00e0 Tironi nos proporcionou estreitar ainda mais os la\u00e7os com essa empresa, com a qual j\u00e1 somos parceiros h\u00e1 algum tempo, e temos representa\u00e7\u00e3o exclusiva em Feira de Santana e Lauro de Freitas\u201d<\/em>, completou Anne. <\/p>\n\n\n\n<p>Vale lembrar que recentemente, Anne Bastos participou tamb\u00e9m de um tour em S\u00e3o Paulo, onde visitou uma das melhores f\u00e1bricas de m\u00f3veis da regi\u00e3o, a Pollus. Na ocasi\u00e3o, levou um grupo de arquitetos convidados.<\/p>\n\n\n\n<p>A Bastos Store possui tr\u00eas sedes, totalizando mais de 4 mil metros quadrados de \u00e1rea, que se dividem entre Feira de Santana (com dois pontos) e Estrada do Coco. A loja \u00e9 sin\u00f4nimo de requinte e qualidade e trabalha com um extenso show room, que apresenta desde produtos atemporais, at\u00e9 pe\u00e7as assinadas; ressaltando o design brasileiro.<\/p>\n","protected":false},"excerpt":{"rendered":"<p>A empres\u00e1ria Anne Bastos, CEO da Bastos Store, loja baiana de m\u00f3veis e decora\u00e7\u00e3o que acaba de completar 10 anos em franca expans\u00e3o, s\u00f3 tem tipo motivos para comemorar. Nesta \u00faltima semana, ela esteve em Santa Catarina ao lado do diretor da Bastos Store, Rodrigo Campos, e da Gerente de Marketing, Luana Rodrigues. Por la, [&hellip;]<\/p>\n","protected":false},"author":3,"featured_media":12576,"comment_status":"open","ping_status":"open","sticky":false,"template":"","format":"standard","meta":{"_monsterinsights_skip_tracking":false,"_monsterinsights_sitenote_active":false,"_monsterinsights_sitenote_note":"","_monsterinsights_sitenote_category":0,"footnotes":""},"categories":[295],"tags":[],"yoast_head":"<!-- This site is optimized with the Yoast SEO plugin v22.9 - https:\/\/yoast.com\/wordpress\/plugins\/seo\/ -->\n<title>Empres\u00e1ria baiana Anne Bastos, da Bastos Stores, foi convidada vip da 14\u00aa M\u00f3vel Brasil, em Balne\u00e1rio Cambori\u00fa, Santa Catarina - Portal MF<\/title>\n<meta name=\"robots\" content=\"index, follow, max-snippet:-1, max-image-preview:large, max-video-preview:-1\" \/>\n<link rel=\"canonical\" href=\"https:\/\/portalmf.com.br\/index.php\/2023\/06\/01\/empresaria-baiana-anne-bastos-da-bastos-stores-foi-convidada-vip-da-14a-movel-brasil-em-balneario-camboriu-santa-catarina\/\" \/>\n<meta property=\"og:locale\" content=\"pt_BR\" \/>\n<meta property=\"og:type\" content=\"article\" \/>\n<meta property=\"og:title\" content=\"Empres\u00e1ria baiana Anne Bastos, da Bastos Stores, foi convidada vip da 14\u00aa M\u00f3vel Brasil, em Balne\u00e1rio Cambori\u00fa, Santa Catarina - Portal MF\" \/>\n<meta property=\"og:description\" content=\"A empres\u00e1ria Anne Bastos, CEO da Bastos Store, loja baiana de m\u00f3veis e decora\u00e7\u00e3o que acaba de completar 10 anos em franca expans\u00e3o, s\u00f3 tem tipo motivos para comemorar. Nesta \u00faltima semana, ela esteve em Santa Catarina ao lado do diretor da Bastos Store, Rodrigo Campos, e da Gerente de Marketing, Luana Rodrigues. Por la, [&hellip;]\" \/>\n<meta property=\"og:url\" content=\"https:\/\/portalmf.com.br\/index.php\/2023\/06\/01\/empresaria-baiana-anne-bastos-da-bastos-stores-foi-convidada-vip-da-14a-movel-brasil-em-balneario-camboriu-santa-catarina\/\" \/>\n<meta property=\"og:site_name\" content=\"Portal MF\" \/>\n<meta property=\"article:author\" content=\"https:\/\/www.facebook.com\/portalmfoficial\" \/>\n<meta property=\"article:published_time\" content=\"2023-06-01T12:54:58+00:00\" \/>\n<meta property=\"article:modified_time\" content=\"2023-06-01T12:55:05+00:00\" \/>\n<meta property=\"og:image\" content=\"https:\/\/portalmf.com.br\/wp-content\/uploads\/2023\/06\/IMG-20230601-WA0153.jpg\" \/>\n\t<meta property=\"og:image:width\" content=\"1198\" \/>\n\t<meta property=\"og:image:height\" content=\"948\" \/>\n\t<meta property=\"og:image:type\" content=\"image\/jpeg\" \/>\n<meta name=\"author\" content=\"Reda\u00e7\u00e3o Portal MF\" \/>\n<meta name=\"twitter:card\" content=\"summary_large_image\" \/>\n<meta name=\"twitter:creator\" content=\"@https:\/\/x.com\/portalmfoficial\" \/>\n<meta name=\"twitter:label1\" content=\"Escrito por\" \/>\n\t<meta name=\"twitter:data1\" content=\"Reda\u00e7\u00e3o Portal MF\" \/>\n\t<meta name=\"twitter:label2\" content=\"Est. tempo de leitura\" \/>\n\t<meta name=\"twitter:data2\" content=\"2 minutos\" \/>\n<script type=\"application\/ld+json\" class=\"yoast-schema-graph\">{\"@context\":\"https:\/\/schema.org\",\"@graph\":[{\"@type\":\"WebPage\",\"@id\":\"https:\/\/portalmf.com.br\/index.php\/2023\/06\/01\/empresaria-baiana-anne-bastos-da-bastos-stores-foi-convidada-vip-da-14a-movel-brasil-em-balneario-camboriu-santa-catarina\/\",\"url\":\"https:\/\/portalmf.com.br\/index.php\/2023\/06\/01\/empresaria-baiana-anne-bastos-da-bastos-stores-foi-convidada-vip-da-14a-movel-brasil-em-balneario-camboriu-santa-catarina\/\",\"name\":\"Empres\u00e1ria baiana Anne Bastos, da Bastos Stores, foi convidada vip da 14\u00aa M\u00f3vel Brasil, em Balne\u00e1rio Cambori\u00fa, Santa Catarina - Portal MF\",\"isPartOf\":{\"@id\":\"https:\/\/portalmf.com.br\/#website\"},\"primaryImageOfPage\":{\"@id\":\"https:\/\/portalmf.com.br\/index.php\/2023\/06\/01\/empresaria-baiana-anne-bastos-da-bastos-stores-foi-convidada-vip-da-14a-movel-brasil-em-balneario-camboriu-santa-catarina\/#primaryimage\"},\"image\":{\"@id\":\"https:\/\/portalmf.com.br\/index.php\/2023\/06\/01\/empresaria-baiana-anne-bastos-da-bastos-stores-foi-convidada-vip-da-14a-movel-brasil-em-balneario-camboriu-santa-catarina\/#primaryimage\"},\"thumbnailUrl\":\"https:\/\/portalmf.com.br\/wp-content\/uploads\/2023\/06\/IMG-20230601-WA0153.jpg\",\"datePublished\":\"2023-06-01T12:54:58+00:00\",\"dateModified\":\"2023-06-01T12:55:05+00:00\",\"author\":{\"@id\":\"https:\/\/portalmf.com.br\/#\/schema\/person\/9ec101baf56233e53520c26de5d6f6f0\"},\"breadcrumb\":{\"@id\":\"https:\/\/portalmf.com.br\/index.php\/2023\/06\/01\/empresaria-baiana-anne-bastos-da-bastos-stores-foi-convidada-vip-da-14a-movel-brasil-em-balneario-camboriu-santa-catarina\/#breadcrumb\"},\"inLanguage\":\"pt-BR\",\"potentialAction\":[{\"@type\":\"ReadAction\",\"target\":[\"https:\/\/portalmf.com.br\/index.php\/2023\/06\/01\/empresaria-baiana-anne-bastos-da-bastos-stores-foi-convidada-vip-da-14a-movel-brasil-em-balneario-camboriu-santa-catarina\/\"]}]},{\"@type\":\"ImageObject\",\"inLanguage\":\"pt-BR\",\"@id\":\"https:\/\/portalmf.com.br\/index.php\/2023\/06\/01\/empresaria-baiana-anne-bastos-da-bastos-stores-foi-convidada-vip-da-14a-movel-brasil-em-balneario-camboriu-santa-catarina\/#primaryimage\",\"url\":\"https:\/\/portalmf.com.br\/wp-content\/uploads\/2023\/06\/IMG-20230601-WA0153.jpg\",\"contentUrl\":\"https:\/\/portalmf.com.br\/wp-content\/uploads\/2023\/06\/IMG-20230601-WA0153.jpg\",\"width\":1198,\"height\":948},{\"@type\":\"BreadcrumbList\",\"@id\":\"https:\/\/portalmf.com.br\/index.php\/2023\/06\/01\/empresaria-baiana-anne-bastos-da-bastos-stores-foi-convidada-vip-da-14a-movel-brasil-em-balneario-camboriu-santa-catarina\/#breadcrumb\",\"itemListElement\":[{\"@type\":\"ListItem\",\"position\":1,\"name\":\"In\u00edcio\",\"item\":\"https:\/\/portalmf.com.br\/\"},{\"@type\":\"ListItem\",\"position\":2,\"name\":\"Empres\u00e1ria baiana Anne Bastos, da Bastos Stores, foi convidada vip da 14\u00aa M\u00f3vel Brasil, em Balne\u00e1rio Cambori\u00fa, Santa Catarina\"}]},{\"@type\":\"WebSite\",\"@id\":\"https:\/\/portalmf.com.br\/#website\",\"url\":\"https:\/\/portalmf.com.br\/\",\"name\":\"Portal MF\",\"description\":\"Voc\u00ea conectado com a informa\u00e7\u00e3o\",\"potentialAction\":[{\"@type\":\"SearchAction\",\"target\":{\"@type\":\"EntryPoint\",\"urlTemplate\":\"https:\/\/portalmf.com.br\/?s={search_term_string}\"},\"query-input\":\"required name=search_term_string\"}],\"inLanguage\":\"pt-BR\"},{\"@type\":\"Person\",\"@id\":\"https:\/\/portalmf.com.br\/#\/schema\/person\/9ec101baf56233e53520c26de5d6f6f0\",\"name\":\"Reda\u00e7\u00e3o Portal MF\",\"image\":{\"@type\":\"ImageObject\",\"inLanguage\":\"pt-BR\",\"@id\":\"https:\/\/portalmf.com.br\/#\/schema\/person\/image\/\",\"url\":\"https:\/\/secure.gravatar.com\/avatar\/41b9aaeb2100835f7c64362330f74c7f?s=96&d=mm&r=g\",\"contentUrl\":\"https:\/\/secure.gravatar.com\/avatar\/41b9aaeb2100835f7c64362330f74c7f?s=96&d=mm&r=g\",\"caption\":\"Reda\u00e7\u00e3o Portal MF\"},\"description\":\"Sejam bem-vindos o portal de informa\u00e7\u00f5es de entretenimento de Feira de Santana, desde 2006 realiza coberturas dos principais eventos com entrevistas exclusivas com as principais personalidades mundiais. Fique conectado tamb\u00e9m nas redes sociais.\",\"sameAs\":[\"http:\/\/www.portalmf.com.br\/\",\"https:\/\/www.facebook.com\/portalmfoficial\",\"https:\/\/www.instagram.com\/portalmf\/\",\"https:\/\/x.com\/https:\/\/x.com\/portalmfoficial\",\"https:\/\/www.youtube.com\/@portalmfoficial\"],\"url\":\"https:\/\/portalmf.com.br\/index.php\/author\/junior\/\"}]}<\/script>\n<!-- \/ Yoast SEO plugin. -->","yoast_head_json":{"title":"Empres\u00e1ria baiana Anne Bastos, da Bastos Stores, foi convidada vip da 14\u00aa M\u00f3vel Brasil, em Balne\u00e1rio Cambori\u00fa, Santa Catarina - Portal MF","robots":{"index":"index","follow":"follow","max-snippet":"max-snippet:-1","max-image-preview":"max-image-preview:large","max-video-preview":"max-video-preview:-1"},"canonical":"https:\/\/portalmf.com.br\/index.php\/2023\/06\/01\/empresaria-baiana-anne-bastos-da-bastos-stores-foi-convidada-vip-da-14a-movel-brasil-em-balneario-camboriu-santa-catarina\/","og_locale":"pt_BR","og_type":"article","og_title":"Empres\u00e1ria baiana Anne Bastos, da Bastos Stores, foi convidada vip da 14\u00aa M\u00f3vel Brasil, em Balne\u00e1rio Cambori\u00fa, Santa Catarina - Portal MF","og_description":"A empres\u00e1ria Anne Bastos, CEO da Bastos Store, loja baiana de m\u00f3veis e decora\u00e7\u00e3o que acaba de completar 10 anos em franca expans\u00e3o, s\u00f3 tem tipo motivos para comemorar. Nesta \u00faltima semana, ela esteve em Santa Catarina ao lado do diretor da Bastos Store, Rodrigo Campos, e da Gerente de Marketing, Luana Rodrigues. Por la, [&hellip;]","og_url":"https:\/\/portalmf.com.br\/index.php\/2023\/06\/01\/empresaria-baiana-anne-bastos-da-bastos-stores-foi-convidada-vip-da-14a-movel-brasil-em-balneario-camboriu-santa-catarina\/","og_site_name":"Portal MF","article_author":"https:\/\/www.facebook.com\/portalmfoficial","article_published_time":"2023-06-01T12:54:58+00:00","article_modified_time":"2023-06-01T12:55:05+00:00","og_image":[{"width":1198,"height":948,"url":"https:\/\/portalmf.com.br\/wp-content\/uploads\/2023\/06\/IMG-20230601-WA0153.jpg","type":"image\/jpeg"}],"author":"Reda\u00e7\u00e3o Portal MF","twitter_card":"summary_large_image","twitter_creator":"@https:\/\/x.com\/portalmfoficial","twitter_misc":{"Escrito por":"Reda\u00e7\u00e3o Portal MF","Est. tempo de leitura":"2 minutos"},"schema":{"@context":"https:\/\/schema.org","@graph":[{"@type":"WebPage","@id":"https:\/\/portalmf.com.br\/index.php\/2023\/06\/01\/empresaria-baiana-anne-bastos-da-bastos-stores-foi-convidada-vip-da-14a-movel-brasil-em-balneario-camboriu-santa-catarina\/","url":"https:\/\/portalmf.com.br\/index.php\/2023\/06\/01\/empresaria-baiana-anne-bastos-da-bastos-stores-foi-convidada-vip-da-14a-movel-brasil-em-balneario-camboriu-santa-catarina\/","name":"Empres\u00e1ria baiana Anne Bastos, da Bastos Stores, foi convidada vip da 14\u00aa M\u00f3vel Brasil, em Balne\u00e1rio Cambori\u00fa, Santa Catarina - Portal MF","isPartOf":{"@id":"https:\/\/portalmf.com.br\/#website"},"primaryImageOfPage":{"@id":"https:\/\/portalmf.com.br\/index.php\/2023\/06\/01\/empresaria-baiana-anne-bastos-da-bastos-stores-foi-convidada-vip-da-14a-movel-brasil-em-balneario-camboriu-santa-catarina\/#primaryimage"},"image":{"@id":"https:\/\/portalmf.com.br\/index.php\/2023\/06\/01\/empresaria-baiana-anne-bastos-da-bastos-stores-foi-convidada-vip-da-14a-movel-brasil-em-balneario-camboriu-santa-catarina\/#primaryimage"},"thumbnailUrl":"https:\/\/portalmf.com.br\/wp-content\/uploads\/2023\/06\/IMG-20230601-WA0153.jpg","datePublished":"2023-06-01T12:54:58+00:00","dateModified":"2023-06-01T12:55:05+00:00","author":{"@id":"https:\/\/portalmf.com.br\/#\/schema\/person\/9ec101baf56233e53520c26de5d6f6f0"},"breadcrumb":{"@id":"https:\/\/portalmf.com.br\/index.php\/2023\/06\/01\/empresaria-baiana-anne-bastos-da-bastos-stores-foi-convidada-vip-da-14a-movel-brasil-em-balneario-camboriu-santa-catarina\/#breadcrumb"},"inLanguage":"pt-BR","potentialAction":[{"@type":"ReadAction","target":["https:\/\/portalmf.com.br\/index.php\/2023\/06\/01\/empresaria-baiana-anne-bastos-da-bastos-stores-foi-convidada-vip-da-14a-movel-brasil-em-balneario-camboriu-santa-catarina\/"]}]},{"@type":"ImageObject","inLanguage":"pt-BR","@id":"https:\/\/portalmf.com.br\/index.php\/2023\/06\/01\/empresaria-baiana-anne-bastos-da-bastos-stores-foi-convidada-vip-da-14a-movel-brasil-em-balneario-camboriu-santa-catarina\/#primaryimage","url":"https:\/\/portalmf.com.br\/wp-content\/uploads\/2023\/06\/IMG-20230601-WA0153.jpg","contentUrl":"https:\/\/portalmf.com.br\/wp-content\/uploads\/2023\/06\/IMG-20230601-WA0153.jpg","width":1198,"height":948},{"@type":"BreadcrumbList","@id":"https:\/\/portalmf.com.br\/index.php\/2023\/06\/01\/empresaria-baiana-anne-bastos-da-bastos-stores-foi-convidada-vip-da-14a-movel-brasil-em-balneario-camboriu-santa-catarina\/#breadcrumb","itemListElement":[{"@type":"ListItem","position":1,"name":"In\u00edcio","item":"https:\/\/portalmf.com.br\/"},{"@type":"ListItem","position":2,"name":"Empres\u00e1ria baiana Anne Bastos, da Bastos Stores, foi convidada vip da 14\u00aa M\u00f3vel Brasil, em Balne\u00e1rio Cambori\u00fa, Santa Catarina"}]},{"@type":"WebSite","@id":"https:\/\/portalmf.com.br\/#website","url":"https:\/\/portalmf.com.br\/","name":"Portal MF","description":"Voc\u00ea conectado com a informa\u00e7\u00e3o","potentialAction":[{"@type":"SearchAction","target":{"@type":"EntryPoint","urlTemplate":"https:\/\/portalmf.com.br\/?s={search_term_string}"},"query-input":"required name=search_term_string"}],"inLanguage":"pt-BR"},{"@type":"Person","@id":"https:\/\/portalmf.com.br\/#\/schema\/person\/9ec101baf56233e53520c26de5d6f6f0","name":"Reda\u00e7\u00e3o Portal MF","image":{"@type":"ImageObject","inLanguage":"pt-BR","@id":"https:\/\/portalmf.com.br\/#\/schema\/person\/image\/","url":"https:\/\/secure.gravatar.com\/avatar\/41b9aaeb2100835f7c64362330f74c7f?s=96&d=mm&r=g","contentUrl":"https:\/\/secure.gravatar.com\/avatar\/41b9aaeb2100835f7c64362330f74c7f?s=96&d=mm&r=g","caption":"Reda\u00e7\u00e3o Portal MF"},"description":"Sejam bem-vindos o portal de informa\u00e7\u00f5es de entretenimento de Feira de Santana, desde 2006 realiza coberturas dos principais eventos com entrevistas exclusivas com as principais personalidades mundiais. Fique conectado tamb\u00e9m nas redes sociais.","sameAs":["http:\/\/www.portalmf.com.br\/","https:\/\/www.facebook.com\/portalmfoficial","https:\/\/www.instagram.com\/portalmf\/","https:\/\/x.com\/https:\/\/x.com\/portalmfoficial","https:\/\/www.youtube.com\/@portalmfoficial"],"url":"https:\/\/portalmf.com.br\/index.php\/author\/junior\/"}]}},"_links":{"self":[{"href":"https:\/\/portalmf.com.br\/index.php\/wp-json\/wp\/v2\/posts\/12575"}],"collection":[{"href":"https:\/\/portalmf.com.br\/index.php\/wp-json\/wp\/v2\/posts"}],"about":[{"href":"https:\/\/portalmf.com.br\/index.php\/wp-json\/wp\/v2\/types\/post"}],"author":[{"embeddable":true,"href":"https:\/\/portalmf.com.br\/index.php\/wp-json\/wp\/v2\/users\/3"}],"replies":[{"embeddable":true,"href":"https:\/\/portalmf.com.br\/index.php\/wp-json\/wp\/v2\/comments?post=12575"}],"version-history":[{"count":1,"href":"https:\/\/portalmf.com.br\/index.php\/wp-json\/wp\/v2\/posts\/12575\/revisions"}],"predecessor-version":[{"id":12577,"href":"https:\/\/portalmf.com.br\/index.php\/wp-json\/wp\/v2\/posts\/12575\/revisions\/12577"}],"wp:featuredmedia":[{"embeddable":true,"href":"https:\/\/portalmf.com.br\/index.php\/wp-json\/wp\/v2\/media\/12576"}],"wp:attachment":[{"href":"https:\/\/portalmf.com.br\/index.php\/wp-json\/wp\/v2\/media?parent=12575"}],"wp:term":[{"taxonomy":"category","embeddable":true,"href":"https:\/\/portalmf.com.br\/index.php\/wp-json\/wp\/v2\/categories?post=12575"},{"taxonomy":"post_tag","embeddable":true,"href":"https:\/\/portalmf.com.br\/index.php\/wp-json\/wp\/v2\/tags?post=12575"}],"curies":[{"name":"wp","href":"https:\/\/api.w.org\/{rel}","templated":true}]}}