{"id":12513,"date":"2023-05-30T16:59:00","date_gmt":"2023-05-30T19:59:00","guid":{"rendered":"https:\/\/portalmf.com.br\/?p=12513"},"modified":"2023-05-30T16:59:01","modified_gmt":"2023-05-30T19:59:01","slug":"socio-fundador-da-soul-dila-participa-do-moda-trend-no-interior-da-bahia","status":"publish","type":"post","link":"https:\/\/portalmf.com.br\/index.php\/2023\/05\/30\/socio-fundador-da-soul-dila-participa-do-moda-trend-no-interior-da-bahia\/","title":{"rendered":"S\u00f3cio-fundador da Soul Dila participa do Moda Trend, no interior da Bahia"},"content":{"rendered":"\n<p>O empres\u00e1rio&nbsp;<strong>Eduardo Bahiana<\/strong>, creator e s\u00f3cio-fundador da&nbsp;<strong>Soul Dila<\/strong>, ser\u00e1 um dos palestrantes da primeira edi\u00e7\u00e3o do&nbsp;<strong>SEBRAE Moda Trend<\/strong>, que acontece nos dias 30 e 31 de maio, em Ilh\u00e9us e Itabuna, respectivamente.<\/p>\n\n\n\n<p>A proposta do SEBRAE\/BA com a programa\u00e7\u00e3o \u00e9 fornecer conhecimentos e ferramentas pr\u00e1ticas para que os empres\u00e1rios da regi\u00e3o aprimorem suas habilidades, expandam seus neg\u00f3cios e aumentem sua visibilidade no mercado.<\/p>\n\n\n\n<p><em>&#8220;Fomos convidados para levar um pouco da hist\u00f3ria da Soul Dila atrelada ao processo criativo e um pouco do vi\u00e9s socioambiental que \u00e9 fortemente conectado ao nosso caminhar&#8221;,<\/em> explica Eduardo, que estar\u00e1 acompanhado de Phaedra Brasil, especialista em imagem e Styling de moda pelo SENAC; e Aline Monaretto, influencer e empres\u00e1ria das ag\u00eancias Socialmed e Conclave Evento e co-fundadora do WMM.<\/p>\n\n\n\n<p>O evento abordar\u00e1 temas e estrat\u00e9gias de influ\u00eancia digital, empreendedorismo no setor da moda e marketing, a import\u00e2ncia de impulsionar os neg\u00f3cios e demais assuntos do universo da moda. S\u00e3o apenas 400 vagas oferecidas e as inscri\u00e7\u00f5es podem ser feitas pelo&nbsp;<a href=\"http:\/\/bit.ly\/3W8qssO\" target=\"_blank\" rel=\"noreferrer noopener\">Sympla<\/a>.<\/p>\n","protected":false},"excerpt":{"rendered":"<p>O empres\u00e1rio&nbsp;Eduardo Bahiana, creator e s\u00f3cio-fundador da&nbsp;Soul Dila, ser\u00e1 um dos palestrantes da primeira edi\u00e7\u00e3o do&nbsp;SEBRAE Moda Trend, que acontece nos dias 30 e 31 de maio, em Ilh\u00e9us e Itabuna, respectivamente. A proposta do SEBRAE\/BA com a programa\u00e7\u00e3o \u00e9 fornecer conhecimentos e ferramentas pr\u00e1ticas para que os empres\u00e1rios da regi\u00e3o aprimorem suas habilidades, expandam [&hellip;]<\/p>\n","protected":false},"author":3,"featured_media":12514,"comment_status":"open","ping_status":"open","sticky":false,"template":"","format":"standard","meta":{"_monsterinsights_skip_tracking":false,"_monsterinsights_sitenote_active":false,"_monsterinsights_sitenote_note":"","_monsterinsights_sitenote_category":0,"footnotes":""},"categories":[295],"tags":[],"yoast_head":"<!-- This site is optimized with the Yoast SEO plugin v22.9 - https:\/\/yoast.com\/wordpress\/plugins\/seo\/ -->\n<title>S\u00f3cio-fundador da Soul Dila participa do Moda Trend, no interior da Bahia - Portal MF<\/title>\n<meta name=\"robots\" content=\"index, follow, max-snippet:-1, max-image-preview:large, max-video-preview:-1\" \/>\n<link rel=\"canonical\" href=\"https:\/\/portalmf.com.br\/index.php\/2023\/05\/30\/socio-fundador-da-soul-dila-participa-do-moda-trend-no-interior-da-bahia\/\" \/>\n<meta property=\"og:locale\" content=\"pt_BR\" \/>\n<meta property=\"og:type\" content=\"article\" \/>\n<meta property=\"og:title\" content=\"S\u00f3cio-fundador da Soul Dila participa do Moda Trend, no interior da Bahia - Portal MF\" \/>\n<meta property=\"og:description\" content=\"O empres\u00e1rio&nbsp;Eduardo Bahiana, creator e s\u00f3cio-fundador da&nbsp;Soul Dila, ser\u00e1 um dos palestrantes da primeira edi\u00e7\u00e3o do&nbsp;SEBRAE Moda Trend, que acontece nos dias 30 e 31 de maio, em Ilh\u00e9us e Itabuna, respectivamente. A proposta do SEBRAE\/BA com a programa\u00e7\u00e3o \u00e9 fornecer conhecimentos e ferramentas pr\u00e1ticas para que os empres\u00e1rios da regi\u00e3o aprimorem suas habilidades, expandam [&hellip;]\" \/>\n<meta property=\"og:url\" content=\"https:\/\/portalmf.com.br\/index.php\/2023\/05\/30\/socio-fundador-da-soul-dila-participa-do-moda-trend-no-interior-da-bahia\/\" \/>\n<meta property=\"og:site_name\" content=\"Portal MF\" \/>\n<meta property=\"article:author\" content=\"https:\/\/www.facebook.com\/portalmfoficial\" \/>\n<meta property=\"article:published_time\" content=\"2023-05-30T19:59:00+00:00\" \/>\n<meta property=\"article:modified_time\" content=\"2023-05-30T19:59:01+00:00\" \/>\n<meta property=\"og:image\" content=\"https:\/\/portalmf.com.br\/wp-content\/uploads\/2023\/05\/Eduardo-Bahiana-Foto-Marina-Silva-Correio.jpg\" \/>\n\t<meta property=\"og:image:width\" content=\"913\" \/>\n\t<meta property=\"og:image:height\" content=\"627\" \/>\n\t<meta property=\"og:image:type\" content=\"image\/jpeg\" \/>\n<meta name=\"author\" content=\"Reda\u00e7\u00e3o Portal MF\" \/>\n<meta name=\"twitter:card\" content=\"summary_large_image\" \/>\n<meta name=\"twitter:creator\" content=\"@https:\/\/x.com\/portalmfoficial\" \/>\n<meta name=\"twitter:label1\" content=\"Escrito por\" \/>\n\t<meta name=\"twitter:data1\" content=\"Reda\u00e7\u00e3o Portal MF\" \/>\n\t<meta name=\"twitter:label2\" content=\"Est. tempo de leitura\" \/>\n\t<meta name=\"twitter:data2\" content=\"1 minuto\" \/>\n<script type=\"application\/ld+json\" class=\"yoast-schema-graph\">{\"@context\":\"https:\/\/schema.org\",\"@graph\":[{\"@type\":\"WebPage\",\"@id\":\"https:\/\/portalmf.com.br\/index.php\/2023\/05\/30\/socio-fundador-da-soul-dila-participa-do-moda-trend-no-interior-da-bahia\/\",\"url\":\"https:\/\/portalmf.com.br\/index.php\/2023\/05\/30\/socio-fundador-da-soul-dila-participa-do-moda-trend-no-interior-da-bahia\/\",\"name\":\"S\u00f3cio-fundador da Soul Dila participa do Moda Trend, no interior da Bahia - Portal MF\",\"isPartOf\":{\"@id\":\"https:\/\/portalmf.com.br\/#website\"},\"primaryImageOfPage\":{\"@id\":\"https:\/\/portalmf.com.br\/index.php\/2023\/05\/30\/socio-fundador-da-soul-dila-participa-do-moda-trend-no-interior-da-bahia\/#primaryimage\"},\"image\":{\"@id\":\"https:\/\/portalmf.com.br\/index.php\/2023\/05\/30\/socio-fundador-da-soul-dila-participa-do-moda-trend-no-interior-da-bahia\/#primaryimage\"},\"thumbnailUrl\":\"https:\/\/portalmf.com.br\/wp-content\/uploads\/2023\/05\/Eduardo-Bahiana-Foto-Marina-Silva-Correio.jpg\",\"datePublished\":\"2023-05-30T19:59:00+00:00\",\"dateModified\":\"2023-05-30T19:59:01+00:00\",\"author\":{\"@id\":\"https:\/\/portalmf.com.br\/#\/schema\/person\/9ec101baf56233e53520c26de5d6f6f0\"},\"breadcrumb\":{\"@id\":\"https:\/\/portalmf.com.br\/index.php\/2023\/05\/30\/socio-fundador-da-soul-dila-participa-do-moda-trend-no-interior-da-bahia\/#breadcrumb\"},\"inLanguage\":\"pt-BR\",\"potentialAction\":[{\"@type\":\"ReadAction\",\"target\":[\"https:\/\/portalmf.com.br\/index.php\/2023\/05\/30\/socio-fundador-da-soul-dila-participa-do-moda-trend-no-interior-da-bahia\/\"]}]},{\"@type\":\"ImageObject\",\"inLanguage\":\"pt-BR\",\"@id\":\"https:\/\/portalmf.com.br\/index.php\/2023\/05\/30\/socio-fundador-da-soul-dila-participa-do-moda-trend-no-interior-da-bahia\/#primaryimage\",\"url\":\"https:\/\/portalmf.com.br\/wp-content\/uploads\/2023\/05\/Eduardo-Bahiana-Foto-Marina-Silva-Correio.jpg\",\"contentUrl\":\"https:\/\/portalmf.com.br\/wp-content\/uploads\/2023\/05\/Eduardo-Bahiana-Foto-Marina-Silva-Correio.jpg\",\"width\":913,\"height\":627,\"caption\":\"Foto: Marina Silva (Correio)\"},{\"@type\":\"BreadcrumbList\",\"@id\":\"https:\/\/portalmf.com.br\/index.php\/2023\/05\/30\/socio-fundador-da-soul-dila-participa-do-moda-trend-no-interior-da-bahia\/#breadcrumb\",\"itemListElement\":[{\"@type\":\"ListItem\",\"position\":1,\"name\":\"In\u00edcio\",\"item\":\"https:\/\/portalmf.com.br\/\"},{\"@type\":\"ListItem\",\"position\":2,\"name\":\"S\u00f3cio-fundador da Soul Dila participa do Moda Trend, no interior da Bahia\"}]},{\"@type\":\"WebSite\",\"@id\":\"https:\/\/portalmf.com.br\/#website\",\"url\":\"https:\/\/portalmf.com.br\/\",\"name\":\"Portal MF\",\"description\":\"Voc\u00ea conectado com a informa\u00e7\u00e3o\",\"potentialAction\":[{\"@type\":\"SearchAction\",\"target\":{\"@type\":\"EntryPoint\",\"urlTemplate\":\"https:\/\/portalmf.com.br\/?s={search_term_string}\"},\"query-input\":\"required name=search_term_string\"}],\"inLanguage\":\"pt-BR\"},{\"@type\":\"Person\",\"@id\":\"https:\/\/portalmf.com.br\/#\/schema\/person\/9ec101baf56233e53520c26de5d6f6f0\",\"name\":\"Reda\u00e7\u00e3o Portal MF\",\"image\":{\"@type\":\"ImageObject\",\"inLanguage\":\"pt-BR\",\"@id\":\"https:\/\/portalmf.com.br\/#\/schema\/person\/image\/\",\"url\":\"https:\/\/secure.gravatar.com\/avatar\/41b9aaeb2100835f7c64362330f74c7f?s=96&d=mm&r=g\",\"contentUrl\":\"https:\/\/secure.gravatar.com\/avatar\/41b9aaeb2100835f7c64362330f74c7f?s=96&d=mm&r=g\",\"caption\":\"Reda\u00e7\u00e3o Portal MF\"},\"description\":\"Sejam bem-vindos o portal de informa\u00e7\u00f5es de entretenimento de Feira de Santana, desde 2006 realiza coberturas dos principais eventos com entrevistas exclusivas com as principais personalidades mundiais. Fique conectado tamb\u00e9m nas redes sociais.\",\"sameAs\":[\"http:\/\/www.portalmf.com.br\/\",\"https:\/\/www.facebook.com\/portalmfoficial\",\"https:\/\/www.instagram.com\/portalmf\/\",\"https:\/\/x.com\/https:\/\/x.com\/portalmfoficial\",\"https:\/\/www.youtube.com\/@portalmfoficial\"],\"url\":\"https:\/\/portalmf.com.br\/index.php\/author\/junior\/\"}]}<\/script>\n<!-- \/ Yoast SEO plugin. -->","yoast_head_json":{"title":"S\u00f3cio-fundador da Soul Dila participa do Moda Trend, no interior da Bahia - Portal MF","robots":{"index":"index","follow":"follow","max-snippet":"max-snippet:-1","max-image-preview":"max-image-preview:large","max-video-preview":"max-video-preview:-1"},"canonical":"https:\/\/portalmf.com.br\/index.php\/2023\/05\/30\/socio-fundador-da-soul-dila-participa-do-moda-trend-no-interior-da-bahia\/","og_locale":"pt_BR","og_type":"article","og_title":"S\u00f3cio-fundador da Soul Dila participa do Moda Trend, no interior da Bahia - Portal MF","og_description":"O empres\u00e1rio&nbsp;Eduardo Bahiana, creator e s\u00f3cio-fundador da&nbsp;Soul Dila, ser\u00e1 um dos palestrantes da primeira edi\u00e7\u00e3o do&nbsp;SEBRAE Moda Trend, que acontece nos dias 30 e 31 de maio, em Ilh\u00e9us e Itabuna, respectivamente. A proposta do SEBRAE\/BA com a programa\u00e7\u00e3o \u00e9 fornecer conhecimentos e ferramentas pr\u00e1ticas para que os empres\u00e1rios da regi\u00e3o aprimorem suas habilidades, expandam [&hellip;]","og_url":"https:\/\/portalmf.com.br\/index.php\/2023\/05\/30\/socio-fundador-da-soul-dila-participa-do-moda-trend-no-interior-da-bahia\/","og_site_name":"Portal MF","article_author":"https:\/\/www.facebook.com\/portalmfoficial","article_published_time":"2023-05-30T19:59:00+00:00","article_modified_time":"2023-05-30T19:59:01+00:00","og_image":[{"width":913,"height":627,"url":"https:\/\/portalmf.com.br\/wp-content\/uploads\/2023\/05\/Eduardo-Bahiana-Foto-Marina-Silva-Correio.jpg","type":"image\/jpeg"}],"author":"Reda\u00e7\u00e3o Portal MF","twitter_card":"summary_large_image","twitter_creator":"@https:\/\/x.com\/portalmfoficial","twitter_misc":{"Escrito por":"Reda\u00e7\u00e3o Portal MF","Est. tempo de leitura":"1 minuto"},"schema":{"@context":"https:\/\/schema.org","@graph":[{"@type":"WebPage","@id":"https:\/\/portalmf.com.br\/index.php\/2023\/05\/30\/socio-fundador-da-soul-dila-participa-do-moda-trend-no-interior-da-bahia\/","url":"https:\/\/portalmf.com.br\/index.php\/2023\/05\/30\/socio-fundador-da-soul-dila-participa-do-moda-trend-no-interior-da-bahia\/","name":"S\u00f3cio-fundador da Soul Dila participa do Moda Trend, no interior da Bahia - Portal MF","isPartOf":{"@id":"https:\/\/portalmf.com.br\/#website"},"primaryImageOfPage":{"@id":"https:\/\/portalmf.com.br\/index.php\/2023\/05\/30\/socio-fundador-da-soul-dila-participa-do-moda-trend-no-interior-da-bahia\/#primaryimage"},"image":{"@id":"https:\/\/portalmf.com.br\/index.php\/2023\/05\/30\/socio-fundador-da-soul-dila-participa-do-moda-trend-no-interior-da-bahia\/#primaryimage"},"thumbnailUrl":"https:\/\/portalmf.com.br\/wp-content\/uploads\/2023\/05\/Eduardo-Bahiana-Foto-Marina-Silva-Correio.jpg","datePublished":"2023-05-30T19:59:00+00:00","dateModified":"2023-05-30T19:59:01+00:00","author":{"@id":"https:\/\/portalmf.com.br\/#\/schema\/person\/9ec101baf56233e53520c26de5d6f6f0"},"breadcrumb":{"@id":"https:\/\/portalmf.com.br\/index.php\/2023\/05\/30\/socio-fundador-da-soul-dila-participa-do-moda-trend-no-interior-da-bahia\/#breadcrumb"},"inLanguage":"pt-BR","potentialAction":[{"@type":"ReadAction","target":["https:\/\/portalmf.com.br\/index.php\/2023\/05\/30\/socio-fundador-da-soul-dila-participa-do-moda-trend-no-interior-da-bahia\/"]}]},{"@type":"ImageObject","inLanguage":"pt-BR","@id":"https:\/\/portalmf.com.br\/index.php\/2023\/05\/30\/socio-fundador-da-soul-dila-participa-do-moda-trend-no-interior-da-bahia\/#primaryimage","url":"https:\/\/portalmf.com.br\/wp-content\/uploads\/2023\/05\/Eduardo-Bahiana-Foto-Marina-Silva-Correio.jpg","contentUrl":"https:\/\/portalmf.com.br\/wp-content\/uploads\/2023\/05\/Eduardo-Bahiana-Foto-Marina-Silva-Correio.jpg","width":913,"height":627,"caption":"Foto: Marina Silva (Correio)"},{"@type":"BreadcrumbList","@id":"https:\/\/portalmf.com.br\/index.php\/2023\/05\/30\/socio-fundador-da-soul-dila-participa-do-moda-trend-no-interior-da-bahia\/#breadcrumb","itemListElement":[{"@type":"ListItem","position":1,"name":"In\u00edcio","item":"https:\/\/portalmf.com.br\/"},{"@type":"ListItem","position":2,"name":"S\u00f3cio-fundador da Soul Dila participa do Moda Trend, no interior da Bahia"}]},{"@type":"WebSite","@id":"https:\/\/portalmf.com.br\/#website","url":"https:\/\/portalmf.com.br\/","name":"Portal MF","description":"Voc\u00ea conectado com a informa\u00e7\u00e3o","potentialAction":[{"@type":"SearchAction","target":{"@type":"EntryPoint","urlTemplate":"https:\/\/portalmf.com.br\/?s={search_term_string}"},"query-input":"required name=search_term_string"}],"inLanguage":"pt-BR"},{"@type":"Person","@id":"https:\/\/portalmf.com.br\/#\/schema\/person\/9ec101baf56233e53520c26de5d6f6f0","name":"Reda\u00e7\u00e3o Portal MF","image":{"@type":"ImageObject","inLanguage":"pt-BR","@id":"https:\/\/portalmf.com.br\/#\/schema\/person\/image\/","url":"https:\/\/secure.gravatar.com\/avatar\/41b9aaeb2100835f7c64362330f74c7f?s=96&d=mm&r=g","contentUrl":"https:\/\/secure.gravatar.com\/avatar\/41b9aaeb2100835f7c64362330f74c7f?s=96&d=mm&r=g","caption":"Reda\u00e7\u00e3o Portal MF"},"description":"Sejam bem-vindos o portal de informa\u00e7\u00f5es de entretenimento de Feira de Santana, desde 2006 realiza coberturas dos principais eventos com entrevistas exclusivas com as principais personalidades mundiais. Fique conectado tamb\u00e9m nas redes sociais.","sameAs":["http:\/\/www.portalmf.com.br\/","https:\/\/www.facebook.com\/portalmfoficial","https:\/\/www.instagram.com\/portalmf\/","https:\/\/x.com\/https:\/\/x.com\/portalmfoficial","https:\/\/www.youtube.com\/@portalmfoficial"],"url":"https:\/\/portalmf.com.br\/index.php\/author\/junior\/"}]}},"_links":{"self":[{"href":"https:\/\/portalmf.com.br\/index.php\/wp-json\/wp\/v2\/posts\/12513"}],"collection":[{"href":"https:\/\/portalmf.com.br\/index.php\/wp-json\/wp\/v2\/posts"}],"about":[{"href":"https:\/\/portalmf.com.br\/index.php\/wp-json\/wp\/v2\/types\/post"}],"author":[{"embeddable":true,"href":"https:\/\/portalmf.com.br\/index.php\/wp-json\/wp\/v2\/users\/3"}],"replies":[{"embeddable":true,"href":"https:\/\/portalmf.com.br\/index.php\/wp-json\/wp\/v2\/comments?post=12513"}],"version-history":[{"count":1,"href":"https:\/\/portalmf.com.br\/index.php\/wp-json\/wp\/v2\/posts\/12513\/revisions"}],"predecessor-version":[{"id":12515,"href":"https:\/\/portalmf.com.br\/index.php\/wp-json\/wp\/v2\/posts\/12513\/revisions\/12515"}],"wp:featuredmedia":[{"embeddable":true,"href":"https:\/\/portalmf.com.br\/index.php\/wp-json\/wp\/v2\/media\/12514"}],"wp:attachment":[{"href":"https:\/\/portalmf.com.br\/index.php\/wp-json\/wp\/v2\/media?parent=12513"}],"wp:term":[{"taxonomy":"category","embeddable":true,"href":"https:\/\/portalmf.com.br\/index.php\/wp-json\/wp\/v2\/categories?post=12513"},{"taxonomy":"post_tag","embeddable":true,"href":"https:\/\/portalmf.com.br\/index.php\/wp-json\/wp\/v2\/tags?post=12513"}],"curies":[{"name":"wp","href":"https:\/\/api.w.org\/{rel}","templated":true}]}}