{"id":12223,"date":"2023-05-22T16:46:42","date_gmt":"2023-05-22T19:46:42","guid":{"rendered":"https:\/\/portalmf.com.br\/?p=12223"},"modified":"2023-05-22T16:46:48","modified_gmt":"2023-05-22T19:46:48","slug":"ambev-lanca-o-fermenta-edital-de-incentivo-a-projetos-de-cultura-cervejeira","status":"publish","type":"post","link":"https:\/\/portalmf.com.br\/index.php\/2023\/05\/22\/ambev-lanca-o-fermenta-edital-de-incentivo-a-projetos-de-cultura-cervejeira\/","title":{"rendered":"Ambev lan\u00e7a o Fermenta, edital de incentivo a projetos de cultura cervejeira"},"content":{"rendered":"\n<p>Est\u00e3o abertas as inscri\u00e7\u00f5es para o Fermenta, edital que vai apoiar projetos e iniciativas&nbsp; para dissemina\u00e7\u00e3o e impulsionamento da cultura cervejeira.&nbsp;Ser\u00e3o selecionados at\u00e9 5 projetos em tr\u00eas faixas de valor, sendo eles: dois projetos de at\u00e9 15 mil reais, dois projetos de at\u00e9 25&nbsp; mil reais e um projeto de at\u00e9 50 mil reais, divididos em&nbsp;dois eixos tem\u00e1ticos:&nbsp;<strong>crescimento compartilhado e capacita\u00e7\u00e3o<\/strong>&nbsp;, no qual ser\u00e3o contempladas iniciativas que visem a acelera\u00e7\u00e3o e crescimento cont\u00ednuo do ecossistema cervejeiro; e&nbsp;<strong>dissemina\u00e7\u00e3o da cultura cervejeira<\/strong>&nbsp;, no qual o foco \u00e9 fomentar festivais, shows, encontros, competi\u00e7\u00f5es, palestras, produ\u00e7\u00e3o de conte\u00fado em diferentes formatos, produtos para plataformas de streaming (como podcasts, v\u00eddeocasts, etc.), dentre outros tipos de projetos, in\u00e9ditos ou n\u00e3o in\u00e9ditos, que visem o reconhecimento da cultura cervejeira.<\/p>\n\n\n\n<p>Dentro do processo seletivo ser\u00e3o priorizadas iniciativas que promovam diversidade e a\u00e7\u00f5es afirmativas, com foco especialmente em p\u00fablicos minorizados, como mulheres, popula\u00e7\u00e3o negra, comunidade LGBTQIAP+, pessoas com defici\u00eancia, pessoas em situa\u00e7\u00e3o de ref\u00fagio e pessoas com baixa renda, ou que incentivem a inclus\u00e3o produtiva de pessoas em situa\u00e7\u00e3o de vulnerabilidade econ\u00f4mica e social no mundo do trabalho, seja via emprego formal ou via empreendedorismo, de modo que sejam capazes de gerar sua pr\u00f3pria renda.<\/p>\n\n\n\n<p>\u201c<em>Entendemos que profissionaliza\u00e7\u00e3o, democratiza\u00e7\u00e3o de conhecimento e fomento \u00e0 cultura cervejeira s\u00e3o as chaves para o crescimento e destaque do mercado brasileiro. E para a gente, s\u00f3 vale crescer se for para crescer junto, o Fermenta \u00e9 justamente sobre isso<\/em>&nbsp;\u201d, afirma Laura Aguiar, Diretora de Conhecimento e Cultura Cervejeira, sommeli\u00e8re e mestre-cervejeira da Ambev.<\/p>\n\n\n\n<p>As inscri\u00e7\u00f5es j\u00e1 est\u00e3o abertas e seguem dispon\u00edveis at\u00e9 \u00e0s 18h do dia 16 de junho de 2023. Os interessados podem conferir o edital completo e cadastrar seus trabalhos, exclusivamente, pelo\u00a0<a href=\"http:\/\/editalfermentaambev.prosas.com.br\/\" target=\"_blank\" rel=\"noreferrer noopener\">site do Prosas<\/a>\u00a0.<\/p>\n","protected":false},"excerpt":{"rendered":"<p>Est\u00e3o abertas as inscri\u00e7\u00f5es para o Fermenta, edital que vai apoiar projetos e iniciativas&nbsp; para dissemina\u00e7\u00e3o e impulsionamento da cultura cervejeira.&nbsp;Ser\u00e3o selecionados at\u00e9 5 projetos em tr\u00eas faixas de valor, sendo eles: dois projetos de at\u00e9 15 mil reais, dois projetos de at\u00e9 25&nbsp; mil reais e um projeto de at\u00e9 50 mil reais, divididos [&hellip;]<\/p>\n","protected":false},"author":3,"featured_media":12224,"comment_status":"open","ping_status":"open","sticky":false,"template":"","format":"standard","meta":{"_monsterinsights_skip_tracking":false,"_monsterinsights_sitenote_active":false,"_monsterinsights_sitenote_note":"","_monsterinsights_sitenote_category":0,"footnotes":""},"categories":[295],"tags":[],"yoast_head":"<!-- This site is optimized with the Yoast SEO plugin v22.9 - https:\/\/yoast.com\/wordpress\/plugins\/seo\/ -->\n<title>Ambev lan\u00e7a o Fermenta, edital de incentivo a projetos de cultura cervejeira - Portal MF<\/title>\n<meta name=\"robots\" content=\"index, follow, max-snippet:-1, max-image-preview:large, max-video-preview:-1\" \/>\n<link rel=\"canonical\" href=\"https:\/\/portalmf.com.br\/index.php\/2023\/05\/22\/ambev-lanca-o-fermenta-edital-de-incentivo-a-projetos-de-cultura-cervejeira\/\" \/>\n<meta property=\"og:locale\" content=\"pt_BR\" \/>\n<meta property=\"og:type\" content=\"article\" \/>\n<meta property=\"og:title\" content=\"Ambev lan\u00e7a o Fermenta, edital de incentivo a projetos de cultura cervejeira - Portal MF\" \/>\n<meta property=\"og:description\" content=\"Est\u00e3o abertas as inscri\u00e7\u00f5es para o Fermenta, edital que vai apoiar projetos e iniciativas&nbsp; para dissemina\u00e7\u00e3o e impulsionamento da cultura cervejeira.&nbsp;Ser\u00e3o selecionados at\u00e9 5 projetos em tr\u00eas faixas de valor, sendo eles: dois projetos de at\u00e9 15 mil reais, dois projetos de at\u00e9 25&nbsp; mil reais e um projeto de at\u00e9 50 mil reais, divididos [&hellip;]\" \/>\n<meta property=\"og:url\" content=\"https:\/\/portalmf.com.br\/index.php\/2023\/05\/22\/ambev-lanca-o-fermenta-edital-de-incentivo-a-projetos-de-cultura-cervejeira\/\" \/>\n<meta property=\"og:site_name\" content=\"Portal MF\" \/>\n<meta property=\"article:author\" content=\"https:\/\/www.facebook.com\/portalmfoficial\" \/>\n<meta property=\"article:published_time\" content=\"2023-05-22T19:46:42+00:00\" \/>\n<meta property=\"article:modified_time\" content=\"2023-05-22T19:46:48+00:00\" \/>\n<meta property=\"og:image\" content=\"https:\/\/portalmf.com.br\/wp-content\/uploads\/2023\/05\/unnamed.jpg\" \/>\n\t<meta property=\"og:image:width\" content=\"800\" \/>\n\t<meta property=\"og:image:height\" content=\"533\" \/>\n\t<meta property=\"og:image:type\" content=\"image\/jpeg\" \/>\n<meta name=\"author\" content=\"Reda\u00e7\u00e3o Portal MF\" \/>\n<meta name=\"twitter:card\" content=\"summary_large_image\" \/>\n<meta name=\"twitter:creator\" content=\"@https:\/\/x.com\/portalmfoficial\" \/>\n<meta name=\"twitter:label1\" content=\"Escrito por\" \/>\n\t<meta name=\"twitter:data1\" content=\"Reda\u00e7\u00e3o Portal MF\" \/>\n\t<meta name=\"twitter:label2\" content=\"Est. tempo de leitura\" \/>\n\t<meta name=\"twitter:data2\" content=\"2 minutos\" \/>\n<script type=\"application\/ld+json\" class=\"yoast-schema-graph\">{\"@context\":\"https:\/\/schema.org\",\"@graph\":[{\"@type\":\"WebPage\",\"@id\":\"https:\/\/portalmf.com.br\/index.php\/2023\/05\/22\/ambev-lanca-o-fermenta-edital-de-incentivo-a-projetos-de-cultura-cervejeira\/\",\"url\":\"https:\/\/portalmf.com.br\/index.php\/2023\/05\/22\/ambev-lanca-o-fermenta-edital-de-incentivo-a-projetos-de-cultura-cervejeira\/\",\"name\":\"Ambev lan\u00e7a o Fermenta, edital de incentivo a projetos de cultura cervejeira - Portal MF\",\"isPartOf\":{\"@id\":\"https:\/\/portalmf.com.br\/#website\"},\"primaryImageOfPage\":{\"@id\":\"https:\/\/portalmf.com.br\/index.php\/2023\/05\/22\/ambev-lanca-o-fermenta-edital-de-incentivo-a-projetos-de-cultura-cervejeira\/#primaryimage\"},\"image\":{\"@id\":\"https:\/\/portalmf.com.br\/index.php\/2023\/05\/22\/ambev-lanca-o-fermenta-edital-de-incentivo-a-projetos-de-cultura-cervejeira\/#primaryimage\"},\"thumbnailUrl\":\"https:\/\/portalmf.com.br\/wp-content\/uploads\/2023\/05\/unnamed.jpg\",\"datePublished\":\"2023-05-22T19:46:42+00:00\",\"dateModified\":\"2023-05-22T19:46:48+00:00\",\"author\":{\"@id\":\"https:\/\/portalmf.com.br\/#\/schema\/person\/9ec101baf56233e53520c26de5d6f6f0\"},\"breadcrumb\":{\"@id\":\"https:\/\/portalmf.com.br\/index.php\/2023\/05\/22\/ambev-lanca-o-fermenta-edital-de-incentivo-a-projetos-de-cultura-cervejeira\/#breadcrumb\"},\"inLanguage\":\"pt-BR\",\"potentialAction\":[{\"@type\":\"ReadAction\",\"target\":[\"https:\/\/portalmf.com.br\/index.php\/2023\/05\/22\/ambev-lanca-o-fermenta-edital-de-incentivo-a-projetos-de-cultura-cervejeira\/\"]}]},{\"@type\":\"ImageObject\",\"inLanguage\":\"pt-BR\",\"@id\":\"https:\/\/portalmf.com.br\/index.php\/2023\/05\/22\/ambev-lanca-o-fermenta-edital-de-incentivo-a-projetos-de-cultura-cervejeira\/#primaryimage\",\"url\":\"https:\/\/portalmf.com.br\/wp-content\/uploads\/2023\/05\/unnamed.jpg\",\"contentUrl\":\"https:\/\/portalmf.com.br\/wp-content\/uploads\/2023\/05\/unnamed.jpg\",\"width\":800,\"height\":533},{\"@type\":\"BreadcrumbList\",\"@id\":\"https:\/\/portalmf.com.br\/index.php\/2023\/05\/22\/ambev-lanca-o-fermenta-edital-de-incentivo-a-projetos-de-cultura-cervejeira\/#breadcrumb\",\"itemListElement\":[{\"@type\":\"ListItem\",\"position\":1,\"name\":\"In\u00edcio\",\"item\":\"https:\/\/portalmf.com.br\/\"},{\"@type\":\"ListItem\",\"position\":2,\"name\":\"Ambev lan\u00e7a o Fermenta, edital de incentivo a projetos de cultura cervejeira\"}]},{\"@type\":\"WebSite\",\"@id\":\"https:\/\/portalmf.com.br\/#website\",\"url\":\"https:\/\/portalmf.com.br\/\",\"name\":\"Portal MF\",\"description\":\"Voc\u00ea conectado com a informa\u00e7\u00e3o\",\"potentialAction\":[{\"@type\":\"SearchAction\",\"target\":{\"@type\":\"EntryPoint\",\"urlTemplate\":\"https:\/\/portalmf.com.br\/?s={search_term_string}\"},\"query-input\":\"required name=search_term_string\"}],\"inLanguage\":\"pt-BR\"},{\"@type\":\"Person\",\"@id\":\"https:\/\/portalmf.com.br\/#\/schema\/person\/9ec101baf56233e53520c26de5d6f6f0\",\"name\":\"Reda\u00e7\u00e3o Portal MF\",\"image\":{\"@type\":\"ImageObject\",\"inLanguage\":\"pt-BR\",\"@id\":\"https:\/\/portalmf.com.br\/#\/schema\/person\/image\/\",\"url\":\"https:\/\/secure.gravatar.com\/avatar\/41b9aaeb2100835f7c64362330f74c7f?s=96&d=mm&r=g\",\"contentUrl\":\"https:\/\/secure.gravatar.com\/avatar\/41b9aaeb2100835f7c64362330f74c7f?s=96&d=mm&r=g\",\"caption\":\"Reda\u00e7\u00e3o Portal MF\"},\"description\":\"Sejam bem-vindos o portal de informa\u00e7\u00f5es de entretenimento de Feira de Santana, desde 2006 realiza coberturas dos principais eventos com entrevistas exclusivas com as principais personalidades mundiais. Fique conectado tamb\u00e9m nas redes sociais.\",\"sameAs\":[\"http:\/\/www.portalmf.com.br\/\",\"https:\/\/www.facebook.com\/portalmfoficial\",\"https:\/\/www.instagram.com\/portalmf\/\",\"https:\/\/x.com\/https:\/\/x.com\/portalmfoficial\",\"https:\/\/www.youtube.com\/@portalmfoficial\"],\"url\":\"https:\/\/portalmf.com.br\/index.php\/author\/junior\/\"}]}<\/script>\n<!-- \/ Yoast SEO plugin. -->","yoast_head_json":{"title":"Ambev lan\u00e7a o Fermenta, edital de incentivo a projetos de cultura cervejeira - Portal MF","robots":{"index":"index","follow":"follow","max-snippet":"max-snippet:-1","max-image-preview":"max-image-preview:large","max-video-preview":"max-video-preview:-1"},"canonical":"https:\/\/portalmf.com.br\/index.php\/2023\/05\/22\/ambev-lanca-o-fermenta-edital-de-incentivo-a-projetos-de-cultura-cervejeira\/","og_locale":"pt_BR","og_type":"article","og_title":"Ambev lan\u00e7a o Fermenta, edital de incentivo a projetos de cultura cervejeira - Portal MF","og_description":"Est\u00e3o abertas as inscri\u00e7\u00f5es para o Fermenta, edital que vai apoiar projetos e iniciativas&nbsp; para dissemina\u00e7\u00e3o e impulsionamento da cultura cervejeira.&nbsp;Ser\u00e3o selecionados at\u00e9 5 projetos em tr\u00eas faixas de valor, sendo eles: dois projetos de at\u00e9 15 mil reais, dois projetos de at\u00e9 25&nbsp; mil reais e um projeto de at\u00e9 50 mil reais, divididos [&hellip;]","og_url":"https:\/\/portalmf.com.br\/index.php\/2023\/05\/22\/ambev-lanca-o-fermenta-edital-de-incentivo-a-projetos-de-cultura-cervejeira\/","og_site_name":"Portal MF","article_author":"https:\/\/www.facebook.com\/portalmfoficial","article_published_time":"2023-05-22T19:46:42+00:00","article_modified_time":"2023-05-22T19:46:48+00:00","og_image":[{"width":800,"height":533,"url":"https:\/\/portalmf.com.br\/wp-content\/uploads\/2023\/05\/unnamed.jpg","type":"image\/jpeg"}],"author":"Reda\u00e7\u00e3o Portal MF","twitter_card":"summary_large_image","twitter_creator":"@https:\/\/x.com\/portalmfoficial","twitter_misc":{"Escrito por":"Reda\u00e7\u00e3o Portal MF","Est. tempo de leitura":"2 minutos"},"schema":{"@context":"https:\/\/schema.org","@graph":[{"@type":"WebPage","@id":"https:\/\/portalmf.com.br\/index.php\/2023\/05\/22\/ambev-lanca-o-fermenta-edital-de-incentivo-a-projetos-de-cultura-cervejeira\/","url":"https:\/\/portalmf.com.br\/index.php\/2023\/05\/22\/ambev-lanca-o-fermenta-edital-de-incentivo-a-projetos-de-cultura-cervejeira\/","name":"Ambev lan\u00e7a o Fermenta, edital de incentivo a projetos de cultura cervejeira - Portal MF","isPartOf":{"@id":"https:\/\/portalmf.com.br\/#website"},"primaryImageOfPage":{"@id":"https:\/\/portalmf.com.br\/index.php\/2023\/05\/22\/ambev-lanca-o-fermenta-edital-de-incentivo-a-projetos-de-cultura-cervejeira\/#primaryimage"},"image":{"@id":"https:\/\/portalmf.com.br\/index.php\/2023\/05\/22\/ambev-lanca-o-fermenta-edital-de-incentivo-a-projetos-de-cultura-cervejeira\/#primaryimage"},"thumbnailUrl":"https:\/\/portalmf.com.br\/wp-content\/uploads\/2023\/05\/unnamed.jpg","datePublished":"2023-05-22T19:46:42+00:00","dateModified":"2023-05-22T19:46:48+00:00","author":{"@id":"https:\/\/portalmf.com.br\/#\/schema\/person\/9ec101baf56233e53520c26de5d6f6f0"},"breadcrumb":{"@id":"https:\/\/portalmf.com.br\/index.php\/2023\/05\/22\/ambev-lanca-o-fermenta-edital-de-incentivo-a-projetos-de-cultura-cervejeira\/#breadcrumb"},"inLanguage":"pt-BR","potentialAction":[{"@type":"ReadAction","target":["https:\/\/portalmf.com.br\/index.php\/2023\/05\/22\/ambev-lanca-o-fermenta-edital-de-incentivo-a-projetos-de-cultura-cervejeira\/"]}]},{"@type":"ImageObject","inLanguage":"pt-BR","@id":"https:\/\/portalmf.com.br\/index.php\/2023\/05\/22\/ambev-lanca-o-fermenta-edital-de-incentivo-a-projetos-de-cultura-cervejeira\/#primaryimage","url":"https:\/\/portalmf.com.br\/wp-content\/uploads\/2023\/05\/unnamed.jpg","contentUrl":"https:\/\/portalmf.com.br\/wp-content\/uploads\/2023\/05\/unnamed.jpg","width":800,"height":533},{"@type":"BreadcrumbList","@id":"https:\/\/portalmf.com.br\/index.php\/2023\/05\/22\/ambev-lanca-o-fermenta-edital-de-incentivo-a-projetos-de-cultura-cervejeira\/#breadcrumb","itemListElement":[{"@type":"ListItem","position":1,"name":"In\u00edcio","item":"https:\/\/portalmf.com.br\/"},{"@type":"ListItem","position":2,"name":"Ambev lan\u00e7a o Fermenta, edital de incentivo a projetos de cultura cervejeira"}]},{"@type":"WebSite","@id":"https:\/\/portalmf.com.br\/#website","url":"https:\/\/portalmf.com.br\/","name":"Portal MF","description":"Voc\u00ea conectado com a informa\u00e7\u00e3o","potentialAction":[{"@type":"SearchAction","target":{"@type":"EntryPoint","urlTemplate":"https:\/\/portalmf.com.br\/?s={search_term_string}"},"query-input":"required name=search_term_string"}],"inLanguage":"pt-BR"},{"@type":"Person","@id":"https:\/\/portalmf.com.br\/#\/schema\/person\/9ec101baf56233e53520c26de5d6f6f0","name":"Reda\u00e7\u00e3o Portal MF","image":{"@type":"ImageObject","inLanguage":"pt-BR","@id":"https:\/\/portalmf.com.br\/#\/schema\/person\/image\/","url":"https:\/\/secure.gravatar.com\/avatar\/41b9aaeb2100835f7c64362330f74c7f?s=96&d=mm&r=g","contentUrl":"https:\/\/secure.gravatar.com\/avatar\/41b9aaeb2100835f7c64362330f74c7f?s=96&d=mm&r=g","caption":"Reda\u00e7\u00e3o Portal MF"},"description":"Sejam bem-vindos o portal de informa\u00e7\u00f5es de entretenimento de Feira de Santana, desde 2006 realiza coberturas dos principais eventos com entrevistas exclusivas com as principais personalidades mundiais. Fique conectado tamb\u00e9m nas redes sociais.","sameAs":["http:\/\/www.portalmf.com.br\/","https:\/\/www.facebook.com\/portalmfoficial","https:\/\/www.instagram.com\/portalmf\/","https:\/\/x.com\/https:\/\/x.com\/portalmfoficial","https:\/\/www.youtube.com\/@portalmfoficial"],"url":"https:\/\/portalmf.com.br\/index.php\/author\/junior\/"}]}},"_links":{"self":[{"href":"https:\/\/portalmf.com.br\/index.php\/wp-json\/wp\/v2\/posts\/12223"}],"collection":[{"href":"https:\/\/portalmf.com.br\/index.php\/wp-json\/wp\/v2\/posts"}],"about":[{"href":"https:\/\/portalmf.com.br\/index.php\/wp-json\/wp\/v2\/types\/post"}],"author":[{"embeddable":true,"href":"https:\/\/portalmf.com.br\/index.php\/wp-json\/wp\/v2\/users\/3"}],"replies":[{"embeddable":true,"href":"https:\/\/portalmf.com.br\/index.php\/wp-json\/wp\/v2\/comments?post=12223"}],"version-history":[{"count":1,"href":"https:\/\/portalmf.com.br\/index.php\/wp-json\/wp\/v2\/posts\/12223\/revisions"}],"predecessor-version":[{"id":12225,"href":"https:\/\/portalmf.com.br\/index.php\/wp-json\/wp\/v2\/posts\/12223\/revisions\/12225"}],"wp:featuredmedia":[{"embeddable":true,"href":"https:\/\/portalmf.com.br\/index.php\/wp-json\/wp\/v2\/media\/12224"}],"wp:attachment":[{"href":"https:\/\/portalmf.com.br\/index.php\/wp-json\/wp\/v2\/media?parent=12223"}],"wp:term":[{"taxonomy":"category","embeddable":true,"href":"https:\/\/portalmf.com.br\/index.php\/wp-json\/wp\/v2\/categories?post=12223"},{"taxonomy":"post_tag","embeddable":true,"href":"https:\/\/portalmf.com.br\/index.php\/wp-json\/wp\/v2\/tags?post=12223"}],"curies":[{"name":"wp","href":"https:\/\/api.w.org\/{rel}","templated":true}]}}