{"id":12131,"date":"2023-05-18T07:40:00","date_gmt":"2023-05-18T10:40:00","guid":{"rendered":"https:\/\/portalmf.com.br\/?p=12131"},"modified":"2023-05-19T17:41:18","modified_gmt":"2023-05-19T20:41:18","slug":"bombril-amplia-o-foco-em-pessoas-e-reforca-a-busca-por-mais-diversidade-no-mercado-de-trabalho","status":"publish","type":"post","link":"https:\/\/portalmf.com.br\/index.php\/2023\/05\/18\/bombril-amplia-o-foco-em-pessoas-e-reforca-a-busca-por-mais-diversidade-no-mercado-de-trabalho\/","title":{"rendered":"Bombril amplia o foco em pessoas e refor\u00e7a a busca por mais diversidade no mercado de trabalho"},"content":{"rendered":"\n<p>7 em cada 10 pessoas com defici\u00eancia est\u00e3o fora do mercado de trabalho. Esse dado \u00e9 do IBGE e foi divulgado em 2022, com base em informa\u00e7\u00f5es de 2019. A taxa de participa\u00e7\u00e3o dessa popula\u00e7\u00e3o no mercado de trabalho, no momento da pesquisa, foi de apenas 28%. J\u00e1 no caso das mulheres, pelos dados de 2023, tamb\u00e9m do IBGE, o \u00edndice de ocupa\u00e7\u00e3o ficou em 46,2%, contra 65% dos homens.<\/p>\n\n\n\n<p>Por isso, focar em pessoas se tornou um dos objetivos da Bombril neste novo ciclo que a empresa vem vivendo. E em curto espa\u00e7o de tempo, os resultados de programas como o \u201cMinha Bombril\u201d &#8211; que visa trazer um olhar mais cuidadoso com as pessoas que fazem parte da empresa &#8211; j\u00e1 se traduzem na pr\u00e1tica. \u201cAs pessoas s\u00e3o a chave de tudo. N\u00e3o adianta ter um produto bom, mas que n\u00e3o seja bom para quem o produz, para o meio ambiente e para todo o restante da escala produtiva\u201d, diz o Vice-presidente da Bombril, Marcus Rodrigues.<\/p>\n\n\n\n<p>Marcus assumiu o cargo em 2022, com uma vis\u00e3o particularmente voltada para pessoas. \u201cA Bombril \u00e9 conhecida internacionalmente por seu principal produto, hom\u00f4nimo, que se tornou refer\u00eancia no mercado de l\u00e3s de a\u00e7o. Mas ela, como organiza\u00e7\u00e3o, \u00e9 pautada em pessoas\u201d, explica. Hoje, s\u00e3o mais de 2300 colaboradores diretos e cerca de 3 mil se levarmos em conta os terceirizados.<\/p>\n\n\n\n<p>O principal desafio dentro do mercado de trabalho, para a empresa, \u00e9 buscar mais diversidade. \u201cEstamos buscando ampliar a diversidade. \u00c9 um desafio, mas n\u00f3s encaramos como fundamental para o que est\u00e1 por vir\u201d. No quesito idade, a companhia se orgulha por ter pessoas mais velhas ainda na ativa e sem vontade de se aposentar. De todos os colaboradores, 45% t\u00eam entre 26 e 41 anos. 37% est\u00e3o na faixa entre 42 e 57 anos, que j\u00e1 \u00e9 considerada uma faixa mais avan\u00e7ada pelo mercado. E 6% s\u00e3o trabalhadores que j\u00e1 passaram dos 57 anos e seguem sendo exemplos inspiradores para a nova gera\u00e7\u00e3o que chega. Alguns deles, inclusive, optam por se tornarem guias desses novos profissionais, treinando quem est\u00e1 chegando com a bagagem adquirida ao longo de uma vida.<\/p>\n\n\n\n<p>Uma vida mesmo&#8230; a reten\u00e7\u00e3o \u00e9 um dos pontos fortes na Bombril. A m\u00e9dia de tempo de casa est\u00e1 pr\u00f3xima dos 10 anos, mas n\u00e3o \u00e9 dif\u00edcil achar trabalhadores com 20, 30 anos de f\u00e1brica. \u201cNossa ideia \u00e9 envolver todos em uma grande fam\u00edlia. \u00c9 fazer com que o nosso colaborador acorde satisfeito para vir trabalhar e entenda que aqui \u00e9 uma extens\u00e3o do ambiente domiciliar. \u00c9 acolhimento e um olhar de pessoas para pessoas\u201d, conta.<\/p>\n\n\n\n<p>Al\u00e9m de todo o trabalho de conscientiza\u00e7\u00e3o que j\u00e1 vem sendo feito, a Bombril tem aproveitado talentos de seu time de base nas promo\u00e7\u00f5es, de modo a gerar ainda mais satisfa\u00e7\u00e3o ao trabalhador. Em m\u00e9dia, 16 pessoas s\u00e3o promovidas por m\u00eas, e 59% dos l\u00edderes vieram de promo\u00e7\u00f5es internas.<\/p>\n\n\n\n<p><strong>Desafios<\/strong><\/p>\n\n\n\n<p>Um dos desafios para a empresa \u00e9 a maior participa\u00e7\u00e3o de mulheres. Hoje, elas representam quase 30% dos cargos de trabalho. Considerando o Parque fabril de S\u00e3o Paulo, s\u00e3o 40% do total de trabalhadores ativos. Outro ponto de aten\u00e7\u00e3o especial, s\u00e3o as pessoas com defici\u00eancia (PCD).<\/p>\n\n\n\n<p>A Bombril realizou, recentemente, um investimento para adaptar espa\u00e7os dentro de suas instala\u00e7\u00f5es e f\u00e1bricas, com o objetivo de receber mais trabalhadores PCD. Acessibilidade, coloca\u00e7\u00e3o de rampas, elevadores e diversos equipamentos.<\/p>\n\n\n\n<p>Al\u00e9m de todos os ajustes estruturais, os demais trabalhadores de \u00e1reas interligadas, tamb\u00e9m foram treinados, por exemplo, com forma\u00e7\u00e3o em Libras (a l\u00edngua brasileira de sinais). Hoje, 95 trabalhadores com defici\u00eancia integram o quadro da Bombril. Isso representa 4% do n\u00famero de colaboradores. E a ideia \u00e9 ampliar ainda mais esse espa\u00e7o.<\/p>\n\n\n\n<p>\u201c\u00c9 uma causa que eu particularmente gosto muito. S\u00e3o pessoas que t\u00eam algo que engrandece a experi\u00eancia de todas as outras que est\u00e3o ao seu redor. Pessoas que nos ensinam muito e que precisam de mais oportunidades\u201d, diz o Vice-presidente.<\/p>\n","protected":false},"excerpt":{"rendered":"<p>7 em cada 10 pessoas com defici\u00eancia est\u00e3o fora do mercado de trabalho. Esse dado \u00e9 do IBGE e foi divulgado em 2022, com base em informa\u00e7\u00f5es de 2019. A taxa de participa\u00e7\u00e3o dessa popula\u00e7\u00e3o no mercado de trabalho, no momento da pesquisa, foi de apenas 28%. J\u00e1 no caso das mulheres, pelos dados de [&hellip;]<\/p>\n","protected":false},"author":3,"featured_media":12132,"comment_status":"open","ping_status":"open","sticky":false,"template":"","format":"standard","meta":{"_monsterinsights_skip_tracking":false,"_monsterinsights_sitenote_active":false,"_monsterinsights_sitenote_note":"","_monsterinsights_sitenote_category":0,"footnotes":""},"categories":[295],"tags":[],"yoast_head":"<!-- This site is optimized with the Yoast SEO plugin v22.9 - https:\/\/yoast.com\/wordpress\/plugins\/seo\/ -->\n<title>Bombril amplia o foco em pessoas e refor\u00e7a a busca por mais diversidade no mercado de trabalho - Portal MF<\/title>\n<meta name=\"robots\" content=\"index, follow, max-snippet:-1, max-image-preview:large, max-video-preview:-1\" \/>\n<link rel=\"canonical\" href=\"https:\/\/portalmf.com.br\/index.php\/2023\/05\/18\/bombril-amplia-o-foco-em-pessoas-e-reforca-a-busca-por-mais-diversidade-no-mercado-de-trabalho\/\" \/>\n<meta property=\"og:locale\" content=\"pt_BR\" \/>\n<meta property=\"og:type\" content=\"article\" \/>\n<meta property=\"og:title\" content=\"Bombril amplia o foco em pessoas e refor\u00e7a a busca por mais diversidade no mercado de trabalho - Portal MF\" \/>\n<meta property=\"og:description\" content=\"7 em cada 10 pessoas com defici\u00eancia est\u00e3o fora do mercado de trabalho. Esse dado \u00e9 do IBGE e foi divulgado em 2022, com base em informa\u00e7\u00f5es de 2019. A taxa de participa\u00e7\u00e3o dessa popula\u00e7\u00e3o no mercado de trabalho, no momento da pesquisa, foi de apenas 28%. J\u00e1 no caso das mulheres, pelos dados de [&hellip;]\" \/>\n<meta property=\"og:url\" content=\"https:\/\/portalmf.com.br\/index.php\/2023\/05\/18\/bombril-amplia-o-foco-em-pessoas-e-reforca-a-busca-por-mais-diversidade-no-mercado-de-trabalho\/\" \/>\n<meta property=\"og:site_name\" content=\"Portal MF\" \/>\n<meta property=\"article:author\" content=\"https:\/\/www.facebook.com\/portalmfoficial\" \/>\n<meta property=\"article:published_time\" content=\"2023-05-18T10:40:00+00:00\" \/>\n<meta property=\"article:modified_time\" content=\"2023-05-19T20:41:18+00:00\" \/>\n<meta property=\"og:image\" content=\"https:\/\/portalmf.com.br\/wp-content\/uploads\/2023\/05\/Bombril_logo.png\" \/>\n\t<meta property=\"og:image:width\" content=\"2048\" \/>\n\t<meta property=\"og:image:height\" content=\"1182\" \/>\n\t<meta property=\"og:image:type\" content=\"image\/png\" \/>\n<meta name=\"author\" content=\"Reda\u00e7\u00e3o Portal MF\" \/>\n<meta name=\"twitter:card\" content=\"summary_large_image\" \/>\n<meta name=\"twitter:creator\" content=\"@https:\/\/x.com\/portalmfoficial\" \/>\n<meta name=\"twitter:label1\" content=\"Escrito por\" \/>\n\t<meta name=\"twitter:data1\" content=\"Reda\u00e7\u00e3o Portal MF\" \/>\n\t<meta name=\"twitter:label2\" content=\"Est. tempo de leitura\" \/>\n\t<meta name=\"twitter:data2\" content=\"4 minutos\" \/>\n<script type=\"application\/ld+json\" class=\"yoast-schema-graph\">{\"@context\":\"https:\/\/schema.org\",\"@graph\":[{\"@type\":\"WebPage\",\"@id\":\"https:\/\/portalmf.com.br\/index.php\/2023\/05\/18\/bombril-amplia-o-foco-em-pessoas-e-reforca-a-busca-por-mais-diversidade-no-mercado-de-trabalho\/\",\"url\":\"https:\/\/portalmf.com.br\/index.php\/2023\/05\/18\/bombril-amplia-o-foco-em-pessoas-e-reforca-a-busca-por-mais-diversidade-no-mercado-de-trabalho\/\",\"name\":\"Bombril amplia o foco em pessoas e refor\u00e7a a busca por mais diversidade no mercado de trabalho - Portal MF\",\"isPartOf\":{\"@id\":\"https:\/\/portalmf.com.br\/#website\"},\"primaryImageOfPage\":{\"@id\":\"https:\/\/portalmf.com.br\/index.php\/2023\/05\/18\/bombril-amplia-o-foco-em-pessoas-e-reforca-a-busca-por-mais-diversidade-no-mercado-de-trabalho\/#primaryimage\"},\"image\":{\"@id\":\"https:\/\/portalmf.com.br\/index.php\/2023\/05\/18\/bombril-amplia-o-foco-em-pessoas-e-reforca-a-busca-por-mais-diversidade-no-mercado-de-trabalho\/#primaryimage\"},\"thumbnailUrl\":\"https:\/\/portalmf.com.br\/wp-content\/uploads\/2023\/05\/Bombril_logo.png\",\"datePublished\":\"2023-05-18T10:40:00+00:00\",\"dateModified\":\"2023-05-19T20:41:18+00:00\",\"author\":{\"@id\":\"https:\/\/portalmf.com.br\/#\/schema\/person\/9ec101baf56233e53520c26de5d6f6f0\"},\"breadcrumb\":{\"@id\":\"https:\/\/portalmf.com.br\/index.php\/2023\/05\/18\/bombril-amplia-o-foco-em-pessoas-e-reforca-a-busca-por-mais-diversidade-no-mercado-de-trabalho\/#breadcrumb\"},\"inLanguage\":\"pt-BR\",\"potentialAction\":[{\"@type\":\"ReadAction\",\"target\":[\"https:\/\/portalmf.com.br\/index.php\/2023\/05\/18\/bombril-amplia-o-foco-em-pessoas-e-reforca-a-busca-por-mais-diversidade-no-mercado-de-trabalho\/\"]}]},{\"@type\":\"ImageObject\",\"inLanguage\":\"pt-BR\",\"@id\":\"https:\/\/portalmf.com.br\/index.php\/2023\/05\/18\/bombril-amplia-o-foco-em-pessoas-e-reforca-a-busca-por-mais-diversidade-no-mercado-de-trabalho\/#primaryimage\",\"url\":\"https:\/\/portalmf.com.br\/wp-content\/uploads\/2023\/05\/Bombril_logo.png\",\"contentUrl\":\"https:\/\/portalmf.com.br\/wp-content\/uploads\/2023\/05\/Bombril_logo.png\",\"width\":2048,\"height\":1182},{\"@type\":\"BreadcrumbList\",\"@id\":\"https:\/\/portalmf.com.br\/index.php\/2023\/05\/18\/bombril-amplia-o-foco-em-pessoas-e-reforca-a-busca-por-mais-diversidade-no-mercado-de-trabalho\/#breadcrumb\",\"itemListElement\":[{\"@type\":\"ListItem\",\"position\":1,\"name\":\"In\u00edcio\",\"item\":\"https:\/\/portalmf.com.br\/\"},{\"@type\":\"ListItem\",\"position\":2,\"name\":\"Bombril amplia o foco em pessoas e refor\u00e7a a busca por mais diversidade no mercado de trabalho\"}]},{\"@type\":\"WebSite\",\"@id\":\"https:\/\/portalmf.com.br\/#website\",\"url\":\"https:\/\/portalmf.com.br\/\",\"name\":\"Portal MF\",\"description\":\"Voc\u00ea conectado com a informa\u00e7\u00e3o\",\"potentialAction\":[{\"@type\":\"SearchAction\",\"target\":{\"@type\":\"EntryPoint\",\"urlTemplate\":\"https:\/\/portalmf.com.br\/?s={search_term_string}\"},\"query-input\":\"required name=search_term_string\"}],\"inLanguage\":\"pt-BR\"},{\"@type\":\"Person\",\"@id\":\"https:\/\/portalmf.com.br\/#\/schema\/person\/9ec101baf56233e53520c26de5d6f6f0\",\"name\":\"Reda\u00e7\u00e3o Portal MF\",\"image\":{\"@type\":\"ImageObject\",\"inLanguage\":\"pt-BR\",\"@id\":\"https:\/\/portalmf.com.br\/#\/schema\/person\/image\/\",\"url\":\"https:\/\/secure.gravatar.com\/avatar\/41b9aaeb2100835f7c64362330f74c7f?s=96&d=mm&r=g\",\"contentUrl\":\"https:\/\/secure.gravatar.com\/avatar\/41b9aaeb2100835f7c64362330f74c7f?s=96&d=mm&r=g\",\"caption\":\"Reda\u00e7\u00e3o Portal MF\"},\"description\":\"Sejam bem-vindos o portal de informa\u00e7\u00f5es de entretenimento de Feira de Santana, desde 2006 realiza coberturas dos principais eventos com entrevistas exclusivas com as principais personalidades mundiais. Fique conectado tamb\u00e9m nas redes sociais.\",\"sameAs\":[\"http:\/\/www.portalmf.com.br\/\",\"https:\/\/www.facebook.com\/portalmfoficial\",\"https:\/\/www.instagram.com\/portalmf\/\",\"https:\/\/x.com\/https:\/\/x.com\/portalmfoficial\",\"https:\/\/www.youtube.com\/@portalmfoficial\"],\"url\":\"https:\/\/portalmf.com.br\/index.php\/author\/junior\/\"}]}<\/script>\n<!-- \/ Yoast SEO plugin. -->","yoast_head_json":{"title":"Bombril amplia o foco em pessoas e refor\u00e7a a busca por mais diversidade no mercado de trabalho - Portal MF","robots":{"index":"index","follow":"follow","max-snippet":"max-snippet:-1","max-image-preview":"max-image-preview:large","max-video-preview":"max-video-preview:-1"},"canonical":"https:\/\/portalmf.com.br\/index.php\/2023\/05\/18\/bombril-amplia-o-foco-em-pessoas-e-reforca-a-busca-por-mais-diversidade-no-mercado-de-trabalho\/","og_locale":"pt_BR","og_type":"article","og_title":"Bombril amplia o foco em pessoas e refor\u00e7a a busca por mais diversidade no mercado de trabalho - Portal MF","og_description":"7 em cada 10 pessoas com defici\u00eancia est\u00e3o fora do mercado de trabalho. Esse dado \u00e9 do IBGE e foi divulgado em 2022, com base em informa\u00e7\u00f5es de 2019. A taxa de participa\u00e7\u00e3o dessa popula\u00e7\u00e3o no mercado de trabalho, no momento da pesquisa, foi de apenas 28%. J\u00e1 no caso das mulheres, pelos dados de [&hellip;]","og_url":"https:\/\/portalmf.com.br\/index.php\/2023\/05\/18\/bombril-amplia-o-foco-em-pessoas-e-reforca-a-busca-por-mais-diversidade-no-mercado-de-trabalho\/","og_site_name":"Portal MF","article_author":"https:\/\/www.facebook.com\/portalmfoficial","article_published_time":"2023-05-18T10:40:00+00:00","article_modified_time":"2023-05-19T20:41:18+00:00","og_image":[{"width":2048,"height":1182,"url":"https:\/\/portalmf.com.br\/wp-content\/uploads\/2023\/05\/Bombril_logo.png","type":"image\/png"}],"author":"Reda\u00e7\u00e3o Portal MF","twitter_card":"summary_large_image","twitter_creator":"@https:\/\/x.com\/portalmfoficial","twitter_misc":{"Escrito por":"Reda\u00e7\u00e3o Portal MF","Est. tempo de leitura":"4 minutos"},"schema":{"@context":"https:\/\/schema.org","@graph":[{"@type":"WebPage","@id":"https:\/\/portalmf.com.br\/index.php\/2023\/05\/18\/bombril-amplia-o-foco-em-pessoas-e-reforca-a-busca-por-mais-diversidade-no-mercado-de-trabalho\/","url":"https:\/\/portalmf.com.br\/index.php\/2023\/05\/18\/bombril-amplia-o-foco-em-pessoas-e-reforca-a-busca-por-mais-diversidade-no-mercado-de-trabalho\/","name":"Bombril amplia o foco em pessoas e refor\u00e7a a busca por mais diversidade no mercado de trabalho - Portal MF","isPartOf":{"@id":"https:\/\/portalmf.com.br\/#website"},"primaryImageOfPage":{"@id":"https:\/\/portalmf.com.br\/index.php\/2023\/05\/18\/bombril-amplia-o-foco-em-pessoas-e-reforca-a-busca-por-mais-diversidade-no-mercado-de-trabalho\/#primaryimage"},"image":{"@id":"https:\/\/portalmf.com.br\/index.php\/2023\/05\/18\/bombril-amplia-o-foco-em-pessoas-e-reforca-a-busca-por-mais-diversidade-no-mercado-de-trabalho\/#primaryimage"},"thumbnailUrl":"https:\/\/portalmf.com.br\/wp-content\/uploads\/2023\/05\/Bombril_logo.png","datePublished":"2023-05-18T10:40:00+00:00","dateModified":"2023-05-19T20:41:18+00:00","author":{"@id":"https:\/\/portalmf.com.br\/#\/schema\/person\/9ec101baf56233e53520c26de5d6f6f0"},"breadcrumb":{"@id":"https:\/\/portalmf.com.br\/index.php\/2023\/05\/18\/bombril-amplia-o-foco-em-pessoas-e-reforca-a-busca-por-mais-diversidade-no-mercado-de-trabalho\/#breadcrumb"},"inLanguage":"pt-BR","potentialAction":[{"@type":"ReadAction","target":["https:\/\/portalmf.com.br\/index.php\/2023\/05\/18\/bombril-amplia-o-foco-em-pessoas-e-reforca-a-busca-por-mais-diversidade-no-mercado-de-trabalho\/"]}]},{"@type":"ImageObject","inLanguage":"pt-BR","@id":"https:\/\/portalmf.com.br\/index.php\/2023\/05\/18\/bombril-amplia-o-foco-em-pessoas-e-reforca-a-busca-por-mais-diversidade-no-mercado-de-trabalho\/#primaryimage","url":"https:\/\/portalmf.com.br\/wp-content\/uploads\/2023\/05\/Bombril_logo.png","contentUrl":"https:\/\/portalmf.com.br\/wp-content\/uploads\/2023\/05\/Bombril_logo.png","width":2048,"height":1182},{"@type":"BreadcrumbList","@id":"https:\/\/portalmf.com.br\/index.php\/2023\/05\/18\/bombril-amplia-o-foco-em-pessoas-e-reforca-a-busca-por-mais-diversidade-no-mercado-de-trabalho\/#breadcrumb","itemListElement":[{"@type":"ListItem","position":1,"name":"In\u00edcio","item":"https:\/\/portalmf.com.br\/"},{"@type":"ListItem","position":2,"name":"Bombril amplia o foco em pessoas e refor\u00e7a a busca por mais diversidade no mercado de trabalho"}]},{"@type":"WebSite","@id":"https:\/\/portalmf.com.br\/#website","url":"https:\/\/portalmf.com.br\/","name":"Portal MF","description":"Voc\u00ea conectado com a informa\u00e7\u00e3o","potentialAction":[{"@type":"SearchAction","target":{"@type":"EntryPoint","urlTemplate":"https:\/\/portalmf.com.br\/?s={search_term_string}"},"query-input":"required name=search_term_string"}],"inLanguage":"pt-BR"},{"@type":"Person","@id":"https:\/\/portalmf.com.br\/#\/schema\/person\/9ec101baf56233e53520c26de5d6f6f0","name":"Reda\u00e7\u00e3o Portal MF","image":{"@type":"ImageObject","inLanguage":"pt-BR","@id":"https:\/\/portalmf.com.br\/#\/schema\/person\/image\/","url":"https:\/\/secure.gravatar.com\/avatar\/41b9aaeb2100835f7c64362330f74c7f?s=96&d=mm&r=g","contentUrl":"https:\/\/secure.gravatar.com\/avatar\/41b9aaeb2100835f7c64362330f74c7f?s=96&d=mm&r=g","caption":"Reda\u00e7\u00e3o Portal MF"},"description":"Sejam bem-vindos o portal de informa\u00e7\u00f5es de entretenimento de Feira de Santana, desde 2006 realiza coberturas dos principais eventos com entrevistas exclusivas com as principais personalidades mundiais. Fique conectado tamb\u00e9m nas redes sociais.","sameAs":["http:\/\/www.portalmf.com.br\/","https:\/\/www.facebook.com\/portalmfoficial","https:\/\/www.instagram.com\/portalmf\/","https:\/\/x.com\/https:\/\/x.com\/portalmfoficial","https:\/\/www.youtube.com\/@portalmfoficial"],"url":"https:\/\/portalmf.com.br\/index.php\/author\/junior\/"}]}},"_links":{"self":[{"href":"https:\/\/portalmf.com.br\/index.php\/wp-json\/wp\/v2\/posts\/12131"}],"collection":[{"href":"https:\/\/portalmf.com.br\/index.php\/wp-json\/wp\/v2\/posts"}],"about":[{"href":"https:\/\/portalmf.com.br\/index.php\/wp-json\/wp\/v2\/types\/post"}],"author":[{"embeddable":true,"href":"https:\/\/portalmf.com.br\/index.php\/wp-json\/wp\/v2\/users\/3"}],"replies":[{"embeddable":true,"href":"https:\/\/portalmf.com.br\/index.php\/wp-json\/wp\/v2\/comments?post=12131"}],"version-history":[{"count":1,"href":"https:\/\/portalmf.com.br\/index.php\/wp-json\/wp\/v2\/posts\/12131\/revisions"}],"predecessor-version":[{"id":12133,"href":"https:\/\/portalmf.com.br\/index.php\/wp-json\/wp\/v2\/posts\/12131\/revisions\/12133"}],"wp:featuredmedia":[{"embeddable":true,"href":"https:\/\/portalmf.com.br\/index.php\/wp-json\/wp\/v2\/media\/12132"}],"wp:attachment":[{"href":"https:\/\/portalmf.com.br\/index.php\/wp-json\/wp\/v2\/media?parent=12131"}],"wp:term":[{"taxonomy":"category","embeddable":true,"href":"https:\/\/portalmf.com.br\/index.php\/wp-json\/wp\/v2\/categories?post=12131"},{"taxonomy":"post_tag","embeddable":true,"href":"https:\/\/portalmf.com.br\/index.php\/wp-json\/wp\/v2\/tags?post=12131"}],"curies":[{"name":"wp","href":"https:\/\/api.w.org\/{rel}","templated":true}]}}