{"id":12061,"date":"2023-05-18T10:40:00","date_gmt":"2023-05-18T13:40:00","guid":{"rendered":"https:\/\/portalmf.com.br\/?p=12061"},"modified":"2023-05-18T17:43:07","modified_gmt":"2023-05-18T20:43:07","slug":"doto-engenharia-recebe-premio-internacional-de-gestao-empresarial-em-sao-paulo","status":"publish","type":"post","link":"https:\/\/portalmf.com.br\/index.php\/2023\/05\/18\/doto-engenharia-recebe-premio-internacional-de-gestao-empresarial-em-sao-paulo\/","title":{"rendered":"Doto Engenharia recebe Pr\u00eamio Internacional de Gest\u00e3o Empresarial em S\u00e3o Paulo"},"content":{"rendered":"\n<p>A Doto Engenharia liderada pelo casal baiano de diretores Vanessa e Vitor Doto, recebe Pr\u00eamio Internacional de Gest\u00e3o Empresarial em S\u00e3o Paulo, o Latin American Quality Institute (LAQI), sendo reconhecida como empresa brasileira do ano de 2023 por destaque na sua atividade empresarial pontuando a\u00e7\u00f5es voltadas para os segmentos ambiental, social e de governan\u00e7a, com gest\u00e3o aplicada nos pilares do ESG propostos pela ONU tendo como principais valores a qualidade, sustentabilidade e \u00e9tica, al\u00e9m do compromisso ao modelo de excel\u00eancia com o conceito de responsabilidade total. <\/p>\n\n\n\n<p>O Latim American tem como miss\u00e3o ajudar as empresas de toda a Am\u00e9rica Latina a fazerem a coisa certa para seus clientes e o planeta.<\/p>\n\n\n\n<p>A Doto Engenharia \u00e9 uma empresa especializada em engenharia a montante, nascida e criada em Salvador e que hoje est\u00e1 presente em todo territ\u00f3rio nacional, atuando nos segmentos industriais, hospitalares, educacional, imobili\u00e1rio, mobilidade urbana, centros de distribui\u00e7\u00e3o, com\u00e9rcio\/varejo, hoteleiro, patrim\u00f4nio hist\u00f3rico, shopping center, supermercados, urbaniza\u00e7\u00e3o. Sua sede na capital baiana tem gera\u00e7\u00e3o pr\u00f3pria de energia, reaproveitamento de \u00e1gua da chuva, sistema elaborado para economizar \u00e1gua e energia.<\/p>\n","protected":false},"excerpt":{"rendered":"<p>A Doto Engenharia liderada pelo casal baiano de diretores Vanessa e Vitor Doto, recebe Pr\u00eamio Internacional de Gest\u00e3o Empresarial em S\u00e3o Paulo, o Latin American Quality Institute (LAQI), sendo reconhecida como empresa brasileira do ano de 2023 por destaque na sua atividade empresarial pontuando a\u00e7\u00f5es voltadas para os segmentos ambiental, social e de governan\u00e7a, com [&hellip;]<\/p>\n","protected":false},"author":3,"featured_media":12062,"comment_status":"open","ping_status":"open","sticky":false,"template":"","format":"standard","meta":{"_monsterinsights_skip_tracking":false,"_monsterinsights_sitenote_active":false,"_monsterinsights_sitenote_note":"","_monsterinsights_sitenote_category":0,"footnotes":""},"categories":[295],"tags":[],"yoast_head":"<!-- This site is optimized with the Yoast SEO plugin v22.9 - https:\/\/yoast.com\/wordpress\/plugins\/seo\/ -->\n<title>Doto Engenharia recebe Pr\u00eamio Internacional de Gest\u00e3o Empresarial em S\u00e3o Paulo - Portal MF<\/title>\n<meta name=\"robots\" content=\"index, follow, max-snippet:-1, max-image-preview:large, max-video-preview:-1\" \/>\n<link rel=\"canonical\" href=\"https:\/\/portalmf.com.br\/index.php\/2023\/05\/18\/doto-engenharia-recebe-premio-internacional-de-gestao-empresarial-em-sao-paulo\/\" \/>\n<meta property=\"og:locale\" content=\"pt_BR\" \/>\n<meta property=\"og:type\" content=\"article\" \/>\n<meta property=\"og:title\" content=\"Doto Engenharia recebe Pr\u00eamio Internacional de Gest\u00e3o Empresarial em S\u00e3o Paulo - Portal MF\" \/>\n<meta property=\"og:description\" content=\"A Doto Engenharia liderada pelo casal baiano de diretores Vanessa e Vitor Doto, recebe Pr\u00eamio Internacional de Gest\u00e3o Empresarial em S\u00e3o Paulo, o Latin American Quality Institute (LAQI), sendo reconhecida como empresa brasileira do ano de 2023 por destaque na sua atividade empresarial pontuando a\u00e7\u00f5es voltadas para os segmentos ambiental, social e de governan\u00e7a, com [&hellip;]\" \/>\n<meta property=\"og:url\" content=\"https:\/\/portalmf.com.br\/index.php\/2023\/05\/18\/doto-engenharia-recebe-premio-internacional-de-gestao-empresarial-em-sao-paulo\/\" \/>\n<meta property=\"og:site_name\" content=\"Portal MF\" \/>\n<meta property=\"article:author\" content=\"https:\/\/www.facebook.com\/portalmfoficial\" \/>\n<meta property=\"article:published_time\" content=\"2023-05-18T13:40:00+00:00\" \/>\n<meta property=\"article:modified_time\" content=\"2023-05-18T20:43:07+00:00\" \/>\n<meta property=\"og:image\" content=\"https:\/\/portalmf.com.br\/wp-content\/uploads\/2023\/05\/Doto-Engenharia.jpeg\" \/>\n\t<meta property=\"og:image:width\" content=\"960\" \/>\n\t<meta property=\"og:image:height\" content=\"1280\" \/>\n\t<meta property=\"og:image:type\" content=\"image\/jpeg\" \/>\n<meta name=\"author\" content=\"Reda\u00e7\u00e3o Portal MF\" \/>\n<meta name=\"twitter:card\" content=\"summary_large_image\" \/>\n<meta name=\"twitter:creator\" content=\"@https:\/\/x.com\/portalmfoficial\" \/>\n<meta name=\"twitter:label1\" content=\"Escrito por\" \/>\n\t<meta name=\"twitter:data1\" content=\"Reda\u00e7\u00e3o Portal MF\" \/>\n\t<meta name=\"twitter:label2\" content=\"Est. tempo de leitura\" \/>\n\t<meta name=\"twitter:data2\" content=\"1 minuto\" \/>\n<script type=\"application\/ld+json\" class=\"yoast-schema-graph\">{\"@context\":\"https:\/\/schema.org\",\"@graph\":[{\"@type\":\"WebPage\",\"@id\":\"https:\/\/portalmf.com.br\/index.php\/2023\/05\/18\/doto-engenharia-recebe-premio-internacional-de-gestao-empresarial-em-sao-paulo\/\",\"url\":\"https:\/\/portalmf.com.br\/index.php\/2023\/05\/18\/doto-engenharia-recebe-premio-internacional-de-gestao-empresarial-em-sao-paulo\/\",\"name\":\"Doto Engenharia recebe Pr\u00eamio Internacional de Gest\u00e3o Empresarial em S\u00e3o Paulo - Portal MF\",\"isPartOf\":{\"@id\":\"https:\/\/portalmf.com.br\/#website\"},\"primaryImageOfPage\":{\"@id\":\"https:\/\/portalmf.com.br\/index.php\/2023\/05\/18\/doto-engenharia-recebe-premio-internacional-de-gestao-empresarial-em-sao-paulo\/#primaryimage\"},\"image\":{\"@id\":\"https:\/\/portalmf.com.br\/index.php\/2023\/05\/18\/doto-engenharia-recebe-premio-internacional-de-gestao-empresarial-em-sao-paulo\/#primaryimage\"},\"thumbnailUrl\":\"https:\/\/portalmf.com.br\/wp-content\/uploads\/2023\/05\/Doto-Engenharia.jpeg\",\"datePublished\":\"2023-05-18T13:40:00+00:00\",\"dateModified\":\"2023-05-18T20:43:07+00:00\",\"author\":{\"@id\":\"https:\/\/portalmf.com.br\/#\/schema\/person\/9ec101baf56233e53520c26de5d6f6f0\"},\"breadcrumb\":{\"@id\":\"https:\/\/portalmf.com.br\/index.php\/2023\/05\/18\/doto-engenharia-recebe-premio-internacional-de-gestao-empresarial-em-sao-paulo\/#breadcrumb\"},\"inLanguage\":\"pt-BR\",\"potentialAction\":[{\"@type\":\"ReadAction\",\"target\":[\"https:\/\/portalmf.com.br\/index.php\/2023\/05\/18\/doto-engenharia-recebe-premio-internacional-de-gestao-empresarial-em-sao-paulo\/\"]}]},{\"@type\":\"ImageObject\",\"inLanguage\":\"pt-BR\",\"@id\":\"https:\/\/portalmf.com.br\/index.php\/2023\/05\/18\/doto-engenharia-recebe-premio-internacional-de-gestao-empresarial-em-sao-paulo\/#primaryimage\",\"url\":\"https:\/\/portalmf.com.br\/wp-content\/uploads\/2023\/05\/Doto-Engenharia.jpeg\",\"contentUrl\":\"https:\/\/portalmf.com.br\/wp-content\/uploads\/2023\/05\/Doto-Engenharia.jpeg\",\"width\":960,\"height\":1280},{\"@type\":\"BreadcrumbList\",\"@id\":\"https:\/\/portalmf.com.br\/index.php\/2023\/05\/18\/doto-engenharia-recebe-premio-internacional-de-gestao-empresarial-em-sao-paulo\/#breadcrumb\",\"itemListElement\":[{\"@type\":\"ListItem\",\"position\":1,\"name\":\"In\u00edcio\",\"item\":\"https:\/\/portalmf.com.br\/\"},{\"@type\":\"ListItem\",\"position\":2,\"name\":\"Doto Engenharia recebe Pr\u00eamio Internacional de Gest\u00e3o Empresarial em S\u00e3o Paulo\"}]},{\"@type\":\"WebSite\",\"@id\":\"https:\/\/portalmf.com.br\/#website\",\"url\":\"https:\/\/portalmf.com.br\/\",\"name\":\"Portal MF\",\"description\":\"Voc\u00ea conectado com a informa\u00e7\u00e3o\",\"potentialAction\":[{\"@type\":\"SearchAction\",\"target\":{\"@type\":\"EntryPoint\",\"urlTemplate\":\"https:\/\/portalmf.com.br\/?s={search_term_string}\"},\"query-input\":\"required name=search_term_string\"}],\"inLanguage\":\"pt-BR\"},{\"@type\":\"Person\",\"@id\":\"https:\/\/portalmf.com.br\/#\/schema\/person\/9ec101baf56233e53520c26de5d6f6f0\",\"name\":\"Reda\u00e7\u00e3o Portal MF\",\"image\":{\"@type\":\"ImageObject\",\"inLanguage\":\"pt-BR\",\"@id\":\"https:\/\/portalmf.com.br\/#\/schema\/person\/image\/\",\"url\":\"https:\/\/secure.gravatar.com\/avatar\/41b9aaeb2100835f7c64362330f74c7f?s=96&d=mm&r=g\",\"contentUrl\":\"https:\/\/secure.gravatar.com\/avatar\/41b9aaeb2100835f7c64362330f74c7f?s=96&d=mm&r=g\",\"caption\":\"Reda\u00e7\u00e3o Portal MF\"},\"description\":\"Sejam bem-vindos o portal de informa\u00e7\u00f5es de entretenimento de Feira de Santana, desde 2006 realiza coberturas dos principais eventos com entrevistas exclusivas com as principais personalidades mundiais. Fique conectado tamb\u00e9m nas redes sociais.\",\"sameAs\":[\"http:\/\/www.portalmf.com.br\/\",\"https:\/\/www.facebook.com\/portalmfoficial\",\"https:\/\/www.instagram.com\/portalmf\/\",\"https:\/\/x.com\/https:\/\/x.com\/portalmfoficial\",\"https:\/\/www.youtube.com\/@portalmfoficial\"],\"url\":\"https:\/\/portalmf.com.br\/index.php\/author\/junior\/\"}]}<\/script>\n<!-- \/ Yoast SEO plugin. -->","yoast_head_json":{"title":"Doto Engenharia recebe Pr\u00eamio Internacional de Gest\u00e3o Empresarial em S\u00e3o Paulo - Portal MF","robots":{"index":"index","follow":"follow","max-snippet":"max-snippet:-1","max-image-preview":"max-image-preview:large","max-video-preview":"max-video-preview:-1"},"canonical":"https:\/\/portalmf.com.br\/index.php\/2023\/05\/18\/doto-engenharia-recebe-premio-internacional-de-gestao-empresarial-em-sao-paulo\/","og_locale":"pt_BR","og_type":"article","og_title":"Doto Engenharia recebe Pr\u00eamio Internacional de Gest\u00e3o Empresarial em S\u00e3o Paulo - Portal MF","og_description":"A Doto Engenharia liderada pelo casal baiano de diretores Vanessa e Vitor Doto, recebe Pr\u00eamio Internacional de Gest\u00e3o Empresarial em S\u00e3o Paulo, o Latin American Quality Institute (LAQI), sendo reconhecida como empresa brasileira do ano de 2023 por destaque na sua atividade empresarial pontuando a\u00e7\u00f5es voltadas para os segmentos ambiental, social e de governan\u00e7a, com [&hellip;]","og_url":"https:\/\/portalmf.com.br\/index.php\/2023\/05\/18\/doto-engenharia-recebe-premio-internacional-de-gestao-empresarial-em-sao-paulo\/","og_site_name":"Portal MF","article_author":"https:\/\/www.facebook.com\/portalmfoficial","article_published_time":"2023-05-18T13:40:00+00:00","article_modified_time":"2023-05-18T20:43:07+00:00","og_image":[{"width":960,"height":1280,"url":"https:\/\/portalmf.com.br\/wp-content\/uploads\/2023\/05\/Doto-Engenharia.jpeg","type":"image\/jpeg"}],"author":"Reda\u00e7\u00e3o Portal MF","twitter_card":"summary_large_image","twitter_creator":"@https:\/\/x.com\/portalmfoficial","twitter_misc":{"Escrito por":"Reda\u00e7\u00e3o Portal MF","Est. tempo de leitura":"1 minuto"},"schema":{"@context":"https:\/\/schema.org","@graph":[{"@type":"WebPage","@id":"https:\/\/portalmf.com.br\/index.php\/2023\/05\/18\/doto-engenharia-recebe-premio-internacional-de-gestao-empresarial-em-sao-paulo\/","url":"https:\/\/portalmf.com.br\/index.php\/2023\/05\/18\/doto-engenharia-recebe-premio-internacional-de-gestao-empresarial-em-sao-paulo\/","name":"Doto Engenharia recebe Pr\u00eamio Internacional de Gest\u00e3o Empresarial em S\u00e3o Paulo - Portal MF","isPartOf":{"@id":"https:\/\/portalmf.com.br\/#website"},"primaryImageOfPage":{"@id":"https:\/\/portalmf.com.br\/index.php\/2023\/05\/18\/doto-engenharia-recebe-premio-internacional-de-gestao-empresarial-em-sao-paulo\/#primaryimage"},"image":{"@id":"https:\/\/portalmf.com.br\/index.php\/2023\/05\/18\/doto-engenharia-recebe-premio-internacional-de-gestao-empresarial-em-sao-paulo\/#primaryimage"},"thumbnailUrl":"https:\/\/portalmf.com.br\/wp-content\/uploads\/2023\/05\/Doto-Engenharia.jpeg","datePublished":"2023-05-18T13:40:00+00:00","dateModified":"2023-05-18T20:43:07+00:00","author":{"@id":"https:\/\/portalmf.com.br\/#\/schema\/person\/9ec101baf56233e53520c26de5d6f6f0"},"breadcrumb":{"@id":"https:\/\/portalmf.com.br\/index.php\/2023\/05\/18\/doto-engenharia-recebe-premio-internacional-de-gestao-empresarial-em-sao-paulo\/#breadcrumb"},"inLanguage":"pt-BR","potentialAction":[{"@type":"ReadAction","target":["https:\/\/portalmf.com.br\/index.php\/2023\/05\/18\/doto-engenharia-recebe-premio-internacional-de-gestao-empresarial-em-sao-paulo\/"]}]},{"@type":"ImageObject","inLanguage":"pt-BR","@id":"https:\/\/portalmf.com.br\/index.php\/2023\/05\/18\/doto-engenharia-recebe-premio-internacional-de-gestao-empresarial-em-sao-paulo\/#primaryimage","url":"https:\/\/portalmf.com.br\/wp-content\/uploads\/2023\/05\/Doto-Engenharia.jpeg","contentUrl":"https:\/\/portalmf.com.br\/wp-content\/uploads\/2023\/05\/Doto-Engenharia.jpeg","width":960,"height":1280},{"@type":"BreadcrumbList","@id":"https:\/\/portalmf.com.br\/index.php\/2023\/05\/18\/doto-engenharia-recebe-premio-internacional-de-gestao-empresarial-em-sao-paulo\/#breadcrumb","itemListElement":[{"@type":"ListItem","position":1,"name":"In\u00edcio","item":"https:\/\/portalmf.com.br\/"},{"@type":"ListItem","position":2,"name":"Doto Engenharia recebe Pr\u00eamio Internacional de Gest\u00e3o Empresarial em S\u00e3o Paulo"}]},{"@type":"WebSite","@id":"https:\/\/portalmf.com.br\/#website","url":"https:\/\/portalmf.com.br\/","name":"Portal MF","description":"Voc\u00ea conectado com a informa\u00e7\u00e3o","potentialAction":[{"@type":"SearchAction","target":{"@type":"EntryPoint","urlTemplate":"https:\/\/portalmf.com.br\/?s={search_term_string}"},"query-input":"required name=search_term_string"}],"inLanguage":"pt-BR"},{"@type":"Person","@id":"https:\/\/portalmf.com.br\/#\/schema\/person\/9ec101baf56233e53520c26de5d6f6f0","name":"Reda\u00e7\u00e3o Portal MF","image":{"@type":"ImageObject","inLanguage":"pt-BR","@id":"https:\/\/portalmf.com.br\/#\/schema\/person\/image\/","url":"https:\/\/secure.gravatar.com\/avatar\/41b9aaeb2100835f7c64362330f74c7f?s=96&d=mm&r=g","contentUrl":"https:\/\/secure.gravatar.com\/avatar\/41b9aaeb2100835f7c64362330f74c7f?s=96&d=mm&r=g","caption":"Reda\u00e7\u00e3o Portal MF"},"description":"Sejam bem-vindos o portal de informa\u00e7\u00f5es de entretenimento de Feira de Santana, desde 2006 realiza coberturas dos principais eventos com entrevistas exclusivas com as principais personalidades mundiais. Fique conectado tamb\u00e9m nas redes sociais.","sameAs":["http:\/\/www.portalmf.com.br\/","https:\/\/www.facebook.com\/portalmfoficial","https:\/\/www.instagram.com\/portalmf\/","https:\/\/x.com\/https:\/\/x.com\/portalmfoficial","https:\/\/www.youtube.com\/@portalmfoficial"],"url":"https:\/\/portalmf.com.br\/index.php\/author\/junior\/"}]}},"_links":{"self":[{"href":"https:\/\/portalmf.com.br\/index.php\/wp-json\/wp\/v2\/posts\/12061"}],"collection":[{"href":"https:\/\/portalmf.com.br\/index.php\/wp-json\/wp\/v2\/posts"}],"about":[{"href":"https:\/\/portalmf.com.br\/index.php\/wp-json\/wp\/v2\/types\/post"}],"author":[{"embeddable":true,"href":"https:\/\/portalmf.com.br\/index.php\/wp-json\/wp\/v2\/users\/3"}],"replies":[{"embeddable":true,"href":"https:\/\/portalmf.com.br\/index.php\/wp-json\/wp\/v2\/comments?post=12061"}],"version-history":[{"count":1,"href":"https:\/\/portalmf.com.br\/index.php\/wp-json\/wp\/v2\/posts\/12061\/revisions"}],"predecessor-version":[{"id":12063,"href":"https:\/\/portalmf.com.br\/index.php\/wp-json\/wp\/v2\/posts\/12061\/revisions\/12063"}],"wp:featuredmedia":[{"embeddable":true,"href":"https:\/\/portalmf.com.br\/index.php\/wp-json\/wp\/v2\/media\/12062"}],"wp:attachment":[{"href":"https:\/\/portalmf.com.br\/index.php\/wp-json\/wp\/v2\/media?parent=12061"}],"wp:term":[{"taxonomy":"category","embeddable":true,"href":"https:\/\/portalmf.com.br\/index.php\/wp-json\/wp\/v2\/categories?post=12061"},{"taxonomy":"post_tag","embeddable":true,"href":"https:\/\/portalmf.com.br\/index.php\/wp-json\/wp\/v2\/tags?post=12061"}],"curies":[{"name":"wp","href":"https:\/\/api.w.org\/{rel}","templated":true}]}}