{"id":11841,"date":"2023-05-11T16:47:39","date_gmt":"2023-05-11T19:47:39","guid":{"rendered":"https:\/\/portalmf.com.br\/?p=11841"},"modified":"2023-05-11T16:47:45","modified_gmt":"2023-05-11T19:47:45","slug":"exposicao-fotografica-no-boulevard-apresenta-momentos-entre-maes-e-filhos","status":"publish","type":"post","link":"https:\/\/portalmf.com.br\/index.php\/2023\/05\/11\/exposicao-fotografica-no-boulevard-apresenta-momentos-entre-maes-e-filhos\/","title":{"rendered":"Exposi\u00e7\u00e3o fotogr\u00e1fica no Boulevard apresenta momentos entre m\u00e3es e filhos"},"content":{"rendered":"\n<p>As m\u00e3es est\u00e3o presentes em nossas principais lembran\u00e7as. Para celebrar a import\u00e2ncia desse amor, o Boulevard Shopping recebe a exposi\u00e7\u00e3o fotogr\u00e1fica \u201cToda Mem\u00f3ria com sua M\u00e3e Merece ser Lembrada\u201d, que consiste em um conjunto de registros apresentando momentos entre m\u00e3es e filhos atrav\u00e9s das lentes do fot\u00f3grafo Dex Almeida.&nbsp;<\/p>\n\n\n\n<p>Localizada na entrada da E3, a exposi\u00e7\u00e3o \u00e9 gratuita e ficar\u00e1 dispon\u00edvel at\u00e9 o domingo das m\u00e3es (14). Al\u00e9m das fotografias, a mostra conta com uma \u00e1rea instagram\u00e1vel para que os visitantes possam fazer registros na mesma atmosfera e elementos da sess\u00e3o das fotos.&nbsp;<\/p>\n\n\n\n<p>Para o gerente de marketing do Boulevard, Jo\u00e3o Almeida, \u00e9 importante lembrar do significado desta data. \u201cAtrav\u00e9s dessas imagens, queremos homenagear a import\u00e2ncia do amor das m\u00e3es em nossas mem\u00f3rias e em nossas conquistas\u201d, afirma.&nbsp;&nbsp;&nbsp;<\/p>\n\n\n\n<p>Criado em 2021, o projeto \u201cToda Mem\u00f3ria com sua M\u00e3e Merece ser Lembrada\u201d busca contar hist\u00f3rias de diversas fam\u00edlias, retratando uma maternidade real, materializando o amor e a gratid\u00e3o do relacionamento de uma m\u00e3e e seu filho nas fotografias. A exposi\u00e7\u00e3o chega ao Boulevard em comemora\u00e7\u00e3o aos 10 anos de carreira de Dex Almeida, sendo a primeira vez da mostra em um espa\u00e7o f\u00edsico.&nbsp;<\/p>\n\n\n\n<p><strong>Mais tempo para compras<\/strong>&nbsp;<\/p>\n\n\n\n<p>Quem ainda n\u00e3o comprou o seu presente de Dia das M\u00e3es, o Boulevard Shopping estar\u00e1 com um hor\u00e1rio de funcionamento especial nos pr\u00f3ximos dias.&nbsp;&nbsp;<\/p>\n\n\n\n<p>Confira a programa\u00e7\u00e3o abaixo:&nbsp;<\/p>\n\n\n\n<p>Dias 12 e 13 de maio \u2013 SEX E SAB&nbsp;<\/p>\n\n\n\n<ul>\n<li>Lojas e quiosques: 9h \u00e0s 23h&nbsp;<\/li>\n\n\n\n<li>Alimenta\u00e7\u00e3o: 9h \u00e0s 23h&nbsp;<\/li>\n\n\n\n<li>Lot\u00e9rica: 8h \u00e0s 21h&nbsp;<\/li>\n\n\n\n<li>Big Bompre\u00e7o: 8h \u00e0s 23h&nbsp;<\/li>\n\n\n\n<li>Cinema: programa\u00e7\u00e3o normal de exibi\u00e7\u00e3o&nbsp;<\/li>\n<\/ul>\n\n\n\n<p>&nbsp;Dia 14 de maio \u2013 DOMINGO&nbsp;<\/p>\n\n\n\n<ul>\n<li>Lojas e quiosques: 9h \u00e0s 20h&nbsp;<\/li>\n\n\n\n<li>Alimenta\u00e7\u00e3o: 9h \u00e0s 21h&nbsp;<\/li>\n\n\n\n<li>Lot\u00e9rica: 14h \u00e0s 20h&nbsp;<\/li>\n\n\n\n<li>Big Bompre\u00e7o: 8h \u00e0s 21h&nbsp;<\/li>\n\n\n\n<li>Cinema: programa\u00e7\u00e3o normal de exibi\u00e7\u00e3o&nbsp;&nbsp;<\/li>\n<\/ul>\n\n\n\n<p>Cl\u00ednicas:&nbsp;&nbsp;<\/p>\n\n\n\n<p>Clinos&nbsp;<\/p>\n\n\n\n<ul>\n<li>Sexta \u2013 09h \u00e0s 22h&nbsp;<\/li>\n\n\n\n<li>S\u00e1bado \u2013 09h \u00e0s 18h&nbsp;<\/li>\n\n\n\n<li>Domingo &#8211; Fechado&nbsp;<\/li>\n<\/ul>\n\n\n\n<p>Sa\u00fade Center&nbsp;<\/p>\n\n\n\n<ul>\n<li>Sexta \u2013 07h \u00e0s 22h&nbsp;<\/li>\n\n\n\n<li>S\u00e1bado \u2013 08h \u00e0s 13h&nbsp;<\/li>\n\n\n\n<li>Domingo &#8211; Fechado&nbsp;<\/li>\n<\/ul>\n","protected":false},"excerpt":{"rendered":"<p>As m\u00e3es est\u00e3o presentes em nossas principais lembran\u00e7as. Para celebrar a import\u00e2ncia desse amor, o Boulevard Shopping recebe a exposi\u00e7\u00e3o fotogr\u00e1fica \u201cToda Mem\u00f3ria com sua M\u00e3e Merece ser Lembrada\u201d, que consiste em um conjunto de registros apresentando momentos entre m\u00e3es e filhos atrav\u00e9s das lentes do fot\u00f3grafo Dex Almeida.&nbsp; Localizada na entrada da E3, a [&hellip;]<\/p>\n","protected":false},"author":3,"featured_media":11842,"comment_status":"open","ping_status":"open","sticky":false,"template":"","format":"standard","meta":{"_monsterinsights_skip_tracking":false,"_monsterinsights_sitenote_active":false,"_monsterinsights_sitenote_note":"","_monsterinsights_sitenote_category":0,"footnotes":""},"categories":[295],"tags":[],"yoast_head":"<!-- This site is optimized with the Yoast SEO plugin v22.9 - https:\/\/yoast.com\/wordpress\/plugins\/seo\/ -->\n<title>Exposi\u00e7\u00e3o fotogr\u00e1fica no Boulevard apresenta momentos entre m\u00e3es e filhos - Portal MF<\/title>\n<meta name=\"robots\" content=\"index, follow, max-snippet:-1, max-image-preview:large, max-video-preview:-1\" \/>\n<link rel=\"canonical\" href=\"https:\/\/portalmf.com.br\/index.php\/2023\/05\/11\/exposicao-fotografica-no-boulevard-apresenta-momentos-entre-maes-e-filhos\/\" \/>\n<meta property=\"og:locale\" content=\"pt_BR\" \/>\n<meta property=\"og:type\" content=\"article\" \/>\n<meta property=\"og:title\" content=\"Exposi\u00e7\u00e3o fotogr\u00e1fica no Boulevard apresenta momentos entre m\u00e3es e filhos - Portal MF\" \/>\n<meta property=\"og:description\" content=\"As m\u00e3es est\u00e3o presentes em nossas principais lembran\u00e7as. Para celebrar a import\u00e2ncia desse amor, o Boulevard Shopping recebe a exposi\u00e7\u00e3o fotogr\u00e1fica \u201cToda Mem\u00f3ria com sua M\u00e3e Merece ser Lembrada\u201d, que consiste em um conjunto de registros apresentando momentos entre m\u00e3es e filhos atrav\u00e9s das lentes do fot\u00f3grafo Dex Almeida.&nbsp; Localizada na entrada da E3, a [&hellip;]\" \/>\n<meta property=\"og:url\" content=\"https:\/\/portalmf.com.br\/index.php\/2023\/05\/11\/exposicao-fotografica-no-boulevard-apresenta-momentos-entre-maes-e-filhos\/\" \/>\n<meta property=\"og:site_name\" content=\"Portal MF\" \/>\n<meta property=\"article:author\" content=\"https:\/\/www.facebook.com\/portalmfoficial\" \/>\n<meta property=\"article:published_time\" content=\"2023-05-11T19:47:39+00:00\" \/>\n<meta property=\"article:modified_time\" content=\"2023-05-11T19:47:45+00:00\" \/>\n<meta property=\"og:image\" content=\"https:\/\/portalmf.com.br\/wp-content\/uploads\/2023\/05\/10.05_Release_Exposicao-e-Dia-das-Maes-2-scaled.jpg\" \/>\n\t<meta property=\"og:image:width\" content=\"2560\" \/>\n\t<meta property=\"og:image:height\" content=\"1706\" \/>\n\t<meta property=\"og:image:type\" content=\"image\/jpeg\" \/>\n<meta name=\"author\" content=\"Reda\u00e7\u00e3o Portal MF\" \/>\n<meta name=\"twitter:card\" content=\"summary_large_image\" \/>\n<meta name=\"twitter:creator\" content=\"@https:\/\/x.com\/portalmfoficial\" \/>\n<meta name=\"twitter:label1\" content=\"Escrito por\" \/>\n\t<meta name=\"twitter:data1\" content=\"Reda\u00e7\u00e3o Portal MF\" \/>\n\t<meta name=\"twitter:label2\" content=\"Est. tempo de leitura\" \/>\n\t<meta name=\"twitter:data2\" content=\"2 minutos\" \/>\n<script type=\"application\/ld+json\" class=\"yoast-schema-graph\">{\"@context\":\"https:\/\/schema.org\",\"@graph\":[{\"@type\":\"WebPage\",\"@id\":\"https:\/\/portalmf.com.br\/index.php\/2023\/05\/11\/exposicao-fotografica-no-boulevard-apresenta-momentos-entre-maes-e-filhos\/\",\"url\":\"https:\/\/portalmf.com.br\/index.php\/2023\/05\/11\/exposicao-fotografica-no-boulevard-apresenta-momentos-entre-maes-e-filhos\/\",\"name\":\"Exposi\u00e7\u00e3o fotogr\u00e1fica no Boulevard apresenta momentos entre m\u00e3es e filhos - Portal MF\",\"isPartOf\":{\"@id\":\"https:\/\/portalmf.com.br\/#website\"},\"primaryImageOfPage\":{\"@id\":\"https:\/\/portalmf.com.br\/index.php\/2023\/05\/11\/exposicao-fotografica-no-boulevard-apresenta-momentos-entre-maes-e-filhos\/#primaryimage\"},\"image\":{\"@id\":\"https:\/\/portalmf.com.br\/index.php\/2023\/05\/11\/exposicao-fotografica-no-boulevard-apresenta-momentos-entre-maes-e-filhos\/#primaryimage\"},\"thumbnailUrl\":\"https:\/\/portalmf.com.br\/wp-content\/uploads\/2023\/05\/10.05_Release_Exposicao-e-Dia-das-Maes-2-scaled.jpg\",\"datePublished\":\"2023-05-11T19:47:39+00:00\",\"dateModified\":\"2023-05-11T19:47:45+00:00\",\"author\":{\"@id\":\"https:\/\/portalmf.com.br\/#\/schema\/person\/9ec101baf56233e53520c26de5d6f6f0\"},\"breadcrumb\":{\"@id\":\"https:\/\/portalmf.com.br\/index.php\/2023\/05\/11\/exposicao-fotografica-no-boulevard-apresenta-momentos-entre-maes-e-filhos\/#breadcrumb\"},\"inLanguage\":\"pt-BR\",\"potentialAction\":[{\"@type\":\"ReadAction\",\"target\":[\"https:\/\/portalmf.com.br\/index.php\/2023\/05\/11\/exposicao-fotografica-no-boulevard-apresenta-momentos-entre-maes-e-filhos\/\"]}]},{\"@type\":\"ImageObject\",\"inLanguage\":\"pt-BR\",\"@id\":\"https:\/\/portalmf.com.br\/index.php\/2023\/05\/11\/exposicao-fotografica-no-boulevard-apresenta-momentos-entre-maes-e-filhos\/#primaryimage\",\"url\":\"https:\/\/portalmf.com.br\/wp-content\/uploads\/2023\/05\/10.05_Release_Exposicao-e-Dia-das-Maes-2-scaled.jpg\",\"contentUrl\":\"https:\/\/portalmf.com.br\/wp-content\/uploads\/2023\/05\/10.05_Release_Exposicao-e-Dia-das-Maes-2-scaled.jpg\",\"width\":2560,\"height\":1706},{\"@type\":\"BreadcrumbList\",\"@id\":\"https:\/\/portalmf.com.br\/index.php\/2023\/05\/11\/exposicao-fotografica-no-boulevard-apresenta-momentos-entre-maes-e-filhos\/#breadcrumb\",\"itemListElement\":[{\"@type\":\"ListItem\",\"position\":1,\"name\":\"In\u00edcio\",\"item\":\"https:\/\/portalmf.com.br\/\"},{\"@type\":\"ListItem\",\"position\":2,\"name\":\"Exposi\u00e7\u00e3o fotogr\u00e1fica no Boulevard apresenta momentos entre m\u00e3es e filhos\"}]},{\"@type\":\"WebSite\",\"@id\":\"https:\/\/portalmf.com.br\/#website\",\"url\":\"https:\/\/portalmf.com.br\/\",\"name\":\"Portal MF\",\"description\":\"Voc\u00ea conectado com a informa\u00e7\u00e3o\",\"potentialAction\":[{\"@type\":\"SearchAction\",\"target\":{\"@type\":\"EntryPoint\",\"urlTemplate\":\"https:\/\/portalmf.com.br\/?s={search_term_string}\"},\"query-input\":\"required name=search_term_string\"}],\"inLanguage\":\"pt-BR\"},{\"@type\":\"Person\",\"@id\":\"https:\/\/portalmf.com.br\/#\/schema\/person\/9ec101baf56233e53520c26de5d6f6f0\",\"name\":\"Reda\u00e7\u00e3o Portal MF\",\"image\":{\"@type\":\"ImageObject\",\"inLanguage\":\"pt-BR\",\"@id\":\"https:\/\/portalmf.com.br\/#\/schema\/person\/image\/\",\"url\":\"https:\/\/secure.gravatar.com\/avatar\/41b9aaeb2100835f7c64362330f74c7f?s=96&d=mm&r=g\",\"contentUrl\":\"https:\/\/secure.gravatar.com\/avatar\/41b9aaeb2100835f7c64362330f74c7f?s=96&d=mm&r=g\",\"caption\":\"Reda\u00e7\u00e3o Portal MF\"},\"description\":\"Sejam bem-vindos o portal de informa\u00e7\u00f5es de entretenimento de Feira de Santana, desde 2006 realiza coberturas dos principais eventos com entrevistas exclusivas com as principais personalidades mundiais. Fique conectado tamb\u00e9m nas redes sociais.\",\"sameAs\":[\"http:\/\/www.portalmf.com.br\/\",\"https:\/\/www.facebook.com\/portalmfoficial\",\"https:\/\/www.instagram.com\/portalmf\/\",\"https:\/\/x.com\/https:\/\/x.com\/portalmfoficial\",\"https:\/\/www.youtube.com\/@portalmfoficial\"],\"url\":\"https:\/\/portalmf.com.br\/index.php\/author\/junior\/\"}]}<\/script>\n<!-- \/ Yoast SEO plugin. -->","yoast_head_json":{"title":"Exposi\u00e7\u00e3o fotogr\u00e1fica no Boulevard apresenta momentos entre m\u00e3es e filhos - Portal MF","robots":{"index":"index","follow":"follow","max-snippet":"max-snippet:-1","max-image-preview":"max-image-preview:large","max-video-preview":"max-video-preview:-1"},"canonical":"https:\/\/portalmf.com.br\/index.php\/2023\/05\/11\/exposicao-fotografica-no-boulevard-apresenta-momentos-entre-maes-e-filhos\/","og_locale":"pt_BR","og_type":"article","og_title":"Exposi\u00e7\u00e3o fotogr\u00e1fica no Boulevard apresenta momentos entre m\u00e3es e filhos - Portal MF","og_description":"As m\u00e3es est\u00e3o presentes em nossas principais lembran\u00e7as. Para celebrar a import\u00e2ncia desse amor, o Boulevard Shopping recebe a exposi\u00e7\u00e3o fotogr\u00e1fica \u201cToda Mem\u00f3ria com sua M\u00e3e Merece ser Lembrada\u201d, que consiste em um conjunto de registros apresentando momentos entre m\u00e3es e filhos atrav\u00e9s das lentes do fot\u00f3grafo Dex Almeida.&nbsp; Localizada na entrada da E3, a [&hellip;]","og_url":"https:\/\/portalmf.com.br\/index.php\/2023\/05\/11\/exposicao-fotografica-no-boulevard-apresenta-momentos-entre-maes-e-filhos\/","og_site_name":"Portal MF","article_author":"https:\/\/www.facebook.com\/portalmfoficial","article_published_time":"2023-05-11T19:47:39+00:00","article_modified_time":"2023-05-11T19:47:45+00:00","og_image":[{"width":2560,"height":1706,"url":"https:\/\/portalmf.com.br\/wp-content\/uploads\/2023\/05\/10.05_Release_Exposicao-e-Dia-das-Maes-2-scaled.jpg","type":"image\/jpeg"}],"author":"Reda\u00e7\u00e3o Portal MF","twitter_card":"summary_large_image","twitter_creator":"@https:\/\/x.com\/portalmfoficial","twitter_misc":{"Escrito por":"Reda\u00e7\u00e3o Portal MF","Est. tempo de leitura":"2 minutos"},"schema":{"@context":"https:\/\/schema.org","@graph":[{"@type":"WebPage","@id":"https:\/\/portalmf.com.br\/index.php\/2023\/05\/11\/exposicao-fotografica-no-boulevard-apresenta-momentos-entre-maes-e-filhos\/","url":"https:\/\/portalmf.com.br\/index.php\/2023\/05\/11\/exposicao-fotografica-no-boulevard-apresenta-momentos-entre-maes-e-filhos\/","name":"Exposi\u00e7\u00e3o fotogr\u00e1fica no Boulevard apresenta momentos entre m\u00e3es e filhos - Portal MF","isPartOf":{"@id":"https:\/\/portalmf.com.br\/#website"},"primaryImageOfPage":{"@id":"https:\/\/portalmf.com.br\/index.php\/2023\/05\/11\/exposicao-fotografica-no-boulevard-apresenta-momentos-entre-maes-e-filhos\/#primaryimage"},"image":{"@id":"https:\/\/portalmf.com.br\/index.php\/2023\/05\/11\/exposicao-fotografica-no-boulevard-apresenta-momentos-entre-maes-e-filhos\/#primaryimage"},"thumbnailUrl":"https:\/\/portalmf.com.br\/wp-content\/uploads\/2023\/05\/10.05_Release_Exposicao-e-Dia-das-Maes-2-scaled.jpg","datePublished":"2023-05-11T19:47:39+00:00","dateModified":"2023-05-11T19:47:45+00:00","author":{"@id":"https:\/\/portalmf.com.br\/#\/schema\/person\/9ec101baf56233e53520c26de5d6f6f0"},"breadcrumb":{"@id":"https:\/\/portalmf.com.br\/index.php\/2023\/05\/11\/exposicao-fotografica-no-boulevard-apresenta-momentos-entre-maes-e-filhos\/#breadcrumb"},"inLanguage":"pt-BR","potentialAction":[{"@type":"ReadAction","target":["https:\/\/portalmf.com.br\/index.php\/2023\/05\/11\/exposicao-fotografica-no-boulevard-apresenta-momentos-entre-maes-e-filhos\/"]}]},{"@type":"ImageObject","inLanguage":"pt-BR","@id":"https:\/\/portalmf.com.br\/index.php\/2023\/05\/11\/exposicao-fotografica-no-boulevard-apresenta-momentos-entre-maes-e-filhos\/#primaryimage","url":"https:\/\/portalmf.com.br\/wp-content\/uploads\/2023\/05\/10.05_Release_Exposicao-e-Dia-das-Maes-2-scaled.jpg","contentUrl":"https:\/\/portalmf.com.br\/wp-content\/uploads\/2023\/05\/10.05_Release_Exposicao-e-Dia-das-Maes-2-scaled.jpg","width":2560,"height":1706},{"@type":"BreadcrumbList","@id":"https:\/\/portalmf.com.br\/index.php\/2023\/05\/11\/exposicao-fotografica-no-boulevard-apresenta-momentos-entre-maes-e-filhos\/#breadcrumb","itemListElement":[{"@type":"ListItem","position":1,"name":"In\u00edcio","item":"https:\/\/portalmf.com.br\/"},{"@type":"ListItem","position":2,"name":"Exposi\u00e7\u00e3o fotogr\u00e1fica no Boulevard apresenta momentos entre m\u00e3es e filhos"}]},{"@type":"WebSite","@id":"https:\/\/portalmf.com.br\/#website","url":"https:\/\/portalmf.com.br\/","name":"Portal MF","description":"Voc\u00ea conectado com a informa\u00e7\u00e3o","potentialAction":[{"@type":"SearchAction","target":{"@type":"EntryPoint","urlTemplate":"https:\/\/portalmf.com.br\/?s={search_term_string}"},"query-input":"required name=search_term_string"}],"inLanguage":"pt-BR"},{"@type":"Person","@id":"https:\/\/portalmf.com.br\/#\/schema\/person\/9ec101baf56233e53520c26de5d6f6f0","name":"Reda\u00e7\u00e3o Portal MF","image":{"@type":"ImageObject","inLanguage":"pt-BR","@id":"https:\/\/portalmf.com.br\/#\/schema\/person\/image\/","url":"https:\/\/secure.gravatar.com\/avatar\/41b9aaeb2100835f7c64362330f74c7f?s=96&d=mm&r=g","contentUrl":"https:\/\/secure.gravatar.com\/avatar\/41b9aaeb2100835f7c64362330f74c7f?s=96&d=mm&r=g","caption":"Reda\u00e7\u00e3o Portal MF"},"description":"Sejam bem-vindos o portal de informa\u00e7\u00f5es de entretenimento de Feira de Santana, desde 2006 realiza coberturas dos principais eventos com entrevistas exclusivas com as principais personalidades mundiais. Fique conectado tamb\u00e9m nas redes sociais.","sameAs":["http:\/\/www.portalmf.com.br\/","https:\/\/www.facebook.com\/portalmfoficial","https:\/\/www.instagram.com\/portalmf\/","https:\/\/x.com\/https:\/\/x.com\/portalmfoficial","https:\/\/www.youtube.com\/@portalmfoficial"],"url":"https:\/\/portalmf.com.br\/index.php\/author\/junior\/"}]}},"_links":{"self":[{"href":"https:\/\/portalmf.com.br\/index.php\/wp-json\/wp\/v2\/posts\/11841"}],"collection":[{"href":"https:\/\/portalmf.com.br\/index.php\/wp-json\/wp\/v2\/posts"}],"about":[{"href":"https:\/\/portalmf.com.br\/index.php\/wp-json\/wp\/v2\/types\/post"}],"author":[{"embeddable":true,"href":"https:\/\/portalmf.com.br\/index.php\/wp-json\/wp\/v2\/users\/3"}],"replies":[{"embeddable":true,"href":"https:\/\/portalmf.com.br\/index.php\/wp-json\/wp\/v2\/comments?post=11841"}],"version-history":[{"count":1,"href":"https:\/\/portalmf.com.br\/index.php\/wp-json\/wp\/v2\/posts\/11841\/revisions"}],"predecessor-version":[{"id":11843,"href":"https:\/\/portalmf.com.br\/index.php\/wp-json\/wp\/v2\/posts\/11841\/revisions\/11843"}],"wp:featuredmedia":[{"embeddable":true,"href":"https:\/\/portalmf.com.br\/index.php\/wp-json\/wp\/v2\/media\/11842"}],"wp:attachment":[{"href":"https:\/\/portalmf.com.br\/index.php\/wp-json\/wp\/v2\/media?parent=11841"}],"wp:term":[{"taxonomy":"category","embeddable":true,"href":"https:\/\/portalmf.com.br\/index.php\/wp-json\/wp\/v2\/categories?post=11841"},{"taxonomy":"post_tag","embeddable":true,"href":"https:\/\/portalmf.com.br\/index.php\/wp-json\/wp\/v2\/tags?post=11841"}],"curies":[{"name":"wp","href":"https:\/\/api.w.org\/{rel}","templated":true}]}}