{"id":11837,"date":"2023-05-10T10:42:00","date_gmt":"2023-05-10T13:42:00","guid":{"rendered":"https:\/\/portalmf.com.br\/?p=11837"},"modified":"2023-05-11T16:44:40","modified_gmt":"2023-05-11T19:44:40","slug":"guarana-antarctica-instala-cabine-de-confessionario-para-as-maes-na-estacao-da-lapa","status":"publish","type":"post","link":"https:\/\/portalmf.com.br\/index.php\/2023\/05\/10\/guarana-antarctica-instala-cabine-de-confessionario-para-as-maes-na-estacao-da-lapa\/","title":{"rendered":"Guaran\u00e1 Antarctica instala cabine de confession\u00e1rio para as m\u00e3es na Esta\u00e7\u00e3o da Lapa"},"content":{"rendered":"\n<p>Um confession\u00e1rio, que ser\u00e1 instalado no andar t\u00e9rreo da Esta\u00e7\u00e3o da Lapa, entre os dias 10 e 11 de maio, promete atrair m\u00e3es que topem compartilhar hist\u00f3rias reais sobre a maternidade, nunca antes contadas. Essa \u00e9 a proposta de Guaran\u00e1 Antarctica para celebrar a diversidade de experi\u00eancias e os desafios que as \u201cmainhas soteropolitanas\u201d enfrentam.<\/p>\n\n\n\n<p>A cabine, que ficar\u00e1 dispon\u00edvel das 11h \u00e0s 17h durante os dois dias da a\u00e7\u00e3o, faz parte da campanha nacional &#8220;Confiss\u00f5es de M\u00e3e&#8221;, realizada por Guaran\u00e1. A ideia \u00e9 deixar de lado todos os estere\u00f3tipos que romantizam, idealizam ou refor\u00e7am padr\u00f5es antiquados sobre a maternidade para expor a realidade, sempre com muito bom humor.<\/p>\n\n\n\n<p>De acordo com Jo\u00e3o Lucas Cardoso, coordenador de marketing regional da Ambev, Guaran\u00e1 Antarctica trouxe um desafio para a mesa: e se as m\u00e3es pudessem confessar situa\u00e7\u00f5es hil\u00e1rias e tudo o que elas pensam, mas n\u00e3o admitem? &#8211; e, claro, tudo isso sem julgamentos. \u201cPara esta data especial, essa \u00e9 a proposta da marca, porque m\u00e3e que fala a real \u00e9 Coisa Nossa!\u201d, afirma.\u00a0\u00a0<\/p>\n\n\n\n<p>E para as mainhas que passarem pela Esta\u00e7\u00e3o da Lapa e toparem se confessar, Guaran\u00e1 Antarctica vai preparar um gole de coragem, al\u00e9m de oferecer um brinde.<\/p>\n\n\n\n<p><strong>Confiss\u00f5es de M\u00e3e em todo Brasil\u00a0 \u00a0\u00a0<\/strong><\/p>\n\n\n\n<p>Para trazer o olhar genu\u00edno da m\u00e3e brasileira, Guaran\u00e1 Antarctica convidou m\u00e3es para co-criarem a iniciativa junto com a marca. E as contribui\u00e7\u00f5es s\u00e3o gigantes: desde relatos reais, participa\u00e7\u00e3o na cria\u00e7\u00e3o dos materiais, cria\u00e7\u00e3o de roteiros e at\u00e9 a dire\u00e7\u00e3o dos filmes. Essas m\u00e3es e suas hist\u00f3rias tomam as ruas em m\u00eddias externas, nas redes sociais, e agora, tamb\u00e9m na televis\u00e3o.<\/p>\n\n\n\n<p>\u201cNosso desejo nessa campanha foi ouvir muitas m\u00e3es e dividir com todo mundo seus relatos. Ajudar a normalizar o maternar real. Estamos oferecendo nossa parceria e um golinho de coragem de Guaran\u00e1 Antarctica para toda m\u00e3e se sentir bem de rir de si mesma e compartilhar suas quest\u00f5es\u201d, revela Tet\u00ea Chaves, Diretora de Guaran\u00e1 Antarctica.<\/p>\n\n\n\n<p>Para desenvolver a iniciativa, criada pela ag\u00eancia SOKO, a marca esteve em contato com m\u00e3es reais e influenciadoras que ajudaram a trazer insights, compartilhando suas pr\u00f3prias experi\u00eancias, inseguran\u00e7as e confiss\u00f5es de um jeito genuinamente brasileiro.<\/p>\n\n\n\n<p>\u201cO nosso desafio era falar de um jeito que s\u00f3 Guaran\u00e1 poderia, criando conex\u00e3o com a realidade sobre a maternidade, j\u00e1 que essa data ainda \u00e9 muito romantizada no mercado. Escolhemos falar de situa\u00e7\u00f5es que muitas m\u00e3es vivem, que s\u00e3o tensas e cansativas, mas que depois que passam (e fica tudo bem) a gente at\u00e9 consegue rir. Eu me senti abra\u00e7ada por n\u00e3o ser cobrada pela perfei\u00e7\u00e3o e nem celebrada s\u00f3 pela entrega total ao meu filho&#8221; destaca Mariana Lerroy, m\u00e3e do Francisco e Senior Strategist da SOKO.<\/p>\n\n\n\n<p>E para come\u00e7ar essa hist\u00f3ria, Guaran\u00e1 Antarctica, que est\u00e1 h\u00e1 mais de 100 anos ao lado dos brasileiros, convidou a m\u00e3e que representa bem essa maternidade brasileira com muito humor: Tat\u00e1 Werneck. A apresentadora deu in\u00edcio a uma corrente de confiss\u00f5es que ganhou o pa\u00eds e conta tamb\u00e9m com influenciadoras como Tia M\u00e1, Dani Choma e Gabi Coletti.<\/p>\n","protected":false},"excerpt":{"rendered":"<p>Um confession\u00e1rio, que ser\u00e1 instalado no andar t\u00e9rreo da Esta\u00e7\u00e3o da Lapa, entre os dias 10 e 11 de maio, promete atrair m\u00e3es que topem compartilhar hist\u00f3rias reais sobre a maternidade, nunca antes contadas. Essa \u00e9 a proposta de Guaran\u00e1 Antarctica para celebrar a diversidade de experi\u00eancias e os desafios que as \u201cmainhas soteropolitanas\u201d enfrentam. [&hellip;]<\/p>\n","protected":false},"author":3,"featured_media":11838,"comment_status":"open","ping_status":"open","sticky":false,"template":"","format":"standard","meta":{"_monsterinsights_skip_tracking":false,"_monsterinsights_sitenote_active":false,"_monsterinsights_sitenote_note":"","_monsterinsights_sitenote_category":0,"footnotes":""},"categories":[295],"tags":[],"yoast_head":"<!-- This site is optimized with the Yoast SEO plugin v22.9 - https:\/\/yoast.com\/wordpress\/plugins\/seo\/ -->\n<title>Guaran\u00e1 Antarctica instala cabine de confession\u00e1rio para as m\u00e3es na Esta\u00e7\u00e3o da Lapa - Portal MF<\/title>\n<meta name=\"robots\" content=\"index, follow, max-snippet:-1, max-image-preview:large, max-video-preview:-1\" \/>\n<link rel=\"canonical\" href=\"https:\/\/portalmf.com.br\/index.php\/2023\/05\/10\/guarana-antarctica-instala-cabine-de-confessionario-para-as-maes-na-estacao-da-lapa\/\" \/>\n<meta property=\"og:locale\" content=\"pt_BR\" \/>\n<meta property=\"og:type\" content=\"article\" \/>\n<meta property=\"og:title\" content=\"Guaran\u00e1 Antarctica instala cabine de confession\u00e1rio para as m\u00e3es na Esta\u00e7\u00e3o da Lapa - Portal MF\" \/>\n<meta property=\"og:description\" content=\"Um confession\u00e1rio, que ser\u00e1 instalado no andar t\u00e9rreo da Esta\u00e7\u00e3o da Lapa, entre os dias 10 e 11 de maio, promete atrair m\u00e3es que topem compartilhar hist\u00f3rias reais sobre a maternidade, nunca antes contadas. Essa \u00e9 a proposta de Guaran\u00e1 Antarctica para celebrar a diversidade de experi\u00eancias e os desafios que as \u201cmainhas soteropolitanas\u201d enfrentam. [&hellip;]\" \/>\n<meta property=\"og:url\" content=\"https:\/\/portalmf.com.br\/index.php\/2023\/05\/10\/guarana-antarctica-instala-cabine-de-confessionario-para-as-maes-na-estacao-da-lapa\/\" \/>\n<meta property=\"og:site_name\" content=\"Portal MF\" \/>\n<meta property=\"article:author\" content=\"https:\/\/www.facebook.com\/portalmfoficial\" \/>\n<meta property=\"article:published_time\" content=\"2023-05-10T13:42:00+00:00\" \/>\n<meta property=\"article:modified_time\" content=\"2023-05-11T19:44:40+00:00\" \/>\n<meta property=\"og:image\" content=\"https:\/\/portalmf.com.br\/wp-content\/uploads\/2023\/05\/43518394910052023_WhatsApp_Image_2023-05-10_at_16.19.57.jpeg\" \/>\n\t<meta property=\"og:image:width\" content=\"1200\" \/>\n\t<meta property=\"og:image:height\" content=\"1600\" \/>\n\t<meta property=\"og:image:type\" content=\"image\/jpeg\" \/>\n<meta name=\"author\" content=\"Reda\u00e7\u00e3o Portal MF\" \/>\n<meta name=\"twitter:card\" content=\"summary_large_image\" \/>\n<meta name=\"twitter:creator\" content=\"@https:\/\/x.com\/portalmfoficial\" \/>\n<meta name=\"twitter:label1\" content=\"Escrito por\" \/>\n\t<meta name=\"twitter:data1\" content=\"Reda\u00e7\u00e3o Portal MF\" \/>\n\t<meta name=\"twitter:label2\" content=\"Est. tempo de leitura\" \/>\n\t<meta name=\"twitter:data2\" content=\"3 minutos\" \/>\n<script type=\"application\/ld+json\" class=\"yoast-schema-graph\">{\"@context\":\"https:\/\/schema.org\",\"@graph\":[{\"@type\":\"WebPage\",\"@id\":\"https:\/\/portalmf.com.br\/index.php\/2023\/05\/10\/guarana-antarctica-instala-cabine-de-confessionario-para-as-maes-na-estacao-da-lapa\/\",\"url\":\"https:\/\/portalmf.com.br\/index.php\/2023\/05\/10\/guarana-antarctica-instala-cabine-de-confessionario-para-as-maes-na-estacao-da-lapa\/\",\"name\":\"Guaran\u00e1 Antarctica instala cabine de confession\u00e1rio para as m\u00e3es na Esta\u00e7\u00e3o da Lapa - Portal MF\",\"isPartOf\":{\"@id\":\"https:\/\/portalmf.com.br\/#website\"},\"primaryImageOfPage\":{\"@id\":\"https:\/\/portalmf.com.br\/index.php\/2023\/05\/10\/guarana-antarctica-instala-cabine-de-confessionario-para-as-maes-na-estacao-da-lapa\/#primaryimage\"},\"image\":{\"@id\":\"https:\/\/portalmf.com.br\/index.php\/2023\/05\/10\/guarana-antarctica-instala-cabine-de-confessionario-para-as-maes-na-estacao-da-lapa\/#primaryimage\"},\"thumbnailUrl\":\"https:\/\/portalmf.com.br\/wp-content\/uploads\/2023\/05\/43518394910052023_WhatsApp_Image_2023-05-10_at_16.19.57.jpeg\",\"datePublished\":\"2023-05-10T13:42:00+00:00\",\"dateModified\":\"2023-05-11T19:44:40+00:00\",\"author\":{\"@id\":\"https:\/\/portalmf.com.br\/#\/schema\/person\/9ec101baf56233e53520c26de5d6f6f0\"},\"breadcrumb\":{\"@id\":\"https:\/\/portalmf.com.br\/index.php\/2023\/05\/10\/guarana-antarctica-instala-cabine-de-confessionario-para-as-maes-na-estacao-da-lapa\/#breadcrumb\"},\"inLanguage\":\"pt-BR\",\"potentialAction\":[{\"@type\":\"ReadAction\",\"target\":[\"https:\/\/portalmf.com.br\/index.php\/2023\/05\/10\/guarana-antarctica-instala-cabine-de-confessionario-para-as-maes-na-estacao-da-lapa\/\"]}]},{\"@type\":\"ImageObject\",\"inLanguage\":\"pt-BR\",\"@id\":\"https:\/\/portalmf.com.br\/index.php\/2023\/05\/10\/guarana-antarctica-instala-cabine-de-confessionario-para-as-maes-na-estacao-da-lapa\/#primaryimage\",\"url\":\"https:\/\/portalmf.com.br\/wp-content\/uploads\/2023\/05\/43518394910052023_WhatsApp_Image_2023-05-10_at_16.19.57.jpeg\",\"contentUrl\":\"https:\/\/portalmf.com.br\/wp-content\/uploads\/2023\/05\/43518394910052023_WhatsApp_Image_2023-05-10_at_16.19.57.jpeg\",\"width\":1200,\"height\":1600},{\"@type\":\"BreadcrumbList\",\"@id\":\"https:\/\/portalmf.com.br\/index.php\/2023\/05\/10\/guarana-antarctica-instala-cabine-de-confessionario-para-as-maes-na-estacao-da-lapa\/#breadcrumb\",\"itemListElement\":[{\"@type\":\"ListItem\",\"position\":1,\"name\":\"In\u00edcio\",\"item\":\"https:\/\/portalmf.com.br\/\"},{\"@type\":\"ListItem\",\"position\":2,\"name\":\"Guaran\u00e1 Antarctica instala cabine de confession\u00e1rio para as m\u00e3es na Esta\u00e7\u00e3o da Lapa\"}]},{\"@type\":\"WebSite\",\"@id\":\"https:\/\/portalmf.com.br\/#website\",\"url\":\"https:\/\/portalmf.com.br\/\",\"name\":\"Portal MF\",\"description\":\"Voc\u00ea conectado com a informa\u00e7\u00e3o\",\"potentialAction\":[{\"@type\":\"SearchAction\",\"target\":{\"@type\":\"EntryPoint\",\"urlTemplate\":\"https:\/\/portalmf.com.br\/?s={search_term_string}\"},\"query-input\":\"required name=search_term_string\"}],\"inLanguage\":\"pt-BR\"},{\"@type\":\"Person\",\"@id\":\"https:\/\/portalmf.com.br\/#\/schema\/person\/9ec101baf56233e53520c26de5d6f6f0\",\"name\":\"Reda\u00e7\u00e3o Portal MF\",\"image\":{\"@type\":\"ImageObject\",\"inLanguage\":\"pt-BR\",\"@id\":\"https:\/\/portalmf.com.br\/#\/schema\/person\/image\/\",\"url\":\"https:\/\/secure.gravatar.com\/avatar\/41b9aaeb2100835f7c64362330f74c7f?s=96&d=mm&r=g\",\"contentUrl\":\"https:\/\/secure.gravatar.com\/avatar\/41b9aaeb2100835f7c64362330f74c7f?s=96&d=mm&r=g\",\"caption\":\"Reda\u00e7\u00e3o Portal MF\"},\"description\":\"Sejam bem-vindos o portal de informa\u00e7\u00f5es de entretenimento de Feira de Santana, desde 2006 realiza coberturas dos principais eventos com entrevistas exclusivas com as principais personalidades mundiais. Fique conectado tamb\u00e9m nas redes sociais.\",\"sameAs\":[\"http:\/\/www.portalmf.com.br\/\",\"https:\/\/www.facebook.com\/portalmfoficial\",\"https:\/\/www.instagram.com\/portalmf\/\",\"https:\/\/x.com\/https:\/\/x.com\/portalmfoficial\",\"https:\/\/www.youtube.com\/@portalmfoficial\"],\"url\":\"https:\/\/portalmf.com.br\/index.php\/author\/junior\/\"}]}<\/script>\n<!-- \/ Yoast SEO plugin. -->","yoast_head_json":{"title":"Guaran\u00e1 Antarctica instala cabine de confession\u00e1rio para as m\u00e3es na Esta\u00e7\u00e3o da Lapa - Portal MF","robots":{"index":"index","follow":"follow","max-snippet":"max-snippet:-1","max-image-preview":"max-image-preview:large","max-video-preview":"max-video-preview:-1"},"canonical":"https:\/\/portalmf.com.br\/index.php\/2023\/05\/10\/guarana-antarctica-instala-cabine-de-confessionario-para-as-maes-na-estacao-da-lapa\/","og_locale":"pt_BR","og_type":"article","og_title":"Guaran\u00e1 Antarctica instala cabine de confession\u00e1rio para as m\u00e3es na Esta\u00e7\u00e3o da Lapa - Portal MF","og_description":"Um confession\u00e1rio, que ser\u00e1 instalado no andar t\u00e9rreo da Esta\u00e7\u00e3o da Lapa, entre os dias 10 e 11 de maio, promete atrair m\u00e3es que topem compartilhar hist\u00f3rias reais sobre a maternidade, nunca antes contadas. Essa \u00e9 a proposta de Guaran\u00e1 Antarctica para celebrar a diversidade de experi\u00eancias e os desafios que as \u201cmainhas soteropolitanas\u201d enfrentam. [&hellip;]","og_url":"https:\/\/portalmf.com.br\/index.php\/2023\/05\/10\/guarana-antarctica-instala-cabine-de-confessionario-para-as-maes-na-estacao-da-lapa\/","og_site_name":"Portal MF","article_author":"https:\/\/www.facebook.com\/portalmfoficial","article_published_time":"2023-05-10T13:42:00+00:00","article_modified_time":"2023-05-11T19:44:40+00:00","og_image":[{"width":1200,"height":1600,"url":"https:\/\/portalmf.com.br\/wp-content\/uploads\/2023\/05\/43518394910052023_WhatsApp_Image_2023-05-10_at_16.19.57.jpeg","type":"image\/jpeg"}],"author":"Reda\u00e7\u00e3o Portal MF","twitter_card":"summary_large_image","twitter_creator":"@https:\/\/x.com\/portalmfoficial","twitter_misc":{"Escrito por":"Reda\u00e7\u00e3o Portal MF","Est. tempo de leitura":"3 minutos"},"schema":{"@context":"https:\/\/schema.org","@graph":[{"@type":"WebPage","@id":"https:\/\/portalmf.com.br\/index.php\/2023\/05\/10\/guarana-antarctica-instala-cabine-de-confessionario-para-as-maes-na-estacao-da-lapa\/","url":"https:\/\/portalmf.com.br\/index.php\/2023\/05\/10\/guarana-antarctica-instala-cabine-de-confessionario-para-as-maes-na-estacao-da-lapa\/","name":"Guaran\u00e1 Antarctica instala cabine de confession\u00e1rio para as m\u00e3es na Esta\u00e7\u00e3o da Lapa - Portal MF","isPartOf":{"@id":"https:\/\/portalmf.com.br\/#website"},"primaryImageOfPage":{"@id":"https:\/\/portalmf.com.br\/index.php\/2023\/05\/10\/guarana-antarctica-instala-cabine-de-confessionario-para-as-maes-na-estacao-da-lapa\/#primaryimage"},"image":{"@id":"https:\/\/portalmf.com.br\/index.php\/2023\/05\/10\/guarana-antarctica-instala-cabine-de-confessionario-para-as-maes-na-estacao-da-lapa\/#primaryimage"},"thumbnailUrl":"https:\/\/portalmf.com.br\/wp-content\/uploads\/2023\/05\/43518394910052023_WhatsApp_Image_2023-05-10_at_16.19.57.jpeg","datePublished":"2023-05-10T13:42:00+00:00","dateModified":"2023-05-11T19:44:40+00:00","author":{"@id":"https:\/\/portalmf.com.br\/#\/schema\/person\/9ec101baf56233e53520c26de5d6f6f0"},"breadcrumb":{"@id":"https:\/\/portalmf.com.br\/index.php\/2023\/05\/10\/guarana-antarctica-instala-cabine-de-confessionario-para-as-maes-na-estacao-da-lapa\/#breadcrumb"},"inLanguage":"pt-BR","potentialAction":[{"@type":"ReadAction","target":["https:\/\/portalmf.com.br\/index.php\/2023\/05\/10\/guarana-antarctica-instala-cabine-de-confessionario-para-as-maes-na-estacao-da-lapa\/"]}]},{"@type":"ImageObject","inLanguage":"pt-BR","@id":"https:\/\/portalmf.com.br\/index.php\/2023\/05\/10\/guarana-antarctica-instala-cabine-de-confessionario-para-as-maes-na-estacao-da-lapa\/#primaryimage","url":"https:\/\/portalmf.com.br\/wp-content\/uploads\/2023\/05\/43518394910052023_WhatsApp_Image_2023-05-10_at_16.19.57.jpeg","contentUrl":"https:\/\/portalmf.com.br\/wp-content\/uploads\/2023\/05\/43518394910052023_WhatsApp_Image_2023-05-10_at_16.19.57.jpeg","width":1200,"height":1600},{"@type":"BreadcrumbList","@id":"https:\/\/portalmf.com.br\/index.php\/2023\/05\/10\/guarana-antarctica-instala-cabine-de-confessionario-para-as-maes-na-estacao-da-lapa\/#breadcrumb","itemListElement":[{"@type":"ListItem","position":1,"name":"In\u00edcio","item":"https:\/\/portalmf.com.br\/"},{"@type":"ListItem","position":2,"name":"Guaran\u00e1 Antarctica instala cabine de confession\u00e1rio para as m\u00e3es na Esta\u00e7\u00e3o da Lapa"}]},{"@type":"WebSite","@id":"https:\/\/portalmf.com.br\/#website","url":"https:\/\/portalmf.com.br\/","name":"Portal MF","description":"Voc\u00ea conectado com a informa\u00e7\u00e3o","potentialAction":[{"@type":"SearchAction","target":{"@type":"EntryPoint","urlTemplate":"https:\/\/portalmf.com.br\/?s={search_term_string}"},"query-input":"required name=search_term_string"}],"inLanguage":"pt-BR"},{"@type":"Person","@id":"https:\/\/portalmf.com.br\/#\/schema\/person\/9ec101baf56233e53520c26de5d6f6f0","name":"Reda\u00e7\u00e3o Portal MF","image":{"@type":"ImageObject","inLanguage":"pt-BR","@id":"https:\/\/portalmf.com.br\/#\/schema\/person\/image\/","url":"https:\/\/secure.gravatar.com\/avatar\/41b9aaeb2100835f7c64362330f74c7f?s=96&d=mm&r=g","contentUrl":"https:\/\/secure.gravatar.com\/avatar\/41b9aaeb2100835f7c64362330f74c7f?s=96&d=mm&r=g","caption":"Reda\u00e7\u00e3o Portal MF"},"description":"Sejam bem-vindos o portal de informa\u00e7\u00f5es de entretenimento de Feira de Santana, desde 2006 realiza coberturas dos principais eventos com entrevistas exclusivas com as principais personalidades mundiais. Fique conectado tamb\u00e9m nas redes sociais.","sameAs":["http:\/\/www.portalmf.com.br\/","https:\/\/www.facebook.com\/portalmfoficial","https:\/\/www.instagram.com\/portalmf\/","https:\/\/x.com\/https:\/\/x.com\/portalmfoficial","https:\/\/www.youtube.com\/@portalmfoficial"],"url":"https:\/\/portalmf.com.br\/index.php\/author\/junior\/"}]}},"_links":{"self":[{"href":"https:\/\/portalmf.com.br\/index.php\/wp-json\/wp\/v2\/posts\/11837"}],"collection":[{"href":"https:\/\/portalmf.com.br\/index.php\/wp-json\/wp\/v2\/posts"}],"about":[{"href":"https:\/\/portalmf.com.br\/index.php\/wp-json\/wp\/v2\/types\/post"}],"author":[{"embeddable":true,"href":"https:\/\/portalmf.com.br\/index.php\/wp-json\/wp\/v2\/users\/3"}],"replies":[{"embeddable":true,"href":"https:\/\/portalmf.com.br\/index.php\/wp-json\/wp\/v2\/comments?post=11837"}],"version-history":[{"count":2,"href":"https:\/\/portalmf.com.br\/index.php\/wp-json\/wp\/v2\/posts\/11837\/revisions"}],"predecessor-version":[{"id":11840,"href":"https:\/\/portalmf.com.br\/index.php\/wp-json\/wp\/v2\/posts\/11837\/revisions\/11840"}],"wp:featuredmedia":[{"embeddable":true,"href":"https:\/\/portalmf.com.br\/index.php\/wp-json\/wp\/v2\/media\/11838"}],"wp:attachment":[{"href":"https:\/\/portalmf.com.br\/index.php\/wp-json\/wp\/v2\/media?parent=11837"}],"wp:term":[{"taxonomy":"category","embeddable":true,"href":"https:\/\/portalmf.com.br\/index.php\/wp-json\/wp\/v2\/categories?post=11837"},{"taxonomy":"post_tag","embeddable":true,"href":"https:\/\/portalmf.com.br\/index.php\/wp-json\/wp\/v2\/tags?post=11837"}],"curies":[{"name":"wp","href":"https:\/\/api.w.org\/{rel}","templated":true}]}}