{"id":11377,"date":"2023-04-27T16:40:20","date_gmt":"2023-04-27T19:40:20","guid":{"rendered":"https:\/\/portalmf.com.br\/?p=11377"},"modified":"2023-04-27T16:40:26","modified_gmt":"2023-04-27T19:40:26","slug":"boulevard-feira-retoma-celebracoes-na-capela-localizada-dentro-do-empreendimento","status":"publish","type":"post","link":"https:\/\/portalmf.com.br\/index.php\/2023\/04\/27\/boulevard-feira-retoma-celebracoes-na-capela-localizada-dentro-do-empreendimento\/","title":{"rendered":"Boulevard Feira retoma celebra\u00e7\u00f5es na Capela localizada dentro do empreendimento"},"content":{"rendered":"\n<p>O Boulevard Shopping Feira de Santana anunciou o retorno das Missas que s\u00e3o celebradas na Capela Nossa Senhora de Guadalupe, localizada dentro do empreendimento. Tendo a Par\u00f3quia Nossa Senhora de F\u00e1tima como respons\u00e1vel pela Capela, as missas no local passaram a ser realizadas pelo Frei James Fernandes.&nbsp;<\/p>\n\n\n\n<p>Dessa forma, al\u00e9m de contar com todos os servi\u00e7os j\u00e1 conhecidos do shopping, os clientes ter\u00e3o a oportunidade de assistir \u00e0s celebra\u00e7\u00f5es, presencialmente, todas as quartas-feiras, \u00e0s 15h.&nbsp;<\/p>\n\n\n\n<p>\u201cAs missas realizadas na Capela Nossa Senhora de Guadalupe s\u00e3o uma \u00f3tima forma dos nossos clientes se conectarem com a sua f\u00e9. Atrav\u00e9s das celebra\u00e7\u00f5es realizadas pelo Frei James Fernandes, pessoas de todas as faixas et\u00e1rias podem ter esse momento com muito conforto\u201d, ressaltou Jo\u00e3o Almeida, Gerente de Marketing do Empreendimento.&nbsp;&nbsp;&nbsp;<\/p>\n","protected":false},"excerpt":{"rendered":"<p>O Boulevard Shopping Feira de Santana anunciou o retorno das Missas que s\u00e3o celebradas na Capela Nossa Senhora de Guadalupe, localizada dentro do empreendimento. Tendo a Par\u00f3quia Nossa Senhora de F\u00e1tima como respons\u00e1vel pela Capela, as missas no local passaram a ser realizadas pelo Frei James Fernandes.&nbsp; Dessa forma, al\u00e9m de contar com todos os [&hellip;]<\/p>\n","protected":false},"author":3,"featured_media":11378,"comment_status":"open","ping_status":"open","sticky":false,"template":"","format":"standard","meta":{"_monsterinsights_skip_tracking":false,"_monsterinsights_sitenote_active":false,"_monsterinsights_sitenote_note":"","_monsterinsights_sitenote_category":0,"footnotes":""},"categories":[295],"tags":[],"yoast_head":"<!-- This site is optimized with the Yoast SEO plugin v22.9 - https:\/\/yoast.com\/wordpress\/plugins\/seo\/ -->\n<title>Boulevard Feira retoma celebra\u00e7\u00f5es na Capela localizada dentro do empreendimento - Portal MF<\/title>\n<meta name=\"robots\" content=\"index, follow, max-snippet:-1, max-image-preview:large, max-video-preview:-1\" \/>\n<link rel=\"canonical\" href=\"https:\/\/portalmf.com.br\/index.php\/2023\/04\/27\/boulevard-feira-retoma-celebracoes-na-capela-localizada-dentro-do-empreendimento\/\" \/>\n<meta property=\"og:locale\" content=\"pt_BR\" \/>\n<meta property=\"og:type\" content=\"article\" \/>\n<meta property=\"og:title\" content=\"Boulevard Feira retoma celebra\u00e7\u00f5es na Capela localizada dentro do empreendimento - Portal MF\" \/>\n<meta property=\"og:description\" content=\"O Boulevard Shopping Feira de Santana anunciou o retorno das Missas que s\u00e3o celebradas na Capela Nossa Senhora de Guadalupe, localizada dentro do empreendimento. Tendo a Par\u00f3quia Nossa Senhora de F\u00e1tima como respons\u00e1vel pela Capela, as missas no local passaram a ser realizadas pelo Frei James Fernandes.&nbsp; Dessa forma, al\u00e9m de contar com todos os [&hellip;]\" \/>\n<meta property=\"og:url\" content=\"https:\/\/portalmf.com.br\/index.php\/2023\/04\/27\/boulevard-feira-retoma-celebracoes-na-capela-localizada-dentro-do-empreendimento\/\" \/>\n<meta property=\"og:site_name\" content=\"Portal MF\" \/>\n<meta property=\"article:author\" content=\"https:\/\/www.facebook.com\/portalmfoficial\" \/>\n<meta property=\"article:published_time\" content=\"2023-04-27T19:40:20+00:00\" \/>\n<meta property=\"article:modified_time\" content=\"2023-04-27T19:40:26+00:00\" \/>\n<meta property=\"og:image\" content=\"https:\/\/portalmf.com.br\/wp-content\/uploads\/2023\/04\/Boulevard_Feira_Capela-scaled.jpg\" \/>\n\t<meta property=\"og:image:width\" content=\"2560\" \/>\n\t<meta property=\"og:image:height\" content=\"1707\" \/>\n\t<meta property=\"og:image:type\" content=\"image\/jpeg\" \/>\n<meta name=\"author\" content=\"Reda\u00e7\u00e3o Portal MF\" \/>\n<meta name=\"twitter:card\" content=\"summary_large_image\" \/>\n<meta name=\"twitter:creator\" content=\"@https:\/\/x.com\/portalmfoficial\" \/>\n<meta name=\"twitter:label1\" content=\"Escrito por\" \/>\n\t<meta name=\"twitter:data1\" content=\"Reda\u00e7\u00e3o Portal MF\" \/>\n\t<meta name=\"twitter:label2\" content=\"Est. tempo de leitura\" \/>\n\t<meta name=\"twitter:data2\" content=\"1 minuto\" \/>\n<script type=\"application\/ld+json\" class=\"yoast-schema-graph\">{\"@context\":\"https:\/\/schema.org\",\"@graph\":[{\"@type\":\"WebPage\",\"@id\":\"https:\/\/portalmf.com.br\/index.php\/2023\/04\/27\/boulevard-feira-retoma-celebracoes-na-capela-localizada-dentro-do-empreendimento\/\",\"url\":\"https:\/\/portalmf.com.br\/index.php\/2023\/04\/27\/boulevard-feira-retoma-celebracoes-na-capela-localizada-dentro-do-empreendimento\/\",\"name\":\"Boulevard Feira retoma celebra\u00e7\u00f5es na Capela localizada dentro do empreendimento - Portal MF\",\"isPartOf\":{\"@id\":\"https:\/\/portalmf.com.br\/#website\"},\"primaryImageOfPage\":{\"@id\":\"https:\/\/portalmf.com.br\/index.php\/2023\/04\/27\/boulevard-feira-retoma-celebracoes-na-capela-localizada-dentro-do-empreendimento\/#primaryimage\"},\"image\":{\"@id\":\"https:\/\/portalmf.com.br\/index.php\/2023\/04\/27\/boulevard-feira-retoma-celebracoes-na-capela-localizada-dentro-do-empreendimento\/#primaryimage\"},\"thumbnailUrl\":\"https:\/\/portalmf.com.br\/wp-content\/uploads\/2023\/04\/Boulevard_Feira_Capela-scaled.jpg\",\"datePublished\":\"2023-04-27T19:40:20+00:00\",\"dateModified\":\"2023-04-27T19:40:26+00:00\",\"author\":{\"@id\":\"https:\/\/portalmf.com.br\/#\/schema\/person\/9ec101baf56233e53520c26de5d6f6f0\"},\"breadcrumb\":{\"@id\":\"https:\/\/portalmf.com.br\/index.php\/2023\/04\/27\/boulevard-feira-retoma-celebracoes-na-capela-localizada-dentro-do-empreendimento\/#breadcrumb\"},\"inLanguage\":\"pt-BR\",\"potentialAction\":[{\"@type\":\"ReadAction\",\"target\":[\"https:\/\/portalmf.com.br\/index.php\/2023\/04\/27\/boulevard-feira-retoma-celebracoes-na-capela-localizada-dentro-do-empreendimento\/\"]}]},{\"@type\":\"ImageObject\",\"inLanguage\":\"pt-BR\",\"@id\":\"https:\/\/portalmf.com.br\/index.php\/2023\/04\/27\/boulevard-feira-retoma-celebracoes-na-capela-localizada-dentro-do-empreendimento\/#primaryimage\",\"url\":\"https:\/\/portalmf.com.br\/wp-content\/uploads\/2023\/04\/Boulevard_Feira_Capela-scaled.jpg\",\"contentUrl\":\"https:\/\/portalmf.com.br\/wp-content\/uploads\/2023\/04\/Boulevard_Feira_Capela-scaled.jpg\",\"width\":2560,\"height\":1707},{\"@type\":\"BreadcrumbList\",\"@id\":\"https:\/\/portalmf.com.br\/index.php\/2023\/04\/27\/boulevard-feira-retoma-celebracoes-na-capela-localizada-dentro-do-empreendimento\/#breadcrumb\",\"itemListElement\":[{\"@type\":\"ListItem\",\"position\":1,\"name\":\"In\u00edcio\",\"item\":\"https:\/\/portalmf.com.br\/\"},{\"@type\":\"ListItem\",\"position\":2,\"name\":\"Boulevard Feira retoma celebra\u00e7\u00f5es na Capela localizada dentro do empreendimento\"}]},{\"@type\":\"WebSite\",\"@id\":\"https:\/\/portalmf.com.br\/#website\",\"url\":\"https:\/\/portalmf.com.br\/\",\"name\":\"Portal MF\",\"description\":\"Voc\u00ea conectado com a informa\u00e7\u00e3o\",\"potentialAction\":[{\"@type\":\"SearchAction\",\"target\":{\"@type\":\"EntryPoint\",\"urlTemplate\":\"https:\/\/portalmf.com.br\/?s={search_term_string}\"},\"query-input\":\"required name=search_term_string\"}],\"inLanguage\":\"pt-BR\"},{\"@type\":\"Person\",\"@id\":\"https:\/\/portalmf.com.br\/#\/schema\/person\/9ec101baf56233e53520c26de5d6f6f0\",\"name\":\"Reda\u00e7\u00e3o Portal MF\",\"image\":{\"@type\":\"ImageObject\",\"inLanguage\":\"pt-BR\",\"@id\":\"https:\/\/portalmf.com.br\/#\/schema\/person\/image\/\",\"url\":\"https:\/\/secure.gravatar.com\/avatar\/41b9aaeb2100835f7c64362330f74c7f?s=96&d=mm&r=g\",\"contentUrl\":\"https:\/\/secure.gravatar.com\/avatar\/41b9aaeb2100835f7c64362330f74c7f?s=96&d=mm&r=g\",\"caption\":\"Reda\u00e7\u00e3o Portal MF\"},\"description\":\"Sejam bem-vindos o portal de informa\u00e7\u00f5es de entretenimento de Feira de Santana, desde 2006 realiza coberturas dos principais eventos com entrevistas exclusivas com as principais personalidades mundiais. Fique conectado tamb\u00e9m nas redes sociais.\",\"sameAs\":[\"http:\/\/www.portalmf.com.br\/\",\"https:\/\/www.facebook.com\/portalmfoficial\",\"https:\/\/www.instagram.com\/portalmf\/\",\"https:\/\/x.com\/https:\/\/x.com\/portalmfoficial\",\"https:\/\/www.youtube.com\/@portalmfoficial\"],\"url\":\"https:\/\/portalmf.com.br\/index.php\/author\/junior\/\"}]}<\/script>\n<!-- \/ Yoast SEO plugin. -->","yoast_head_json":{"title":"Boulevard Feira retoma celebra\u00e7\u00f5es na Capela localizada dentro do empreendimento - Portal MF","robots":{"index":"index","follow":"follow","max-snippet":"max-snippet:-1","max-image-preview":"max-image-preview:large","max-video-preview":"max-video-preview:-1"},"canonical":"https:\/\/portalmf.com.br\/index.php\/2023\/04\/27\/boulevard-feira-retoma-celebracoes-na-capela-localizada-dentro-do-empreendimento\/","og_locale":"pt_BR","og_type":"article","og_title":"Boulevard Feira retoma celebra\u00e7\u00f5es na Capela localizada dentro do empreendimento - Portal MF","og_description":"O Boulevard Shopping Feira de Santana anunciou o retorno das Missas que s\u00e3o celebradas na Capela Nossa Senhora de Guadalupe, localizada dentro do empreendimento. Tendo a Par\u00f3quia Nossa Senhora de F\u00e1tima como respons\u00e1vel pela Capela, as missas no local passaram a ser realizadas pelo Frei James Fernandes.&nbsp; Dessa forma, al\u00e9m de contar com todos os [&hellip;]","og_url":"https:\/\/portalmf.com.br\/index.php\/2023\/04\/27\/boulevard-feira-retoma-celebracoes-na-capela-localizada-dentro-do-empreendimento\/","og_site_name":"Portal MF","article_author":"https:\/\/www.facebook.com\/portalmfoficial","article_published_time":"2023-04-27T19:40:20+00:00","article_modified_time":"2023-04-27T19:40:26+00:00","og_image":[{"width":2560,"height":1707,"url":"https:\/\/portalmf.com.br\/wp-content\/uploads\/2023\/04\/Boulevard_Feira_Capela-scaled.jpg","type":"image\/jpeg"}],"author":"Reda\u00e7\u00e3o Portal MF","twitter_card":"summary_large_image","twitter_creator":"@https:\/\/x.com\/portalmfoficial","twitter_misc":{"Escrito por":"Reda\u00e7\u00e3o Portal MF","Est. tempo de leitura":"1 minuto"},"schema":{"@context":"https:\/\/schema.org","@graph":[{"@type":"WebPage","@id":"https:\/\/portalmf.com.br\/index.php\/2023\/04\/27\/boulevard-feira-retoma-celebracoes-na-capela-localizada-dentro-do-empreendimento\/","url":"https:\/\/portalmf.com.br\/index.php\/2023\/04\/27\/boulevard-feira-retoma-celebracoes-na-capela-localizada-dentro-do-empreendimento\/","name":"Boulevard Feira retoma celebra\u00e7\u00f5es na Capela localizada dentro do empreendimento - Portal MF","isPartOf":{"@id":"https:\/\/portalmf.com.br\/#website"},"primaryImageOfPage":{"@id":"https:\/\/portalmf.com.br\/index.php\/2023\/04\/27\/boulevard-feira-retoma-celebracoes-na-capela-localizada-dentro-do-empreendimento\/#primaryimage"},"image":{"@id":"https:\/\/portalmf.com.br\/index.php\/2023\/04\/27\/boulevard-feira-retoma-celebracoes-na-capela-localizada-dentro-do-empreendimento\/#primaryimage"},"thumbnailUrl":"https:\/\/portalmf.com.br\/wp-content\/uploads\/2023\/04\/Boulevard_Feira_Capela-scaled.jpg","datePublished":"2023-04-27T19:40:20+00:00","dateModified":"2023-04-27T19:40:26+00:00","author":{"@id":"https:\/\/portalmf.com.br\/#\/schema\/person\/9ec101baf56233e53520c26de5d6f6f0"},"breadcrumb":{"@id":"https:\/\/portalmf.com.br\/index.php\/2023\/04\/27\/boulevard-feira-retoma-celebracoes-na-capela-localizada-dentro-do-empreendimento\/#breadcrumb"},"inLanguage":"pt-BR","potentialAction":[{"@type":"ReadAction","target":["https:\/\/portalmf.com.br\/index.php\/2023\/04\/27\/boulevard-feira-retoma-celebracoes-na-capela-localizada-dentro-do-empreendimento\/"]}]},{"@type":"ImageObject","inLanguage":"pt-BR","@id":"https:\/\/portalmf.com.br\/index.php\/2023\/04\/27\/boulevard-feira-retoma-celebracoes-na-capela-localizada-dentro-do-empreendimento\/#primaryimage","url":"https:\/\/portalmf.com.br\/wp-content\/uploads\/2023\/04\/Boulevard_Feira_Capela-scaled.jpg","contentUrl":"https:\/\/portalmf.com.br\/wp-content\/uploads\/2023\/04\/Boulevard_Feira_Capela-scaled.jpg","width":2560,"height":1707},{"@type":"BreadcrumbList","@id":"https:\/\/portalmf.com.br\/index.php\/2023\/04\/27\/boulevard-feira-retoma-celebracoes-na-capela-localizada-dentro-do-empreendimento\/#breadcrumb","itemListElement":[{"@type":"ListItem","position":1,"name":"In\u00edcio","item":"https:\/\/portalmf.com.br\/"},{"@type":"ListItem","position":2,"name":"Boulevard Feira retoma celebra\u00e7\u00f5es na Capela localizada dentro do empreendimento"}]},{"@type":"WebSite","@id":"https:\/\/portalmf.com.br\/#website","url":"https:\/\/portalmf.com.br\/","name":"Portal MF","description":"Voc\u00ea conectado com a informa\u00e7\u00e3o","potentialAction":[{"@type":"SearchAction","target":{"@type":"EntryPoint","urlTemplate":"https:\/\/portalmf.com.br\/?s={search_term_string}"},"query-input":"required name=search_term_string"}],"inLanguage":"pt-BR"},{"@type":"Person","@id":"https:\/\/portalmf.com.br\/#\/schema\/person\/9ec101baf56233e53520c26de5d6f6f0","name":"Reda\u00e7\u00e3o Portal MF","image":{"@type":"ImageObject","inLanguage":"pt-BR","@id":"https:\/\/portalmf.com.br\/#\/schema\/person\/image\/","url":"https:\/\/secure.gravatar.com\/avatar\/41b9aaeb2100835f7c64362330f74c7f?s=96&d=mm&r=g","contentUrl":"https:\/\/secure.gravatar.com\/avatar\/41b9aaeb2100835f7c64362330f74c7f?s=96&d=mm&r=g","caption":"Reda\u00e7\u00e3o Portal MF"},"description":"Sejam bem-vindos o portal de informa\u00e7\u00f5es de entretenimento de Feira de Santana, desde 2006 realiza coberturas dos principais eventos com entrevistas exclusivas com as principais personalidades mundiais. Fique conectado tamb\u00e9m nas redes sociais.","sameAs":["http:\/\/www.portalmf.com.br\/","https:\/\/www.facebook.com\/portalmfoficial","https:\/\/www.instagram.com\/portalmf\/","https:\/\/x.com\/https:\/\/x.com\/portalmfoficial","https:\/\/www.youtube.com\/@portalmfoficial"],"url":"https:\/\/portalmf.com.br\/index.php\/author\/junior\/"}]}},"_links":{"self":[{"href":"https:\/\/portalmf.com.br\/index.php\/wp-json\/wp\/v2\/posts\/11377"}],"collection":[{"href":"https:\/\/portalmf.com.br\/index.php\/wp-json\/wp\/v2\/posts"}],"about":[{"href":"https:\/\/portalmf.com.br\/index.php\/wp-json\/wp\/v2\/types\/post"}],"author":[{"embeddable":true,"href":"https:\/\/portalmf.com.br\/index.php\/wp-json\/wp\/v2\/users\/3"}],"replies":[{"embeddable":true,"href":"https:\/\/portalmf.com.br\/index.php\/wp-json\/wp\/v2\/comments?post=11377"}],"version-history":[{"count":1,"href":"https:\/\/portalmf.com.br\/index.php\/wp-json\/wp\/v2\/posts\/11377\/revisions"}],"predecessor-version":[{"id":11379,"href":"https:\/\/portalmf.com.br\/index.php\/wp-json\/wp\/v2\/posts\/11377\/revisions\/11379"}],"wp:featuredmedia":[{"embeddable":true,"href":"https:\/\/portalmf.com.br\/index.php\/wp-json\/wp\/v2\/media\/11378"}],"wp:attachment":[{"href":"https:\/\/portalmf.com.br\/index.php\/wp-json\/wp\/v2\/media?parent=11377"}],"wp:term":[{"taxonomy":"category","embeddable":true,"href":"https:\/\/portalmf.com.br\/index.php\/wp-json\/wp\/v2\/categories?post=11377"},{"taxonomy":"post_tag","embeddable":true,"href":"https:\/\/portalmf.com.br\/index.php\/wp-json\/wp\/v2\/tags?post=11377"}],"curies":[{"name":"wp","href":"https:\/\/api.w.org\/{rel}","templated":true}]}}