{"id":11031,"date":"2023-04-15T10:50:00","date_gmt":"2023-04-15T13:50:00","guid":{"rendered":"https:\/\/portalmf.com.br\/?p=11031"},"modified":"2023-11-03T15:33:21","modified_gmt":"2023-11-03T18:33:21","slug":"bloco-dos-vaqueiros-chega-ao-micareta-de-feira-de-santana","status":"publish","type":"post","link":"https:\/\/portalmf.com.br\/index.php\/2023\/04\/15\/bloco-dos-vaqueiros-chega-ao-micareta-de-feira-de-santana\/","title":{"rendered":"Bloco dos Vaqueiros chega ao Micareta de Feira de Santana"},"content":{"rendered":"\n<p>O bloco dos Vaqueiros estreia na Micareta de Feira nesta edi\u00e7\u00e3o de 2023. Estar\u00e1 a frente do Bloco a banda 100 Par\u00eaa que est\u00e1 convidando Rasga Tanga e o dj Keverson. Pensando tamb\u00e9m no Social, o foli\u00e3o pode adquirir o seu abad\u00e1 trocado por 2kg de alimentos n\u00e3o perec\u00edveis que ser\u00e3o doados em comunidades e distritos de Feira para fam\u00edlias necessitadas.<\/p>\n\n\n\n<p>\u201cMuito mais que um bloco carnavalesco, \u00e9 a culmin\u00e2ncia comemorativa de um ano inteiro de projetos de promo\u00e7\u00e3o e resgate da cultura do vaqueiro.Desde 2017, vem conquistando seu espa\u00e7o, respeito e a confian\u00e7a do povo no esporte. Aclamado por grupos de cavalgadas em todo o pa\u00eds, sempre cumprindo sua miss\u00e3o. Em 2018, no seu primeiro ano de apresenta\u00e7\u00e3o, em uma festa de rua, o bloco dos Vaqueiros, fez um desfile de organiza\u00e7\u00e3o e conseguiu ter um alcance de 1.20, associados diretamente dentro do Bloco. Foli\u00f5es que vieram de mais de 17 estados do Brasil e 194 munic\u00edpios da Bahia, todos devidamente trajados com seu abad\u00e1 , acompanhado do tradicional chap\u00e9u e exaltando a cultura do vaqueiro\u201d, Vera Baccin, diretora do bloco.<\/p>\n\n\n\n<p>A diretora conta que o bloco j\u00e1 \u00e9 Sucesso no Carnaval de Salvador e diz ainda que forrozeiros e sertanejos tiveram um momento \u00fanico no carnaval e que no seu segundo ano de exist\u00eancia, o Bloco dos Vaqueiros reuniu uma multid\u00e3o de quase 1.900 pessoas.<\/p>\n\n\n\n<p><em>\u201cO principal objetivo foi concentrar na principal festa de rua do planeta, amantes de cavalgadas, vaquejadas e muitos simpatizantes num s\u00f3 espa\u00e7o. J\u00e1 no terceiro ano, em 2020 j\u00e1 tivemos a concretiza\u00e7\u00e3o do projeto na avenida, com desfile de 2.300 apaixonados pela cultura, os holofotes estavam em todos os elementos que foi apresentado num \u00fanico desfile, com a mistura de ritmos trouxemos para o circuito a apresenta\u00e7\u00e3o da Quadrilha . Com prioridade para a preserva\u00e7\u00e3o da cultura nordestina, com destaque para homenagear as vaquejadas e cavalgadas, o Bloco dos Vaqueiros levou elementos do Sert\u00e3o para a avenida, principalmente, a m\u00fasica, que atingiu praticamente todos os foli\u00f5es que estavam no circuito Barra\/Ondina, do carnaval de Salvador. Desde a pipoca, camarotes e at\u00e9 em outros blocos, milhares de pessoas prestigiaram por diversos momentos a passagem do Bloco dos Vaqueiros.\u201d<\/em><\/p>\n\n\n\n<p>De acordo com a dire\u00e7\u00e3o, o bloco conta com participa\u00e7\u00e3o de mais de 297 munic\u00edpios Baianos, e relacionamento com 268 grupos de cavalgadas e circuitos de vaquejadas.<\/p>\n\n\n\n<p>Contatos: blocodosvaqueirosoficial@gmail.com<\/p>\n\n\n\n<p>Instagram: @blocodosvaqueiros<\/p>\n\n\n\n<p>Telefone: (71) 99304-3669<\/p>\n","protected":false},"excerpt":{"rendered":"<p>O bloco dos Vaqueiros estreia na Micareta de Feira nesta edi\u00e7\u00e3o de 2023. Estar\u00e1 a frente do Bloco a banda 100 Par\u00eaa que est\u00e1 convidando Rasga Tanga e o dj Keverson. Pensando tamb\u00e9m no Social, o foli\u00e3o pode adquirir o seu abad\u00e1 trocado por 2kg de alimentos n\u00e3o perec\u00edveis que ser\u00e3o doados em comunidades e [&hellip;]<\/p>\n","protected":false},"author":5,"featured_media":11032,"comment_status":"open","ping_status":"open","sticky":false,"template":"","format":"standard","meta":{"_monsterinsights_skip_tracking":false,"_monsterinsights_sitenote_active":false,"_monsterinsights_sitenote_note":"","_monsterinsights_sitenote_category":0,"footnotes":""},"categories":[48,39],"tags":[],"yoast_head":"<!-- This site is optimized with the Yoast SEO plugin v22.9 - https:\/\/yoast.com\/wordpress\/plugins\/seo\/ -->\n<title>Bloco dos Vaqueiros chega ao Micareta de Feira de Santana - Portal MF<\/title>\n<meta name=\"robots\" content=\"index, follow, max-snippet:-1, max-image-preview:large, max-video-preview:-1\" \/>\n<link rel=\"canonical\" href=\"https:\/\/portalmf.com.br\/index.php\/2023\/04\/15\/bloco-dos-vaqueiros-chega-ao-micareta-de-feira-de-santana\/\" \/>\n<meta property=\"og:locale\" content=\"pt_BR\" \/>\n<meta property=\"og:type\" content=\"article\" \/>\n<meta property=\"og:title\" content=\"Bloco dos Vaqueiros chega ao Micareta de Feira de Santana - Portal MF\" \/>\n<meta property=\"og:description\" content=\"O bloco dos Vaqueiros estreia na Micareta de Feira nesta edi\u00e7\u00e3o de 2023. Estar\u00e1 a frente do Bloco a banda 100 Par\u00eaa que est\u00e1 convidando Rasga Tanga e o dj Keverson. Pensando tamb\u00e9m no Social, o foli\u00e3o pode adquirir o seu abad\u00e1 trocado por 2kg de alimentos n\u00e3o perec\u00edveis que ser\u00e3o doados em comunidades e [&hellip;]\" \/>\n<meta property=\"og:url\" content=\"https:\/\/portalmf.com.br\/index.php\/2023\/04\/15\/bloco-dos-vaqueiros-chega-ao-micareta-de-feira-de-santana\/\" \/>\n<meta property=\"og:site_name\" content=\"Portal MF\" \/>\n<meta property=\"article:published_time\" content=\"2023-04-15T13:50:00+00:00\" \/>\n<meta property=\"article:modified_time\" content=\"2023-11-03T18:33:21+00:00\" \/>\n<meta property=\"og:image\" content=\"https:\/\/portalmf.com.br\/wp-content\/uploads\/2023\/04\/100-parea.jpg\" \/>\n\t<meta property=\"og:image:width\" content=\"960\" \/>\n\t<meta property=\"og:image:height\" content=\"540\" \/>\n\t<meta property=\"og:image:type\" content=\"image\/jpeg\" \/>\n<meta name=\"author\" content=\"Lila Oliveira\" \/>\n<meta name=\"twitter:card\" content=\"summary_large_image\" \/>\n<meta name=\"twitter:label1\" content=\"Escrito por\" \/>\n\t<meta name=\"twitter:data1\" content=\"Lila Oliveira\" \/>\n\t<meta name=\"twitter:label2\" content=\"Est. tempo de leitura\" \/>\n\t<meta name=\"twitter:data2\" content=\"3 minutos\" \/>\n<script type=\"application\/ld+json\" class=\"yoast-schema-graph\">{\"@context\":\"https:\/\/schema.org\",\"@graph\":[{\"@type\":\"WebPage\",\"@id\":\"https:\/\/portalmf.com.br\/index.php\/2023\/04\/15\/bloco-dos-vaqueiros-chega-ao-micareta-de-feira-de-santana\/\",\"url\":\"https:\/\/portalmf.com.br\/index.php\/2023\/04\/15\/bloco-dos-vaqueiros-chega-ao-micareta-de-feira-de-santana\/\",\"name\":\"Bloco dos Vaqueiros chega ao Micareta de Feira de Santana - Portal MF\",\"isPartOf\":{\"@id\":\"https:\/\/portalmf.com.br\/#website\"},\"primaryImageOfPage\":{\"@id\":\"https:\/\/portalmf.com.br\/index.php\/2023\/04\/15\/bloco-dos-vaqueiros-chega-ao-micareta-de-feira-de-santana\/#primaryimage\"},\"image\":{\"@id\":\"https:\/\/portalmf.com.br\/index.php\/2023\/04\/15\/bloco-dos-vaqueiros-chega-ao-micareta-de-feira-de-santana\/#primaryimage\"},\"thumbnailUrl\":\"https:\/\/portalmf.com.br\/wp-content\/uploads\/2023\/04\/100-parea.jpg\",\"datePublished\":\"2023-04-15T13:50:00+00:00\",\"dateModified\":\"2023-11-03T18:33:21+00:00\",\"author\":{\"@id\":\"https:\/\/portalmf.com.br\/#\/schema\/person\/19071c375ee7579b7300dd91d656ff97\"},\"breadcrumb\":{\"@id\":\"https:\/\/portalmf.com.br\/index.php\/2023\/04\/15\/bloco-dos-vaqueiros-chega-ao-micareta-de-feira-de-santana\/#breadcrumb\"},\"inLanguage\":\"pt-BR\",\"potentialAction\":[{\"@type\":\"ReadAction\",\"target\":[\"https:\/\/portalmf.com.br\/index.php\/2023\/04\/15\/bloco-dos-vaqueiros-chega-ao-micareta-de-feira-de-santana\/\"]}]},{\"@type\":\"ImageObject\",\"inLanguage\":\"pt-BR\",\"@id\":\"https:\/\/portalmf.com.br\/index.php\/2023\/04\/15\/bloco-dos-vaqueiros-chega-ao-micareta-de-feira-de-santana\/#primaryimage\",\"url\":\"https:\/\/portalmf.com.br\/wp-content\/uploads\/2023\/04\/100-parea.jpg\",\"contentUrl\":\"https:\/\/portalmf.com.br\/wp-content\/uploads\/2023\/04\/100-parea.jpg\",\"width\":960,\"height\":540},{\"@type\":\"BreadcrumbList\",\"@id\":\"https:\/\/portalmf.com.br\/index.php\/2023\/04\/15\/bloco-dos-vaqueiros-chega-ao-micareta-de-feira-de-santana\/#breadcrumb\",\"itemListElement\":[{\"@type\":\"ListItem\",\"position\":1,\"name\":\"In\u00edcio\",\"item\":\"https:\/\/portalmf.com.br\/\"},{\"@type\":\"ListItem\",\"position\":2,\"name\":\"Bloco dos Vaqueiros chega ao Micareta de Feira de Santana\"}]},{\"@type\":\"WebSite\",\"@id\":\"https:\/\/portalmf.com.br\/#website\",\"url\":\"https:\/\/portalmf.com.br\/\",\"name\":\"Portal MF\",\"description\":\"Voc\u00ea conectado com a informa\u00e7\u00e3o\",\"potentialAction\":[{\"@type\":\"SearchAction\",\"target\":{\"@type\":\"EntryPoint\",\"urlTemplate\":\"https:\/\/portalmf.com.br\/?s={search_term_string}\"},\"query-input\":\"required name=search_term_string\"}],\"inLanguage\":\"pt-BR\"},{\"@type\":\"Person\",\"@id\":\"https:\/\/portalmf.com.br\/#\/schema\/person\/19071c375ee7579b7300dd91d656ff97\",\"name\":\"Lila Oliveira\",\"image\":{\"@type\":\"ImageObject\",\"inLanguage\":\"pt-BR\",\"@id\":\"https:\/\/portalmf.com.br\/#\/schema\/person\/image\/\",\"url\":\"https:\/\/secure.gravatar.com\/avatar\/344958fa973c4e824a6dde1b63c19431?s=96&d=mm&r=g\",\"contentUrl\":\"https:\/\/secure.gravatar.com\/avatar\/344958fa973c4e824a6dde1b63c19431?s=96&d=mm&r=g\",\"caption\":\"Lila Oliveira\"},\"sameAs\":[\"https:\/\/portalmf.com.br\/\"],\"url\":\"https:\/\/portalmf.com.br\/index.php\/author\/lilaoliveira\/\"}]}<\/script>\n<!-- \/ Yoast SEO plugin. -->","yoast_head_json":{"title":"Bloco dos Vaqueiros chega ao Micareta de Feira de Santana - Portal MF","robots":{"index":"index","follow":"follow","max-snippet":"max-snippet:-1","max-image-preview":"max-image-preview:large","max-video-preview":"max-video-preview:-1"},"canonical":"https:\/\/portalmf.com.br\/index.php\/2023\/04\/15\/bloco-dos-vaqueiros-chega-ao-micareta-de-feira-de-santana\/","og_locale":"pt_BR","og_type":"article","og_title":"Bloco dos Vaqueiros chega ao Micareta de Feira de Santana - Portal MF","og_description":"O bloco dos Vaqueiros estreia na Micareta de Feira nesta edi\u00e7\u00e3o de 2023. Estar\u00e1 a frente do Bloco a banda 100 Par\u00eaa que est\u00e1 convidando Rasga Tanga e o dj Keverson. Pensando tamb\u00e9m no Social, o foli\u00e3o pode adquirir o seu abad\u00e1 trocado por 2kg de alimentos n\u00e3o perec\u00edveis que ser\u00e3o doados em comunidades e [&hellip;]","og_url":"https:\/\/portalmf.com.br\/index.php\/2023\/04\/15\/bloco-dos-vaqueiros-chega-ao-micareta-de-feira-de-santana\/","og_site_name":"Portal MF","article_published_time":"2023-04-15T13:50:00+00:00","article_modified_time":"2023-11-03T18:33:21+00:00","og_image":[{"width":960,"height":540,"url":"https:\/\/portalmf.com.br\/wp-content\/uploads\/2023\/04\/100-parea.jpg","type":"image\/jpeg"}],"author":"Lila Oliveira","twitter_card":"summary_large_image","twitter_misc":{"Escrito por":"Lila Oliveira","Est. tempo de leitura":"3 minutos"},"schema":{"@context":"https:\/\/schema.org","@graph":[{"@type":"WebPage","@id":"https:\/\/portalmf.com.br\/index.php\/2023\/04\/15\/bloco-dos-vaqueiros-chega-ao-micareta-de-feira-de-santana\/","url":"https:\/\/portalmf.com.br\/index.php\/2023\/04\/15\/bloco-dos-vaqueiros-chega-ao-micareta-de-feira-de-santana\/","name":"Bloco dos Vaqueiros chega ao Micareta de Feira de Santana - Portal MF","isPartOf":{"@id":"https:\/\/portalmf.com.br\/#website"},"primaryImageOfPage":{"@id":"https:\/\/portalmf.com.br\/index.php\/2023\/04\/15\/bloco-dos-vaqueiros-chega-ao-micareta-de-feira-de-santana\/#primaryimage"},"image":{"@id":"https:\/\/portalmf.com.br\/index.php\/2023\/04\/15\/bloco-dos-vaqueiros-chega-ao-micareta-de-feira-de-santana\/#primaryimage"},"thumbnailUrl":"https:\/\/portalmf.com.br\/wp-content\/uploads\/2023\/04\/100-parea.jpg","datePublished":"2023-04-15T13:50:00+00:00","dateModified":"2023-11-03T18:33:21+00:00","author":{"@id":"https:\/\/portalmf.com.br\/#\/schema\/person\/19071c375ee7579b7300dd91d656ff97"},"breadcrumb":{"@id":"https:\/\/portalmf.com.br\/index.php\/2023\/04\/15\/bloco-dos-vaqueiros-chega-ao-micareta-de-feira-de-santana\/#breadcrumb"},"inLanguage":"pt-BR","potentialAction":[{"@type":"ReadAction","target":["https:\/\/portalmf.com.br\/index.php\/2023\/04\/15\/bloco-dos-vaqueiros-chega-ao-micareta-de-feira-de-santana\/"]}]},{"@type":"ImageObject","inLanguage":"pt-BR","@id":"https:\/\/portalmf.com.br\/index.php\/2023\/04\/15\/bloco-dos-vaqueiros-chega-ao-micareta-de-feira-de-santana\/#primaryimage","url":"https:\/\/portalmf.com.br\/wp-content\/uploads\/2023\/04\/100-parea.jpg","contentUrl":"https:\/\/portalmf.com.br\/wp-content\/uploads\/2023\/04\/100-parea.jpg","width":960,"height":540},{"@type":"BreadcrumbList","@id":"https:\/\/portalmf.com.br\/index.php\/2023\/04\/15\/bloco-dos-vaqueiros-chega-ao-micareta-de-feira-de-santana\/#breadcrumb","itemListElement":[{"@type":"ListItem","position":1,"name":"In\u00edcio","item":"https:\/\/portalmf.com.br\/"},{"@type":"ListItem","position":2,"name":"Bloco dos Vaqueiros chega ao Micareta de Feira de Santana"}]},{"@type":"WebSite","@id":"https:\/\/portalmf.com.br\/#website","url":"https:\/\/portalmf.com.br\/","name":"Portal MF","description":"Voc\u00ea conectado com a informa\u00e7\u00e3o","potentialAction":[{"@type":"SearchAction","target":{"@type":"EntryPoint","urlTemplate":"https:\/\/portalmf.com.br\/?s={search_term_string}"},"query-input":"required name=search_term_string"}],"inLanguage":"pt-BR"},{"@type":"Person","@id":"https:\/\/portalmf.com.br\/#\/schema\/person\/19071c375ee7579b7300dd91d656ff97","name":"Lila Oliveira","image":{"@type":"ImageObject","inLanguage":"pt-BR","@id":"https:\/\/portalmf.com.br\/#\/schema\/person\/image\/","url":"https:\/\/secure.gravatar.com\/avatar\/344958fa973c4e824a6dde1b63c19431?s=96&d=mm&r=g","contentUrl":"https:\/\/secure.gravatar.com\/avatar\/344958fa973c4e824a6dde1b63c19431?s=96&d=mm&r=g","caption":"Lila Oliveira"},"sameAs":["https:\/\/portalmf.com.br\/"],"url":"https:\/\/portalmf.com.br\/index.php\/author\/lilaoliveira\/"}]}},"_links":{"self":[{"href":"https:\/\/portalmf.com.br\/index.php\/wp-json\/wp\/v2\/posts\/11031"}],"collection":[{"href":"https:\/\/portalmf.com.br\/index.php\/wp-json\/wp\/v2\/posts"}],"about":[{"href":"https:\/\/portalmf.com.br\/index.php\/wp-json\/wp\/v2\/types\/post"}],"author":[{"embeddable":true,"href":"https:\/\/portalmf.com.br\/index.php\/wp-json\/wp\/v2\/users\/5"}],"replies":[{"embeddable":true,"href":"https:\/\/portalmf.com.br\/index.php\/wp-json\/wp\/v2\/comments?post=11031"}],"version-history":[{"count":4,"href":"https:\/\/portalmf.com.br\/index.php\/wp-json\/wp\/v2\/posts\/11031\/revisions"}],"predecessor-version":[{"id":19418,"href":"https:\/\/portalmf.com.br\/index.php\/wp-json\/wp\/v2\/posts\/11031\/revisions\/19418"}],"wp:featuredmedia":[{"embeddable":true,"href":"https:\/\/portalmf.com.br\/index.php\/wp-json\/wp\/v2\/media\/11032"}],"wp:attachment":[{"href":"https:\/\/portalmf.com.br\/index.php\/wp-json\/wp\/v2\/media?parent=11031"}],"wp:term":[{"taxonomy":"category","embeddable":true,"href":"https:\/\/portalmf.com.br\/index.php\/wp-json\/wp\/v2\/categories?post=11031"},{"taxonomy":"post_tag","embeddable":true,"href":"https:\/\/portalmf.com.br\/index.php\/wp-json\/wp\/v2\/tags?post=11031"}],"curies":[{"name":"wp","href":"https:\/\/api.w.org\/{rel}","templated":true}]}}